{"id":74305,"date":"2019-03-06T13:10:27","date_gmt":"2019-03-06T10:10:27","guid":{"rendered":"http:\/\/www.tvturk.com\/index.php\/besiktasta-konyaspor-hazirliklari-devam-etti\/"},"modified":"2019-03-06T13:10:31","modified_gmt":"2019-03-06T10:10:31","slug":"besiktasta-konyaspor-hazirliklari-devam-etti","status":"publish","type":"post","link":"http:\/\/www.tvturk.com\/index.php\/besiktasta-konyaspor-hazirliklari-devam-etti\/","title":{"rendered":"Be\u015fikta\u015f\u2019ta Konyaspor haz\u0131rl\u0131klar\u0131 devam etti"},"content":{"rendered":"<p>S\u00fcper Lig\u2019in 25. hafta m\u00fccadelesinde Atiker Konyaspor\u2019u a\u011f\u0131rlayacak olan Be\u015fikta\u015f, bu ma\u00e7\u0131n haz\u0131rl\u0131klar\u0131na yapt\u0131\u011f\u0131 antrenmanla devam etti.<\/p>\n<p>Spor Toto S\u00fcper Lig\u2019in 25. hafta m\u00fccadelesinde taraftar\u0131 \u00f6n\u00fcnde Atiker Konyaspor\u2019la kar\u015f\u0131la\u015facak olan Be\u015fikta\u015f, bu sabah yapt\u0131\u011f\u0131 antrenmanla \u00e7al\u0131\u015fmalar\u0131n\u0131 s\u00fcrd\u00fcrd\u00fc. \u00dcmraniye Nevzat Demir Tesisleri\u2019nde Teknik Direkt\u00f6r \u015eenol G\u00fcne\u015f y\u00f6netimindeki idman yakla\u015f\u0131k 1,5 saat s\u00fcrd\u00fc. Antrenman tak\u0131m halinde sahada yap\u0131lan \u0131s\u0131nma ko\u015fular\u0131, istasyon ko\u015fular\u0131 ve streching \u00e7al\u0131\u015fmalar\u0131 ile ba\u015flad\u0131. Pas \u00e7al\u0131\u015fmas\u0131, dar alanda oyun, kontrol pas \u00e7al\u0131\u015fmas\u0131 ve taktik program\u0131n yer ald\u0131\u011f\u0131 \u00e7al\u0131\u015fmalar yap\u0131ld\u0131. \u0130dman yar\u0131m sahada yap\u0131lan d\u00f6rt tak\u0131ml\u0131 turnuva ma\u00e7lar\u0131 ve \u015fut \u00e7al\u0131\u015fmas\u0131 ile sona erdi. Siyah-beyazl\u0131lar, yar\u0131n sabah 11.00\u2019de bas\u0131na kapal\u0131 yapaca\u011f\u0131 antrenmanla haz\u0131rl\u0131klar\u0131na devam edecek.<div class=\"tiled-gallery type-rectangular tiled-gallery-unresized\" data-original-width=\"500\" data-carousel-extra='null' itemscope itemtype=\"http:\/\/schema.org\/ImageGallery\" > <div class=\"gallery-row\" style=\"width: 500px; height: 273px;\" data-original-width=\"500\" data-original-height=\"273\" > <div class=\"gallery-group images-1\" style=\"width: 329px; height: 273px;\" data-original-width=\"329\" data-original-height=\"273\" > <div class=\"tiled-gallery-item tiled-gallery-item-large\" itemprop=\"associatedMedia\" itemscope itemtype=\"http:\/\/schema.org\/ImageObject\"> <a href=\"http:\/\/www.tvturk.com\/index.php\/besiktasta-konyaspor-hazirliklari-devam-etti\/besiktasta-konyaspor-hazirliklari-devam-etti-3\/\" border=\"0\" itemprop=\"url\"> <meta itemprop=\"width\" content=\"325\"> <meta itemprop=\"height\" content=\"269\"> <img decoding=\"async\" class=\"\" data-attachment-id=\"74307\" data-orig-file=\"http:\/\/www.tvturk.com\/wp-content\/uploads\/2019\/03\/besiktasta-konyaspor-hazirliklari-devam-etti_3e1d6a7.jpg\" data-orig-size=\"1000,827\" data-comments-opened=\"\" data-image-meta=\"{&quot;aperture&quot;:&quot;0&quot;,&quot;credit&quot;:&quot;IHA&quot;,&quot;camera&quot;:&quot;&quot;,&quot;caption&quot;:&quot;S\\u00dcPER L\\u0130G\\u0027\\u0130N 25. HAFTA M\\u00dcCADELES\\u0130NDE AT\\u0130KER KONYASPOR\\u0027U A\\u011eIRLAYACAK OLAN BE\\u015e\\u0130KTA\\u015e, BU MA\\u00c7IN HAZIRLIKLARINA YAPTI\\u011eI ANTRENMANLA DEVAM ETT\\u0130. (\\u0130HA\\\/\\u0130STANBUL-\\u0130HA)&quot;,&quot;created_timestamp&quot;:&quot;0&quot;,&quot;copyright&quot;:&quot;\\u0130HLAS HABER AJANSI, www.iha.com.tr&quot;,&quot;focal_length&quot;:&quot;0&quot;,&quot;iso&quot;:&quot;0&quot;,&quot;shutter_speed&quot;:&quot;0&quot;,&quot;title&quot;:&quot;BE\\u015e\\u0130KTA\\u015e\\u0027TA KONYASPOR HAZIRLIKLARI DEVAM ETT\\u0130&quot;,&quot;orientation&quot;:&quot;0&quot;}\" data-image-title=\"Be\u015fikta\u015f\u2019ta Konyaspor haz\u0131rl\u0131klar\u0131 devam etti\" data-image-description=\"&lt;p&gt;Be\u015fikta\u015f\u2019ta Konyaspor haz\u0131rl\u0131klar\u0131 devam etti&lt;\/p&gt; \" data-medium-file=\"https:\/\/i0.wp.com\/www.tvturk.com\/wp-content\/uploads\/2019\/03\/besiktasta-konyaspor-hazirliklari-devam-etti_3e1d6a7.jpg?fit=300%2C248\" data-large-file=\"https:\/\/i0.wp.com\/www.tvturk.com\/wp-content\/uploads\/2019\/03\/besiktasta-konyaspor-hazirliklari-devam-etti_3e1d6a7.jpg?fit=1000%2C827\" src=\"https:\/\/i0.wp.com\/www.tvturk.com\/wp-content\/uploads\/2019\/03\/besiktasta-konyaspor-hazirliklari-devam-etti_3e1d6a7.jpg?w=325&#038;h=269\" srcset=\"https:\/\/i0.wp.com\/www.tvturk.com\/wp-content\/uploads\/2019\/03\/besiktasta-konyaspor-hazirliklari-devam-etti_3e1d6a7.jpg?w=1000 1000w, https:\/\/i0.wp.com\/www.tvturk.com\/wp-content\/uploads\/2019\/03\/besiktasta-konyaspor-hazirliklari-devam-etti_3e1d6a7.jpg?resize=150%2C124 150w, https:\/\/i0.wp.com\/www.tvturk.com\/wp-content\/uploads\/2019\/03\/besiktasta-konyaspor-hazirliklari-devam-etti_3e1d6a7.jpg?resize=300%2C248 300w, https:\/\/i0.wp.com\/www.tvturk.com\/wp-content\/uploads\/2019\/03\/besiktasta-konyaspor-hazirliklari-devam-etti_3e1d6a7.jpg?resize=768%2C635 768w\" width=\"325\" height=\"269\" loading=\"lazy\" data-original-width=\"325\" data-original-height=\"269\" itemprop=\"http:\/\/schema.org\/image\" title=\"Be\u015fikta\u015f\u2019ta Konyaspor haz\u0131rl\u0131klar\u0131 devam etti\" alt=\"Be\u015fikta\u015f\u2019ta Konyaspor haz\u0131rl\u0131klar\u0131 devam etti\" style=\"width: 325px; height: 269px;\" \/> <\/a> <\/div> <\/div> <!-- close group --> <div class=\"gallery-group images-2\" style=\"width: 171px; height: 273px;\" data-original-width=\"171\" data-original-height=\"273\" > <div class=\"tiled-gallery-item tiled-gallery-item-small\" itemprop=\"associatedMedia\" itemscope itemtype=\"http:\/\/schema.org\/ImageObject\"> <a href=\"http:\/\/www.tvturk.com\/index.php\/besiktasta-konyaspor-hazirliklari-devam-etti\/besiktasta-konyaspor-hazirliklari-devam-etti-4\/\" border=\"0\" itemprop=\"url\"> <meta itemprop=\"width\" content=\"167\"> <meta itemprop=\"height\" content=\"135\"> <img decoding=\"async\" class=\"\" data-attachment-id=\"74308\" data-orig-file=\"http:\/\/www.tvturk.com\/wp-content\/uploads\/2019\/03\/besiktasta-konyaspor-hazirliklari-devam-etti_7062e9a.jpg\" data-orig-size=\"1000,808\" data-comments-opened=\"\" data-image-meta=\"{&quot;aperture&quot;:&quot;0&quot;,&quot;credit&quot;:&quot;IHA&quot;,&quot;camera&quot;:&quot;&quot;,&quot;caption&quot;:&quot;S\\u00dcPER L\\u0130G\\u0027\\u0130N 25. HAFTA M\\u00dcCADELES\\u0130NDE AT\\u0130KER KONYASPOR\\u0027U A\\u011eIRLAYACAK OLAN BE\\u015e\\u0130KTA\\u015e, BU MA\\u00c7IN HAZIRLIKLARINA YAPTI\\u011eI ANTRENMANLA DEVAM ETT\\u0130. (\\u0130HA\\\/\\u0130STANBUL-\\u0130HA)&quot;,&quot;created_timestamp&quot;:&quot;0&quot;,&quot;copyright&quot;:&quot;\\u0130HLAS HABER AJANSI, www.iha.com.tr&quot;,&quot;focal_length&quot;:&quot;0&quot;,&quot;iso&quot;:&quot;0&quot;,&quot;shutter_speed&quot;:&quot;0&quot;,&quot;title&quot;:&quot;BE\\u015e\\u0130KTA\\u015e\\u0027TA KONYASPOR HAZIRLIKLARI DEVAM ETT\\u0130&quot;,&quot;orientation&quot;:&quot;0&quot;}\" data-image-title=\"Be\u015fikta\u015f\u2019ta Konyaspor haz\u0131rl\u0131klar\u0131 devam etti\" data-image-description=\"&lt;p&gt;Be\u015fikta\u015f\u2019ta Konyaspor haz\u0131rl\u0131klar\u0131 devam etti&lt;\/p&gt; \" data-medium-file=\"https:\/\/i0.wp.com\/www.tvturk.com\/wp-content\/uploads\/2019\/03\/besiktasta-konyaspor-hazirliklari-devam-etti_7062e9a.jpg?fit=300%2C242\" data-large-file=\"https:\/\/i0.wp.com\/www.tvturk.com\/wp-content\/uploads\/2019\/03\/besiktasta-konyaspor-hazirliklari-devam-etti_7062e9a.jpg?fit=1000%2C808\" src=\"https:\/\/i0.wp.com\/www.tvturk.com\/wp-content\/uploads\/2019\/03\/besiktasta-konyaspor-hazirliklari-devam-etti_7062e9a.jpg?w=167&#038;h=135\" srcset=\"https:\/\/i0.wp.com\/www.tvturk.com\/wp-content\/uploads\/2019\/03\/besiktasta-konyaspor-hazirliklari-devam-etti_7062e9a.jpg?w=1000 1000w, https:\/\/i0.wp.com\/www.tvturk.com\/wp-content\/uploads\/2019\/03\/besiktasta-konyaspor-hazirliklari-devam-etti_7062e9a.jpg?resize=150%2C121 150w, https:\/\/i0.wp.com\/www.tvturk.com\/wp-content\/uploads\/2019\/03\/besiktasta-konyaspor-hazirliklari-devam-etti_7062e9a.jpg?resize=300%2C242 300w, https:\/\/i0.wp.com\/www.tvturk.com\/wp-content\/uploads\/2019\/03\/besiktasta-konyaspor-hazirliklari-devam-etti_7062e9a.jpg?resize=768%2C621 768w\" width=\"167\" height=\"135\" loading=\"lazy\" data-original-width=\"167\" data-original-height=\"135\" itemprop=\"http:\/\/schema.org\/image\" title=\"Be\u015fikta\u015f\u2019ta Konyaspor haz\u0131rl\u0131klar\u0131 devam etti\" alt=\"Be\u015fikta\u015f\u2019ta Konyaspor haz\u0131rl\u0131klar\u0131 devam etti\" style=\"width: 167px; height: 135px;\" \/> <\/a> <\/div> <div class=\"tiled-gallery-item tiled-gallery-item-small\" itemprop=\"associatedMedia\" itemscope itemtype=\"http:\/\/schema.org\/ImageObject\"> <a href=\"http:\/\/www.tvturk.com\/index.php\/besiktasta-konyaspor-hazirliklari-devam-etti\/besiktasta-konyaspor-hazirliklari-devam-etti-5\/\" border=\"0\" itemprop=\"url\"> <meta itemprop=\"width\" content=\"167\"> <meta itemprop=\"height\" content=\"130\"> <img decoding=\"async\" class=\"\" data-attachment-id=\"74309\" data-orig-file=\"http:\/\/www.tvturk.com\/wp-content\/uploads\/2019\/03\/besiktasta-konyaspor-hazirliklari-devam-etti_957f297.jpg\" data-orig-size=\"1000,776\" data-comments-opened=\"\" data-image-meta=\"{&quot;aperture&quot;:&quot;0&quot;,&quot;credit&quot;:&quot;IHA&quot;,&quot;camera&quot;:&quot;&quot;,&quot;caption&quot;:&quot;S\\u00dcPER L\\u0130G\\u0027\\u0130N 25. HAFTA M\\u00dcCADELES\\u0130NDE AT\\u0130KER KONYASPOR\\u0027U A\\u011eIRLAYACAK OLAN BE\\u015e\\u0130KTA\\u015e, BU MA\\u00c7IN HAZIRLIKLARINA YAPTI\\u011eI ANTRENMANLA DEVAM ETT\\u0130. (\\u0130HA\\\/\\u0130STANBUL-\\u0130HA)&quot;,&quot;created_timestamp&quot;:&quot;0&quot;,&quot;copyright&quot;:&quot;\\u0130HLAS HABER AJANSI, www.iha.com.tr&quot;,&quot;focal_length&quot;:&quot;0&quot;,&quot;iso&quot;:&quot;0&quot;,&quot;shutter_speed&quot;:&quot;0&quot;,&quot;title&quot;:&quot;BE\\u015e\\u0130KTA\\u015e\\u0027TA KONYASPOR HAZIRLIKLARI DEVAM ETT\\u0130&quot;,&quot;orientation&quot;:&quot;0&quot;}\" data-image-title=\"Be\u015fikta\u015f\u2019ta Konyaspor haz\u0131rl\u0131klar\u0131 devam etti\" data-image-description=\"&lt;p&gt;Be\u015fikta\u015f\u2019ta Konyaspor haz\u0131rl\u0131klar\u0131 devam etti&lt;\/p&gt; \" data-medium-file=\"https:\/\/i0.wp.com\/www.tvturk.com\/wp-content\/uploads\/2019\/03\/besiktasta-konyaspor-hazirliklari-devam-etti_957f297.jpg?fit=300%2C233\" data-large-file=\"https:\/\/i0.wp.com\/www.tvturk.com\/wp-content\/uploads\/2019\/03\/besiktasta-konyaspor-hazirliklari-devam-etti_957f297.jpg?fit=1000%2C776\" src=\"https:\/\/i0.wp.com\/www.tvturk.com\/wp-content\/uploads\/2019\/03\/besiktasta-konyaspor-hazirliklari-devam-etti_957f297.jpg?w=167&#038;h=130\" srcset=\"https:\/\/i0.wp.com\/www.tvturk.com\/wp-content\/uploads\/2019\/03\/besiktasta-konyaspor-hazirliklari-devam-etti_957f297.jpg?w=1000 1000w, https:\/\/i0.wp.com\/www.tvturk.com\/wp-content\/uploads\/2019\/03\/besiktasta-konyaspor-hazirliklari-devam-etti_957f297.jpg?resize=150%2C116 150w, https:\/\/i0.wp.com\/www.tvturk.com\/wp-content\/uploads\/2019\/03\/besiktasta-konyaspor-hazirliklari-devam-etti_957f297.jpg?resize=300%2C233 300w, https:\/\/i0.wp.com\/www.tvturk.com\/wp-content\/uploads\/2019\/03\/besiktasta-konyaspor-hazirliklari-devam-etti_957f297.jpg?resize=768%2C596 768w\" width=\"167\" height=\"130\" loading=\"lazy\" data-original-width=\"167\" data-original-height=\"130\" itemprop=\"http:\/\/schema.org\/image\" title=\"Be\u015fikta\u015f\u2019ta Konyaspor haz\u0131rl\u0131klar\u0131 devam etti\" alt=\"Be\u015fikta\u015f\u2019ta Konyaspor haz\u0131rl\u0131klar\u0131 devam etti\" style=\"width: 167px; height: 130px;\" \/> <\/a> <\/div> <\/div> <!-- close group --> <\/div> <!-- close row --> <div class=\"gallery-row\" style=\"width: 500px; height: 423px;\" data-original-width=\"500\" data-original-height=\"423\" > <div class=\"gallery-group images-1\" style=\"width: 500px; height: 423px;\" data-original-width=\"500\" data-original-height=\"423\" > <div class=\"tiled-gallery-item tiled-gallery-item-large\" itemprop=\"associatedMedia\" itemscope itemtype=\"http:\/\/schema.org\/ImageObject\"> <a href=\"http:\/\/www.tvturk.com\/index.php\/besiktasta-konyaspor-hazirliklari-devam-etti\/besiktasta-konyaspor-hazirliklari-devam-etti-6\/\" border=\"0\" itemprop=\"url\"> <meta itemprop=\"width\" content=\"496\"> <meta itemprop=\"height\" content=\"419\"> <img decoding=\"async\" class=\"\" data-attachment-id=\"74310\" data-orig-file=\"http:\/\/www.tvturk.com\/wp-content\/uploads\/2019\/03\/besiktasta-konyaspor-hazirliklari-devam-etti_938fc48.jpg\" data-orig-size=\"1000,845\" data-comments-opened=\"\" data-image-meta=\"{&quot;aperture&quot;:&quot;0&quot;,&quot;credit&quot;:&quot;IHA&quot;,&quot;camera&quot;:&quot;&quot;,&quot;caption&quot;:&quot;S\\u00dcPER L\\u0130G\\u0027\\u0130N 25. HAFTA M\\u00dcCADELES\\u0130NDE AT\\u0130KER KONYASPOR\\u0027U A\\u011eIRLAYACAK OLAN BE\\u015e\\u0130KTA\\u015e, BU MA\\u00c7IN HAZIRLIKLARINA YAPTI\\u011eI ANTRENMANLA DEVAM ETT\\u0130. (\\u0130HA\\\/\\u0130STANBUL-\\u0130HA)&quot;,&quot;created_timestamp&quot;:&quot;0&quot;,&quot;copyright&quot;:&quot;\\u0130HLAS HABER AJANSI, www.iha.com.tr&quot;,&quot;focal_length&quot;:&quot;0&quot;,&quot;iso&quot;:&quot;0&quot;,&quot;shutter_speed&quot;:&quot;0&quot;,&quot;title&quot;:&quot;BE\\u015e\\u0130KTA\\u015e\\u0027TA KONYASPOR HAZIRLIKLARI DEVAM ETT\\u0130&quot;,&quot;orientation&quot;:&quot;0&quot;}\" data-image-title=\"Be\u015fikta\u015f\u2019ta Konyaspor haz\u0131rl\u0131klar\u0131 devam etti\" data-image-description=\"&lt;p&gt;Be\u015fikta\u015f\u2019ta Konyaspor haz\u0131rl\u0131klar\u0131 devam etti&lt;\/p&gt; \" data-medium-file=\"https:\/\/i0.wp.com\/www.tvturk.com\/wp-content\/uploads\/2019\/03\/besiktasta-konyaspor-hazirliklari-devam-etti_938fc48.jpg?fit=300%2C254\" data-large-file=\"https:\/\/i0.wp.com\/www.tvturk.com\/wp-content\/uploads\/2019\/03\/besiktasta-konyaspor-hazirliklari-devam-etti_938fc48.jpg?fit=1000%2C845\" src=\"https:\/\/i0.wp.com\/www.tvturk.com\/wp-content\/uploads\/2019\/03\/besiktasta-konyaspor-hazirliklari-devam-etti_938fc48.jpg?w=496&#038;h=419\" srcset=\"https:\/\/i0.wp.com\/www.tvturk.com\/wp-content\/uploads\/2019\/03\/besiktasta-konyaspor-hazirliklari-devam-etti_938fc48.jpg?w=1000 1000w, https:\/\/i0.wp.com\/www.tvturk.com\/wp-content\/uploads\/2019\/03\/besiktasta-konyaspor-hazirliklari-devam-etti_938fc48.jpg?resize=150%2C127 150w, https:\/\/i0.wp.com\/www.tvturk.com\/wp-content\/uploads\/2019\/03\/besiktasta-konyaspor-hazirliklari-devam-etti_938fc48.jpg?resize=300%2C254 300w, https:\/\/i0.wp.com\/www.tvturk.com\/wp-content\/uploads\/2019\/03\/besiktasta-konyaspor-hazirliklari-devam-etti_938fc48.jpg?resize=768%2C649 768w\" width=\"496\" height=\"419\" loading=\"lazy\" data-original-width=\"496\" data-original-height=\"419\" itemprop=\"http:\/\/schema.org\/image\" title=\"Be\u015fikta\u015f\u2019ta Konyaspor haz\u0131rl\u0131klar\u0131 devam etti\" alt=\"Be\u015fikta\u015f\u2019ta Konyaspor haz\u0131rl\u0131klar\u0131 devam etti\" style=\"width: 496px; height: 419px;\" \/> <\/a> <\/div> <\/div> <!-- close group --> <\/div> <!-- close row --> <\/div><\/p>\n","protected":false},"excerpt":{"rendered":"<p>S\u00dcPER L\u0130G&#8217;\u0130N 25. HAFTA M\u00dcCADELES\u0130NDE AT\u0130KER KONYASPOR&#8217;U A\u011eIRLAYACAK OLAN BE\u015e\u0130KTA\u015e, BU MA\u00c7IN HAZIRLIKLARINA YAPTI\u011eI ANTRENMANLA DEVAM ETT\u0130.<\/p>\n","protected":false},"author":1,"featured_media":74306,"comment_status":"closed","ping_status":"open","sticky":false,"template":"","format":"standard","meta":{"jetpack_post_was_ever_published":false,"_jetpack_newsletter_access":"","_jetpack_dont_email_post_to_subs":false,"_jetpack_newsletter_tier_id":0,"_jetpack_memberships_contains_paywalled_content":false,"_jetpack_memberships_contains_paid_content":false,"footnotes":"","jetpack_publicize_message":"","jetpack_publicize_feature_enabled":true,"jetpack_social_post_already_shared":true,"jetpack_social_options":{"image_generator_settings":{"template":"highway","default_image_id":0,"font":"","enabled":false},"version":2}},"categories":[657],"tags":[3383,522,207,3026,3505],"class_list":["post-74305","post","type-post","status-publish","format-standard","has-post-thumbnail","hentry","category-spor","tag-besiktasta","tag-devam","tag-etti","tag-hazirliklari","tag-konyaspor"],"jetpack_publicize_connections":[],"jetpack_featured_media_url":"https:\/\/i0.wp.com\/www.tvturk.com\/wp-content\/uploads\/2019\/03\/besiktasta-konyaspor-hazirliklari-devam-etti_a74b50b.jpg?fit=1000%2C744","jetpack_sharing_enabled":true,"jetpack_shortlink":"https:\/\/wp.me\/paKIfm-jkt","_links":{"self":[{"href":"http:\/\/www.tvturk.com\/index.php\/wp-json\/wp\/v2\/posts\/74305","targetHints":{"allow":["GET"]}}],"collection":[{"href":"http:\/\/www.tvturk.com\/index.php\/wp-json\/wp\/v2\/posts"}],"about":[{"href":"http:\/\/www.tvturk.com\/index.php\/wp-json\/wp\/v2\/types\/post"}],"author":[{"embeddable":true,"href":"http:\/\/www.tvturk.com\/index.php\/wp-json\/wp\/v2\/users\/1"}],"replies":[{"embeddable":true,"href":"http:\/\/www.tvturk.com\/index.php\/wp-json\/wp\/v2\/comments?post=74305"}],"version-history":[{"count":1,"href":"http:\/\/www.tvturk.com\/index.php\/wp-json\/wp\/v2\/posts\/74305\/revisions"}],"predecessor-version":[{"id":74311,"href":"http:\/\/www.tvturk.com\/index.php\/wp-json\/wp\/v2\/posts\/74305\/revisions\/74311"}],"wp:featuredmedia":[{"embeddable":true,"href":"http:\/\/www.tvturk.com\/index.php\/wp-json\/wp\/v2\/media\/74306"}],"wp:attachment":[{"href":"http:\/\/www.tvturk.com\/index.php\/wp-json\/wp\/v2\/media?parent=74305"}],"wp:term":[{"taxonomy":"category","embeddable":true,"href":"http:\/\/www.tvturk.com\/index.php\/wp-json\/wp\/v2\/categories?post=74305"},{"taxonomy":"post_tag","embeddable":true,"href":"http:\/\/www.tvturk.com\/index.php\/wp-json\/wp\/v2\/tags?post=74305"}],"curies":[{"name":"wp","href":"https:\/\/api.w.org\/{rel}","templated":true}]}}