{"id":74541,"date":"2019-03-06T14:13:11","date_gmt":"2019-03-06T11:13:11","guid":{"rendered":"http:\/\/www.tvturk.com\/index.php\/istanbulluya-ozel-ulasim-asistani-geliyor\/"},"modified":"2019-03-06T14:13:13","modified_gmt":"2019-03-06T11:13:13","slug":"istanbulluya-ozel-ulasim-asistani-geliyor","status":"publish","type":"post","link":"http:\/\/www.tvturk.com\/index.php\/istanbulluya-ozel-ulasim-asistani-geliyor\/","title":{"rendered":"\u0130stanbullu\u2019ya \u00f6zel \u2018Ula\u015f\u0131m Asistan\u0131\u2019 geliyor"},"content":{"rendered":"<p>AK Parti ve Cumhur \u0130ttifak\u0131 \u0130stanbul B\u00fcy\u00fck\u015fehir Belediye Ba\u015fkan Aday\u0131 Binali Y\u0131ld\u0131r\u0131m\u2019\u0131n \u201cAk\u0131ll\u0131 \u0130stanbul\u201d projeleri i\u00e7inde 15 milyonu a\u015fk\u0131n \u0130stanbullu\u2019nun vazge\u00e7ilmezi olacak bir cep telefonu uygulamas\u0131 da yer al\u0131yor. &#8220;Ula\u015f\u0131m Asistan\u0131&#8221; isimli uygulama toplu ta\u015f\u0131ma ara\u00e7lar\u0131yla birlikte bisiklet ve \u00f6zel ara\u00e7 kullan\u0131m\u0131n\u0131 da alternatif olarak sunacak.<\/p>\n<p>Milyonlar art\u0131k \u0130stanbul\u2019da ve d\u00fcnyada yolunu GPS\u2019ten buluyor. Cep telefonuna y\u00fckl\u00fc yard\u0131mc\u0131 uygulamalar sayesinde en kestirme yoldan gidilecek yere ula\u015f\u0131l\u0131yor. Ancak uygulamalar yeterince yerel de\u011fil. \u00d6rne\u011fin \u2019sa\u011fa d\u00f6n\u2019 uyar\u0131s\u0131 verdi\u011fi yerde sa\u011fa d\u00f6n\u00fclmez tabelas\u0131 bulunabiliyor. AK Parti \u0130stanbul B\u00fcy\u00fck\u015fehir Belediye Ba\u015fkan aday\u0131 Binali Y\u0131ld\u0131r\u0131m, bu ihtiyac\u0131 kar\u015f\u0131lamak i\u00e7in Ula\u015f\u0131m Asistan\u0131 projesiyle geliyor.<\/p>\n<p>Ula\u015f\u0131m Asistan\u0131, t\u00fcm toplu ta\u015f\u0131ma ara\u00e7lar\u0131yla (kara, deniz ve rayl\u0131 sistemler) birlikte bisiklet ve \u00f6zel ara\u00e7 kullan\u0131m\u0131n\u0131 da bar\u0131nd\u0131ran, kullan\u0131c\u0131ya en verimli ula\u015f\u0131m y\u00f6ntemlerini, \u00fccretleriyle beraber listeliyor.<\/p>\n<p>&#8220;\u015eimdi \u00e7\u0131kma trafik yo\u011fun&#8221;<\/p>\n<p>Ula\u015f\u0131m Asistan\u0131, \u0130Taksi, \u0130Servis, \u0130stikamet, \u0130Bus ve \u0130Vip alt uygulamalar\u0131n\u0131 da i\u00e7eren bir toplu ula\u015f\u0131m uygulamas\u0131 olacak. Ak\u0131ll\u0131 telefon uygulamas\u0131 olarak \u00e7al\u0131\u015facak sistem, aktarma merkezleri ve b\u00fcy\u00fck duraklara da kiosk olarak yerle\u015ftirilecek.<\/p>\n<p>Yola \u00e7\u0131k\u0131\u015f ve var\u0131\u015f noktalar\u0131 girildi\u011finde asistan, zaman ve fiyat optimizasyonlar\u0131 ile en verimli rotay\u0131 \u00f6nerecek. Daha da \u00f6nemlisi, varmak istenilen yer i\u00e7in ne zaman yola \u00e7\u0131k\u0131lmas\u0131 gerekti\u011fini yapay zeka ve g\u00fcnl\u00fck trafik ortalamalar\u0131n\u0131 de\u011ferlendirerek \u00f6nerecek. T\u00fcm toplu ta\u015f\u0131ma ara\u00e7lar\u0131yla (kara, deniz ve rayl\u0131 sistemler) birlikte bisiklet ve \u00f6zel ara\u00e7 kullan\u0131m\u0131n\u0131 da alternatif olarak sunacak. Kullan\u0131c\u0131ya en verimli ula\u015f\u0131m y\u00f6ntemleri, \u00fccretleriyle beraber listelenecek.<div class=\"tiled-gallery type-rectangular tiled-gallery-unresized\" data-original-width=\"500\" data-carousel-extra='null' itemscope itemtype=\"http:\/\/schema.org\/ImageGallery\" > <div class=\"gallery-row\" style=\"width: 500px; height: 589px;\" data-original-width=\"500\" data-original-height=\"589\" > <div class=\"gallery-group images-1\" style=\"width: 500px; height: 589px;\" data-original-width=\"500\" data-original-height=\"589\" > <div class=\"tiled-gallery-item tiled-gallery-item-large\" itemprop=\"associatedMedia\" itemscope itemtype=\"http:\/\/schema.org\/ImageObject\"> <a href=\"http:\/\/www.tvturk.com\/index.php\/istanbulluya-ozel-ulasim-asistani-geliyor\/istanbulluya-ozel-ulasim-asistani-geliyor-3\/\" border=\"0\" itemprop=\"url\"> <meta itemprop=\"width\" content=\"496\"> <meta itemprop=\"height\" content=\"585\"> <img decoding=\"async\" class=\"\" data-attachment-id=\"74543\" data-orig-file=\"http:\/\/www.tvturk.com\/wp-content\/uploads\/2019\/03\/istanbulluya-ozel-ulasim-asistani-geliyor_876e2f8.jpg\" data-orig-size=\"848,1000\" data-comments-opened=\"\" data-image-meta=\"{&quot;aperture&quot;:&quot;0&quot;,&quot;credit&quot;:&quot;IHA&quot;,&quot;camera&quot;:&quot;&quot;,&quot;caption&quot;:&quot;AK PART\\u0130 VE CUMHUR \\u0130TT\\u0130FAKI \\u0130STANBUL B\\u00dcY\\u00dcK\\u015eEH\\u0130R BELED\\u0130YE BA\\u015eKAN ADAYI B\\u0130NAL\\u0130 YILDIRIM\\u2019IN \\u201cAKILLI \\u0130STANBUL\\u201d PROJELER\\u0130 \\u0130\\u00c7\\u0130NDE 15 M\\u0130LYONU A\\u015eKIN \\u0130STANBULLU\\u2019NUN VAZGE\\u00c7\\u0130LMEZ\\u0130 OLACAK B\\u0130R CEP TELEFONU UYGULAMASI DA YER ALIYOR. \\u0022ULA\\u015eIM AS\\u0130STANI\\u0022 \\u0130S\\u0130ML\\u0130 UYGULAMA TOPLU TA\\u015eIMA ARA\\u00c7LARIYLA B\\u0130RL\\u0130KTE B\\u0130S\\u0130KLET VE \\u00d6ZEL ARA\\u00c7 KULLANIMINI DA ALTERNAT\\u0130F OLARAK SUNACAK. (\\u0130HA\\\/\\u0130STANBUL-\\u0130HA)&quot;,&quot;created_timestamp&quot;:&quot;0&quot;,&quot;copyright&quot;:&quot;\\u0130HLAS HABER AJANSI, www.iha.com.tr&quot;,&quot;focal_length&quot;:&quot;0&quot;,&quot;iso&quot;:&quot;0&quot;,&quot;shutter_speed&quot;:&quot;0&quot;,&quot;title&quot;:&quot;\\u0130STANBULLU\\u2019YA \\u00d6ZEL \\u2018ULA\\u015eIM AS\\u0130STANI\\u2019 GEL\\u0130YOR&quot;,&quot;orientation&quot;:&quot;0&quot;}\" data-image-title=\"\u0130stanbullu\u2019ya \u00f6zel \u2018Ula\u015f\u0131m Asistan\u0131\u2019 geliyor\" data-image-description=\"&lt;p&gt;\u0130stanbullu\u2019ya \u00f6zel \u2018Ula\u015f\u0131m Asistan\u0131\u2019 geliyor&lt;\/p&gt; \" data-medium-file=\"https:\/\/i0.wp.com\/www.tvturk.com\/wp-content\/uploads\/2019\/03\/istanbulluya-ozel-ulasim-asistani-geliyor_876e2f8.jpg?fit=254%2C300\" data-large-file=\"https:\/\/i0.wp.com\/www.tvturk.com\/wp-content\/uploads\/2019\/03\/istanbulluya-ozel-ulasim-asistani-geliyor_876e2f8.jpg?fit=848%2C1000\" src=\"https:\/\/i0.wp.com\/www.tvturk.com\/wp-content\/uploads\/2019\/03\/istanbulluya-ozel-ulasim-asistani-geliyor_876e2f8.jpg?w=496&#038;h=585\" srcset=\"https:\/\/i0.wp.com\/www.tvturk.com\/wp-content\/uploads\/2019\/03\/istanbulluya-ozel-ulasim-asistani-geliyor_876e2f8.jpg?w=848 848w, https:\/\/i0.wp.com\/www.tvturk.com\/wp-content\/uploads\/2019\/03\/istanbulluya-ozel-ulasim-asistani-geliyor_876e2f8.jpg?resize=127%2C150 127w, https:\/\/i0.wp.com\/www.tvturk.com\/wp-content\/uploads\/2019\/03\/istanbulluya-ozel-ulasim-asistani-geliyor_876e2f8.jpg?resize=254%2C300 254w, https:\/\/i0.wp.com\/www.tvturk.com\/wp-content\/uploads\/2019\/03\/istanbulluya-ozel-ulasim-asistani-geliyor_876e2f8.jpg?resize=768%2C906 768w\" width=\"496\" height=\"585\" loading=\"lazy\" data-original-width=\"496\" data-original-height=\"585\" itemprop=\"http:\/\/schema.org\/image\" title=\"\u0130stanbullu\u2019ya \u00f6zel \u2018Ula\u015f\u0131m Asistan\u0131\u2019 geliyor\" alt=\"\u0130stanbullu\u2019ya \u00f6zel \u2018Ula\u015f\u0131m Asistan\u0131\u2019 geliyor\" style=\"width: 496px; height: 585px;\" \/> <\/a> <\/div> <\/div> <!-- close group --> <\/div> <!-- close row --> <\/div><\/p>\n","protected":false},"excerpt":{"rendered":"<p>M\u0130LYONLAR ARTIK \u0130STANBUL\u2019DA VE D\u00dcNYADA YOLUNU GPS\u2019TEN BULUYOR. CEP TELEFONUNA Y\u00dcKL\u00dc YARDIMCI UYGULAMALAR SAYES\u0130NDE EN KEST\u0130RME YOLDAN G\u0130D\u0130LECEK YERE ULA\u015eILIYOR.<\/p>\n","protected":false},"author":1,"featured_media":74542,"comment_status":"closed","ping_status":"open","sticky":false,"template":"","format":"standard","meta":{"jetpack_post_was_ever_published":false,"_jetpack_newsletter_access":"","_jetpack_dont_email_post_to_subs":false,"_jetpack_newsletter_tier_id":0,"_jetpack_memberships_contains_paywalled_content":false,"_jetpack_memberships_contains_paid_content":false,"footnotes":"","jetpack_publicize_message":"","jetpack_publicize_feature_enabled":true,"jetpack_social_post_already_shared":true,"jetpack_social_options":{"image_generator_settings":{"template":"highway","default_image_id":0,"font":"","enabled":false},"version":2}},"categories":[1],"tags":[1073,19563,3927,20898,1416],"class_list":["post-74541","post","type-post","status-publish","format-standard","has-post-thumbnail","hentry","category-genel","tag-ozel","tag-asistani","tag-geliyor","tag-istanbulluya","tag-ulasim"],"jetpack_publicize_connections":[],"jetpack_featured_media_url":"https:\/\/i0.wp.com\/www.tvturk.com\/wp-content\/uploads\/2019\/03\/istanbulluya-ozel-ulasim-asistani-geliyor_d14fff9.jpg?fit=1000%2C562","jetpack_sharing_enabled":true,"jetpack_shortlink":"https:\/\/wp.me\/paKIfm-joh","_links":{"self":[{"href":"http:\/\/www.tvturk.com\/index.php\/wp-json\/wp\/v2\/posts\/74541","targetHints":{"allow":["GET"]}}],"collection":[{"href":"http:\/\/www.tvturk.com\/index.php\/wp-json\/wp\/v2\/posts"}],"about":[{"href":"http:\/\/www.tvturk.com\/index.php\/wp-json\/wp\/v2\/types\/post"}],"author":[{"embeddable":true,"href":"http:\/\/www.tvturk.com\/index.php\/wp-json\/wp\/v2\/users\/1"}],"replies":[{"embeddable":true,"href":"http:\/\/www.tvturk.com\/index.php\/wp-json\/wp\/v2\/comments?post=74541"}],"version-history":[{"count":1,"href":"http:\/\/www.tvturk.com\/index.php\/wp-json\/wp\/v2\/posts\/74541\/revisions"}],"predecessor-version":[{"id":74544,"href":"http:\/\/www.tvturk.com\/index.php\/wp-json\/wp\/v2\/posts\/74541\/revisions\/74544"}],"wp:featuredmedia":[{"embeddable":true,"href":"http:\/\/www.tvturk.com\/index.php\/wp-json\/wp\/v2\/media\/74542"}],"wp:attachment":[{"href":"http:\/\/www.tvturk.com\/index.php\/wp-json\/wp\/v2\/media?parent=74541"}],"wp:term":[{"taxonomy":"category","embeddable":true,"href":"http:\/\/www.tvturk.com\/index.php\/wp-json\/wp\/v2\/categories?post=74541"},{"taxonomy":"post_tag","embeddable":true,"href":"http:\/\/www.tvturk.com\/index.php\/wp-json\/wp\/v2\/tags?post=74541"}],"curies":[{"name":"wp","href":"https:\/\/api.w.org\/{rel}","templated":true}]}}