{"id":75533,"date":"2019-03-06T21:22:21","date_gmt":"2019-03-06T18:22:21","guid":{"rendered":"http:\/\/www.tvturk.com\/index.php\/tff-2-lig-menemen-belediyespor-3-sivas-belediyespor-0\/"},"modified":"2019-03-06T21:22:24","modified_gmt":"2019-03-06T18:22:24","slug":"tff-2-lig-menemen-belediyespor-3-sivas-belediyespor-0","status":"publish","type":"post","link":"http:\/\/www.tvturk.com\/index.php\/tff-2-lig-menemen-belediyespor-3-sivas-belediyespor-0\/","title":{"rendered":"TFF 2. Lig: Menemen Belediyespor: 3 &#8211; Sivas Belediyespor: 0"},"content":{"rendered":"<p>TFF 2. Lig K\u0131rm\u0131z\u0131 Grup 25. hafta kar\u015f\u0131la\u015fmas\u0131nda Menemen Belediyespor, sahas\u0131nda Sivas Belediyespor\u2019u 3-0 ma\u011flup etti.<\/p>\n<p>Stat: \u0130l\u00e7e<\/p>\n<p>Hakemler: Efe Tanr\u0131verdi xx, Aykut K\u00fc\u00e7\u00fck xx, Boran Turhan xx<\/p>\n<p>Menemen Belediyespor: Necati xxx R\u0131dvan xx, Veli xxx, Talha xxx, Mahmut xx, Mustafa \u00c7e\u00e7eno\u011flu xx (Serhat dk. 71 xx), Ta\u015fk\u0131n xxx, Umut xxx (Murat dk. 86 ?), Alberk xxx, Mustafa \u015een xxx, Ali xxx (H\u00fcseyin dk. 82 ?)<\/p>\n<p>Sivas Belediyespor: Ahmet x, Murat x (Aykut dk. 80 ?), Serkan x, Ali xx, Halil \u0130brahim x, Eray x (Emrah dk. 73 x), G\u00fcray x (Alpay dk. 64 x), Kerem xx, Mustafa x, Alperen xx, \u00d6mer Faruk x<\/p>\n<p>Goller: Ali (dk. 7 ve 78), Mustafa \u015een (dk. 89)  (Menemen Belediyespor)<\/p>\n<p>Sar\u0131 kartlar: Eray, Alperen, Kerem (Sivas Belediyespor), Umut, Talha (Menemen Belediyespor)<div class=\"tiled-gallery type-rectangular tiled-gallery-unresized\" data-original-width=\"500\" data-carousel-extra='null' itemscope itemtype=\"http:\/\/schema.org\/ImageGallery\" > <div class=\"gallery-row\" style=\"width: 500px; height: 359px;\" data-original-width=\"500\" data-original-height=\"359\" > <div class=\"gallery-group images-3\" style=\"width: 177px; height: 359px;\" data-original-width=\"177\" data-original-height=\"359\" > <div class=\"tiled-gallery-item tiled-gallery-item-small\" itemprop=\"associatedMedia\" itemscope itemtype=\"http:\/\/schema.org\/ImageObject\"> <a href=\"http:\/\/www.tvturk.com\/index.php\/tff-2-lig-menemen-belediyespor-3-sivas-belediyespor-0\/tff-2-lig-menemen-belediyespor-3-sivas-belediyespor-0-3\/\" border=\"0\" itemprop=\"url\"> <meta itemprop=\"width\" content=\"173\"> <meta itemprop=\"height\" content=\"130\"> <img decoding=\"async\" class=\"\" data-attachment-id=\"75535\" data-orig-file=\"http:\/\/www.tvturk.com\/wp-content\/uploads\/2019\/03\/tff-2-lig-menemen-belediyespor-3-sivas-belediyespor-0_08522c3.jpg\" data-orig-size=\"960,718\" data-comments-opened=\"\" data-image-meta=\"{&quot;aperture&quot;:&quot;0&quot;,&quot;credit&quot;:&quot;IHA&quot;,&quot;camera&quot;:&quot;&quot;,&quot;caption&quot;:&quot;TFF 2\\u0027NC\\u0130 L\\u0130G KIRMIZI GRUP 25. HAFTA MA\\u00c7INDA MENEMEN BELED\\u0130YESPOR KEND\\u0130 EV\\u0130NDE S\\u0130VAS BELED\\u0130YESPOR \\u0130LE KAR\\u015eILA\\u015eTI\\u011eI M\\u00dcSABAKADAN 3-0 GAL\\u0130P AYRILDI. (AYHAN EDERO\\u011eLU\\\/\\u0130ZM\\u0130R-\\u0130HA)&quot;,&quot;created_timestamp&quot;:&quot;1551936060&quot;,&quot;copyright&quot;:&quot;\\u0130HLAS HABER AJANSI, www.iha.com.tr&quot;,&quot;focal_length&quot;:&quot;0&quot;,&quot;iso&quot;:&quot;0&quot;,&quot;shutter_speed&quot;:&quot;0&quot;,&quot;title&quot;:&quot;TFF 2. L\\u0130G: MENEMEN BELED\\u0130YESPOR: 3 - S\\u0130VAS BELED\\u0130YESPOR: 0&quot;,&quot;orientation&quot;:&quot;0&quot;}\" data-image-title=\"TFF 2. Lig: Menemen Belediyespor: 3 &amp;#8211; Sivas Belediyespor: 0\" data-image-description=\"&lt;p&gt;TFF 2. Lig: Menemen Belediyespor: 3 &amp;#8211; Sivas Belediyespor: 0&lt;\/p&gt; \" data-medium-file=\"https:\/\/i0.wp.com\/www.tvturk.com\/wp-content\/uploads\/2019\/03\/tff-2-lig-menemen-belediyespor-3-sivas-belediyespor-0_08522c3.jpg?fit=300%2C224\" data-large-file=\"https:\/\/i0.wp.com\/www.tvturk.com\/wp-content\/uploads\/2019\/03\/tff-2-lig-menemen-belediyespor-3-sivas-belediyespor-0_08522c3.jpg?fit=960%2C718\" src=\"https:\/\/i0.wp.com\/www.tvturk.com\/wp-content\/uploads\/2019\/03\/tff-2-lig-menemen-belediyespor-3-sivas-belediyespor-0_08522c3.jpg?w=173&#038;h=130\" srcset=\"https:\/\/i0.wp.com\/www.tvturk.com\/wp-content\/uploads\/2019\/03\/tff-2-lig-menemen-belediyespor-3-sivas-belediyespor-0_08522c3.jpg?w=960 960w, https:\/\/i0.wp.com\/www.tvturk.com\/wp-content\/uploads\/2019\/03\/tff-2-lig-menemen-belediyespor-3-sivas-belediyespor-0_08522c3.jpg?resize=150%2C112 150w, https:\/\/i0.wp.com\/www.tvturk.com\/wp-content\/uploads\/2019\/03\/tff-2-lig-menemen-belediyespor-3-sivas-belediyespor-0_08522c3.jpg?resize=300%2C224 300w, https:\/\/i0.wp.com\/www.tvturk.com\/wp-content\/uploads\/2019\/03\/tff-2-lig-menemen-belediyespor-3-sivas-belediyespor-0_08522c3.jpg?resize=768%2C574 768w\" width=\"173\" height=\"130\" loading=\"lazy\" data-original-width=\"173\" data-original-height=\"130\" itemprop=\"http:\/\/schema.org\/image\" title=\"TFF 2. Lig: Menemen Belediyespor: 3 - Sivas Belediyespor: 0\" alt=\"TFF 2. Lig: Menemen Belediyespor: 3 - Sivas Belediyespor: 0\" style=\"width: 173px; height: 130px;\" \/> <\/a> <\/div> <div class=\"tiled-gallery-item tiled-gallery-item-small\" itemprop=\"associatedMedia\" itemscope itemtype=\"http:\/\/schema.org\/ImageObject\"> <a href=\"http:\/\/www.tvturk.com\/index.php\/tff-2-lig-menemen-belediyespor-3-sivas-belediyespor-0\/tff-2-lig-menemen-belediyespor-3-sivas-belediyespor-0-4\/\" border=\"0\" itemprop=\"url\"> <meta itemprop=\"width\" content=\"173\"> <meta itemprop=\"height\" content=\"102\"> <img decoding=\"async\" class=\"\" data-attachment-id=\"75536\" data-orig-file=\"http:\/\/www.tvturk.com\/wp-content\/uploads\/2019\/03\/tff-2-lig-menemen-belediyespor-3-sivas-belediyespor-0_eea6e1c.jpg\" data-orig-size=\"927,548\" data-comments-opened=\"\" data-image-meta=\"{&quot;aperture&quot;:&quot;0&quot;,&quot;credit&quot;:&quot;IHA&quot;,&quot;camera&quot;:&quot;&quot;,&quot;caption&quot;:&quot;TFF 2\\u0027NC\\u0130 L\\u0130G KIRMIZI GRUP 25. HAFTA MA\\u00c7INDA MENEMEN BELED\\u0130YESPOR KEND\\u0130 EV\\u0130NDE S\\u0130VAS BELED\\u0130YESPOR \\u0130LE KAR\\u015eILA\\u015eTI\\u011eI M\\u00dcSABAKADAN 3-0 GAL\\u0130P AYRILDI. (AYHAN EDERO\\u011eLU\\\/\\u0130ZM\\u0130R-\\u0130HA)&quot;,&quot;created_timestamp&quot;:&quot;1551936060&quot;,&quot;copyright&quot;:&quot;\\u0130HLAS HABER AJANSI, www.iha.com.tr&quot;,&quot;focal_length&quot;:&quot;0&quot;,&quot;iso&quot;:&quot;0&quot;,&quot;shutter_speed&quot;:&quot;0&quot;,&quot;title&quot;:&quot;TFF 2. L\\u0130G: MENEMEN BELED\\u0130YESPOR: 3 - S\\u0130VAS BELED\\u0130YESPOR: 0&quot;,&quot;orientation&quot;:&quot;1&quot;}\" data-image-title=\"TFF 2. Lig: Menemen Belediyespor: 3 &amp;#8211; Sivas Belediyespor: 0\" data-image-description=\"&lt;p&gt;TFF 2. Lig: Menemen Belediyespor: 3 &amp;#8211; Sivas Belediyespor: 0&lt;\/p&gt; \" data-medium-file=\"https:\/\/i0.wp.com\/www.tvturk.com\/wp-content\/uploads\/2019\/03\/tff-2-lig-menemen-belediyespor-3-sivas-belediyespor-0_eea6e1c.jpg?fit=300%2C177\" data-large-file=\"https:\/\/i0.wp.com\/www.tvturk.com\/wp-content\/uploads\/2019\/03\/tff-2-lig-menemen-belediyespor-3-sivas-belediyespor-0_eea6e1c.jpg?fit=927%2C548\" src=\"https:\/\/i0.wp.com\/www.tvturk.com\/wp-content\/uploads\/2019\/03\/tff-2-lig-menemen-belediyespor-3-sivas-belediyespor-0_eea6e1c.jpg?w=173&#038;h=102\" srcset=\"https:\/\/i0.wp.com\/www.tvturk.com\/wp-content\/uploads\/2019\/03\/tff-2-lig-menemen-belediyespor-3-sivas-belediyespor-0_eea6e1c.jpg?w=927 927w, https:\/\/i0.wp.com\/www.tvturk.com\/wp-content\/uploads\/2019\/03\/tff-2-lig-menemen-belediyespor-3-sivas-belediyespor-0_eea6e1c.jpg?resize=150%2C89 150w, https:\/\/i0.wp.com\/www.tvturk.com\/wp-content\/uploads\/2019\/03\/tff-2-lig-menemen-belediyespor-3-sivas-belediyespor-0_eea6e1c.jpg?resize=300%2C177 300w, https:\/\/i0.wp.com\/www.tvturk.com\/wp-content\/uploads\/2019\/03\/tff-2-lig-menemen-belediyespor-3-sivas-belediyespor-0_eea6e1c.jpg?resize=768%2C454 768w\" width=\"173\" height=\"102\" loading=\"lazy\" data-original-width=\"173\" data-original-height=\"102\" itemprop=\"http:\/\/schema.org\/image\" title=\"TFF 2. Lig: Menemen Belediyespor: 3 - Sivas Belediyespor: 0\" alt=\"TFF 2. Lig: Menemen Belediyespor: 3 - Sivas Belediyespor: 0\" style=\"width: 173px; height: 102px;\" \/> <\/a> <\/div> <div class=\"tiled-gallery-item tiled-gallery-item-small\" itemprop=\"associatedMedia\" itemscope itemtype=\"http:\/\/schema.org\/ImageObject\"> <a href=\"http:\/\/www.tvturk.com\/index.php\/tff-2-lig-menemen-belediyespor-3-sivas-belediyespor-0\/tff-2-lig-menemen-belediyespor-3-sivas-belediyespor-0-5\/\" border=\"0\" itemprop=\"url\"> <meta itemprop=\"width\" content=\"173\"> <meta itemprop=\"height\" content=\"115\"> <img decoding=\"async\" class=\"\" data-attachment-id=\"75537\" data-orig-file=\"http:\/\/www.tvturk.com\/wp-content\/uploads\/2019\/03\/tff-2-lig-menemen-belediyespor-3-sivas-belediyespor-0_31121c2.jpg\" data-orig-size=\"960,640\" data-comments-opened=\"\" data-image-meta=\"{&quot;aperture&quot;:&quot;0&quot;,&quot;credit&quot;:&quot;IHA&quot;,&quot;camera&quot;:&quot;&quot;,&quot;caption&quot;:&quot;TFF 2\\u0027NC\\u0130 L\\u0130G KIRMIZI GRUP 25. HAFTA MA\\u00c7INDA MENEMEN BELED\\u0130YESPOR KEND\\u0130 EV\\u0130NDE S\\u0130VAS BELED\\u0130YESPOR \\u0130LE KAR\\u015eILA\\u015eTI\\u011eI M\\u00dcSABAKADAN 3-0 GAL\\u0130P AYRILDI. (AYHAN EDERO\\u011eLU\\\/\\u0130ZM\\u0130R-\\u0130HA)&quot;,&quot;created_timestamp&quot;:&quot;1551936060&quot;,&quot;copyright&quot;:&quot;\\u0130HLAS HABER AJANSI, www.iha.com.tr&quot;,&quot;focal_length&quot;:&quot;0&quot;,&quot;iso&quot;:&quot;0&quot;,&quot;shutter_speed&quot;:&quot;0&quot;,&quot;title&quot;:&quot;TFF 2. L\\u0130G: MENEMEN BELED\\u0130YESPOR: 3 - S\\u0130VAS BELED\\u0130YESPOR: 0&quot;,&quot;orientation&quot;:&quot;0&quot;}\" data-image-title=\"TFF 2. Lig: Menemen Belediyespor: 3 &amp;#8211; Sivas Belediyespor: 0\" data-image-description=\"&lt;p&gt;TFF 2. Lig: Menemen Belediyespor: 3 &amp;#8211; Sivas Belediyespor: 0&lt;\/p&gt; \" data-medium-file=\"https:\/\/i0.wp.com\/www.tvturk.com\/wp-content\/uploads\/2019\/03\/tff-2-lig-menemen-belediyespor-3-sivas-belediyespor-0_31121c2.jpg?fit=300%2C200\" data-large-file=\"https:\/\/i0.wp.com\/www.tvturk.com\/wp-content\/uploads\/2019\/03\/tff-2-lig-menemen-belediyespor-3-sivas-belediyespor-0_31121c2.jpg?fit=960%2C640\" src=\"https:\/\/i0.wp.com\/www.tvturk.com\/wp-content\/uploads\/2019\/03\/tff-2-lig-menemen-belediyespor-3-sivas-belediyespor-0_31121c2.jpg?w=173&#038;h=115\" srcset=\"https:\/\/i0.wp.com\/www.tvturk.com\/wp-content\/uploads\/2019\/03\/tff-2-lig-menemen-belediyespor-3-sivas-belediyespor-0_31121c2.jpg?w=960 960w, https:\/\/i0.wp.com\/www.tvturk.com\/wp-content\/uploads\/2019\/03\/tff-2-lig-menemen-belediyespor-3-sivas-belediyespor-0_31121c2.jpg?resize=150%2C100 150w, https:\/\/i0.wp.com\/www.tvturk.com\/wp-content\/uploads\/2019\/03\/tff-2-lig-menemen-belediyespor-3-sivas-belediyespor-0_31121c2.jpg?resize=300%2C200 300w, https:\/\/i0.wp.com\/www.tvturk.com\/wp-content\/uploads\/2019\/03\/tff-2-lig-menemen-belediyespor-3-sivas-belediyespor-0_31121c2.jpg?resize=768%2C512 768w, https:\/\/i0.wp.com\/www.tvturk.com\/wp-content\/uploads\/2019\/03\/tff-2-lig-menemen-belediyespor-3-sivas-belediyespor-0_31121c2.jpg?resize=170%2C113 170w, https:\/\/i0.wp.com\/www.tvturk.com\/wp-content\/uploads\/2019\/03\/tff-2-lig-menemen-belediyespor-3-sivas-belediyespor-0_31121c2.jpg?resize=120%2C80 120w\" width=\"173\" height=\"115\" loading=\"lazy\" data-original-width=\"173\" data-original-height=\"115\" itemprop=\"http:\/\/schema.org\/image\" title=\"TFF 2. Lig: Menemen Belediyespor: 3 - Sivas Belediyespor: 0\" alt=\"TFF 2. Lig: Menemen Belediyespor: 3 - Sivas Belediyespor: 0\" style=\"width: 173px; height: 115px;\" \/> <\/a> <\/div> <\/div> <!-- close group --> <div class=\"gallery-group images-1\" style=\"width: 323px; height: 359px;\" data-original-width=\"323\" data-original-height=\"359\" > <div class=\"tiled-gallery-item tiled-gallery-item-large\" itemprop=\"associatedMedia\" itemscope itemtype=\"http:\/\/schema.org\/ImageObject\"> <a href=\"http:\/\/www.tvturk.com\/index.php\/tff-2-lig-menemen-belediyespor-3-sivas-belediyespor-0\/tff-2-lig-menemen-belediyespor-3-sivas-belediyespor-0-6\/\" border=\"0\" itemprop=\"url\"> <meta itemprop=\"width\" content=\"319\"> <meta itemprop=\"height\" content=\"355\"> <img decoding=\"async\" class=\"\" data-attachment-id=\"75538\" data-orig-file=\"http:\/\/www.tvturk.com\/wp-content\/uploads\/2019\/03\/tff-2-lig-menemen-belediyespor-3-sivas-belediyespor-0_0c97d09.jpg\" data-orig-size=\"861,960\" data-comments-opened=\"\" data-image-meta=\"{&quot;aperture&quot;:&quot;0&quot;,&quot;credit&quot;:&quot;IHA&quot;,&quot;camera&quot;:&quot;&quot;,&quot;caption&quot;:&quot;TFF 2\\u0027NC\\u0130 L\\u0130G KIRMIZI GRUP 25. HAFTA MA\\u00c7INDA MENEMEN BELED\\u0130YESPOR KEND\\u0130 EV\\u0130NDE S\\u0130VAS BELED\\u0130YESPOR \\u0130LE KAR\\u015eILA\\u015eTI\\u011eI M\\u00dcSABAKADAN 3-0 GAL\\u0130P AYRILDI. (AYHAN EDERO\\u011eLU\\\/\\u0130ZM\\u0130R-\\u0130HA)&quot;,&quot;created_timestamp&quot;:&quot;1551936060&quot;,&quot;copyright&quot;:&quot;\\u0130HLAS HABER AJANSI, www.iha.com.tr&quot;,&quot;focal_length&quot;:&quot;0&quot;,&quot;iso&quot;:&quot;0&quot;,&quot;shutter_speed&quot;:&quot;0&quot;,&quot;title&quot;:&quot;TFF 2. L\\u0130G: MENEMEN BELED\\u0130YESPOR: 3 - S\\u0130VAS BELED\\u0130YESPOR: 0&quot;,&quot;orientation&quot;:&quot;0&quot;}\" data-image-title=\"TFF 2. Lig: Menemen Belediyespor: 3 &amp;#8211; Sivas Belediyespor: 0\" data-image-description=\"&lt;p&gt;TFF 2. Lig: Menemen Belediyespor: 3 &amp;#8211; Sivas Belediyespor: 0&lt;\/p&gt; \" data-medium-file=\"https:\/\/i0.wp.com\/www.tvturk.com\/wp-content\/uploads\/2019\/03\/tff-2-lig-menemen-belediyespor-3-sivas-belediyespor-0_0c97d09.jpg?fit=269%2C300\" data-large-file=\"https:\/\/i0.wp.com\/www.tvturk.com\/wp-content\/uploads\/2019\/03\/tff-2-lig-menemen-belediyespor-3-sivas-belediyespor-0_0c97d09.jpg?fit=861%2C960\" src=\"https:\/\/i0.wp.com\/www.tvturk.com\/wp-content\/uploads\/2019\/03\/tff-2-lig-menemen-belediyespor-3-sivas-belediyespor-0_0c97d09.jpg?w=319&#038;h=355\" srcset=\"https:\/\/i0.wp.com\/www.tvturk.com\/wp-content\/uploads\/2019\/03\/tff-2-lig-menemen-belediyespor-3-sivas-belediyespor-0_0c97d09.jpg?w=861 861w, https:\/\/i0.wp.com\/www.tvturk.com\/wp-content\/uploads\/2019\/03\/tff-2-lig-menemen-belediyespor-3-sivas-belediyespor-0_0c97d09.jpg?resize=135%2C150 135w, https:\/\/i0.wp.com\/www.tvturk.com\/wp-content\/uploads\/2019\/03\/tff-2-lig-menemen-belediyespor-3-sivas-belediyespor-0_0c97d09.jpg?resize=269%2C300 269w, https:\/\/i0.wp.com\/www.tvturk.com\/wp-content\/uploads\/2019\/03\/tff-2-lig-menemen-belediyespor-3-sivas-belediyespor-0_0c97d09.jpg?resize=768%2C856 768w\" width=\"319\" height=\"355\" loading=\"lazy\" data-original-width=\"319\" data-original-height=\"355\" itemprop=\"http:\/\/schema.org\/image\" title=\"TFF 2. Lig: Menemen Belediyespor: 3 - Sivas Belediyespor: 0\" alt=\"TFF 2. Lig: Menemen Belediyespor: 3 - Sivas Belediyespor: 0\" style=\"width: 319px; height: 355px;\" \/> <\/a> <\/div> <\/div> <!-- close group --> <\/div> <!-- close row --> <\/div><\/p>\n","protected":false},"excerpt":{"rendered":"<p>TFF 2&#8217;NC\u0130 L\u0130G KIRMIZI GRUP 25. HAFTA MA\u00c7INDA MENEMEN BELED\u0130YESPOR KEND\u0130 EV\u0130NDE S\u0130VAS BELED\u0130YESPOR \u0130LE KAR\u015eILA\u015eTI\u011eI M\u00dcSABAKADAN 3-0 GAL\u0130P AYRILDI.<\/p>\n","protected":false},"author":1,"featured_media":75534,"comment_status":"closed","ping_status":"open","sticky":false,"template":"","format":"standard","meta":{"jetpack_post_was_ever_published":false,"_jetpack_newsletter_access":"","_jetpack_dont_email_post_to_subs":false,"_jetpack_newsletter_tier_id":0,"_jetpack_memberships_contains_paywalled_content":false,"_jetpack_memberships_contains_paid_content":false,"footnotes":"","jetpack_publicize_message":"","jetpack_publicize_feature_enabled":true,"jetpack_social_post_already_shared":true,"jetpack_social_options":{"image_generator_settings":{"template":"highway","default_image_id":0,"font":"","enabled":false},"version":2}},"categories":[657],"tags":[2556,905,14385,4247,4477],"class_list":["post-75533","post","type-post","status-publish","format-standard","has-post-thumbnail","hentry","category-spor","tag-belediyespor","tag-lig","tag-menemen","tag-sivas","tag-tff"],"jetpack_publicize_connections":[],"jetpack_featured_media_url":"https:\/\/i0.wp.com\/www.tvturk.com\/wp-content\/uploads\/2019\/03\/tff-2-lig-menemen-belediyespor-3-sivas-belediyespor-0_0e59856.jpg?fit=960%2C695","jetpack_sharing_enabled":true,"jetpack_shortlink":"https:\/\/wp.me\/paKIfm-jEh","_links":{"self":[{"href":"http:\/\/www.tvturk.com\/index.php\/wp-json\/wp\/v2\/posts\/75533","targetHints":{"allow":["GET"]}}],"collection":[{"href":"http:\/\/www.tvturk.com\/index.php\/wp-json\/wp\/v2\/posts"}],"about":[{"href":"http:\/\/www.tvturk.com\/index.php\/wp-json\/wp\/v2\/types\/post"}],"author":[{"embeddable":true,"href":"http:\/\/www.tvturk.com\/index.php\/wp-json\/wp\/v2\/users\/1"}],"replies":[{"embeddable":true,"href":"http:\/\/www.tvturk.com\/index.php\/wp-json\/wp\/v2\/comments?post=75533"}],"version-history":[{"count":1,"href":"http:\/\/www.tvturk.com\/index.php\/wp-json\/wp\/v2\/posts\/75533\/revisions"}],"predecessor-version":[{"id":75539,"href":"http:\/\/www.tvturk.com\/index.php\/wp-json\/wp\/v2\/posts\/75533\/revisions\/75539"}],"wp:featuredmedia":[{"embeddable":true,"href":"http:\/\/www.tvturk.com\/index.php\/wp-json\/wp\/v2\/media\/75534"}],"wp:attachment":[{"href":"http:\/\/www.tvturk.com\/index.php\/wp-json\/wp\/v2\/media?parent=75533"}],"wp:term":[{"taxonomy":"category","embeddable":true,"href":"http:\/\/www.tvturk.com\/index.php\/wp-json\/wp\/v2\/categories?post=75533"},{"taxonomy":"post_tag","embeddable":true,"href":"http:\/\/www.tvturk.com\/index.php\/wp-json\/wp\/v2\/tags?post=75533"}],"curies":[{"name":"wp","href":"https:\/\/api.w.org\/{rel}","templated":true}]}}