{"id":75581,"date":"2019-03-06T22:07:27","date_gmt":"2019-03-06T19:07:27","guid":{"rendered":"http:\/\/www.tvturk.com\/index.php\/aykut-kocaman-besiktas-maci-yon-verecek-maclardan-biri-olacak-gibi-gorunuyor\/"},"modified":"2019-03-06T22:07:30","modified_gmt":"2019-03-06T19:07:30","slug":"aykut-kocaman-besiktas-maci-yon-verecek-maclardan-biri-olacak-gibi-gorunuyor","status":"publish","type":"post","link":"http:\/\/www.tvturk.com\/index.php\/aykut-kocaman-besiktas-maci-yon-verecek-maclardan-biri-olacak-gibi-gorunuyor\/","title":{"rendered":"Aykut Kocaman: \u201cBe\u015fikta\u015f ma\u00e7\u0131 y\u00f6n verecek ma\u00e7lardan biri olacak gibi g\u00f6r\u00fcn\u00fcyor\u201d"},"content":{"rendered":"<p>Atiker Konyaspor Teknik Direkt\u00f6r\u00fc Aykut Kocaman, 25. haftada Be\u015fikta\u015f ile oynayacaklar\u0131 ma\u00e7la ilgili olarak, &#8220;Be\u015fikta\u015f ma\u00e7\u0131 y\u00f6n verecek ma\u00e7lardan biri olacak gibi g\u00f6r\u00fcn\u00fcyor. Son 5 haftada 4 beraberlik 1 ma\u011flubiyet oldu. \u015eimdi bunu \u00e7evirmek istiyoruz\u201d dedi.<\/p>\n<p>Spor Toto S\u00fcper Lig\u2019de 25. hafta ma\u00e7\u0131nda deplasmanda Be\u015fikta\u015f ile kar\u015f\u0131la\u015facak Atiker Konyaspor, haz\u0131rl\u0131klar\u0131na devam etti.<\/p>\n<p>Ak\u015fam saatlerinde Kayac\u0131k Tesisleri\u2019nde Teknik Direkt\u00f6r Aykut Kocaman ve yard\u0131mc\u0131 antren\u00f6rler y\u00f6netiminde ger\u00e7ekle\u015fen antrenman salonda iki grup halinde yap\u0131lan CORE \u0131s\u0131nma ve kuvvet \u00e7al\u0131\u015fmas\u0131 ile ba\u015flad\u0131. Tedavilerine devam edilen Adis Jahovic ve Mustapha Yatabare tak\u0131mdan ayr\u0131 idman yaparken, Paolo Hurtado, Fallou Diagne ve Jens Jonsson tak\u0131mla \u00e7al\u0131\u015ft\u0131. 4\u2019e 1 ile devam eden antrenman savunma-h\u00fccum organizasyon ve \u015fut \u00e7al\u0131\u015fmas\u0131n\u0131n ard\u0131ndan yap\u0131lan \u00e7ift kale ma\u00e7 ile sona erdi.<\/p>\n<p>\u201cSon 5 ma\u00e7ta al\u0131nan sonu\u00e7larla beklentilerin gerisinde kald\u0131k\u201d<\/p>\n<p>Antrenman \u00f6ncesinde a\u00e7\u0131klamalarda bulunan Teknik Direkt\u00f6r Aykut Kocaman, son 5 ma\u00e7ta al\u0131nan sonu\u00e7larla beklentilerin gerisinde kald\u0131klar\u0131n\u0131 bildiklerini ifade ederken, galibiyet elde edememeye son vermek ad\u0131na Be\u015fikta\u015f ile zor ve \u00f6nemli bir ma\u00e7a \u00e7\u0131kacaklar\u0131n\u0131 s\u00f6yledi. Kocaman, ligin ikinci yar\u0131s\u0131n\u0131n ilk 7 haftas\u0131n\u0131 de\u011ferlendirdi\u011fi a\u00e7\u0131klamas\u0131nda, \u201cLigin ikinci yar\u0131s\u0131na iyi bir ba\u015flang\u0131\u00e7 yapt\u0131k ve ilk 2 haftada ald\u0131\u011f\u0131m\u0131z iki galibiyetle ligin d\u00f6rd\u00fcnc\u00fc s\u0131ras\u0131na yerle\u015ftik. Antalyaspor\u2019u i\u00e7eride yendi\u011fimiz ma\u00e7tan sonra a\u00e7\u0131k\u00e7as\u0131 pek istedi\u011fimiz sonu\u00e7lar\u0131 ald\u0131\u011f\u0131m\u0131z s\u00f6ylenemez. Puan ortalamas\u0131 vb. \u015feylerle b\u00fct\u00fcn olarak bak\u0131ld\u0131\u011f\u0131 zaman beklentilerin biraz alt\u0131nda oldu\u011fu s\u00f6ylenebilir olumlu ve olumsuz taraflar\u0131yla. Pozisyonumuzu kaybetmedik. O g\u00fcn itibariyle bak\u0131ld\u0131\u011f\u0131 zaman ligin ikincisi ile aram\u0131zda 4 puan, \u00fc\u00e7\u00fcnc\u00fc tak\u0131mla aram\u0131zda 1 puan fark vard\u0131. Fakat o andan itibaren 5 haftada; 4 beraberlik, 1 ma\u011flubiyet. Bak\u0131ld\u0131\u011f\u0131 zaman normal \u015fartlarda s\u0131ralama olarak \u00e7ok \u015fey kaybetmemiz gerekirken sadece 1 s\u0131ralama a\u015fa\u011f\u0131 d\u00fc\u015ft\u00fck. Ancak ikinci ve \u00fc\u00e7\u00fcnc\u00fc tak\u0131m ile aram\u0131zdaki puan fark\u0131 a\u00e7\u0131ld\u0131. Galatasaray ve Be\u015fikta\u015f baya\u011f\u0131 puan fark\u0131 yapt\u0131. Bu tak\u0131mlar\u0131n arkas\u0131ndaki bizim de i\u00e7inde bulundu\u011fumuz tak\u0131mlarda ise ciddi puan kay\u0131plar\u0131 olu\u015ftu. Bu kay\u0131plar bizi \u00e7ok fazla a\u015fa\u011f\u0131lara ta\u015f\u0131mad\u0131. Son 5 haftada ya\u015fad\u0131\u011f\u0131m\u0131z \u015fanss\u0131zl\u0131klar\u0131 de\u011ferlendirme f\u0131rsat\u0131 bulduk ve kusur ya da hatalar\u0131n neler oldu\u011funu \u00e7\u0131karmaya \u00e7al\u0131\u015ft\u0131k. Her \u015feyden \u00f6nce neden puan kay\u0131plar\u0131 ya\u015fad\u0131k, bunlara bakt\u0131k. Oyun olarak \u00e7ok fazla \u015fikayetim yok. Bana g\u00f6re esas s\u0131k\u0131nt\u0131n\u0131n oyundan daha \u00e7ok ceza sahas\u0131 \u00e7evresinde, \u00f6zellikle \u00fc\u00e7\u00fcnc\u00fc b\u00f6lgede bitirici yerlerde problemler oldu\u011fu ma\u00e7 analizlerinde \u00e7ok net g\u00f6r\u00fcn\u00fcyor\u201d dedi.<\/p>\n<p>Teknik Direkt\u00f6r Kocaman, sezonun tamamlanmas\u0131na 10 ma\u00e7 kald\u0131\u011f\u0131n\u0131 hat\u0131rlatarak \u015funlar\u0131 s\u00f6yledi:<\/p>\n<p>&#8220;\u015eu an itibariyle 35 puanday\u0131z. Bizi \u00fc\u00e7\u00fcnc\u00fcl\u00fck ile alt\u0131nc\u0131l\u0131k aras\u0131ndaki pozisyona 50 puan veya bir iki puan \u00fcst\u00fc ya da alt\u0131 buralardaki yap\u0131lanmay\u0131 sa\u011flayacak gibi g\u00f6r\u00fcn\u00fcyor. Dolay\u0131s\u0131yla en az 15-16 puanl\u0131k bir puan averaj\u0131na ihtiyac\u0131m\u0131z g\u00f6z\u00fck\u00fcyor. Bir taraftan tak\u0131m\u0131n yar\u0131\u015fmas\u0131, bir taraftan tak\u0131m\u0131 gelecek sezona nas\u0131l g\u00f6t\u00fcrebiliriz diye d\u00fc\u015f\u00fcn\u00fcyoruz. Tak\u0131m\u0131n ya\u015f ortalamas\u0131n\u0131n biraz y\u00fcksek olmas\u0131, oyuncular\u0131n hem performanslar\u0131n\u0131 artt\u0131rmas\u0131 hem de bir y\u0131l sonra ne olabilir durumunu d\u00fc\u015f\u00fcnme. Bunlar\u0131n hepsini bir arada yapmak baz\u0131 \u015feyleri de eksik b\u0131rak\u0131yor. Son 5 haftada ya\u015fan\u0131lan s\u0131k\u0131nt\u0131lar biraz da bundan dolay\u0131 oldu diyebiliriz. Bunlar\u0131n hepsinin fark\u0131nda olarak bir \u015feyleri ad\u0131m ad\u0131m in\u015fa etmeye \u00e7al\u0131\u015f\u0131yoruz.\u201d<\/p>\n<p>\u201cBe\u015fikta\u015f ma\u00e7\u0131 y\u00f6n verecek ma\u00e7lardan biri olacak gibi g\u00f6r\u00fcn\u00fcyor\u201d<\/p>\n<p>Spor Toto S\u00fcper Lig\u2019in 25. haftas\u0131nda deplasmanda oynayacaklar\u0131 Be\u015fikta\u015f ma\u00e7\u0131 ile ilgili de g\u00f6r\u00fc\u015flerini a\u00e7\u0131klayan Teknik Direkt\u00f6r Aykut Kocaman, \u201cBe\u015fikta\u015f ma\u00e7\u0131 y\u00f6n verecek ma\u00e7lardan biri olacak gibi g\u00f6r\u00fcn\u00fcyor. Son 5 haftada 4 beraberlik 1 ma\u011flubiyet oldu. \u015eimdi bunu \u00e7evirmek istiyoruz. Be\u015fikta\u015f ma\u00e7\u0131 bu anlamda \u00e7evirmek i\u00e7in \u00e7ok kolay m\u0131? Tabii ki de\u011fil. Be\u015fikta\u015f\u2019\u0131n da \u015fu anda \u00e7ok formda oldu\u011fu s\u00f6ylenemez. Onlar da birtak\u0131m sorunlar ya\u015f\u0131yorlar. Ancak b\u00fcy\u00fck tak\u0131mlar i\u00e7in bu sorunlar sonun ba\u015flang\u0131c\u0131 olabilece\u011fi gibi tam tersi bir durumda olu\u015fturabiliyor. Son derece tehlikeli rakipler. \u00c7ok derinli\u011fi olan k\u00f6kl\u00fc rakipler. Dolay\u0131s\u0131yla bizim kendi sorunlar\u0131m\u0131z\u0131 \u00e7evirmemiz i\u00e7in \u00e7ok ideal bir ortam olmuyor. Ama \u00f6b\u00fcr taraftan Be\u015fikta\u015f i\u00e7in de ayn\u0131 \u015fey s\u00f6ylenebilir. Her hal\u00fckarda son derece kuvvetli ve diren\u00e7li bir tak\u0131m\u0131z. Bir taraftan olumsuzluklar\u0131n yan\u0131 s\u0131ra \u00e7ok k\u00fc\u00e7\u00fck bir olumlu \u015fey de kolay ma\u011flup olan bir tak\u0131m de\u011filiz. En az\u0131ndan b\u00f6yle bir derinli\u011fi kazand\u0131rd\u0131k tak\u0131m\u0131m\u0131za. \u0130n\u015fallah devam eder. Ama esas hedefimiz bu galibiyetsizli\u011fi sona erdirmek \u00fczerine kurulu olacak. Buna da Be\u015fikta\u015f\u2019\u0131n ne kadar izin verece\u011fini ve sonu\u00e7ta bu ayarlar\u0131n da ne kadar olaca\u011f\u0131n\u0131 bilemiyoruz. \u00c7al\u0131\u015faca\u011f\u0131z \u00e7abalayaca\u011f\u0131z ve yine futbolun do\u011frular\u0131n\u0131 yapmak ve bunu peki\u015ftirmek i\u00e7in \u00e7al\u0131\u015faca\u011f\u0131z\u201d ifadelerini kulland\u0131.<\/p>\n<p>\u00d6te yandan, antrenman sonras\u0131nda Sel\u00e7uk \u00dcniversitesi Turizm Fak\u00fcltesi Dekan\u0131 Prof. Dr. Necmi Uyan\u0131k ve beraberindeki heyet, Teknik Direkt\u00f6r Aykut Kocaman ve futbolculara Sel\u00e7uklu mutfa\u011f\u0131na \u00f6zg\u00fc tatlardan olan kenevir helvas\u0131 ikram\u0131nda bulundu.<div class=\"tiled-gallery type-rectangular tiled-gallery-unresized\" data-original-width=\"500\" data-carousel-extra='null' itemscope itemtype=\"http:\/\/schema.org\/ImageGallery\" > <div class=\"gallery-row\" style=\"width: 500px; height: 77px;\" data-original-width=\"500\" data-original-height=\"77\" > <div class=\"gallery-group images-1\" style=\"width: 120px; height: 77px;\" data-original-width=\"120\" data-original-height=\"77\" > <div class=\"tiled-gallery-item tiled-gallery-item-small\" itemprop=\"associatedMedia\" itemscope itemtype=\"http:\/\/schema.org\/ImageObject\"> <a href=\"http:\/\/www.tvturk.com\/index.php\/aykut-kocaman-besiktas-maci-yon-verecek-maclardan-biri-olacak-gibi-gorunuyor\/aykut-kocaman-besiktas-maci-yon-verecek-maclardan-biri-olacak-gibi-gorunuyor-3\/\" border=\"0\" itemprop=\"url\"> <meta itemprop=\"width\" content=\"116\"> <meta itemprop=\"height\" content=\"73\"> <img decoding=\"async\" class=\"\" data-attachment-id=\"75583\" data-orig-file=\"http:\/\/www.tvturk.com\/wp-content\/uploads\/2019\/03\/aykut-kocaman-besiktas-maci-yon-verecek-maclardan-biri-olacak-gibi-gorunuyor_8d2e45b.jpg\" data-orig-size=\"1000,622\" data-comments-opened=\"\" data-image-meta=\"{&quot;aperture&quot;:&quot;0&quot;,&quot;credit&quot;:&quot;IHA&quot;,&quot;camera&quot;:&quot;&quot;,&quot;caption&quot;:&quot;SPOR TOTO S\\u00dcPER L\\u0130G\\u2019DE 25. HAFTA MA\\u00c7INDA DEPLASMANDA BE\\u015e\\u0130KTA\\u015e \\u0130LE KAR\\u015eILA\\u015eACAK AT\\u0130KER KONYASPOR, HAZIRLIKLARINA DEVAM ETT\\u0130. (\\u0130HA\\\/KONYA-\\u0130HA)&quot;,&quot;created_timestamp&quot;:&quot;0&quot;,&quot;copyright&quot;:&quot;\\u0130HLAS HABER AJANSI, www.iha.com.tr&quot;,&quot;focal_length&quot;:&quot;0&quot;,&quot;iso&quot;:&quot;0&quot;,&quot;shutter_speed&quot;:&quot;0&quot;,&quot;title&quot;:&quot;AYKUT KOCAMAN: \\u201cBE\\u015e\\u0130KTA\\u015e MA\\u00c7I Y\\u00d6N VERECEK MA\\u00c7LARDAN B\\u0130R\\u0130 OLACAK G\\u0130B\\u0130 G\\u00d6R\\u00dcN\\u00dcYOR\\u201d KONYASPOR, HAFTA SONU OYNAYACA\\u011eI BE\\u015e\\u0130KTA\\u015e MA\\u00c7ININ HAZIRLIKLARINI S\\u00dcRD\\u00dcRD\\u00dc&quot;,&quot;orientation&quot;:&quot;0&quot;}\" data-image-title=\"Aykut Kocaman: \u201cBe\u015fikta\u015f ma\u00e7\u0131 y\u00f6n verecek ma\u00e7lardan biri olacak gibi g\u00f6r\u00fcn\u00fcyor\u201d\" data-image-description=\"&lt;p&gt;Aykut Kocaman: \u201cBe\u015fikta\u015f ma\u00e7\u0131 y\u00f6n verecek ma\u00e7lardan biri olacak gibi g\u00f6r\u00fcn\u00fcyor\u201d&lt;\/p&gt; \" data-medium-file=\"https:\/\/i0.wp.com\/www.tvturk.com\/wp-content\/uploads\/2019\/03\/aykut-kocaman-besiktas-maci-yon-verecek-maclardan-biri-olacak-gibi-gorunuyor_8d2e45b.jpg?fit=300%2C187\" data-large-file=\"https:\/\/i0.wp.com\/www.tvturk.com\/wp-content\/uploads\/2019\/03\/aykut-kocaman-besiktas-maci-yon-verecek-maclardan-biri-olacak-gibi-gorunuyor_8d2e45b.jpg?fit=1000%2C622\" src=\"https:\/\/i0.wp.com\/www.tvturk.com\/wp-content\/uploads\/2019\/03\/aykut-kocaman-besiktas-maci-yon-verecek-maclardan-biri-olacak-gibi-gorunuyor_8d2e45b.jpg?w=116&#038;h=73\" srcset=\"https:\/\/i0.wp.com\/www.tvturk.com\/wp-content\/uploads\/2019\/03\/aykut-kocaman-besiktas-maci-yon-verecek-maclardan-biri-olacak-gibi-gorunuyor_8d2e45b.jpg?w=1000 1000w, https:\/\/i0.wp.com\/www.tvturk.com\/wp-content\/uploads\/2019\/03\/aykut-kocaman-besiktas-maci-yon-verecek-maclardan-biri-olacak-gibi-gorunuyor_8d2e45b.jpg?resize=150%2C93 150w, https:\/\/i0.wp.com\/www.tvturk.com\/wp-content\/uploads\/2019\/03\/aykut-kocaman-besiktas-maci-yon-verecek-maclardan-biri-olacak-gibi-gorunuyor_8d2e45b.jpg?resize=300%2C187 300w, https:\/\/i0.wp.com\/www.tvturk.com\/wp-content\/uploads\/2019\/03\/aykut-kocaman-besiktas-maci-yon-verecek-maclardan-biri-olacak-gibi-gorunuyor_8d2e45b.jpg?resize=768%2C478 768w, https:\/\/i0.wp.com\/www.tvturk.com\/wp-content\/uploads\/2019\/03\/aykut-kocaman-besiktas-maci-yon-verecek-maclardan-biri-olacak-gibi-gorunuyor_8d2e45b.jpg?resize=243%2C150 243w, https:\/\/i0.wp.com\/www.tvturk.com\/wp-content\/uploads\/2019\/03\/aykut-kocaman-besiktas-maci-yon-verecek-maclardan-biri-olacak-gibi-gorunuyor_8d2e45b.jpg?resize=460%2C290 460w\" width=\"116\" height=\"73\" loading=\"lazy\" data-original-width=\"116\" data-original-height=\"73\" itemprop=\"http:\/\/schema.org\/image\" title=\"Aykut Kocaman: \u201cBe\u015fikta\u015f ma\u00e7\u0131 y\u00f6n verecek ma\u00e7lardan biri olacak gibi g\u00f6r\u00fcn\u00fcyor\u201d\" alt=\"Aykut Kocaman: \u201cBe\u015fikta\u015f ma\u00e7\u0131 y\u00f6n verecek ma\u00e7lardan biri olacak gibi g\u00f6r\u00fcn\u00fcyor\u201d\" style=\"width: 116px; height: 73px;\" \/> <\/a> <\/div> <\/div> <!-- close group --> <div class=\"gallery-group images-1\" style=\"width: 135px; height: 77px;\" data-original-width=\"135\" data-original-height=\"77\" > <div class=\"tiled-gallery-item tiled-gallery-item-small\" itemprop=\"associatedMedia\" itemscope itemtype=\"http:\/\/schema.org\/ImageObject\"> <a href=\"http:\/\/www.tvturk.com\/index.php\/aykut-kocaman-besiktas-maci-yon-verecek-maclardan-biri-olacak-gibi-gorunuyor\/aykut-kocaman-besiktas-maci-yon-verecek-maclardan-biri-olacak-gibi-gorunuyor-4\/\" border=\"0\" itemprop=\"url\"> <meta itemprop=\"width\" content=\"131\"> <meta itemprop=\"height\" content=\"73\"> <img decoding=\"async\" class=\"\" data-attachment-id=\"75584\" data-orig-file=\"http:\/\/www.tvturk.com\/wp-content\/uploads\/2019\/03\/aykut-kocaman-besiktas-maci-yon-verecek-maclardan-biri-olacak-gibi-gorunuyor_141f12d.jpg\" data-orig-size=\"1000,554\" data-comments-opened=\"\" data-image-meta=\"{&quot;aperture&quot;:&quot;0&quot;,&quot;credit&quot;:&quot;IHA&quot;,&quot;camera&quot;:&quot;&quot;,&quot;caption&quot;:&quot;SPOR TOTO S\\u00dcPER L\\u0130G\\u2019DE 25. HAFTA MA\\u00c7INDA DEPLASMANDA BE\\u015e\\u0130KTA\\u015e \\u0130LE KAR\\u015eILA\\u015eACAK AT\\u0130KER KONYASPOR, HAZIRLIKLARINA DEVAM ETT\\u0130. (\\u0130HA\\\/KONYA-\\u0130HA)&quot;,&quot;created_timestamp&quot;:&quot;0&quot;,&quot;copyright&quot;:&quot;\\u0130HLAS HABER AJANSI, www.iha.com.tr&quot;,&quot;focal_length&quot;:&quot;0&quot;,&quot;iso&quot;:&quot;0&quot;,&quot;shutter_speed&quot;:&quot;0&quot;,&quot;title&quot;:&quot;AYKUT KOCAMAN: \\u201cBE\\u015e\\u0130KTA\\u015e MA\\u00c7I Y\\u00d6N VERECEK MA\\u00c7LARDAN B\\u0130R\\u0130 OLACAK G\\u0130B\\u0130 G\\u00d6R\\u00dcN\\u00dcYOR\\u201d KONYASPOR, HAFTA SONU OYNAYACA\\u011eI BE\\u015e\\u0130KTA\\u015e MA\\u00c7ININ HAZIRLIKLARINI S\\u00dcRD\\u00dcRD\\u00dc&quot;,&quot;orientation&quot;:&quot;0&quot;}\" data-image-title=\"Aykut Kocaman: \u201cBe\u015fikta\u015f ma\u00e7\u0131 y\u00f6n verecek ma\u00e7lardan biri olacak gibi g\u00f6r\u00fcn\u00fcyor\u201d\" data-image-description=\"&lt;p&gt;Aykut Kocaman: \u201cBe\u015fikta\u015f ma\u00e7\u0131 y\u00f6n verecek ma\u00e7lardan biri olacak gibi g\u00f6r\u00fcn\u00fcyor\u201d&lt;\/p&gt; \" data-medium-file=\"https:\/\/i0.wp.com\/www.tvturk.com\/wp-content\/uploads\/2019\/03\/aykut-kocaman-besiktas-maci-yon-verecek-maclardan-biri-olacak-gibi-gorunuyor_141f12d.jpg?fit=300%2C166\" data-large-file=\"https:\/\/i0.wp.com\/www.tvturk.com\/wp-content\/uploads\/2019\/03\/aykut-kocaman-besiktas-maci-yon-verecek-maclardan-biri-olacak-gibi-gorunuyor_141f12d.jpg?fit=1000%2C554\" src=\"https:\/\/i0.wp.com\/www.tvturk.com\/wp-content\/uploads\/2019\/03\/aykut-kocaman-besiktas-maci-yon-verecek-maclardan-biri-olacak-gibi-gorunuyor_141f12d.jpg?w=131&#038;h=73\" srcset=\"https:\/\/i0.wp.com\/www.tvturk.com\/wp-content\/uploads\/2019\/03\/aykut-kocaman-besiktas-maci-yon-verecek-maclardan-biri-olacak-gibi-gorunuyor_141f12d.jpg?w=1000 1000w, https:\/\/i0.wp.com\/www.tvturk.com\/wp-content\/uploads\/2019\/03\/aykut-kocaman-besiktas-maci-yon-verecek-maclardan-biri-olacak-gibi-gorunuyor_141f12d.jpg?resize=150%2C83 150w, https:\/\/i0.wp.com\/www.tvturk.com\/wp-content\/uploads\/2019\/03\/aykut-kocaman-besiktas-maci-yon-verecek-maclardan-biri-olacak-gibi-gorunuyor_141f12d.jpg?resize=300%2C166 300w, https:\/\/i0.wp.com\/www.tvturk.com\/wp-content\/uploads\/2019\/03\/aykut-kocaman-besiktas-maci-yon-verecek-maclardan-biri-olacak-gibi-gorunuyor_141f12d.jpg?resize=768%2C425 768w, https:\/\/i0.wp.com\/www.tvturk.com\/wp-content\/uploads\/2019\/03\/aykut-kocaman-besiktas-maci-yon-verecek-maclardan-biri-olacak-gibi-gorunuyor_141f12d.jpg?resize=200%2C113 200w\" width=\"131\" height=\"73\" loading=\"lazy\" data-original-width=\"131\" data-original-height=\"73\" itemprop=\"http:\/\/schema.org\/image\" title=\"Aykut Kocaman: \u201cBe\u015fikta\u015f ma\u00e7\u0131 y\u00f6n verecek ma\u00e7lardan biri olacak gibi g\u00f6r\u00fcn\u00fcyor\u201d\" alt=\"Aykut Kocaman: \u201cBe\u015fikta\u015f ma\u00e7\u0131 y\u00f6n verecek ma\u00e7lardan biri olacak gibi g\u00f6r\u00fcn\u00fcyor\u201d\" style=\"width: 131px; height: 73px;\" \/> <\/a> <\/div> <\/div> <!-- close group --> <div class=\"gallery-group images-1\" style=\"width: 132px; height: 77px;\" data-original-width=\"132\" data-original-height=\"77\" > <div class=\"tiled-gallery-item tiled-gallery-item-small\" itemprop=\"associatedMedia\" itemscope itemtype=\"http:\/\/schema.org\/ImageObject\"> <a href=\"http:\/\/www.tvturk.com\/index.php\/aykut-kocaman-besiktas-maci-yon-verecek-maclardan-biri-olacak-gibi-gorunuyor\/aykut-kocaman-besiktas-maci-yon-verecek-maclardan-biri-olacak-gibi-gorunuyor-5\/\" border=\"0\" itemprop=\"url\"> <meta itemprop=\"width\" content=\"128\"> <meta itemprop=\"height\" content=\"73\"> <img decoding=\"async\" class=\"\" data-attachment-id=\"75585\" data-orig-file=\"http:\/\/www.tvturk.com\/wp-content\/uploads\/2019\/03\/aykut-kocaman-besiktas-maci-yon-verecek-maclardan-biri-olacak-gibi-gorunuyor_54e8279.jpg\" data-orig-size=\"1000,568\" data-comments-opened=\"\" data-image-meta=\"{&quot;aperture&quot;:&quot;0&quot;,&quot;credit&quot;:&quot;IHA&quot;,&quot;camera&quot;:&quot;&quot;,&quot;caption&quot;:&quot;SPOR TOTO S\\u00dcPER L\\u0130G\\u2019DE 25. HAFTA MA\\u00c7INDA DEPLASMANDA BE\\u015e\\u0130KTA\\u015e \\u0130LE KAR\\u015eILA\\u015eACAK AT\\u0130KER KONYASPOR, HAZIRLIKLARINA DEVAM ETT\\u0130. (\\u0130HA\\\/KONYA-\\u0130HA)&quot;,&quot;created_timestamp&quot;:&quot;0&quot;,&quot;copyright&quot;:&quot;\\u0130HLAS HABER AJANSI, www.iha.com.tr&quot;,&quot;focal_length&quot;:&quot;0&quot;,&quot;iso&quot;:&quot;0&quot;,&quot;shutter_speed&quot;:&quot;0&quot;,&quot;title&quot;:&quot;AYKUT KOCAMAN: \\u201cBE\\u015e\\u0130KTA\\u015e MA\\u00c7I Y\\u00d6N VERECEK MA\\u00c7LARDAN B\\u0130R\\u0130 OLACAK G\\u0130B\\u0130 G\\u00d6R\\u00dcN\\u00dcYOR\\u201d KONYASPOR, HAFTA SONU OYNAYACA\\u011eI BE\\u015e\\u0130KTA\\u015e MA\\u00c7ININ HAZIRLIKLARINI S\\u00dcRD\\u00dcRD\\u00dc&quot;,&quot;orientation&quot;:&quot;0&quot;}\" data-image-title=\"Aykut Kocaman: \u201cBe\u015fikta\u015f ma\u00e7\u0131 y\u00f6n verecek ma\u00e7lardan biri olacak gibi g\u00f6r\u00fcn\u00fcyor\u201d\" data-image-description=\"&lt;p&gt;Aykut Kocaman: \u201cBe\u015fikta\u015f ma\u00e7\u0131 y\u00f6n verecek ma\u00e7lardan biri olacak gibi g\u00f6r\u00fcn\u00fcyor\u201d&lt;\/p&gt; \" data-medium-file=\"https:\/\/i0.wp.com\/www.tvturk.com\/wp-content\/uploads\/2019\/03\/aykut-kocaman-besiktas-maci-yon-verecek-maclardan-biri-olacak-gibi-gorunuyor_54e8279.jpg?fit=300%2C170\" data-large-file=\"https:\/\/i0.wp.com\/www.tvturk.com\/wp-content\/uploads\/2019\/03\/aykut-kocaman-besiktas-maci-yon-verecek-maclardan-biri-olacak-gibi-gorunuyor_54e8279.jpg?fit=1000%2C568\" src=\"https:\/\/i0.wp.com\/www.tvturk.com\/wp-content\/uploads\/2019\/03\/aykut-kocaman-besiktas-maci-yon-verecek-maclardan-biri-olacak-gibi-gorunuyor_54e8279.jpg?w=128&#038;h=73\" srcset=\"https:\/\/i0.wp.com\/www.tvturk.com\/wp-content\/uploads\/2019\/03\/aykut-kocaman-besiktas-maci-yon-verecek-maclardan-biri-olacak-gibi-gorunuyor_54e8279.jpg?w=1000 1000w, https:\/\/i0.wp.com\/www.tvturk.com\/wp-content\/uploads\/2019\/03\/aykut-kocaman-besiktas-maci-yon-verecek-maclardan-biri-olacak-gibi-gorunuyor_54e8279.jpg?resize=150%2C85 150w, https:\/\/i0.wp.com\/www.tvturk.com\/wp-content\/uploads\/2019\/03\/aykut-kocaman-besiktas-maci-yon-verecek-maclardan-biri-olacak-gibi-gorunuyor_54e8279.jpg?resize=300%2C170 300w, https:\/\/i0.wp.com\/www.tvturk.com\/wp-content\/uploads\/2019\/03\/aykut-kocaman-besiktas-maci-yon-verecek-maclardan-biri-olacak-gibi-gorunuyor_54e8279.jpg?resize=768%2C436 768w, https:\/\/i0.wp.com\/www.tvturk.com\/wp-content\/uploads\/2019\/03\/aykut-kocaman-besiktas-maci-yon-verecek-maclardan-biri-olacak-gibi-gorunuyor_54e8279.jpg?resize=200%2C113 200w, https:\/\/i0.wp.com\/www.tvturk.com\/wp-content\/uploads\/2019\/03\/aykut-kocaman-besiktas-maci-yon-verecek-maclardan-biri-olacak-gibi-gorunuyor_54e8279.jpg?resize=380%2C220 380w\" width=\"128\" height=\"73\" loading=\"lazy\" data-original-width=\"128\" data-original-height=\"73\" itemprop=\"http:\/\/schema.org\/image\" title=\"Aykut Kocaman: \u201cBe\u015fikta\u015f ma\u00e7\u0131 y\u00f6n verecek ma\u00e7lardan biri olacak gibi g\u00f6r\u00fcn\u00fcyor\u201d\" alt=\"Aykut Kocaman: \u201cBe\u015fikta\u015f ma\u00e7\u0131 y\u00f6n verecek ma\u00e7lardan biri olacak gibi g\u00f6r\u00fcn\u00fcyor\u201d\" style=\"width: 128px; height: 73px;\" \/> <\/a> <\/div> <\/div> <!-- close group --> <div class=\"gallery-group images-1\" style=\"width: 113px; height: 77px;\" data-original-width=\"113\" data-original-height=\"77\" > <div class=\"tiled-gallery-item tiled-gallery-item-small\" itemprop=\"associatedMedia\" itemscope itemtype=\"http:\/\/schema.org\/ImageObject\"> <a href=\"http:\/\/www.tvturk.com\/index.php\/aykut-kocaman-besiktas-maci-yon-verecek-maclardan-biri-olacak-gibi-gorunuyor\/aykut-kocaman-besiktas-maci-yon-verecek-maclardan-biri-olacak-gibi-gorunuyor-6\/\" border=\"0\" itemprop=\"url\"> <meta itemprop=\"width\" content=\"109\"> <meta itemprop=\"height\" content=\"73\"> <img decoding=\"async\" class=\"\" data-attachment-id=\"75586\" data-orig-file=\"http:\/\/www.tvturk.com\/wp-content\/uploads\/2019\/03\/aykut-kocaman-besiktas-maci-yon-verecek-maclardan-biri-olacak-gibi-gorunuyor_05e1aea.jpg\" data-orig-size=\"1000,666\" data-comments-opened=\"\" data-image-meta=\"{&quot;aperture&quot;:&quot;0&quot;,&quot;credit&quot;:&quot;IHA&quot;,&quot;camera&quot;:&quot;&quot;,&quot;caption&quot;:&quot;ANTRENMAN SONRASINDA SEL\\u00c7UK \\u00dcN\\u0130VERS\\u0130TES\\u0130 TUR\\u0130ZM FAK\\u00dcLTES\\u0130 DEKANI PROF. DR. NECM\\u0130 UYANIK VE BERABER\\u0130NDEK\\u0130 HEYET, TEKN\\u0130K D\\u0130REKT\\u00d6R AYKUT KOCAMAN VE FUTBOLCULARA SEL\\u00c7UKLU MUTFA\\u011eINA \\u00d6ZG\\u00dc TATLARDAN OLAN KENEV\\u0130R HELVASI \\u0130KRAMINDA BULUNDU. (\\u0130HA\\\/KONYA-\\u0130HA)&quot;,&quot;created_timestamp&quot;:&quot;0&quot;,&quot;copyright&quot;:&quot;\\u0130HLAS HABER AJANSI, www.iha.com.tr&quot;,&quot;focal_length&quot;:&quot;0&quot;,&quot;iso&quot;:&quot;0&quot;,&quot;shutter_speed&quot;:&quot;0&quot;,&quot;title&quot;:&quot;AYKUT KOCAMAN: \\u201cBE\\u015e\\u0130KTA\\u015e MA\\u00c7I Y\\u00d6N VERECEK MA\\u00c7LARDAN B\\u0130R\\u0130 OLACAK G\\u0130B\\u0130 G\\u00d6R\\u00dcN\\u00dcYOR\\u201d KONYASPOR, HAFTA SONU OYNAYACA\\u011eI BE\\u015e\\u0130KTA\\u015e MA\\u00c7ININ HAZIRLIKLARINI S\\u00dcRD\\u00dcRD\\u00dc&quot;,&quot;orientation&quot;:&quot;0&quot;}\" data-image-title=\"Aykut Kocaman: \u201cBe\u015fikta\u015f ma\u00e7\u0131 y\u00f6n verecek ma\u00e7lardan biri olacak gibi g\u00f6r\u00fcn\u00fcyor\u201d\" data-image-description=\"&lt;p&gt;Aykut Kocaman: \u201cBe\u015fikta\u015f ma\u00e7\u0131 y\u00f6n verecek ma\u00e7lardan biri olacak gibi g\u00f6r\u00fcn\u00fcyor\u201d&lt;\/p&gt; \" data-medium-file=\"https:\/\/i0.wp.com\/www.tvturk.com\/wp-content\/uploads\/2019\/03\/aykut-kocaman-besiktas-maci-yon-verecek-maclardan-biri-olacak-gibi-gorunuyor_05e1aea.jpg?fit=300%2C200\" data-large-file=\"https:\/\/i0.wp.com\/www.tvturk.com\/wp-content\/uploads\/2019\/03\/aykut-kocaman-besiktas-maci-yon-verecek-maclardan-biri-olacak-gibi-gorunuyor_05e1aea.jpg?fit=1000%2C666\" src=\"https:\/\/i0.wp.com\/www.tvturk.com\/wp-content\/uploads\/2019\/03\/aykut-kocaman-besiktas-maci-yon-verecek-maclardan-biri-olacak-gibi-gorunuyor_05e1aea.jpg?w=109&#038;h=73\" srcset=\"https:\/\/i0.wp.com\/www.tvturk.com\/wp-content\/uploads\/2019\/03\/aykut-kocaman-besiktas-maci-yon-verecek-maclardan-biri-olacak-gibi-gorunuyor_05e1aea.jpg?w=1000 1000w, https:\/\/i0.wp.com\/www.tvturk.com\/wp-content\/uploads\/2019\/03\/aykut-kocaman-besiktas-maci-yon-verecek-maclardan-biri-olacak-gibi-gorunuyor_05e1aea.jpg?resize=150%2C100 150w, https:\/\/i0.wp.com\/www.tvturk.com\/wp-content\/uploads\/2019\/03\/aykut-kocaman-besiktas-maci-yon-verecek-maclardan-biri-olacak-gibi-gorunuyor_05e1aea.jpg?resize=300%2C200 300w, https:\/\/i0.wp.com\/www.tvturk.com\/wp-content\/uploads\/2019\/03\/aykut-kocaman-besiktas-maci-yon-verecek-maclardan-biri-olacak-gibi-gorunuyor_05e1aea.jpg?resize=768%2C511 768w, https:\/\/i0.wp.com\/www.tvturk.com\/wp-content\/uploads\/2019\/03\/aykut-kocaman-besiktas-maci-yon-verecek-maclardan-biri-olacak-gibi-gorunuyor_05e1aea.jpg?resize=170%2C113 170w, https:\/\/i0.wp.com\/www.tvturk.com\/wp-content\/uploads\/2019\/03\/aykut-kocaman-besiktas-maci-yon-verecek-maclardan-biri-olacak-gibi-gorunuyor_05e1aea.jpg?resize=120%2C80 120w, https:\/\/i0.wp.com\/www.tvturk.com\/wp-content\/uploads\/2019\/03\/aykut-kocaman-besiktas-maci-yon-verecek-maclardan-biri-olacak-gibi-gorunuyor_05e1aea.jpg?resize=80%2C55 80w\" width=\"109\" height=\"73\" loading=\"lazy\" data-original-width=\"109\" data-original-height=\"73\" itemprop=\"http:\/\/schema.org\/image\" title=\"Aykut Kocaman: \u201cBe\u015fikta\u015f ma\u00e7\u0131 y\u00f6n verecek ma\u00e7lardan biri olacak gibi g\u00f6r\u00fcn\u00fcyor\u201d\" alt=\"Aykut Kocaman: \u201cBe\u015fikta\u015f ma\u00e7\u0131 y\u00f6n verecek ma\u00e7lardan biri olacak gibi g\u00f6r\u00fcn\u00fcyor\u201d\" style=\"width: 109px; height: 73px;\" \/> <\/a> <\/div> <\/div> <!-- close group --> <\/div> <!-- close row --> <\/div><\/p>\n","protected":false},"excerpt":{"rendered":"<p>AT\u0130KER KONYASPOR TEKN\u0130K D\u0130REKT\u00d6R\u00dc AYKUT KOCAMAN, 25. HAFTADA BE\u015e\u0130KTA\u015e \u0130LE OYNAYACAKLARI MA\u00c7LA \u0130LG\u0130L\u0130 OLARAK, &#8220;BE\u015e\u0130KTA\u015e MA\u00c7I Y\u00d6N VERECEK MA\u00c7LARDAN B\u0130R\u0130 OLACAK G\u0130B\u0130 G\u00d6R\u00dcN\u00dcYOR. SON 5 HAFTADA 4 BERABERL\u0130K 1 MA\u011eLUB\u0130YET OLDU. \u015e\u0130MD\u0130 BUNU \u00c7EV\u0130RMEK \u0130ST\u0130YORUZ\u201d DED\u0130.<\/p>\n","protected":false},"author":1,"featured_media":75582,"comment_status":"closed","ping_status":"open","sticky":false,"template":"","format":"standard","meta":{"jetpack_post_was_ever_published":false,"_jetpack_newsletter_access":"","_jetpack_dont_email_post_to_subs":false,"_jetpack_newsletter_tier_id":0,"_jetpack_memberships_contains_paywalled_content":false,"_jetpack_memberships_contains_paid_content":false,"footnotes":"","jetpack_publicize_message":"","jetpack_publicize_feature_enabled":true,"jetpack_social_post_already_shared":true,"jetpack_social_options":{"image_generator_settings":{"template":"highway","default_image_id":0,"font":"","enabled":false},"version":2}},"categories":[657],"tags":[404,2864,3163,981,21811,5098,777,21810,1189,1524,16702],"class_list":["post-75581","post","type-post","status-publish","format-standard","has-post-thumbnail","hentry","category-spor","tag-aykut","tag-besiktas","tag-biri","tag-gibi","tag-gorunuyor","tag-kocaman","tag-maci","tag-maclardan","tag-olacak","tag-verecek","tag-yon"],"jetpack_publicize_connections":[],"jetpack_featured_media_url":"https:\/\/i0.wp.com\/www.tvturk.com\/wp-content\/uploads\/2019\/03\/aykut-kocaman-besiktas-maci-yon-verecek-maclardan-biri-olacak-gibi-gorunuyor_8443367.jpg?fit=730%2C360","jetpack_sharing_enabled":true,"jetpack_shortlink":"https:\/\/wp.me\/paKIfm-jF3","_links":{"self":[{"href":"http:\/\/www.tvturk.com\/index.php\/wp-json\/wp\/v2\/posts\/75581","targetHints":{"allow":["GET"]}}],"collection":[{"href":"http:\/\/www.tvturk.com\/index.php\/wp-json\/wp\/v2\/posts"}],"about":[{"href":"http:\/\/www.tvturk.com\/index.php\/wp-json\/wp\/v2\/types\/post"}],"author":[{"embeddable":true,"href":"http:\/\/www.tvturk.com\/index.php\/wp-json\/wp\/v2\/users\/1"}],"replies":[{"embeddable":true,"href":"http:\/\/www.tvturk.com\/index.php\/wp-json\/wp\/v2\/comments?post=75581"}],"version-history":[{"count":1,"href":"http:\/\/www.tvturk.com\/index.php\/wp-json\/wp\/v2\/posts\/75581\/revisions"}],"predecessor-version":[{"id":75587,"href":"http:\/\/www.tvturk.com\/index.php\/wp-json\/wp\/v2\/posts\/75581\/revisions\/75587"}],"wp:featuredmedia":[{"embeddable":true,"href":"http:\/\/www.tvturk.com\/index.php\/wp-json\/wp\/v2\/media\/75582"}],"wp:attachment":[{"href":"http:\/\/www.tvturk.com\/index.php\/wp-json\/wp\/v2\/media?parent=75581"}],"wp:term":[{"taxonomy":"category","embeddable":true,"href":"http:\/\/www.tvturk.com\/index.php\/wp-json\/wp\/v2\/categories?post=75581"},{"taxonomy":"post_tag","embeddable":true,"href":"http:\/\/www.tvturk.com\/index.php\/wp-json\/wp\/v2\/tags?post=75581"}],"curies":[{"name":"wp","href":"https:\/\/api.w.org\/{rel}","templated":true}]}}