{"id":76189,"date":"2019-03-07T10:45:59","date_gmt":"2019-03-07T07:45:59","guid":{"rendered":"http:\/\/www.tvturk.com\/index.php\/ahmet-kural-ve-sila-gencoglu-davasina-basladi\/"},"modified":"2019-03-07T10:45:59","modified_gmt":"2019-03-07T07:45:59","slug":"ahmet-kural-ve-sila-gencoglu-davasina-basladi","status":"publish","type":"post","link":"http:\/\/www.tvturk.com\/index.php\/ahmet-kural-ve-sila-gencoglu-davasina-basladi\/","title":{"rendered":"Ahmet Kural ve S\u0131la Gen\u00e7o\u011flu davas\u0131na ba\u015flad\u0131"},"content":{"rendered":"<p>\u00dcnl\u00fc oyuncu Ahmet Kural ile \u015fark\u0131c\u0131 S\u0131la Gen\u00e7o\u011flu aras\u0131nda ya\u015fand\u0131\u011f\u0131 iddia edilen olaylara ili\u015fkin davan\u0131n g\u00f6r\u00fclmesine ba\u015fland\u0131. Sabah erken saatlerde adliyeye gelen Kural\u2019a hayranlar\u0131 sevgi g\u00f6sterisinde bulunarak s\u0131k s\u0131k foto\u011fraf \u00e7ekildi.<\/p>\n<p>\u00dcnl\u00fc oyuncu Ahmet Kural ile \u015fark\u0131c\u0131 S\u0131la Gen\u00e7o\u011flu aras\u0131nda ya\u015fand\u0131\u011f\u0131 iddia edilen \u2018darp\u2019 iddialar\u0131na ili\u015fkin davan\u0131n g\u00f6r\u00fclmesine ba\u015fland\u0131. \u0130stanbul 60. Asliye Ceza Mahkemesinde g\u00f6r\u00fclen duru\u015fma \u00f6ncesi ilk olarak Kural ve avukat\u0131 adliyeye geldi. Duru\u015fma salonunun bulundu\u011fu koridorda duru\u015fman\u0131n ba\u015flamas\u0131n\u0131 bekleyen Kural\u2019a adliye personeli yo\u011fun ilgi g\u00f6sterdi. Kad\u0131n hayranlar\u0131n\u0131n ilgi g\u00f6sterdi\u011fi Kural, duru\u015fman\u0131n ba\u015flamas\u0131n\u0131 beklerken hayranlar\u0131n\u0131n foto\u011fraf isteklerini k\u0131rmayarak s\u0131k s\u0131k foto\u011fraf \u00e7ekildi.<\/p>\n","protected":false},"excerpt":{"rendered":"<p>\u00dcNL\u00dc OYUNCU AHMET KURAL \u0130LE \u015eARKICI SILA GEN\u00c7O\u011eLU ARASINDA YA\u015eANDI\u011eI \u0130DD\u0130A ED\u0130LEN OLAYLARA \u0130L\u0130\u015eK\u0130N DAVANIN G\u00d6R\u00dcLMES\u0130NE BA\u015eLANDI. SABAH ERKEN SAATLERDE ADL\u0130YEYE GELEN KURAL\u2019A HAYRANLARI SEVG\u0130 G\u00d6STER\u0130S\u0130NDE BULUNARAK SIK SIK FOTO\u011eRAF \u00c7EK\u0130LD\u0130.<\/p>\n","protected":false},"author":1,"featured_media":76190,"comment_status":"closed","ping_status":"open","sticky":false,"template":"","format":"standard","meta":{"jetpack_post_was_ever_published":false,"_jetpack_newsletter_access":"","_jetpack_dont_email_post_to_subs":false,"_jetpack_newsletter_tier_id":0,"_jetpack_memberships_contains_paywalled_content":false,"_jetpack_memberships_contains_paid_content":false,"footnotes":"","jetpack_publicize_message":"","jetpack_publicize_feature_enabled":true,"jetpack_social_post_already_shared":true,"jetpack_social_options":{"image_generator_settings":{"template":"highway","default_image_id":0,"font":"","enabled":false},"version":2}},"categories":[655],"tags":[3634,55,21854,4462,20877,21853],"class_list":["post-76189","post","type-post","status-publish","format-standard","has-post-thumbnail","hentry","category-son-dakika","tag-ahmet","tag-basladi","tag-davasina","tag-gencoglu","tag-kural","tag-sila"],"jetpack_publicize_connections":[],"jetpack_featured_media_url":"https:\/\/i0.wp.com\/www.tvturk.com\/wp-content\/uploads\/2019\/03\/ahmet-kural-ve-sila-gencoglu-davasina-basladi_38a44a1.jpg?fit=750%2C1000","jetpack_sharing_enabled":true,"jetpack_shortlink":"https:\/\/wp.me\/paKIfm-jOR","_links":{"self":[{"href":"http:\/\/www.tvturk.com\/index.php\/wp-json\/wp\/v2\/posts\/76189","targetHints":{"allow":["GET"]}}],"collection":[{"href":"http:\/\/www.tvturk.com\/index.php\/wp-json\/wp\/v2\/posts"}],"about":[{"href":"http:\/\/www.tvturk.com\/index.php\/wp-json\/wp\/v2\/types\/post"}],"author":[{"embeddable":true,"href":"http:\/\/www.tvturk.com\/index.php\/wp-json\/wp\/v2\/users\/1"}],"replies":[{"embeddable":true,"href":"http:\/\/www.tvturk.com\/index.php\/wp-json\/wp\/v2\/comments?post=76189"}],"version-history":[{"count":0,"href":"http:\/\/www.tvturk.com\/index.php\/wp-json\/wp\/v2\/posts\/76189\/revisions"}],"wp:featuredmedia":[{"embeddable":true,"href":"http:\/\/www.tvturk.com\/index.php\/wp-json\/wp\/v2\/media\/76190"}],"wp:attachment":[{"href":"http:\/\/www.tvturk.com\/index.php\/wp-json\/wp\/v2\/media?parent=76189"}],"wp:term":[{"taxonomy":"category","embeddable":true,"href":"http:\/\/www.tvturk.com\/index.php\/wp-json\/wp\/v2\/categories?post=76189"},{"taxonomy":"post_tag","embeddable":true,"href":"http:\/\/www.tvturk.com\/index.php\/wp-json\/wp\/v2\/tags?post=76189"}],"curies":[{"name":"wp","href":"https:\/\/api.w.org\/{rel}","templated":true}]}}