{"id":76361,"date":"2019-03-07T11:41:05","date_gmt":"2019-03-07T08:41:05","guid":{"rendered":"http:\/\/www.tvturk.com\/index.php\/kral-selman-ile-oglu-veliaht-prens-arasinda-iktidar-mucadelesi\/"},"modified":"2019-03-07T11:41:06","modified_gmt":"2019-03-07T08:41:06","slug":"kral-selman-ile-oglu-veliaht-prens-arasinda-iktidar-mucadelesi","status":"publish","type":"post","link":"http:\/\/www.tvturk.com\/index.php\/kral-selman-ile-oglu-veliaht-prens-arasinda-iktidar-mucadelesi\/","title":{"rendered":"Kral Selman ile o\u011flu Veliaht Prens aras\u0131nda iktidar m\u00fccadelesi"},"content":{"rendered":"<p>Uluslararas\u0131 uzmanlar Kral Selman bin Abd\u00fclaziz ile o\u011flu Veliaht Prens Muhammed bin Selman aras\u0131nda iktidar kavgas\u0131 oldu\u011funu ileri s\u00fcrd\u00fc.<\/p>\n<p>Uzmanlar, Suudi muhalif gazeteci Cemal Ka\u015f\u0131k\u00e7\u0131\u2019\u0131n ge\u00e7ti\u011fimiz y\u0131l Suudi Arabistan\u2019\u0131n \u0130stanbul Ba\u015fkonsoloslu\u011fu binas\u0131nda \u00f6ld\u00fcr\u00fclmesi emrini Veliaht Prens Muhammed\u2019in verdi\u011fi iddias\u0131n\u0131n ard\u0131ndan Suudi Arabistan Krall\u0131\u011f\u0131na kar\u015f\u0131 olu\u015fan uluslararas\u0131 g\u00fcvensizlik \u00fczerine Kral Selman ile o\u011flu Veliaht Prens Muhammed bin Selman aras\u0131nda \u00e7atlak olu\u015ftu\u011fu iddias\u0131n\u0131 g\u00fcndeme getirdi.<\/p>\n<p>ABD Ba\u015fkan\u0131 her ne kadar Ka\u015f\u0131k\u00e7\u0131 cinayetinin b\u00fct\u00fcn faillerinin yarg\u0131lanmas\u0131 gerekti\u011fini s\u00f6ylese de Ka\u015f\u0131k\u00e7\u0131 cinayetinin iki \u00fclke aras\u0131ndaki ili\u015fkilere zarar vermeyece\u011fini tekrarlad\u0131. ABD Merkezi \u0130stihbarat Te\u015fkilat\u0131 CIA ise yapt\u0131\u011f\u0131 ara\u015ft\u0131rmada Ka\u015f\u0131k\u00e7\u0131 cinayetinin emrini Veliaht Prens Muhammed bin Selman\u2019\u0131n verdi\u011fi kanaatine vard\u0131\u011f\u0131n\u0131 a\u00e7\u0131klad\u0131. ABD Senatosu oy birli\u011fi ile Veliaht Prens Muhammed bin Selman\u2019\u0131n yarg\u0131lanmas\u0131n\u0131 istedi.<\/p>\n<p>Suudi Arabistan Krall\u0131\u011f\u0131, Ka\u015f\u0131k\u00e7\u0131 cinayetinin \u00fclkeye verdi\u011fi zarar\u0131 temizleme \u00e7al\u0131\u015fmas\u0131 i\u00e7ine girdi. Uzmanlar, bu \u00e7er\u00e7evede 83 ya\u015f\u0131ndaki Kral Selman ile 33 ya\u015f\u0131ndaki o\u011flu Veliaht Prens Muhammed bin Selman aras\u0131nda \u00e7atlak olu\u015ftu\u011funu s\u00f6ylemeye ba\u015flad\u0131.<\/p>\n<p>Veliaht Prens Muhammed bin Selman, 2015 y\u0131l\u0131nda ya\u015fl\u0131 babas\u0131n\u0131n ard\u0131ndan Kraliyet taht\u0131na aday olmas\u0131yla Kraliyet\u2019in halk \u00f6n\u00fcndeki y\u00fcz\u00fc olmaya ba\u015flad\u0131. Ancak, iki hafta \u00f6nce M\u0131s\u0131r\u2019\u0131n \u015earm el \u015eeyh \u015fehrinde yap\u0131lan Avrupa Birli\u011fi ile Arap \u00dclkeleri Birli\u011fi toplant\u0131s\u0131na Veliaht Prens Muhammed bin Selman yerinde kral\u0131n bizzat kat\u0131lmas\u0131 \u00fczerine Kral Selman\u2019\u0131n geri d\u00f6nd\u00fc\u011f\u00fcn\u00fcn g\u00f6zlendi\u011fi iddia edildi. Kral Selman\u2019\u0131n \u00fclkeye geri d\u00f6nerken kar\u015f\u0131lama t\u00f6renine o\u011ful Veliaht Prens Muhammed bin Selman\u2019\u0131n kat\u0131lmamas\u0131n\u0131n aradaki \u00e7atla\u011f\u0131n b\u00fcy\u00fcd\u00fc\u011f\u00fc yorumuna yol a\u00e7t\u0131.<\/p>\n<p>Healix International\u2019da g\u00fcvenlik uzman\u0131 olan James Pothecary, Suudi Kraliyet ailesindeki hareketleri de\u015fifre etmesinin g\u00fc\u00e7 olmas\u0131na ra\u011fmen Kral ile Veliaht Prens Muhammed bin Selman aras\u0131nda \u00e7atlak oldu\u011funun i\u015faretinin bulundu\u011funu s\u00f6yledi. Ancak ilgin\u00e7 olan\u0131n hangi taraf\u0131n galip olaca\u011f\u0131n\u0131n tahmin etmek oldu\u011fu belirtildi.<\/p>\n<p>Avrupa\u2019daki Krall\u0131klar\u0131n aksine Suudi Arabistan\u2019da y\u00fczlerce prensli kraliyet ailesinde kral\u0131n b\u00fcy\u00fck o\u011flunun otomatik olarak kral olmad\u0131\u011f\u0131, kimin kral olaca\u011f\u0131 konusunda hanedanl\u0131\u011f\u0131n her bir koluna dan\u0131\u015f\u0131ld\u0131\u011f\u0131 belirtildi. Ancak Veliaht Prens Muhammed bin Selman\u2019\u0131n \u015fimdi bilfiil y\u00f6netici olmas\u0131 sebebiyle onu iktidardan uzakla\u015ft\u0131rmas\u0131n\u0131n muhtemel \u015fiddet sonu\u00e7lar\u0131 olaca\u011f\u0131 kaydedildi.<\/p>\n<p>James Pothecary, Kraliyet ailesindeki hiziplerin yanl\u0131\u015f taraf\u0131 desteklememek i\u00e7in \u00e7ok dikkatli olmas\u0131 gerekti\u011fini, Kral Selman\u2019\u0131n her ne kadar sayg\u0131n bir konumu olsa da ya\u015f\u0131n\u0131n 83 olmas\u0131 ve Veliaht Prens Muhammed bin Selman\u2019\u0131n da ABD\u2019den b\u00fcy\u00fck destek g\u00f6rd\u00fc\u011f\u00fcn\u00fcn g\u00f6zden ka\u00e7\u0131r\u0131lmamas\u0131 gerekti\u011fini, birka\u00e7 y\u0131l i\u00e7inde Veliaht Prens Muhammed bin Selman\u2019\u0131n liderli\u011fi ele ge\u00e7irece\u011fini ileri s\u00fcrd\u00fc.<\/p>\n<p>Ge\u00e7ti\u011fimiz Aral\u0131k ay\u0131nda Kral Selman, h\u00fck\u00fcmette b\u00fcy\u00fck bir de\u011fi\u015fiklik yaparak Veliaht Prens Muhammed bin Selman\u2019\u0131n yard\u0131mc\u0131lar\u0131ndan biri olan Adil Cubeyr\u2019i ve Turki el \u015eeyh\u2019i g\u00f6revlerinden ald\u0131. Veliaht Prens Muhammed bin Selman da, daha Bat\u0131l\u0131 g\u00f6r\u00fcnmek i\u00e7in Suudi Arabistan\u2019da kad\u0131nlara y\u00f6nelik araba kullanma yasa\u011f\u0131n\u0131 kald\u0131rd\u0131, \u00fclkede sinemalar a\u00e7t\u0131, kraliyet ailesinin \u00fcst d\u00fczey \u00fcyelerinin etkisiz hale getirdi.<\/p>\n<p>Suudi Orta Do\u011fu ve Kuzey Afrika Jeopoliti\u011finde uzman olan Dr Theodor Keresik, Kral ve Veliaht Prens Muhammed bin Selman aras\u0131nda bir sava\u015f oldu\u011funu,  Veliaht Prens Muhammed bin Selman\u2019\u0131n son birka\u00e7 hafta i\u00e7inde pozisyonunu ba\u015far\u0131l\u0131 bir \u015fekilde sa\u011flamla\u015ft\u0131rd\u0131\u011f\u0131n\u0131 ileri s\u00fcrd\u00fc. Keresik, \u00f6zellikle Suudi Arabistan Milli Muhaf\u0131z G\u00fc\u00e7lerinin yeni oldu\u011funu, Kraliyete ge\u00e7i\u015fini g\u00fc\u00e7lendirecek \u015fekilde bir\u00e7ok projeye yeni \u015fehirlere el att\u0131\u011f\u0131n\u0131 s\u00f6yledi.<\/p>\n<p>Mr Pothecary, bir anla\u015fmazl\u0131k s\u00fcr\u00fcyor olsa bile birli\u011fi destekleyen i\u00e7 g\u00fc\u00e7lerin kazanaca\u011f\u0131n\u0131, aradaki \u00e7atla\u011f\u0131n yaln\u0131zca Veliaht Prens Muhammed bin Selman\u2019\u0131n d\u00fcrt\u00fclerini kontrol etme yolu oldu\u011funu, Kraliyet ailesinde anla\u015fmazl\u0131\u011f\u0131 kontrol alt\u0131na alacak bir \u00f6nceli\u011fin bulundu\u011funu, anla\u015fmazl\u0131klar\u0131 kontrol alt\u0131na ald\u0131\u011f\u0131 i\u00e7in bu hanedan\u0131n iktidarda kald\u0131\u011f\u0131n\u0131 ileri s\u00fcrd\u00fc.<div class=\"tiled-gallery type-rectangular tiled-gallery-unresized\" data-original-width=\"500\" data-carousel-extra='null' itemscope itemtype=\"http:\/\/schema.org\/ImageGallery\" > <div class=\"gallery-row\" style=\"width: 500px; height: 681px;\" data-original-width=\"500\" data-original-height=\"681\" > <div class=\"gallery-group images-1\" style=\"width: 500px; height: 681px;\" data-original-width=\"500\" data-original-height=\"681\" > <div class=\"tiled-gallery-item tiled-gallery-item-large\" itemprop=\"associatedMedia\" itemscope itemtype=\"http:\/\/schema.org\/ImageObject\"> <a href=\"http:\/\/www.tvturk.com\/index.php\/kral-selman-ile-oglu-veliaht-prens-arasinda-iktidar-mucadelesi\/kral-selman-ile-oglu-veliaht-prens-arasinda-iktidar-mucadelesi-3\/\" border=\"0\" itemprop=\"url\"> <meta itemprop=\"width\" content=\"496\"> <meta itemprop=\"height\" content=\"677\"> <img decoding=\"async\" class=\"\" data-attachment-id=\"76363\" data-orig-file=\"http:\/\/www.tvturk.com\/wp-content\/uploads\/2019\/03\/kral-selman-ile-oglu-veliaht-prens-arasinda-iktidar-mucadelesi_cf0d2f7.jpg\" data-orig-size=\"733,1000\" data-comments-opened=\"\" data-image-meta=\"{&quot;aperture&quot;:&quot;0&quot;,&quot;credit&quot;:&quot;IHA&quot;,&quot;camera&quot;:&quot;&quot;,&quot;caption&quot;:&quot;ULUSLARARASI UZMANLAR KRAL SELMAN B\\u0130N ABD\\u00dcLAZ\\u0130Z \\u0130LE O\\u011eLU VEL\\u0130AHT PRENS MUHAMMED B\\u0130N SELMAN ARASINDA \\u0130KT\\u0130DAR KAVGASI OLDU\\u011eUNU \\u0130LER\\u0130 S\\u00dcRD\\u00dc. (\\u0130HA\\\/WASHINGTON-\\u0130HA)&quot;,&quot;created_timestamp&quot;:&quot;0&quot;,&quot;copyright&quot;:&quot;\\u0130HLAS HABER AJANSI, www.iha.com.tr&quot;,&quot;focal_length&quot;:&quot;0&quot;,&quot;iso&quot;:&quot;0&quot;,&quot;shutter_speed&quot;:&quot;0&quot;,&quot;title&quot;:&quot;KRAL SELMAN \\u0130LE O\\u011eLU VEL\\u0130AHT PRENS ARASINDA \\u0130KT\\u0130DAR M\\u00dcCADELES\\u0130&quot;,&quot;orientation&quot;:&quot;0&quot;}\" data-image-title=\"Kral Selman ile o\u011flu Veliaht Prens aras\u0131nda iktidar m\u00fccadelesi\" data-image-description=\"&lt;p&gt;Kral Selman ile o\u011flu Veliaht Prens aras\u0131nda iktidar m\u00fccadelesi&lt;\/p&gt; \" data-medium-file=\"https:\/\/i0.wp.com\/www.tvturk.com\/wp-content\/uploads\/2019\/03\/kral-selman-ile-oglu-veliaht-prens-arasinda-iktidar-mucadelesi_cf0d2f7.jpg?fit=220%2C300\" data-large-file=\"https:\/\/i0.wp.com\/www.tvturk.com\/wp-content\/uploads\/2019\/03\/kral-selman-ile-oglu-veliaht-prens-arasinda-iktidar-mucadelesi_cf0d2f7.jpg?fit=733%2C1000\" src=\"https:\/\/i0.wp.com\/www.tvturk.com\/wp-content\/uploads\/2019\/03\/kral-selman-ile-oglu-veliaht-prens-arasinda-iktidar-mucadelesi_cf0d2f7.jpg?w=496&#038;h=677\" srcset=\"https:\/\/i0.wp.com\/www.tvturk.com\/wp-content\/uploads\/2019\/03\/kral-selman-ile-oglu-veliaht-prens-arasinda-iktidar-mucadelesi_cf0d2f7.jpg?w=733 733w, https:\/\/i0.wp.com\/www.tvturk.com\/wp-content\/uploads\/2019\/03\/kral-selman-ile-oglu-veliaht-prens-arasinda-iktidar-mucadelesi_cf0d2f7.jpg?resize=110%2C150 110w, https:\/\/i0.wp.com\/www.tvturk.com\/wp-content\/uploads\/2019\/03\/kral-selman-ile-oglu-veliaht-prens-arasinda-iktidar-mucadelesi_cf0d2f7.jpg?resize=220%2C300 220w\" width=\"496\" height=\"677\" loading=\"lazy\" data-original-width=\"496\" data-original-height=\"677\" itemprop=\"http:\/\/schema.org\/image\" title=\"Kral Selman ile o\u011flu Veliaht Prens aras\u0131nda iktidar m\u00fccadelesi\" alt=\"Kral Selman ile o\u011flu Veliaht Prens aras\u0131nda iktidar m\u00fccadelesi\" style=\"width: 496px; height: 677px;\" \/> <\/a> <\/div> <\/div> <!-- close group --> <\/div> <!-- close row --> <\/div><\/p>\n","protected":false},"excerpt":{"rendered":"<p>ULUSLARARASI UZMANLAR KRAL SELMAN B\u0130N ABD\u00dcLAZ\u0130Z \u0130LE O\u011eLU VEL\u0130AHT PRENS MUHAMMED B\u0130N SELMAN ARASINDA \u0130KT\u0130DAR KAVGASI OLDU\u011eUNU \u0130LER\u0130 S\u00dcRD\u00dc.<\/p>\n","protected":false},"author":1,"featured_media":76362,"comment_status":"closed","ping_status":"open","sticky":false,"template":"","format":"standard","meta":{"jetpack_post_was_ever_published":false,"_jetpack_newsletter_access":"","_jetpack_dont_email_post_to_subs":false,"_jetpack_newsletter_tier_id":0,"_jetpack_memberships_contains_paywalled_content":false,"_jetpack_memberships_contains_paid_content":false,"footnotes":"","jetpack_publicize_message":"","jetpack_publicize_feature_enabled":true,"jetpack_social_post_already_shared":true,"jetpack_social_options":{"image_generator_settings":{"template":"highway","default_image_id":0,"font":"","enabled":false},"version":2}},"categories":[10],"tags":[16276,1882,192,10793,1196,6650,8751,10992,14061],"class_list":["post-76361","post","type-post","status-publish","format-standard","has-post-thumbnail","hentry","category-dunya","tag-iktidar","tag-arasinda","tag-ile","tag-kral","tag-mucadelesi","tag-oglu","tag-prens","tag-selman","tag-veliaht"],"jetpack_publicize_connections":[],"jetpack_featured_media_url":"https:\/\/i0.wp.com\/www.tvturk.com\/wp-content\/uploads\/2019\/03\/kral-selman-ile-oglu-veliaht-prens-arasinda-iktidar-mucadelesi_32b517c.jpg?fit=1000%2C637","jetpack_sharing_enabled":true,"jetpack_shortlink":"https:\/\/wp.me\/paKIfm-jRD","_links":{"self":[{"href":"http:\/\/www.tvturk.com\/index.php\/wp-json\/wp\/v2\/posts\/76361","targetHints":{"allow":["GET"]}}],"collection":[{"href":"http:\/\/www.tvturk.com\/index.php\/wp-json\/wp\/v2\/posts"}],"about":[{"href":"http:\/\/www.tvturk.com\/index.php\/wp-json\/wp\/v2\/types\/post"}],"author":[{"embeddable":true,"href":"http:\/\/www.tvturk.com\/index.php\/wp-json\/wp\/v2\/users\/1"}],"replies":[{"embeddable":true,"href":"http:\/\/www.tvturk.com\/index.php\/wp-json\/wp\/v2\/comments?post=76361"}],"version-history":[{"count":1,"href":"http:\/\/www.tvturk.com\/index.php\/wp-json\/wp\/v2\/posts\/76361\/revisions"}],"predecessor-version":[{"id":76364,"href":"http:\/\/www.tvturk.com\/index.php\/wp-json\/wp\/v2\/posts\/76361\/revisions\/76364"}],"wp:featuredmedia":[{"embeddable":true,"href":"http:\/\/www.tvturk.com\/index.php\/wp-json\/wp\/v2\/media\/76362"}],"wp:attachment":[{"href":"http:\/\/www.tvturk.com\/index.php\/wp-json\/wp\/v2\/media?parent=76361"}],"wp:term":[{"taxonomy":"category","embeddable":true,"href":"http:\/\/www.tvturk.com\/index.php\/wp-json\/wp\/v2\/categories?post=76361"},{"taxonomy":"post_tag","embeddable":true,"href":"http:\/\/www.tvturk.com\/index.php\/wp-json\/wp\/v2\/tags?post=76361"}],"curies":[{"name":"wp","href":"https:\/\/api.w.org\/{rel}","templated":true}]}}