{"id":7658,"date":"2019-02-07T11:34:54","date_gmt":"2019-02-07T08:34:54","guid":{"rendered":"http:\/\/www.tvturk.com\/index.php\/niluferde-tarih-bulusmalari\/"},"modified":"2019-02-07T11:34:56","modified_gmt":"2019-02-07T08:34:56","slug":"niluferde-tarih-bulusmalari","status":"publish","type":"post","link":"http:\/\/www.tvturk.com\/index.php\/niluferde-tarih-bulusmalari\/","title":{"rendered":"Nil\u00fcfe\u2019rde \u201cTarih Bulu\u015fmalar\u0131\u201d"},"content":{"rendered":"<p>Nil\u00fcfer Belediyesi\u2019nin Tarih Vakf\u0131 i\u015f birli\u011fiyle ger\u00e7ekle\u015ftirdi\u011fi \u201cTarih Bulu\u015fmalar\u0131\u201d s\u00f6yle\u015filerinin bu haftaki konu\u011fu Prof. Dr. F\u00fcsun \u00dcstel oldu. \u00dcstel, s\u00f6yle\u015fide \u201cKent Yurtta\u015fl\u0131\u011f\u0131 ve K\u00fclt\u00fcr Politikalar\u0131\u201d \u00fczerine g\u00f6r\u00fc\u015flerini payla\u015ft\u0131.<\/p>\n<p>Prof. Doktor F\u00fcsun \u00dcstel, Nil\u00fcfer Belediyesi\u2019nin T\u00fcrk Tarih Vakf\u0131 i\u015f birli\u011fi ile ger\u00e7ekle\u015ftirdi\u011fi \u201cTarih Bulu\u015fmalar\u0131\u201d s\u00f6yle\u015fisine kat\u0131ld\u0131.  \u00dcstel, \u201cKent Yurtta\u015fl\u0131\u011f\u0131 ve K\u00fclt\u00fcr Politikalar\u0131\u201d konulu s\u00f6yle\u015fide yurtta\u015fl\u0131k kavram\u0131 \u00fczerinden yerel y\u00f6netimlerin k\u00fclt\u00fcr ve sanat politikalar\u0131n\u0131 ele ald\u0131. \u00dcstel, 2. D\u00fcnya Sava\u015f\u0131 sonras\u0131 devletlerin otoritelerini ve ihti\u015famlar\u0131n\u0131 g\u00fc\u00e7lendirmek \u00fczere k\u00fclt\u00fcr ve sanat faaliyetlerinde daha fazla yetki ve sorumluk almaya ba\u015flad\u0131\u011f\u0131n\u0131 anlatt\u0131.  1960\u2019lardan g\u00fcn\u00fcm\u00fcze zaman i\u00e7inde \u201ck\u00fclt\u00fcr\u00fcn demokratikle\u015fmesi\u201dnin \u00f6n plana \u00e7\u0131kt\u0131\u011f\u0131n\u0131, 80\u2019ler sonras\u0131 ise k\u00fcreselle\u015fme i\u00e7inde yerel kimlik \u00f6\u011fesinin etkisi ile \u00f6zellikle son 20-30 y\u0131lda yerel y\u00f6netimlerin k\u00fclt\u00fcr politikalar\u0131nda etkili hale geldi\u011fini ifade eden \u00dcstel \u015f\u00f6yle devam etti:<\/p>\n<p>\u201cZaman i\u00e7inde bir yandan geli\u015fen hak talepleri aras\u0131nda \u2018k\u00fclt\u00fcrel hak\u2019 talebinin g\u00fc\u00e7lenmesi, di\u011fer yandan k\u00fclt\u00fcr politikalar\u0131nda yerel y\u00f6netimlerin yetki ve sorumluluklar\u0131n\u0131n artmas\u0131yla \u2018yurtta\u015f kent\u2019 modeli ortaya \u00e7\u0131kt\u0131\u201d dedi. \u201cYurtta\u015f kent modeli\u201dnin  yrtta\u015flar\u0131n k\u00fclt\u00fcr politikalar\u0131n\u0131n belirlenmesinde yer ald\u0131\u011f\u0131, kat\u0131l\u0131mc\u0131 anlay\u0131\u015fa dayal\u0131 ve yurtta\u015flar\u0131n b\u00fct\u00fcn\u00fcn\u00fc dikkate alan, birlikte karar verme, k\u00fclt\u00fcrel ara\u00e7 ve imkanlar\u0131n yurtta\u015flarca sahiplenilmesini \u00f6nceleyen bir model\u201d olarak tarif eden \u00dcstel, s\u0131k s\u0131k melez modellerin ortaya \u00e7\u0131kt\u0131\u011f\u0131n\u0131n alt\u0131n\u0131 \u00e7izdi.<\/p>\n<p>\u00dcstel, hen\u00fcz k\u00fclt\u00fcr politikalar\u0131n\u0131 netle\u015ftiremeyen, sahip olunan k\u00fclt\u00fcrel de\u011ferleri \u00f6n plana \u00e7\u0131kartamayan, k\u00fclt\u00fcrel kimlik belirlenmesinde sorun ya\u015fayan kent y\u00f6netimlerinin \u00f6ncelikle kentin k\u00fclt\u00fcr perspektifini iyi \u00e7izmeleri, yat\u0131r\u0131m ve politikalar\u0131n\u0131 ortaya \u00e7\u0131kan tablo do\u011frultusunda belirlemeleri gerekti\u011fini ifade etti.<div class=\"tiled-gallery type-rectangular tiled-gallery-unresized\" data-original-width=\"500\" data-carousel-extra='null' itemscope itemtype=\"http:\/\/schema.org\/ImageGallery\" > <div class=\"gallery-row\" style=\"width: 500px; height: 327px;\" data-original-width=\"500\" data-original-height=\"327\" > <div class=\"gallery-group images-1\" style=\"width: 500px; height: 327px;\" data-original-width=\"500\" data-original-height=\"327\" > <div class=\"tiled-gallery-item tiled-gallery-item-large\" itemprop=\"associatedMedia\" itemscope itemtype=\"http:\/\/schema.org\/ImageObject\"> <a href=\"http:\/\/www.tvturk.com\/index.php\/niluferde-tarih-bulusmalari\/niluferde-tarih-bulusmalari-3\/\" border=\"0\" itemprop=\"url\"> <meta itemprop=\"width\" content=\"496\"> <meta itemprop=\"height\" content=\"323\"> <img decoding=\"async\" class=\"\" data-attachment-id=\"7660\" data-orig-file=\"http:\/\/www.tvturk.com\/wp-content\/uploads\/2019\/02\/niluferde-tarih-bulusmalari_1460f7c.jpg\" data-orig-size=\"1000,652\" data-comments-opened=\"\" data-image-meta=\"{&quot;aperture&quot;:&quot;0&quot;,&quot;credit&quot;:&quot;IHA&quot;,&quot;camera&quot;:&quot;&quot;,&quot;caption&quot;:&quot;N\\u0130L\\u00dcFER BELED\\u0130YES\\u0130\\u2019N\\u0130N TAR\\u0130H VAKFI \\u0130\\u015e B\\u0130RL\\u0130\\u011e\\u0130YLE GER\\u00c7EKLE\\u015eT\\u0130RD\\u0130\\u011e\\u0130 \\u201cTAR\\u0130H BULU\\u015eMALARI\\u201d S\\u00d6YLE\\u015e\\u0130LER\\u0130N\\u0130N BU HAFTAK\\u0130 KONU\\u011eU PROF. DR. F\\u00dcSUN \\u00dcSTEL OLDU. (\\u0130HA\\\/BURSA-\\u0130HA)&quot;,&quot;created_timestamp&quot;:&quot;0&quot;,&quot;copyright&quot;:&quot;\\u0130HLAS HABER AJANSI, www.iha.com.tr&quot;,&quot;focal_length&quot;:&quot;0&quot;,&quot;iso&quot;:&quot;0&quot;,&quot;shutter_speed&quot;:&quot;0&quot;,&quot;title&quot;:&quot;N\\u0130L\\u00dcFE\\u2019RDE \\u201cTAR\\u0130H BULU\\u015eMALARI\\u201d&quot;,&quot;orientation&quot;:&quot;0&quot;}\" data-image-title=\"Nil\u00fcfe\u2019rde \u201cTarih Bulu\u015fmalar\u0131\u201d\" data-image-description=\"&lt;p&gt;Nil\u00fcfe\u2019rde \u201cTarih Bulu\u015fmalar\u0131\u201d&lt;\/p&gt; \" data-medium-file=\"https:\/\/i0.wp.com\/www.tvturk.com\/wp-content\/uploads\/2019\/02\/niluferde-tarih-bulusmalari_1460f7c.jpg?fit=300%2C196\" data-large-file=\"https:\/\/i0.wp.com\/www.tvturk.com\/wp-content\/uploads\/2019\/02\/niluferde-tarih-bulusmalari_1460f7c.jpg?fit=1000%2C652\" src=\"https:\/\/i0.wp.com\/www.tvturk.com\/wp-content\/uploads\/2019\/02\/niluferde-tarih-bulusmalari_1460f7c.jpg?w=496&#038;h=323\" srcset=\"https:\/\/i0.wp.com\/www.tvturk.com\/wp-content\/uploads\/2019\/02\/niluferde-tarih-bulusmalari_1460f7c.jpg?w=1000 1000w, https:\/\/i0.wp.com\/www.tvturk.com\/wp-content\/uploads\/2019\/02\/niluferde-tarih-bulusmalari_1460f7c.jpg?resize=150%2C98 150w, https:\/\/i0.wp.com\/www.tvturk.com\/wp-content\/uploads\/2019\/02\/niluferde-tarih-bulusmalari_1460f7c.jpg?resize=300%2C196 300w, https:\/\/i0.wp.com\/www.tvturk.com\/wp-content\/uploads\/2019\/02\/niluferde-tarih-bulusmalari_1460f7c.jpg?resize=768%2C501 768w\" width=\"496\" height=\"323\" loading=\"lazy\" data-original-width=\"496\" data-original-height=\"323\" itemprop=\"http:\/\/schema.org\/image\" title=\"Nil\u00fcfe\u2019rde \u201cTarih Bulu\u015fmalar\u0131\u201d\" alt=\"Nil\u00fcfe\u2019rde \u201cTarih Bulu\u015fmalar\u0131\u201d\" style=\"width: 496px; height: 323px;\" \/> <\/a> <\/div> <\/div> <!-- close group --> <\/div> <!-- close row --> <\/div><\/p>\n","protected":false},"excerpt":{"rendered":"<p>N\u0130L\u00dcFER BELED\u0130YES\u0130\u2019N\u0130N TAR\u0130H VAKFI \u0130\u015e B\u0130RL\u0130\u011e\u0130YLE GER\u00c7EKLE\u015eT\u0130RD\u0130\u011e\u0130 \u201cTAR\u0130H BULU\u015eMALARI\u201d S\u00d6YLE\u015e\u0130LER\u0130N\u0130N BU HAFTAK\u0130 KONU\u011eU PROF. DR. F\u00dcSUN \u00dcSTEL OLDU.<\/p>\n","protected":false},"author":1,"featured_media":7659,"comment_status":"closed","ping_status":"open","sticky":false,"template":"","format":"standard","meta":{"jetpack_post_was_ever_published":false,"_jetpack_newsletter_access":"","_jetpack_dont_email_post_to_subs":false,"_jetpack_newsletter_tier_id":0,"_jetpack_memberships_contains_paywalled_content":false,"_jetpack_memberships_contains_paid_content":false,"footnotes":"","jetpack_publicize_message":"","jetpack_publicize_feature_enabled":true,"jetpack_social_post_already_shared":false,"jetpack_social_options":{"image_generator_settings":{"template":"highway","default_image_id":0,"font":"","enabled":false},"version":2}},"categories":[1],"tags":[4099,4098,1330],"class_list":["post-7658","post","type-post","status-publish","format-standard","has-post-thumbnail","hentry","category-genel","tag-bulusmalari","tag-niluferde","tag-tarih"],"jetpack_publicize_connections":[],"jetpack_featured_media_url":"https:\/\/i0.wp.com\/www.tvturk.com\/wp-content\/uploads\/2019\/02\/niluferde-tarih-bulusmalari_b990c9d.jpg?fit=1000%2C665","jetpack_sharing_enabled":true,"jetpack_shortlink":"https:\/\/wp.me\/paKIfm-1Zw","_links":{"self":[{"href":"http:\/\/www.tvturk.com\/index.php\/wp-json\/wp\/v2\/posts\/7658","targetHints":{"allow":["GET"]}}],"collection":[{"href":"http:\/\/www.tvturk.com\/index.php\/wp-json\/wp\/v2\/posts"}],"about":[{"href":"http:\/\/www.tvturk.com\/index.php\/wp-json\/wp\/v2\/types\/post"}],"author":[{"embeddable":true,"href":"http:\/\/www.tvturk.com\/index.php\/wp-json\/wp\/v2\/users\/1"}],"replies":[{"embeddable":true,"href":"http:\/\/www.tvturk.com\/index.php\/wp-json\/wp\/v2\/comments?post=7658"}],"version-history":[{"count":1,"href":"http:\/\/www.tvturk.com\/index.php\/wp-json\/wp\/v2\/posts\/7658\/revisions"}],"predecessor-version":[{"id":7661,"href":"http:\/\/www.tvturk.com\/index.php\/wp-json\/wp\/v2\/posts\/7658\/revisions\/7661"}],"wp:featuredmedia":[{"embeddable":true,"href":"http:\/\/www.tvturk.com\/index.php\/wp-json\/wp\/v2\/media\/7659"}],"wp:attachment":[{"href":"http:\/\/www.tvturk.com\/index.php\/wp-json\/wp\/v2\/media?parent=7658"}],"wp:term":[{"taxonomy":"category","embeddable":true,"href":"http:\/\/www.tvturk.com\/index.php\/wp-json\/wp\/v2\/categories?post=7658"},{"taxonomy":"post_tag","embeddable":true,"href":"http:\/\/www.tvturk.com\/index.php\/wp-json\/wp\/v2\/tags?post=7658"}],"curies":[{"name":"wp","href":"https:\/\/api.w.org\/{rel}","templated":true}]}}