{"id":76694,"date":"2019-03-07T13:31:16","date_gmt":"2019-03-07T10:31:16","guid":{"rendered":"http:\/\/www.tvturk.com\/index.php\/alanyada-barda-korkutan-yangin\/"},"modified":"2019-03-07T13:31:18","modified_gmt":"2019-03-07T10:31:18","slug":"alanyada-barda-korkutan-yangin","status":"publish","type":"post","link":"http:\/\/www.tvturk.com\/index.php\/alanyada-barda-korkutan-yangin\/","title":{"rendered":"Alanya\u2019da barda korkutan yang\u0131n"},"content":{"rendered":"<p>Antalya\u2019n\u0131n Alanya il\u00e7esinde 2 katl\u0131 bir barda \u00e7\u0131kan yang\u0131n pani\u011fe neden oldu. Yang\u0131n itfaiye ekiplerinin m\u00fcdahalesiyle s\u00f6nd\u00fcr\u00fcld\u00fc.<\/p>\n<p>Yang\u0131n, sabah saatlerinde \u00c7ar\u015f\u0131 Mahallesi 1. Sokak\u2019ta bulunan 2 katl\u0131 bir barda \u00e7\u0131kt\u0131. Mutfaktaki derin dondurucu bir anda k\u0131sa devre yaparak alev ald\u0131. Dumanlar\u0131n y\u00fckseldi\u011fini g\u00f6ren \u00e7evredekiler durumu 112 \u00c7a\u011fr\u0131 Merkezi\u2019ne bildirdi. \u0130hbar \u00fczerine Antalya B\u00fcy\u00fck\u015fehir Belediyesi Alanya \u0130tfaiye M\u00fcd\u00fcrl\u00fc\u011f\u00fc ekipleri olay yerine y\u00f6nlendirildi. K\u0131sa s\u00fcrede olay yerine gelen itfaiye ekipleri yang\u0131na m\u00fcdahale etti. K\u0131sa s\u00fcrede s\u00f6nd\u00fcr\u00fclen yang\u0131nda maddi hasar meydana geldi. Polis ekipleri olayla ilgili inceleme ba\u015flatt\u0131.<div class=\"tiled-gallery type-rectangular tiled-gallery-unresized\" data-original-width=\"500\" data-carousel-extra='null' itemscope itemtype=\"http:\/\/schema.org\/ImageGallery\" > <div class=\"gallery-row\" style=\"width: 500px; height: 332px;\" data-original-width=\"500\" data-original-height=\"332\" > <div class=\"gallery-group images-1\" style=\"width: 250px; height: 332px;\" data-original-width=\"250\" data-original-height=\"332\" > <div class=\"tiled-gallery-item tiled-gallery-item-small\" itemprop=\"associatedMedia\" itemscope itemtype=\"http:\/\/schema.org\/ImageObject\"> <a href=\"http:\/\/www.tvturk.com\/index.php\/alanyada-barda-korkutan-yangin\/alanyada-barda-korkutan-yangin-3\/\" border=\"0\" itemprop=\"url\"> <meta itemprop=\"width\" content=\"246\"> <meta itemprop=\"height\" content=\"328\"> <img decoding=\"async\" class=\"\" data-attachment-id=\"76696\" data-orig-file=\"http:\/\/www.tvturk.com\/wp-content\/uploads\/2019\/03\/alanyada-barda-korkutan-yangin_dd2a5d9.jpg\" data-orig-size=\"750,1000\" data-comments-opened=\"\" data-image-meta=\"{&quot;aperture&quot;:&quot;0&quot;,&quot;credit&quot;:&quot;IHA&quot;,&quot;camera&quot;:&quot;&quot;,&quot;caption&quot;:&quot;ANTALYA\\u2019NIN ALANYA \\u0130L\\u00c7ES\\u0130NDE 2 KATLI B\\u0130R BARDA \\u00c7IKAN YANGIN, \\u0130TFA\\u0130YE EK\\u0130PLER\\u0130N\\u0130N M\\u00dcDAHALES\\u0130YLE S\\u00d6ND\\u00dcR\\u00dcLD\\u00dc. (ERDAL ANAK\\\/ANTALYA-\\u0130HA)&quot;,&quot;created_timestamp&quot;:&quot;0&quot;,&quot;copyright&quot;:&quot;\\u0130HLAS HABER AJANSI, www.iha.com.tr&quot;,&quot;focal_length&quot;:&quot;0&quot;,&quot;iso&quot;:&quot;0&quot;,&quot;shutter_speed&quot;:&quot;0&quot;,&quot;title&quot;:&quot;ALANYA\\u2019DA BARDA KORKUTAN YANGIN&quot;,&quot;orientation&quot;:&quot;0&quot;}\" data-image-title=\"Alanya\u2019da barda korkutan yang\u0131n\" data-image-description=\"&lt;p&gt;Alanya\u2019da barda korkutan yang\u0131n&lt;\/p&gt; \" data-medium-file=\"https:\/\/i0.wp.com\/www.tvturk.com\/wp-content\/uploads\/2019\/03\/alanyada-barda-korkutan-yangin_dd2a5d9.jpg?fit=225%2C300\" data-large-file=\"https:\/\/i0.wp.com\/www.tvturk.com\/wp-content\/uploads\/2019\/03\/alanyada-barda-korkutan-yangin_dd2a5d9.jpg?fit=750%2C1000\" src=\"https:\/\/i0.wp.com\/www.tvturk.com\/wp-content\/uploads\/2019\/03\/alanyada-barda-korkutan-yangin_dd2a5d9.jpg?w=246&#038;h=328\" srcset=\"https:\/\/i0.wp.com\/www.tvturk.com\/wp-content\/uploads\/2019\/03\/alanyada-barda-korkutan-yangin_dd2a5d9.jpg?w=750 750w, https:\/\/i0.wp.com\/www.tvturk.com\/wp-content\/uploads\/2019\/03\/alanyada-barda-korkutan-yangin_dd2a5d9.jpg?resize=113%2C150 113w, https:\/\/i0.wp.com\/www.tvturk.com\/wp-content\/uploads\/2019\/03\/alanyada-barda-korkutan-yangin_dd2a5d9.jpg?resize=225%2C300 225w\" width=\"246\" height=\"328\" loading=\"lazy\" data-original-width=\"246\" data-original-height=\"328\" itemprop=\"http:\/\/schema.org\/image\" title=\"Alanya\u2019da barda korkutan yang\u0131n\" alt=\"Alanya\u2019da barda korkutan yang\u0131n\" style=\"width: 246px; height: 328px;\" \/> <\/a> <\/div> <\/div> <!-- close group --> <div class=\"gallery-group images-1\" style=\"width: 250px; height: 332px;\" data-original-width=\"250\" data-original-height=\"332\" > <div class=\"tiled-gallery-item tiled-gallery-item-small\" itemprop=\"associatedMedia\" itemscope itemtype=\"http:\/\/schema.org\/ImageObject\"> <a href=\"http:\/\/www.tvturk.com\/index.php\/alanyada-barda-korkutan-yangin\/alanyada-barda-korkutan-yangin-4\/\" border=\"0\" itemprop=\"url\"> <meta itemprop=\"width\" content=\"246\"> <meta itemprop=\"height\" content=\"328\"> <img decoding=\"async\" class=\"\" data-attachment-id=\"76697\" data-orig-file=\"http:\/\/www.tvturk.com\/wp-content\/uploads\/2019\/03\/alanyada-barda-korkutan-yangin_0e00354.jpg\" data-orig-size=\"750,1000\" data-comments-opened=\"\" data-image-meta=\"{&quot;aperture&quot;:&quot;0&quot;,&quot;credit&quot;:&quot;IHA&quot;,&quot;camera&quot;:&quot;&quot;,&quot;caption&quot;:&quot;ANTALYA\\u2019NIN ALANYA \\u0130L\\u00c7ES\\u0130NDE 2 KATLI B\\u0130R BARDA \\u00c7IKAN YANGIN, \\u0130TFA\\u0130YE EK\\u0130PLER\\u0130N\\u0130N M\\u00dcDAHALES\\u0130YLE S\\u00d6ND\\u00dcR\\u00dcLD\\u00dc. (ERDAL ANAK\\\/ANTALYA-\\u0130HA)&quot;,&quot;created_timestamp&quot;:&quot;0&quot;,&quot;copyright&quot;:&quot;\\u0130HLAS HABER AJANSI, www.iha.com.tr&quot;,&quot;focal_length&quot;:&quot;0&quot;,&quot;iso&quot;:&quot;0&quot;,&quot;shutter_speed&quot;:&quot;0&quot;,&quot;title&quot;:&quot;ALANYA\\u2019DA BARDA KORKUTAN YANGIN&quot;,&quot;orientation&quot;:&quot;0&quot;}\" data-image-title=\"Alanya\u2019da barda korkutan yang\u0131n\" data-image-description=\"&lt;p&gt;Alanya\u2019da barda korkutan yang\u0131n&lt;\/p&gt; \" data-medium-file=\"https:\/\/i0.wp.com\/www.tvturk.com\/wp-content\/uploads\/2019\/03\/alanyada-barda-korkutan-yangin_0e00354.jpg?fit=225%2C300\" data-large-file=\"https:\/\/i0.wp.com\/www.tvturk.com\/wp-content\/uploads\/2019\/03\/alanyada-barda-korkutan-yangin_0e00354.jpg?fit=750%2C1000\" src=\"https:\/\/i0.wp.com\/www.tvturk.com\/wp-content\/uploads\/2019\/03\/alanyada-barda-korkutan-yangin_0e00354.jpg?w=246&#038;h=328\" srcset=\"https:\/\/i0.wp.com\/www.tvturk.com\/wp-content\/uploads\/2019\/03\/alanyada-barda-korkutan-yangin_0e00354.jpg?w=750 750w, https:\/\/i0.wp.com\/www.tvturk.com\/wp-content\/uploads\/2019\/03\/alanyada-barda-korkutan-yangin_0e00354.jpg?resize=113%2C150 113w, https:\/\/i0.wp.com\/www.tvturk.com\/wp-content\/uploads\/2019\/03\/alanyada-barda-korkutan-yangin_0e00354.jpg?resize=225%2C300 225w\" width=\"246\" height=\"328\" loading=\"lazy\" data-original-width=\"246\" data-original-height=\"328\" itemprop=\"http:\/\/schema.org\/image\" title=\"Alanya\u2019da barda korkutan yang\u0131n\" alt=\"Alanya\u2019da barda korkutan yang\u0131n\" style=\"width: 246px; height: 328px;\" \/> <\/a> <\/div> <\/div> <!-- close group --> <\/div> <!-- close row --> <\/div><\/p>\n","protected":false},"excerpt":{"rendered":"<p>ANTALYA\u2019NIN ALANYA \u0130L\u00c7ES\u0130NDE 2 KATLI B\u0130R BARDA \u00c7IKAN YANGIN, \u0130TFA\u0130YE EK\u0130PLER\u0130N\u0130N M\u00dcDAHALES\u0130YLE S\u00d6ND\u00dcR\u00dcLD\u00dc.<\/p>\n","protected":false},"author":1,"featured_media":76695,"comment_status":"closed","ping_status":"open","sticky":false,"template":"","format":"standard","meta":{"jetpack_post_was_ever_published":false,"_jetpack_newsletter_access":"","_jetpack_dont_email_post_to_subs":false,"_jetpack_newsletter_tier_id":0,"_jetpack_memberships_contains_paywalled_content":false,"_jetpack_memberships_contains_paid_content":false,"footnotes":"","jetpack_publicize_message":"","jetpack_publicize_feature_enabled":true,"jetpack_social_post_already_shared":true,"jetpack_social_options":{"image_generator_settings":{"template":"highway","default_image_id":0,"font":"","enabled":false},"version":2}},"categories":[655],"tags":[11400,22028,3560,1617],"class_list":["post-76694","post","type-post","status-publish","format-standard","has-post-thumbnail","hentry","category-son-dakika","tag-alanyada","tag-barda","tag-korkutan","tag-yangin"],"jetpack_publicize_connections":[],"jetpack_featured_media_url":"https:\/\/i0.wp.com\/www.tvturk.com\/wp-content\/uploads\/2019\/03\/alanyada-barda-korkutan-yangin_ebc056e.jpg?fit=750%2C1000","jetpack_sharing_enabled":true,"jetpack_shortlink":"https:\/\/wp.me\/paKIfm-jX0","_links":{"self":[{"href":"http:\/\/www.tvturk.com\/index.php\/wp-json\/wp\/v2\/posts\/76694","targetHints":{"allow":["GET"]}}],"collection":[{"href":"http:\/\/www.tvturk.com\/index.php\/wp-json\/wp\/v2\/posts"}],"about":[{"href":"http:\/\/www.tvturk.com\/index.php\/wp-json\/wp\/v2\/types\/post"}],"author":[{"embeddable":true,"href":"http:\/\/www.tvturk.com\/index.php\/wp-json\/wp\/v2\/users\/1"}],"replies":[{"embeddable":true,"href":"http:\/\/www.tvturk.com\/index.php\/wp-json\/wp\/v2\/comments?post=76694"}],"version-history":[{"count":1,"href":"http:\/\/www.tvturk.com\/index.php\/wp-json\/wp\/v2\/posts\/76694\/revisions"}],"predecessor-version":[{"id":76698,"href":"http:\/\/www.tvturk.com\/index.php\/wp-json\/wp\/v2\/posts\/76694\/revisions\/76698"}],"wp:featuredmedia":[{"embeddable":true,"href":"http:\/\/www.tvturk.com\/index.php\/wp-json\/wp\/v2\/media\/76695"}],"wp:attachment":[{"href":"http:\/\/www.tvturk.com\/index.php\/wp-json\/wp\/v2\/media?parent=76694"}],"wp:term":[{"taxonomy":"category","embeddable":true,"href":"http:\/\/www.tvturk.com\/index.php\/wp-json\/wp\/v2\/categories?post=76694"},{"taxonomy":"post_tag","embeddable":true,"href":"http:\/\/www.tvturk.com\/index.php\/wp-json\/wp\/v2\/tags?post=76694"}],"curies":[{"name":"wp","href":"https:\/\/api.w.org\/{rel}","templated":true}]}}