{"id":76952,"date":"2019-03-07T14:33:52","date_gmt":"2019-03-07T11:33:52","guid":{"rendered":"http:\/\/www.tvturk.com\/index.php\/ahmet-kural-hakkindaki-iddialarla-ilgi-ilk-kez-konustu\/"},"modified":"2019-03-07T14:33:54","modified_gmt":"2019-03-07T11:33:54","slug":"ahmet-kural-hakkindaki-iddialarla-ilgi-ilk-kez-konustu","status":"publish","type":"post","link":"http:\/\/www.tvturk.com\/index.php\/ahmet-kural-hakkindaki-iddialarla-ilgi-ilk-kez-konustu\/","title":{"rendered":"Ahmet Kural hakk\u0131ndaki iddialarla ilgi ilk kez konu\u015ftu"},"content":{"rendered":"<p>Sanat\u00e7\u0131 Ahmet Kural ile \u015fark\u0131c\u0131 S\u0131la Gen\u00e7o\u011flu aras\u0131nda ya\u015fanan tart\u0131\u015fmaya ili\u015fkin \u0130stanbul 60. Asliye Mahkemesinde a\u00e7\u0131lan davan\u0131n ilk duru\u015fmas\u0131 bug\u00fcn yap\u0131ld\u0131. Duru\u015fman\u0131n ard\u0131ndan hakk\u0131ndaki iddialarla ilgili a\u00e7\u0131klama yapan Ahmet Kural, &#8220;\u00dczerime zorla yap\u0131\u015ft\u0131r\u0131lmak istenen \u2019kad\u0131na \u015fiddet uygulayan adam\u2019 yak\u0131\u015ft\u0131rmas\u0131n\u0131 reddediyorum. Ben \u015fiddet uygulamad\u0131m&#8221; dedi.<\/p>\n<p>Bug\u00fcn g\u00f6r\u00fclen davada sanat\u00e7\u0131 Ahmet Kural ile \u015fark\u0131c\u0131 S\u0131la Gen\u00e7o\u011flu ilk kez y\u00fcz y\u00fcze geldi. Dava sonras\u0131nda bas\u0131n a\u00e7\u0131klamas\u0131 yapan Kural, \u00fclke g\u00fcndeminde bir\u00e7ok \u00f6nemli konu varken \u00f6zel hayat\u0131yla kamuoyu \u00f6n\u00fcne gelmekten ve g\u00fcndemi me\u015fgul etmekten dolay\u0131 \u00fcz\u00fcnt\u00fc duydu\u011funu s\u00f6yledi. Kural, hakk\u0131nda yap\u0131lan \u015fikayetten bu yana m\u00fcmk\u00fcn oldu\u011funca konu\u015fmamaya ve fikir beyan etmemeye \u00e7al\u0131\u015ft\u0131\u011f\u0131n\u0131, yarg\u0131ya intikal etmi\u015f bir konuda kamuoyu ve mahkemeyi y\u00f6nlendirmeyi do\u011fru bulmad\u0131\u011f\u0131n\u0131 belirtti.<\/p>\n<p>\u201c\u015eahs\u0131ma y\u00f6neltilen iddialar\u0131n hi\u00e7biri ger\u00e7ek de\u011fildir\u201d<\/p>\n<p>Ahmet Kural, s\u00f6zlerini \u015f\u00f6yle s\u00fcrd\u00fcrd\u00fc:<\/p>\n<p>\u201c\u00dczerime zorla yap\u0131\u015ft\u0131r\u0131lmak istenen \u2018kad\u0131na \u015fiddet uygulayan adam\u2019 yak\u0131\u015ft\u0131rmas\u0131n\u0131 reddediyorum. Daha \u00f6nce s\u00f6yledim, bug\u00fcn mahkeme huzurunda ve sizlerin \u00f6n\u00fcnde bir kez daha s\u00f6ylemek isterim ki ben \u2019\u015fiddet\u2019 uygulamad\u0131m. \u015eahs\u0131ma y\u00f6neltilen iftiralar\u0131n hi\u00e7biri ger\u00e7ek de\u011fildir. Zaten t\u00fcm su\u00e7lama iddialar\u0131n\u0131 bilimsel raporlarla tek tek \u00e7\u00fcr\u00fct\u00fcp, mahkemeye sunduk.\u201d<\/p>\n<p>Duru\u015fma sonras\u0131 bas\u0131n mensuplar\u0131n\u0131n sorular\u0131n\u0131 yan\u0131tlayan Kural, \u201cOlaydan sonra ilk kez kar\u015f\u0131la\u015ft\u0131n\u0131z, neler hissettiniz?\u201d sorusuna, \u201c\u0130nsan ge\u00e7mi\u015fe bak\u0131nca g\u00fczel \u015feyler hat\u0131rlamak istiyor. Ne diyebilirim ki, Allah herkese vicdan rahatl\u0131\u011f\u0131 versin\u201d cevab\u0131n\u0131 verdi. Kural, S\u0131la\u2019n\u0131n yeni \u015fark\u0131lar\u0131nda kendisine bir g\u00f6nderme yap\u0131l\u0131p yap\u0131lmad\u0131\u011f\u0131 sorusuna ise, \u201cGe\u00e7mi\u015fte bana yaz\u0131ld\u0131\u011f\u0131 s\u00f6ylenen a\u015fk \u015fark\u0131lar\u0131 ne kadar ger\u00e7ekse, ki \u015fimdi bunlar\u0131n ger\u00e7ek olmad\u0131\u011f\u0131n\u0131 anlad\u0131m. Bu \u015fark\u0131lar\u0131n da benimle ilgisi oldu\u011funu d\u00fc\u015f\u00fcnm\u00fcyorum\u201d yan\u0131t\u0131n\u0131 verdi.<\/p>\n<p>Davan\u0131n ikinci celsesi 22 Nisan tarihine ertelendi.<div class=\"tiled-gallery type-rectangular tiled-gallery-unresized\" data-original-width=\"500\" data-carousel-extra='null' itemscope itemtype=\"http:\/\/schema.org\/ImageGallery\" > <div class=\"gallery-row\" style=\"width: 500px; height: 385px;\" data-original-width=\"500\" data-original-height=\"385\" > <div class=\"gallery-group images-1\" style=\"width: 500px; height: 385px;\" data-original-width=\"500\" data-original-height=\"385\" > <div class=\"tiled-gallery-item tiled-gallery-item-large\" itemprop=\"associatedMedia\" itemscope itemtype=\"http:\/\/schema.org\/ImageObject\"> <a href=\"http:\/\/www.tvturk.com\/index.php\/ahmet-kural-hakkindaki-iddialarla-ilgi-ilk-kez-konustu\/ahmet-kural-hakkindaki-iddialarla-ilgi-ilk-kez-konustu-3\/\" border=\"0\" itemprop=\"url\"> <meta itemprop=\"width\" content=\"496\"> <meta itemprop=\"height\" content=\"381\"> <img decoding=\"async\" class=\"\" data-attachment-id=\"76954\" data-orig-file=\"http:\/\/www.tvturk.com\/wp-content\/uploads\/2019\/03\/ahmet-kural-hakkindaki-iddialarla-ilgi-ilk-kez-konustu_12e4a03.jpg\" data-orig-size=\"1000,768\" data-comments-opened=\"\" data-image-meta=\"{&quot;aperture&quot;:&quot;0&quot;,&quot;credit&quot;:&quot;IHA&quot;,&quot;camera&quot;:&quot;&quot;,&quot;caption&quot;:&quot;AHMET KURALAHMET KURAL, \\u0022\\u00dcZER\\u0130ME ZORLA YAPI\\u015eTIRILMAK \\u0130STENEN \\u0027KADINA \\u015e\\u0130DDET UYGULAYAN ADAM\\u0027 YAKI\\u015eTIRMASINI REDDED\\u0130YORUM. BEN \\u015e\\u0130DDET UYGULAMADIM\\u0022 DED\\u0130. (\\u0130HA\\\/\\u0130STANBUL-\\u0130HA)&quot;,&quot;created_timestamp&quot;:&quot;0&quot;,&quot;copyright&quot;:&quot;\\u0130HLAS HABER AJANSI, www.iha.com.tr&quot;,&quot;focal_length&quot;:&quot;0&quot;,&quot;iso&quot;:&quot;0&quot;,&quot;shutter_speed&quot;:&quot;0&quot;,&quot;title&quot;:&quot;AHMET KURAL HAKKINDAK\\u0130 \\u0130DD\\u0130ALARLA \\u0130LG\\u0130 \\u0130LK KEZ KONU\\u015eTU AHMET KURAL: \\u0022BEN \\u015e\\u0130DDET UYGULAMADIM\\u0022&quot;,&quot;orientation&quot;:&quot;0&quot;}\" data-image-title=\"Ahmet Kural hakk\u0131ndaki iddialarla ilgi ilk kez konu\u015ftu\" data-image-description=\"&lt;p&gt;Ahmet Kural hakk\u0131ndaki iddialarla ilgi ilk kez konu\u015ftu&lt;\/p&gt; \" data-medium-file=\"https:\/\/i0.wp.com\/www.tvturk.com\/wp-content\/uploads\/2019\/03\/ahmet-kural-hakkindaki-iddialarla-ilgi-ilk-kez-konustu_12e4a03.jpg?fit=300%2C230\" data-large-file=\"https:\/\/i0.wp.com\/www.tvturk.com\/wp-content\/uploads\/2019\/03\/ahmet-kural-hakkindaki-iddialarla-ilgi-ilk-kez-konustu_12e4a03.jpg?fit=1000%2C768\" src=\"https:\/\/i0.wp.com\/www.tvturk.com\/wp-content\/uploads\/2019\/03\/ahmet-kural-hakkindaki-iddialarla-ilgi-ilk-kez-konustu_12e4a03.jpg?w=496&#038;h=381\" srcset=\"https:\/\/i0.wp.com\/www.tvturk.com\/wp-content\/uploads\/2019\/03\/ahmet-kural-hakkindaki-iddialarla-ilgi-ilk-kez-konustu_12e4a03.jpg?w=1000 1000w, https:\/\/i0.wp.com\/www.tvturk.com\/wp-content\/uploads\/2019\/03\/ahmet-kural-hakkindaki-iddialarla-ilgi-ilk-kez-konustu_12e4a03.jpg?resize=150%2C115 150w, https:\/\/i0.wp.com\/www.tvturk.com\/wp-content\/uploads\/2019\/03\/ahmet-kural-hakkindaki-iddialarla-ilgi-ilk-kez-konustu_12e4a03.jpg?resize=300%2C230 300w, https:\/\/i0.wp.com\/www.tvturk.com\/wp-content\/uploads\/2019\/03\/ahmet-kural-hakkindaki-iddialarla-ilgi-ilk-kez-konustu_12e4a03.jpg?resize=768%2C590 768w\" width=\"496\" height=\"381\" loading=\"lazy\" data-original-width=\"496\" data-original-height=\"381\" itemprop=\"http:\/\/schema.org\/image\" title=\"Ahmet Kural hakk\u0131ndaki iddialarla ilgi ilk kez konu\u015ftu\" alt=\"Ahmet Kural hakk\u0131ndaki iddialarla ilgi ilk kez konu\u015ftu\" style=\"width: 496px; height: 381px;\" \/> <\/a> <\/div> <\/div> <!-- close group --> <\/div> <!-- close row --> <\/div><\/p>\n","protected":false},"excerpt":{"rendered":"<p>AHMET KURAL,\u201c\u00dcZER\u0130ME ZORLA YAPI\u015eTIRILMAK \u0130STENEN \u2018KADINA \u015e\u0130DDET UYGULAYAN ADAM\u2019 YAKI\u015eTIRMASINI REDDED\u0130YORUM&#8221; DED\u0130<\/p>\n","protected":false},"author":1,"featured_media":76953,"comment_status":"closed","ping_status":"open","sticky":false,"template":"","format":"standard","meta":{"jetpack_post_was_ever_published":false,"_jetpack_newsletter_access":"","_jetpack_dont_email_post_to_subs":false,"_jetpack_newsletter_tier_id":0,"_jetpack_memberships_contains_paywalled_content":false,"_jetpack_memberships_contains_paid_content":false,"footnotes":"","jetpack_publicize_message":"","jetpack_publicize_feature_enabled":true,"jetpack_social_post_already_shared":true,"jetpack_social_options":{"image_generator_settings":{"template":"highway","default_image_id":0,"font":"","enabled":false},"version":2}},"categories":[655],"tags":[3634,11060,14405,1726,37,1497,4045,20877],"class_list":["post-76952","post","type-post","status-publish","format-standard","has-post-thumbnail","hentry","category-son-dakika","tag-ahmet","tag-hakkindaki","tag-iddialarla","tag-ilgi","tag-ilk","tag-kez","tag-konustu","tag-kural"],"jetpack_publicize_connections":[],"jetpack_featured_media_url":"https:\/\/i0.wp.com\/www.tvturk.com\/wp-content\/uploads\/2019\/03\/ahmet-kural-hakkindaki-iddialarla-ilgi-ilk-kez-konustu_ea18f00.jpg?fit=1000%2C611","jetpack_sharing_enabled":true,"jetpack_shortlink":"https:\/\/wp.me\/paKIfm-k1a","_links":{"self":[{"href":"http:\/\/www.tvturk.com\/index.php\/wp-json\/wp\/v2\/posts\/76952","targetHints":{"allow":["GET"]}}],"collection":[{"href":"http:\/\/www.tvturk.com\/index.php\/wp-json\/wp\/v2\/posts"}],"about":[{"href":"http:\/\/www.tvturk.com\/index.php\/wp-json\/wp\/v2\/types\/post"}],"author":[{"embeddable":true,"href":"http:\/\/www.tvturk.com\/index.php\/wp-json\/wp\/v2\/users\/1"}],"replies":[{"embeddable":true,"href":"http:\/\/www.tvturk.com\/index.php\/wp-json\/wp\/v2\/comments?post=76952"}],"version-history":[{"count":1,"href":"http:\/\/www.tvturk.com\/index.php\/wp-json\/wp\/v2\/posts\/76952\/revisions"}],"predecessor-version":[{"id":76955,"href":"http:\/\/www.tvturk.com\/index.php\/wp-json\/wp\/v2\/posts\/76952\/revisions\/76955"}],"wp:featuredmedia":[{"embeddable":true,"href":"http:\/\/www.tvturk.com\/index.php\/wp-json\/wp\/v2\/media\/76953"}],"wp:attachment":[{"href":"http:\/\/www.tvturk.com\/index.php\/wp-json\/wp\/v2\/media?parent=76952"}],"wp:term":[{"taxonomy":"category","embeddable":true,"href":"http:\/\/www.tvturk.com\/index.php\/wp-json\/wp\/v2\/categories?post=76952"},{"taxonomy":"post_tag","embeddable":true,"href":"http:\/\/www.tvturk.com\/index.php\/wp-json\/wp\/v2\/tags?post=76952"}],"curies":[{"name":"wp","href":"https:\/\/api.w.org\/{rel}","templated":true}]}}