{"id":77030,"date":"2019-03-07T14:51:54","date_gmt":"2019-03-07T11:51:54","guid":{"rendered":"http:\/\/www.tvturk.com\/index.php\/tipi-yolu-kapatti-cenazeye-giden-55-kisi-mahsur-kaldi\/"},"modified":"2019-03-07T14:52:00","modified_gmt":"2019-03-07T11:52:00","slug":"tipi-yolu-kapatti-cenazeye-giden-55-kisi-mahsur-kaldi","status":"publish","type":"post","link":"http:\/\/www.tvturk.com\/index.php\/tipi-yolu-kapatti-cenazeye-giden-55-kisi-mahsur-kaldi\/","title":{"rendered":"Tipi yolu kapatt\u0131, cenazeye giden 55 ki\u015fi mahsur kald\u0131"},"content":{"rendered":"<p>Bing\u00f6l\u2019de sabah ba\u015flayan kar ya\u011f\u0131\u015f\u0131 ve tipinin etkili olmas\u0131 nedeniyle bir \u00e7ok yol kapand\u0131. Bir k\u00f6ye minib\u00fcs ve otomobillerle cenazeye giden 55 ki\u015fi ise 3 saate yak\u0131n b\u00f6lgede mahsur kald\u0131.<\/p>\n<p>Bing\u00f6l\u2019\u00fcn il\u00e7elerinde bug\u00fcn sabaha kar\u015f\u0131 ba\u015flayan kar ya\u011f\u0131\u015f\u0131 yerini tipiye b\u0131rakt\u0131. Tipinin etkili olmas\u0131 nedeniyle bir \u00e7ok k\u00f6y yolu ula\u015f\u0131ma kapand\u0131. \u0130stanbul ve \u0130zmir\u2019den Bing\u00f6l\u2019e gelen, Adakl\u0131 il\u00e7esine ba\u011fl\u0131 \u00c7atma k\u00f6y\u00fcne bir cenaze t\u00f6renine kat\u0131lmak i\u00e7in yola \u00e7\u0131kan minib\u00fcs ile otomobillerin oldu\u011fu konvoydaki 55 ki\u015fi Ba\u015f k\u00f6y\u00fc yak\u0131nlar\u0131nda tipi nedeniyle yolda kald\u0131. Uzun s\u00fcre yard\u0131m bekleyen grup, yakla\u015f\u0131k 3 saat b\u00f6lgede mahsur kald\u0131. 3 saatin sonunda gelen i\u015f makinesi ile yol a\u00e7\u0131larak hareket eden konvoy Ba\u015f k\u00f6y\u00fcne ula\u015ft\u0131. K\u00f6ye ula\u015fanlara vatanda\u015flar yiyecek  verdi.<\/p>\n<p>\u00d6te yandan, b\u00f6lgede bir de tipi nedeniyle kaza meydana gelmesi nedeniyle de yolun  bir s\u00fcre kapal\u0131 kald\u0131\u011f\u0131 \u00f6\u011frenildi.<div class=\"tiled-gallery type-rectangular tiled-gallery-unresized\" data-original-width=\"500\" data-carousel-extra='null' itemscope itemtype=\"http:\/\/schema.org\/ImageGallery\" > <div class=\"gallery-row\" style=\"width: 500px; height: 225px;\" data-original-width=\"500\" data-original-height=\"225\" > <div class=\"gallery-group images-1\" style=\"width: 299px; height: 225px;\" data-original-width=\"299\" data-original-height=\"225\" > <div class=\"tiled-gallery-item tiled-gallery-item-large\" itemprop=\"associatedMedia\" itemscope itemtype=\"http:\/\/schema.org\/ImageObject\"> <a href=\"http:\/\/www.tvturk.com\/index.php\/tipi-yolu-kapatti-cenazeye-giden-55-kisi-mahsur-kaldi\/tipi-yolu-kapatti-cenazeye-giden-55-kisi-mahsur-kaldi-3\/\" border=\"0\" itemprop=\"url\"> <meta itemprop=\"width\" content=\"295\"> <meta itemprop=\"height\" content=\"221\"> <img decoding=\"async\" class=\"\" data-attachment-id=\"77032\" data-orig-file=\"http:\/\/www.tvturk.com\/wp-content\/uploads\/2019\/03\/tipi-yolu-kapatti-cenazeye-giden-55-kisi-mahsur-kaldi_a3dfb50.jpg\" data-orig-size=\"1000,750\" data-comments-opened=\"\" data-image-meta=\"{&quot;aperture&quot;:&quot;0&quot;,&quot;credit&quot;:&quot;IHA&quot;,&quot;camera&quot;:&quot;&quot;,&quot;caption&quot;:&quot;B\\u0130NG\\u00d6L\\u0027DE SABAH BA\\u015eLAYAN KAR YA\\u011eI\\u015eI VE T\\u0130P\\u0130N\\u0130N ETK\\u0130L\\u0130 OLMASI NEDEN\\u0130YLE B\\u0130R \\u00c7OK YOL KAPANDI. K\\u00d6YE M\\u0130N\\u0130B\\u00dcS VE OTOMOB\\u0130LLERLE CENAZEYE G\\u0130DEN 55 K\\u0130\\u015e\\u0130 \\u0130SE 3 SAATE YAKIN B\\u00d6LGEDE MAHSUR KALDI. (MUHAMMET AL\\u0130 \\u00c7\\u0130FT\\u00c7\\u0130\\\/B\\u0130NG\\u00d6L-\\u0130HA)&quot;,&quot;created_timestamp&quot;:&quot;0&quot;,&quot;copyright&quot;:&quot;\\u0130HLAS HABER AJANSI, www.iha.com.tr&quot;,&quot;focal_length&quot;:&quot;0&quot;,&quot;iso&quot;:&quot;0&quot;,&quot;shutter_speed&quot;:&quot;0&quot;,&quot;title&quot;:&quot;T\\u0130P\\u0130 YOLU KAPATTI, CENAZEYE G\\u0130DEN 55 K\\u0130\\u015e\\u0130 MAHSUR KALDI&quot;,&quot;orientation&quot;:&quot;0&quot;}\" data-image-title=\"Tipi yolu kapatt\u0131, cenazeye giden 55 ki\u015fi mahsur kald\u0131\" data-image-description=\"&lt;p&gt;Tipi yolu kapatt\u0131, cenazeye giden 55 ki\u015fi mahsur kald\u0131&lt;\/p&gt; \" data-medium-file=\"https:\/\/i0.wp.com\/www.tvturk.com\/wp-content\/uploads\/2019\/03\/tipi-yolu-kapatti-cenazeye-giden-55-kisi-mahsur-kaldi_a3dfb50.jpg?fit=300%2C225\" data-large-file=\"https:\/\/i0.wp.com\/www.tvturk.com\/wp-content\/uploads\/2019\/03\/tipi-yolu-kapatti-cenazeye-giden-55-kisi-mahsur-kaldi_a3dfb50.jpg?fit=1000%2C750\" src=\"https:\/\/i0.wp.com\/www.tvturk.com\/wp-content\/uploads\/2019\/03\/tipi-yolu-kapatti-cenazeye-giden-55-kisi-mahsur-kaldi_a3dfb50.jpg?w=295&#038;h=221\" srcset=\"https:\/\/i0.wp.com\/www.tvturk.com\/wp-content\/uploads\/2019\/03\/tipi-yolu-kapatti-cenazeye-giden-55-kisi-mahsur-kaldi_a3dfb50.jpg?w=1000 1000w, https:\/\/i0.wp.com\/www.tvturk.com\/wp-content\/uploads\/2019\/03\/tipi-yolu-kapatti-cenazeye-giden-55-kisi-mahsur-kaldi_a3dfb50.jpg?resize=150%2C113 150w, https:\/\/i0.wp.com\/www.tvturk.com\/wp-content\/uploads\/2019\/03\/tipi-yolu-kapatti-cenazeye-giden-55-kisi-mahsur-kaldi_a3dfb50.jpg?resize=300%2C225 300w, https:\/\/i0.wp.com\/www.tvturk.com\/wp-content\/uploads\/2019\/03\/tipi-yolu-kapatti-cenazeye-giden-55-kisi-mahsur-kaldi_a3dfb50.jpg?resize=768%2C576 768w\" width=\"295\" height=\"221\" loading=\"lazy\" data-original-width=\"295\" data-original-height=\"221\" itemprop=\"http:\/\/schema.org\/image\" title=\"Tipi yolu kapatt\u0131, cenazeye giden 55 ki\u015fi mahsur kald\u0131\" alt=\"Tipi yolu kapatt\u0131, cenazeye giden 55 ki\u015fi mahsur kald\u0131\" style=\"width: 295px; height: 221px;\" \/> <\/a> <\/div> <\/div> <!-- close group --> <div class=\"gallery-group images-2\" style=\"width: 201px; height: 225px;\" data-original-width=\"201\" data-original-height=\"225\" > <div class=\"tiled-gallery-item tiled-gallery-item-small\" itemprop=\"associatedMedia\" itemscope itemtype=\"http:\/\/schema.org\/ImageObject\"> <a href=\"http:\/\/www.tvturk.com\/index.php\/tipi-yolu-kapatti-cenazeye-giden-55-kisi-mahsur-kaldi\/tipi-yolu-kapatti-cenazeye-giden-55-kisi-mahsur-kaldi-4\/\" border=\"0\" itemprop=\"url\"> <meta itemprop=\"width\" content=\"197\"> <meta itemprop=\"height\" content=\"107\"> <img decoding=\"async\" class=\"\" data-attachment-id=\"77033\" data-orig-file=\"http:\/\/www.tvturk.com\/wp-content\/uploads\/2019\/03\/tipi-yolu-kapatti-cenazeye-giden-55-kisi-mahsur-kaldi_5fbbbb6.jpg\" data-orig-size=\"1000,543\" data-comments-opened=\"\" data-image-meta=\"{&quot;aperture&quot;:&quot;0&quot;,&quot;credit&quot;:&quot;IHA&quot;,&quot;camera&quot;:&quot;&quot;,&quot;caption&quot;:&quot;B\\u0130NG\\u00d6L\\u0027DE SABAH BA\\u015eLAYAN KAR YA\\u011eI\\u015eI VE T\\u0130P\\u0130N\\u0130N ETK\\u0130L\\u0130 OLMASI NEDEN\\u0130YLE B\\u0130R \\u00c7OK YOL KAPANDI. K\\u00d6YE M\\u0130N\\u0130B\\u00dcS VE OTOMOB\\u0130LLERLE CENAZEYE G\\u0130DEN 55 K\\u0130\\u015e\\u0130 \\u0130SE 3 SAATE YAKIN B\\u00d6LGEDE MAHSUR KALDI. (MUHAMMET AL\\u0130 \\u00c7\\u0130FT\\u00c7\\u0130\\\/B\\u0130NG\\u00d6L-\\u0130HA)&quot;,&quot;created_timestamp&quot;:&quot;0&quot;,&quot;copyright&quot;:&quot;\\u0130HLAS HABER AJANSI, www.iha.com.tr&quot;,&quot;focal_length&quot;:&quot;0&quot;,&quot;iso&quot;:&quot;0&quot;,&quot;shutter_speed&quot;:&quot;0&quot;,&quot;title&quot;:&quot;T\\u0130P\\u0130 YOLU KAPATTI, CENAZEYE G\\u0130DEN 55 K\\u0130\\u015e\\u0130 MAHSUR KALDI&quot;,&quot;orientation&quot;:&quot;0&quot;}\" data-image-title=\"Tipi yolu kapatt\u0131, cenazeye giden 55 ki\u015fi mahsur kald\u0131\" data-image-description=\"&lt;p&gt;Tipi yolu kapatt\u0131, cenazeye giden 55 ki\u015fi mahsur kald\u0131&lt;\/p&gt; \" data-medium-file=\"https:\/\/i0.wp.com\/www.tvturk.com\/wp-content\/uploads\/2019\/03\/tipi-yolu-kapatti-cenazeye-giden-55-kisi-mahsur-kaldi_5fbbbb6.jpg?fit=300%2C163\" data-large-file=\"https:\/\/i0.wp.com\/www.tvturk.com\/wp-content\/uploads\/2019\/03\/tipi-yolu-kapatti-cenazeye-giden-55-kisi-mahsur-kaldi_5fbbbb6.jpg?fit=1000%2C543\" src=\"https:\/\/i0.wp.com\/www.tvturk.com\/wp-content\/uploads\/2019\/03\/tipi-yolu-kapatti-cenazeye-giden-55-kisi-mahsur-kaldi_5fbbbb6.jpg?w=197&#038;h=107\" srcset=\"https:\/\/i0.wp.com\/www.tvturk.com\/wp-content\/uploads\/2019\/03\/tipi-yolu-kapatti-cenazeye-giden-55-kisi-mahsur-kaldi_5fbbbb6.jpg?w=1000 1000w, https:\/\/i0.wp.com\/www.tvturk.com\/wp-content\/uploads\/2019\/03\/tipi-yolu-kapatti-cenazeye-giden-55-kisi-mahsur-kaldi_5fbbbb6.jpg?resize=150%2C81 150w, https:\/\/i0.wp.com\/www.tvturk.com\/wp-content\/uploads\/2019\/03\/tipi-yolu-kapatti-cenazeye-giden-55-kisi-mahsur-kaldi_5fbbbb6.jpg?resize=300%2C163 300w, https:\/\/i0.wp.com\/www.tvturk.com\/wp-content\/uploads\/2019\/03\/tipi-yolu-kapatti-cenazeye-giden-55-kisi-mahsur-kaldi_5fbbbb6.jpg?resize=768%2C417 768w\" width=\"197\" height=\"107\" loading=\"lazy\" data-original-width=\"197\" data-original-height=\"107\" itemprop=\"http:\/\/schema.org\/image\" title=\"Tipi yolu kapatt\u0131, cenazeye giden 55 ki\u015fi mahsur kald\u0131\" alt=\"Tipi yolu kapatt\u0131, cenazeye giden 55 ki\u015fi mahsur kald\u0131\" style=\"width: 197px; height: 107px;\" \/> <\/a> <\/div> <div class=\"tiled-gallery-item tiled-gallery-item-small\" itemprop=\"associatedMedia\" itemscope itemtype=\"http:\/\/schema.org\/ImageObject\"> <a href=\"http:\/\/www.tvturk.com\/index.php\/tipi-yolu-kapatti-cenazeye-giden-55-kisi-mahsur-kaldi\/tipi-yolu-kapatti-cenazeye-giden-55-kisi-mahsur-kaldi-5\/\" border=\"0\" itemprop=\"url\"> <meta itemprop=\"width\" content=\"197\"> <meta itemprop=\"height\" content=\"110\"> <img decoding=\"async\" class=\"\" data-attachment-id=\"77034\" data-orig-file=\"http:\/\/www.tvturk.com\/wp-content\/uploads\/2019\/03\/tipi-yolu-kapatti-cenazeye-giden-55-kisi-mahsur-kaldi_3b7fbbc.jpg\" data-orig-size=\"1000,562\" data-comments-opened=\"\" data-image-meta=\"{&quot;aperture&quot;:&quot;0&quot;,&quot;credit&quot;:&quot;IHA&quot;,&quot;camera&quot;:&quot;&quot;,&quot;caption&quot;:&quot;B\\u0130NG\\u00d6L\\u0027DE SABAH BA\\u015eLAYAN KAR YA\\u011eI\\u015eI VE T\\u0130P\\u0130N\\u0130N ETK\\u0130L\\u0130 OLMASI NEDEN\\u0130YLE B\\u0130R \\u00c7OK YOL KAPANDI. K\\u00d6YE M\\u0130N\\u0130B\\u00dcS VE OTOMOB\\u0130LLERLE CENAZEYE G\\u0130DEN 55 K\\u0130\\u015e\\u0130 \\u0130SE 3 SAATE YAKIN B\\u00d6LGEDE MAHSUR KALDI. (MUHAMMET AL\\u0130 \\u00c7\\u0130FT\\u00c7\\u0130\\\/B\\u0130NG\\u00d6L-\\u0130HA)&quot;,&quot;created_timestamp&quot;:&quot;0&quot;,&quot;copyright&quot;:&quot;\\u0130HLAS HABER AJANSI, www.iha.com.tr&quot;,&quot;focal_length&quot;:&quot;0&quot;,&quot;iso&quot;:&quot;0&quot;,&quot;shutter_speed&quot;:&quot;0&quot;,&quot;title&quot;:&quot;T\\u0130P\\u0130 YOLU KAPATTI, CENAZEYE G\\u0130DEN 55 K\\u0130\\u015e\\u0130 MAHSUR KALDI&quot;,&quot;orientation&quot;:&quot;0&quot;}\" data-image-title=\"Tipi yolu kapatt\u0131, cenazeye giden 55 ki\u015fi mahsur kald\u0131\" data-image-description=\"&lt;p&gt;Tipi yolu kapatt\u0131, cenazeye giden 55 ki\u015fi mahsur kald\u0131&lt;\/p&gt; \" data-medium-file=\"https:\/\/i0.wp.com\/www.tvturk.com\/wp-content\/uploads\/2019\/03\/tipi-yolu-kapatti-cenazeye-giden-55-kisi-mahsur-kaldi_3b7fbbc.jpg?fit=300%2C169\" data-large-file=\"https:\/\/i0.wp.com\/www.tvturk.com\/wp-content\/uploads\/2019\/03\/tipi-yolu-kapatti-cenazeye-giden-55-kisi-mahsur-kaldi_3b7fbbc.jpg?fit=1000%2C562\" src=\"https:\/\/i0.wp.com\/www.tvturk.com\/wp-content\/uploads\/2019\/03\/tipi-yolu-kapatti-cenazeye-giden-55-kisi-mahsur-kaldi_3b7fbbc.jpg?w=197&#038;h=110\" srcset=\"https:\/\/i0.wp.com\/www.tvturk.com\/wp-content\/uploads\/2019\/03\/tipi-yolu-kapatti-cenazeye-giden-55-kisi-mahsur-kaldi_3b7fbbc.jpg?w=1000 1000w, https:\/\/i0.wp.com\/www.tvturk.com\/wp-content\/uploads\/2019\/03\/tipi-yolu-kapatti-cenazeye-giden-55-kisi-mahsur-kaldi_3b7fbbc.jpg?resize=150%2C84 150w, https:\/\/i0.wp.com\/www.tvturk.com\/wp-content\/uploads\/2019\/03\/tipi-yolu-kapatti-cenazeye-giden-55-kisi-mahsur-kaldi_3b7fbbc.jpg?resize=300%2C169 300w, https:\/\/i0.wp.com\/www.tvturk.com\/wp-content\/uploads\/2019\/03\/tipi-yolu-kapatti-cenazeye-giden-55-kisi-mahsur-kaldi_3b7fbbc.jpg?resize=768%2C432 768w, https:\/\/i0.wp.com\/www.tvturk.com\/wp-content\/uploads\/2019\/03\/tipi-yolu-kapatti-cenazeye-giden-55-kisi-mahsur-kaldi_3b7fbbc.jpg?resize=200%2C113 200w\" width=\"197\" height=\"110\" loading=\"lazy\" data-original-width=\"197\" data-original-height=\"110\" itemprop=\"http:\/\/schema.org\/image\" title=\"Tipi yolu kapatt\u0131, cenazeye giden 55 ki\u015fi mahsur kald\u0131\" alt=\"Tipi yolu kapatt\u0131, cenazeye giden 55 ki\u015fi mahsur kald\u0131\" style=\"width: 197px; height: 110px;\" \/> <\/a> <\/div> <\/div> <!-- close group --> <\/div> <!-- close row --> <div class=\"gallery-row\" style=\"width: 500px; height: 313px;\" data-original-width=\"500\" data-original-height=\"313\" > <div class=\"gallery-group images-2\" style=\"width: 207px; height: 313px;\" data-original-width=\"207\" data-original-height=\"313\" > <div class=\"tiled-gallery-item tiled-gallery-item-small\" itemprop=\"associatedMedia\" itemscope itemtype=\"http:\/\/schema.org\/ImageObject\"> <a href=\"http:\/\/www.tvturk.com\/index.php\/tipi-yolu-kapatti-cenazeye-giden-55-kisi-mahsur-kaldi\/tipi-yolu-kapatti-cenazeye-giden-55-kisi-mahsur-kaldi-6\/\" border=\"0\" itemprop=\"url\"> <meta itemprop=\"width\" content=\"203\"> <meta itemprop=\"height\" content=\"153\"> <img decoding=\"async\" class=\"\" data-attachment-id=\"77035\" data-orig-file=\"http:\/\/www.tvturk.com\/wp-content\/uploads\/2019\/03\/tipi-yolu-kapatti-cenazeye-giden-55-kisi-mahsur-kaldi_4f10e03.jpg\" data-orig-size=\"1000,750\" data-comments-opened=\"\" data-image-meta=\"{&quot;aperture&quot;:&quot;0&quot;,&quot;credit&quot;:&quot;IHA&quot;,&quot;camera&quot;:&quot;&quot;,&quot;caption&quot;:&quot;K\\u00d6YE ULA\\u015eAN KONVOYDAK\\u0130 ARA\\u00c7LARA Z\\u0130NC\\u0130R TAKILDI. (MUHAMMET AL\\u0130 \\u00c7\\u0130FT\\u00c7\\u0130\\\/B\\u0130NG\\u00d6L-\\u0130HA)&quot;,&quot;created_timestamp&quot;:&quot;0&quot;,&quot;copyright&quot;:&quot;\\u0130HLAS HABER AJANSI, www.iha.com.tr&quot;,&quot;focal_length&quot;:&quot;0&quot;,&quot;iso&quot;:&quot;0&quot;,&quot;shutter_speed&quot;:&quot;0&quot;,&quot;title&quot;:&quot;T\\u0130P\\u0130 YOLU KAPATTI, CENAZEYE G\\u0130DEN 55 K\\u0130\\u015e\\u0130 MAHSUR KALDI&quot;,&quot;orientation&quot;:&quot;0&quot;}\" data-image-title=\"Tipi yolu kapatt\u0131, cenazeye giden 55 ki\u015fi mahsur kald\u0131\" data-image-description=\"&lt;p&gt;Tipi yolu kapatt\u0131, cenazeye giden 55 ki\u015fi mahsur kald\u0131&lt;\/p&gt; \" data-medium-file=\"https:\/\/i0.wp.com\/www.tvturk.com\/wp-content\/uploads\/2019\/03\/tipi-yolu-kapatti-cenazeye-giden-55-kisi-mahsur-kaldi_4f10e03.jpg?fit=300%2C225\" data-large-file=\"https:\/\/i0.wp.com\/www.tvturk.com\/wp-content\/uploads\/2019\/03\/tipi-yolu-kapatti-cenazeye-giden-55-kisi-mahsur-kaldi_4f10e03.jpg?fit=1000%2C750\" src=\"https:\/\/i0.wp.com\/www.tvturk.com\/wp-content\/uploads\/2019\/03\/tipi-yolu-kapatti-cenazeye-giden-55-kisi-mahsur-kaldi_4f10e03.jpg?w=203&#038;h=153\" srcset=\"https:\/\/i0.wp.com\/www.tvturk.com\/wp-content\/uploads\/2019\/03\/tipi-yolu-kapatti-cenazeye-giden-55-kisi-mahsur-kaldi_4f10e03.jpg?w=1000 1000w, https:\/\/i0.wp.com\/www.tvturk.com\/wp-content\/uploads\/2019\/03\/tipi-yolu-kapatti-cenazeye-giden-55-kisi-mahsur-kaldi_4f10e03.jpg?resize=150%2C113 150w, https:\/\/i0.wp.com\/www.tvturk.com\/wp-content\/uploads\/2019\/03\/tipi-yolu-kapatti-cenazeye-giden-55-kisi-mahsur-kaldi_4f10e03.jpg?resize=300%2C225 300w, https:\/\/i0.wp.com\/www.tvturk.com\/wp-content\/uploads\/2019\/03\/tipi-yolu-kapatti-cenazeye-giden-55-kisi-mahsur-kaldi_4f10e03.jpg?resize=768%2C576 768w\" width=\"203\" height=\"153\" loading=\"lazy\" data-original-width=\"203\" data-original-height=\"153\" itemprop=\"http:\/\/schema.org\/image\" title=\"Tipi yolu kapatt\u0131, cenazeye giden 55 ki\u015fi mahsur kald\u0131\" alt=\"Tipi yolu kapatt\u0131, cenazeye giden 55 ki\u015fi mahsur kald\u0131\" style=\"width: 203px; height: 153px;\" \/> <\/a> <\/div> <div class=\"tiled-gallery-item tiled-gallery-item-small\" itemprop=\"associatedMedia\" itemscope itemtype=\"http:\/\/schema.org\/ImageObject\"> <a href=\"http:\/\/www.tvturk.com\/index.php\/tipi-yolu-kapatti-cenazeye-giden-55-kisi-mahsur-kaldi\/tipi-yolu-kapatti-cenazeye-giden-55-kisi-mahsur-kaldi-7\/\" border=\"0\" itemprop=\"url\"> <meta itemprop=\"width\" content=\"203\"> <meta itemprop=\"height\" content=\"152\"> <img decoding=\"async\" class=\"\" data-attachment-id=\"77036\" data-orig-file=\"http:\/\/www.tvturk.com\/wp-content\/uploads\/2019\/03\/tipi-yolu-kapatti-cenazeye-giden-55-kisi-mahsur-kaldi_de77400.jpg\" data-orig-size=\"1000,750\" data-comments-opened=\"\" data-image-meta=\"{&quot;aperture&quot;:&quot;0&quot;,&quot;credit&quot;:&quot;IHA&quot;,&quot;camera&quot;:&quot;&quot;,&quot;caption&quot;:&quot;K\\u00d6Y SAK\\u0130NLER\\u0130, MAHSUR KALANLARA Y\\u0130YECEK VERD\\u0130. (MUHAMMET AL\\u0130 \\u00c7\\u0130FT\\u00c7\\u0130\\\/B\\u0130NG\\u00d6L-\\u0130HA)&quot;,&quot;created_timestamp&quot;:&quot;0&quot;,&quot;copyright&quot;:&quot;\\u0130HLAS HABER AJANSI, www.iha.com.tr&quot;,&quot;focal_length&quot;:&quot;0&quot;,&quot;iso&quot;:&quot;0&quot;,&quot;shutter_speed&quot;:&quot;0&quot;,&quot;title&quot;:&quot;T\\u0130P\\u0130 YOLU KAPATTI, CENAZEYE G\\u0130DEN 55 K\\u0130\\u015e\\u0130 MAHSUR KALDI&quot;,&quot;orientation&quot;:&quot;0&quot;}\" data-image-title=\"Tipi yolu kapatt\u0131, cenazeye giden 55 ki\u015fi mahsur kald\u0131\" data-image-description=\"&lt;p&gt;Tipi yolu kapatt\u0131, cenazeye giden 55 ki\u015fi mahsur kald\u0131&lt;\/p&gt; \" data-medium-file=\"https:\/\/i0.wp.com\/www.tvturk.com\/wp-content\/uploads\/2019\/03\/tipi-yolu-kapatti-cenazeye-giden-55-kisi-mahsur-kaldi_de77400.jpg?fit=300%2C225\" data-large-file=\"https:\/\/i0.wp.com\/www.tvturk.com\/wp-content\/uploads\/2019\/03\/tipi-yolu-kapatti-cenazeye-giden-55-kisi-mahsur-kaldi_de77400.jpg?fit=1000%2C750\" src=\"https:\/\/i0.wp.com\/www.tvturk.com\/wp-content\/uploads\/2019\/03\/tipi-yolu-kapatti-cenazeye-giden-55-kisi-mahsur-kaldi_de77400.jpg?w=203&#038;h=152\" srcset=\"https:\/\/i0.wp.com\/www.tvturk.com\/wp-content\/uploads\/2019\/03\/tipi-yolu-kapatti-cenazeye-giden-55-kisi-mahsur-kaldi_de77400.jpg?w=1000 1000w, https:\/\/i0.wp.com\/www.tvturk.com\/wp-content\/uploads\/2019\/03\/tipi-yolu-kapatti-cenazeye-giden-55-kisi-mahsur-kaldi_de77400.jpg?resize=150%2C113 150w, https:\/\/i0.wp.com\/www.tvturk.com\/wp-content\/uploads\/2019\/03\/tipi-yolu-kapatti-cenazeye-giden-55-kisi-mahsur-kaldi_de77400.jpg?resize=300%2C225 300w, https:\/\/i0.wp.com\/www.tvturk.com\/wp-content\/uploads\/2019\/03\/tipi-yolu-kapatti-cenazeye-giden-55-kisi-mahsur-kaldi_de77400.jpg?resize=768%2C576 768w\" width=\"203\" height=\"152\" loading=\"lazy\" data-original-width=\"203\" data-original-height=\"152\" itemprop=\"http:\/\/schema.org\/image\" title=\"Tipi yolu kapatt\u0131, cenazeye giden 55 ki\u015fi mahsur kald\u0131\" alt=\"Tipi yolu kapatt\u0131, cenazeye giden 55 ki\u015fi mahsur kald\u0131\" style=\"width: 203px; height: 152px;\" \/> <\/a> <\/div> <\/div> <!-- close group --> <div class=\"gallery-group images-1\" style=\"width: 293px; height: 313px;\" data-original-width=\"293\" data-original-height=\"313\" > <div class=\"tiled-gallery-item tiled-gallery-item-large\" itemprop=\"associatedMedia\" itemscope itemtype=\"http:\/\/schema.org\/ImageObject\"> <a href=\"http:\/\/www.tvturk.com\/index.php\/tipi-yolu-kapatti-cenazeye-giden-55-kisi-mahsur-kaldi\/tipi-yolu-kapatti-cenazeye-giden-55-kisi-mahsur-kaldi-8\/\" border=\"0\" itemprop=\"url\"> <meta itemprop=\"width\" content=\"289\"> <meta itemprop=\"height\" content=\"309\"> <img decoding=\"async\" class=\"\" data-attachment-id=\"77037\" data-orig-file=\"http:\/\/www.tvturk.com\/wp-content\/uploads\/2019\/03\/tipi-yolu-kapatti-cenazeye-giden-55-kisi-mahsur-kaldi_a64be66.jpg\" data-orig-size=\"399,427\" data-comments-opened=\"\" data-image-meta=\"{&quot;aperture&quot;:&quot;0&quot;,&quot;credit&quot;:&quot;IHA&quot;,&quot;camera&quot;:&quot;&quot;,&quot;caption&quot;:&quot;B\\u0130NG\\u00d6L\\u2019DE SABAH BA\\u015eLAYAN KAR YA\\u011eI\\u015eI VE T\\u0130P\\u0130N\\u0130N ETK\\u0130L\\u0130 OLMASI NEDEN\\u0130YLE B\\u0130R \\u00c7OK YOL KAPANDI. K\\u00d6YE M\\u0130N\\u0130B\\u00dcS VE OTOMOB\\u0130LLERLE CENAZEYE G\\u0130DEN 55 K\\u0130\\u015e\\u0130 \\u0130SE 3 SAATE YAKIN B\\u00d6LGEDE MAHSUR KALDI. (MUHAMMET AL\\u0130 \\u00c7\\u0130FT\\u00c7\\u0130\\\/B\\u0130NG\\u00d6L-\\u0130HA)&quot;,&quot;created_timestamp&quot;:&quot;1551998880&quot;,&quot;copyright&quot;:&quot;\\u0130HLAS HABER AJANSI, www.iha.com.tr&quot;,&quot;focal_length&quot;:&quot;0&quot;,&quot;iso&quot;:&quot;0&quot;,&quot;shutter_speed&quot;:&quot;0&quot;,&quot;title&quot;:&quot;T\\u0130P\\u0130 YOLU KAPATTI, CENAZEYE G\\u0130DEN 55 K\\u0130\\u015e\\u0130 MAHSUR KALDI&quot;,&quot;orientation&quot;:&quot;1&quot;}\" data-image-title=\"Tipi yolu kapatt\u0131, cenazeye giden 55 ki\u015fi mahsur kald\u0131\" data-image-description=\"&lt;p&gt;Tipi yolu kapatt\u0131, cenazeye giden 55 ki\u015fi mahsur kald\u0131&lt;\/p&gt; \" data-medium-file=\"https:\/\/i0.wp.com\/www.tvturk.com\/wp-content\/uploads\/2019\/03\/tipi-yolu-kapatti-cenazeye-giden-55-kisi-mahsur-kaldi_a64be66.jpg?fit=280%2C300\" data-large-file=\"https:\/\/i0.wp.com\/www.tvturk.com\/wp-content\/uploads\/2019\/03\/tipi-yolu-kapatti-cenazeye-giden-55-kisi-mahsur-kaldi_a64be66.jpg?fit=399%2C427\" src=\"https:\/\/i0.wp.com\/www.tvturk.com\/wp-content\/uploads\/2019\/03\/tipi-yolu-kapatti-cenazeye-giden-55-kisi-mahsur-kaldi_a64be66.jpg?w=289&#038;h=309\" srcset=\"https:\/\/i0.wp.com\/www.tvturk.com\/wp-content\/uploads\/2019\/03\/tipi-yolu-kapatti-cenazeye-giden-55-kisi-mahsur-kaldi_a64be66.jpg?w=399 399w, https:\/\/i0.wp.com\/www.tvturk.com\/wp-content\/uploads\/2019\/03\/tipi-yolu-kapatti-cenazeye-giden-55-kisi-mahsur-kaldi_a64be66.jpg?resize=140%2C150 140w, https:\/\/i0.wp.com\/www.tvturk.com\/wp-content\/uploads\/2019\/03\/tipi-yolu-kapatti-cenazeye-giden-55-kisi-mahsur-kaldi_a64be66.jpg?resize=280%2C300 280w\" width=\"289\" height=\"309\" loading=\"lazy\" data-original-width=\"289\" data-original-height=\"309\" itemprop=\"http:\/\/schema.org\/image\" title=\"Tipi yolu kapatt\u0131, cenazeye giden 55 ki\u015fi mahsur kald\u0131\" alt=\"Tipi yolu kapatt\u0131, cenazeye giden 55 ki\u015fi mahsur kald\u0131\" style=\"width: 289px; height: 309px;\" \/> <\/a> <\/div> <\/div> <!-- close group --> <\/div> <!-- close row --> <div class=\"gallery-row\" style=\"width: 500px; height: 340px;\" data-original-width=\"500\" data-original-height=\"340\" > <div class=\"gallery-group images-1\" style=\"width: 221px; height: 340px;\" data-original-width=\"221\" data-original-height=\"340\" > <div class=\"tiled-gallery-item tiled-gallery-item-small\" itemprop=\"associatedMedia\" itemscope itemtype=\"http:\/\/schema.org\/ImageObject\"> <a href=\"http:\/\/www.tvturk.com\/index.php\/tipi-yolu-kapatti-cenazeye-giden-55-kisi-mahsur-kaldi\/tipi-yolu-kapatti-cenazeye-giden-55-kisi-mahsur-kaldi-9\/\" border=\"0\" itemprop=\"url\"> <meta itemprop=\"width\" content=\"217\"> <meta itemprop=\"height\" content=\"336\"> <img decoding=\"async\" class=\"\" data-attachment-id=\"77038\" data-orig-file=\"http:\/\/www.tvturk.com\/wp-content\/uploads\/2019\/03\/tipi-yolu-kapatti-cenazeye-giden-55-kisi-mahsur-kaldi_b990c9d.jpg\" data-orig-size=\"399,619\" data-comments-opened=\"\" data-image-meta=\"{&quot;aperture&quot;:&quot;0&quot;,&quot;credit&quot;:&quot;IHA&quot;,&quot;camera&quot;:&quot;&quot;,&quot;caption&quot;:&quot;MAHSUR KALAN \\u00c7EK\\u0130C\\u0130 VATANDA\\u015eLAR TARAFINDAN \\u0130T\\u0130LEREK KURTARILDI. (MUHAMMET AL\\u0130 \\u00c7\\u0130FT\\u00c7\\u0130\\\/B\\u0130NG\\u00d6L-\\u0130HA)&quot;,&quot;created_timestamp&quot;:&quot;1551998880&quot;,&quot;copyright&quot;:&quot;\\u0130HLAS HABER AJANSI, www.iha.com.tr&quot;,&quot;focal_length&quot;:&quot;0&quot;,&quot;iso&quot;:&quot;0&quot;,&quot;shutter_speed&quot;:&quot;0&quot;,&quot;title&quot;:&quot;T\\u0130P\\u0130 YOLU KAPATTI, CENAZEYE G\\u0130DEN 55 K\\u0130\\u015e\\u0130 MAHSUR KALDI&quot;,&quot;orientation&quot;:&quot;1&quot;}\" data-image-title=\"Tipi yolu kapatt\u0131, cenazeye giden 55 ki\u015fi mahsur kald\u0131\" data-image-description=\"&lt;p&gt;Tipi yolu kapatt\u0131, cenazeye giden 55 ki\u015fi mahsur kald\u0131&lt;\/p&gt; \" data-medium-file=\"https:\/\/i0.wp.com\/www.tvturk.com\/wp-content\/uploads\/2019\/03\/tipi-yolu-kapatti-cenazeye-giden-55-kisi-mahsur-kaldi_b990c9d.jpg?fit=193%2C300\" data-large-file=\"https:\/\/i0.wp.com\/www.tvturk.com\/wp-content\/uploads\/2019\/03\/tipi-yolu-kapatti-cenazeye-giden-55-kisi-mahsur-kaldi_b990c9d.jpg?fit=399%2C619\" src=\"https:\/\/i0.wp.com\/www.tvturk.com\/wp-content\/uploads\/2019\/03\/tipi-yolu-kapatti-cenazeye-giden-55-kisi-mahsur-kaldi_b990c9d.jpg?w=217&#038;h=336\" srcset=\"https:\/\/i0.wp.com\/www.tvturk.com\/wp-content\/uploads\/2019\/03\/tipi-yolu-kapatti-cenazeye-giden-55-kisi-mahsur-kaldi_b990c9d.jpg?w=399 399w, https:\/\/i0.wp.com\/www.tvturk.com\/wp-content\/uploads\/2019\/03\/tipi-yolu-kapatti-cenazeye-giden-55-kisi-mahsur-kaldi_b990c9d.jpg?resize=97%2C150 97w, https:\/\/i0.wp.com\/www.tvturk.com\/wp-content\/uploads\/2019\/03\/tipi-yolu-kapatti-cenazeye-giden-55-kisi-mahsur-kaldi_b990c9d.jpg?resize=193%2C300 193w\" width=\"217\" height=\"336\" loading=\"lazy\" data-original-width=\"217\" data-original-height=\"336\" itemprop=\"http:\/\/schema.org\/image\" title=\"Tipi yolu kapatt\u0131, cenazeye giden 55 ki\u015fi mahsur kald\u0131\" alt=\"Tipi yolu kapatt\u0131, cenazeye giden 55 ki\u015fi mahsur kald\u0131\" style=\"width: 217px; height: 336px;\" \/> <\/a> <\/div> <\/div> <!-- close group --> <div class=\"gallery-group images-1\" style=\"width: 279px; height: 340px;\" data-original-width=\"279\" data-original-height=\"340\" > <div class=\"tiled-gallery-item tiled-gallery-item-large\" itemprop=\"associatedMedia\" itemscope itemtype=\"http:\/\/schema.org\/ImageObject\"> <a href=\"http:\/\/www.tvturk.com\/index.php\/tipi-yolu-kapatti-cenazeye-giden-55-kisi-mahsur-kaldi\/tipi-yolu-kapatti-cenazeye-giden-55-kisi-mahsur-kaldi-10\/\" border=\"0\" itemprop=\"url\"> <meta itemprop=\"width\" content=\"275\"> <meta itemprop=\"height\" content=\"336\"> <img decoding=\"async\" class=\"\" data-attachment-id=\"77039\" data-orig-file=\"http:\/\/www.tvturk.com\/wp-content\/uploads\/2019\/03\/tipi-yolu-kapatti-cenazeye-giden-55-kisi-mahsur-kaldi_b001c13.jpg\" data-orig-size=\"818,1000\" data-comments-opened=\"\" data-image-meta=\"{&quot;aperture&quot;:&quot;0&quot;,&quot;credit&quot;:&quot;IHA&quot;,&quot;camera&quot;:&quot;&quot;,&quot;caption&quot;:&quot;K\\u00d6Y SAK\\u0130NLER\\u0130, MAHSUR KALANLARA Y\\u0130YECEK VERD\\u0130. (MUHAMMET AL\\u0130 \\u00c7\\u0130FT\\u00c7\\u0130\\\/B\\u0130NG\\u00d6L-\\u0130HA)&quot;,&quot;created_timestamp&quot;:&quot;0&quot;,&quot;copyright&quot;:&quot;\\u0130HLAS HABER AJANSI, www.iha.com.tr&quot;,&quot;focal_length&quot;:&quot;0&quot;,&quot;iso&quot;:&quot;0&quot;,&quot;shutter_speed&quot;:&quot;0&quot;,&quot;title&quot;:&quot;T\\u0130P\\u0130 YOLU KAPATTI, CENAZEYE G\\u0130DEN 55 K\\u0130\\u015e\\u0130 MAHSUR KALDI&quot;,&quot;orientation&quot;:&quot;0&quot;}\" data-image-title=\"Tipi yolu kapatt\u0131, cenazeye giden 55 ki\u015fi mahsur kald\u0131\" data-image-description=\"&lt;p&gt;Tipi yolu kapatt\u0131, cenazeye giden 55 ki\u015fi mahsur kald\u0131&lt;\/p&gt; \" data-medium-file=\"https:\/\/i0.wp.com\/www.tvturk.com\/wp-content\/uploads\/2019\/03\/tipi-yolu-kapatti-cenazeye-giden-55-kisi-mahsur-kaldi_b001c13.jpg?fit=245%2C300\" data-large-file=\"https:\/\/i0.wp.com\/www.tvturk.com\/wp-content\/uploads\/2019\/03\/tipi-yolu-kapatti-cenazeye-giden-55-kisi-mahsur-kaldi_b001c13.jpg?fit=818%2C1000\" src=\"https:\/\/i0.wp.com\/www.tvturk.com\/wp-content\/uploads\/2019\/03\/tipi-yolu-kapatti-cenazeye-giden-55-kisi-mahsur-kaldi_b001c13.jpg?w=275&#038;h=336\" srcset=\"https:\/\/i0.wp.com\/www.tvturk.com\/wp-content\/uploads\/2019\/03\/tipi-yolu-kapatti-cenazeye-giden-55-kisi-mahsur-kaldi_b001c13.jpg?w=818 818w, https:\/\/i0.wp.com\/www.tvturk.com\/wp-content\/uploads\/2019\/03\/tipi-yolu-kapatti-cenazeye-giden-55-kisi-mahsur-kaldi_b001c13.jpg?resize=123%2C150 123w, https:\/\/i0.wp.com\/www.tvturk.com\/wp-content\/uploads\/2019\/03\/tipi-yolu-kapatti-cenazeye-giden-55-kisi-mahsur-kaldi_b001c13.jpg?resize=245%2C300 245w, https:\/\/i0.wp.com\/www.tvturk.com\/wp-content\/uploads\/2019\/03\/tipi-yolu-kapatti-cenazeye-giden-55-kisi-mahsur-kaldi_b001c13.jpg?resize=768%2C939 768w\" width=\"275\" height=\"336\" loading=\"lazy\" data-original-width=\"275\" data-original-height=\"336\" itemprop=\"http:\/\/schema.org\/image\" title=\"Tipi yolu kapatt\u0131, cenazeye giden 55 ki\u015fi mahsur kald\u0131\" alt=\"Tipi yolu kapatt\u0131, cenazeye giden 55 ki\u015fi mahsur kald\u0131\" style=\"width: 275px; height: 336px;\" \/> <\/a> <\/div> <\/div> <!-- close group --> <\/div> <!-- close row --> <\/div><\/p>\n","protected":false},"excerpt":{"rendered":"<p>B\u0130NG\u00d6L&#8217;DE SABAH BA\u015eLAYAN KAR YA\u011eI\u015eI VE T\u0130P\u0130N\u0130N ETK\u0130L\u0130 OLMASI NEDEN\u0130YLE B\u0130R \u00c7OK YOL KAPANDI. K\u00d6YE M\u0130N\u0130B\u00dcS VE OTOMOB\u0130LLERLE CENAZEYE G\u0130DEN 55  K\u0130\u015e\u0130 \u0130SE 3 SAATE YAKIN B\u00d6LGEDE MAHSUR KALDI.<\/p>\n","protected":false},"author":1,"featured_media":77031,"comment_status":"closed","ping_status":"open","sticky":false,"template":"","format":"standard","meta":{"jetpack_post_was_ever_published":false,"_jetpack_newsletter_access":"","_jetpack_dont_email_post_to_subs":false,"_jetpack_newsletter_tier_id":0,"_jetpack_memberships_contains_paywalled_content":false,"_jetpack_memberships_contains_paid_content":false,"footnotes":"","jetpack_publicize_message":"","jetpack_publicize_feature_enabled":true,"jetpack_social_post_already_shared":true,"jetpack_social_options":{"image_generator_settings":{"template":"highway","default_image_id":0,"font":"","enabled":false},"version":2}},"categories":[655],"tags":[22112,4319,1853,3768,1012,2381,6474,1262],"class_list":["post-77030","post","type-post","status-publish","format-standard","has-post-thumbnail","hentry","category-son-dakika","tag-cenazeye","tag-giden","tag-kaldi","tag-kapatti","tag-kisi","tag-mahsur","tag-tipi","tag-yolu"],"jetpack_publicize_connections":[],"jetpack_featured_media_url":"https:\/\/i0.wp.com\/www.tvturk.com\/wp-content\/uploads\/2019\/03\/tipi-yolu-kapatti-cenazeye-giden-55-kisi-mahsur-kaldi_265625d.jpg?fit=1000%2C750","jetpack_sharing_enabled":true,"jetpack_shortlink":"https:\/\/wp.me\/paKIfm-k2q","_links":{"self":[{"href":"http:\/\/www.tvturk.com\/index.php\/wp-json\/wp\/v2\/posts\/77030","targetHints":{"allow":["GET"]}}],"collection":[{"href":"http:\/\/www.tvturk.com\/index.php\/wp-json\/wp\/v2\/posts"}],"about":[{"href":"http:\/\/www.tvturk.com\/index.php\/wp-json\/wp\/v2\/types\/post"}],"author":[{"embeddable":true,"href":"http:\/\/www.tvturk.com\/index.php\/wp-json\/wp\/v2\/users\/1"}],"replies":[{"embeddable":true,"href":"http:\/\/www.tvturk.com\/index.php\/wp-json\/wp\/v2\/comments?post=77030"}],"version-history":[{"count":1,"href":"http:\/\/www.tvturk.com\/index.php\/wp-json\/wp\/v2\/posts\/77030\/revisions"}],"predecessor-version":[{"id":77040,"href":"http:\/\/www.tvturk.com\/index.php\/wp-json\/wp\/v2\/posts\/77030\/revisions\/77040"}],"wp:featuredmedia":[{"embeddable":true,"href":"http:\/\/www.tvturk.com\/index.php\/wp-json\/wp\/v2\/media\/77031"}],"wp:attachment":[{"href":"http:\/\/www.tvturk.com\/index.php\/wp-json\/wp\/v2\/media?parent=77030"}],"wp:term":[{"taxonomy":"category","embeddable":true,"href":"http:\/\/www.tvturk.com\/index.php\/wp-json\/wp\/v2\/categories?post=77030"},{"taxonomy":"post_tag","embeddable":true,"href":"http:\/\/www.tvturk.com\/index.php\/wp-json\/wp\/v2\/tags?post=77030"}],"curies":[{"name":"wp","href":"https:\/\/api.w.org\/{rel}","templated":true}]}}