{"id":77226,"date":"2019-03-07T16:22:55","date_gmt":"2019-03-07T13:22:55","guid":{"rendered":"http:\/\/www.tvturk.com\/index.php\/kastamonuda-yanginda-iki-ev-kullanilamaz-hale-geldi\/"},"modified":"2019-03-07T16:22:58","modified_gmt":"2019-03-07T13:22:58","slug":"kastamonuda-yanginda-iki-ev-kullanilamaz-hale-geldi","status":"publish","type":"post","link":"http:\/\/www.tvturk.com\/index.php\/kastamonuda-yanginda-iki-ev-kullanilamaz-hale-geldi\/","title":{"rendered":"Kastamonu\u2019da yang\u0131nda iki ev kullan\u0131lamaz hale geldi"},"content":{"rendered":"<p>Kastamonu\u2019nun Ara\u00e7 il\u00e7esinde hen\u00fcz belirlenemeyen nedenle \u00e7\u0131kan yang\u0131nda iki ev kullan\u0131lamaz hale geldi.<\/p>\n<p>Edinilen bilgiye g\u00f6re, Ara\u00e7 il\u00e7esine ba\u011fl\u0131 K\u00f6kl\u00fcyurt (G\u00fcrne) K\u00f6y\u00fcnde hen\u00fcz belirlenemeyen nedenle Ahmet B\u00fcy\u00fck\u00e7olpan\u2019a ait evde yang\u0131n \u00e7\u0131kt\u0131. \u00c7\u0131kan yang\u0131n k\u0131sa s\u00fcrede b\u00fcy\u00fcd\u00fc. \u0130hbar \u00fczerine olay yerine Ara\u00e7 Belediyesine ait itfaiye ekipleri, \u0130\u011fdir Muhtarl\u0131\u011f\u0131 ve Ara\u00e7 Orman \u0130\u015fletme M\u00fcd\u00fcrl\u00fc\u011f\u00fcne ait araz\u00f6zler sevk edildi. Uzun u\u011fra\u015flar sonunda kontrol alt\u0131na al\u0131nabilen yang\u0131nda Ahmet B\u00fcy\u00fck\u00e7olpana ait ev tamamen yanarak kullan\u0131lamaz hale gelirken, Naz\u0131m B\u00fcy\u00fck\u00e7olpana ait ev ise k\u0131smen yand\u0131. Olayla ilgili soru\u015fturma devam ediyor.<div class=\"tiled-gallery type-rectangular tiled-gallery-unresized\" data-original-width=\"500\" data-carousel-extra='null' itemscope itemtype=\"http:\/\/schema.org\/ImageGallery\" > <div class=\"gallery-row\" style=\"width: 500px; height: 223px;\" data-original-width=\"500\" data-original-height=\"223\" > <div class=\"gallery-group images-1\" style=\"width: 124px; height: 223px;\" data-original-width=\"124\" data-original-height=\"223\" > <div class=\"tiled-gallery-item tiled-gallery-item-small\" itemprop=\"associatedMedia\" itemscope itemtype=\"http:\/\/schema.org\/ImageObject\"> <a href=\"http:\/\/www.tvturk.com\/index.php\/kastamonuda-yanginda-iki-ev-kullanilamaz-hale-geldi\/kastamonuda-yanginda-iki-ev-kullanilamaz-hale-geldi-3\/\" border=\"0\" itemprop=\"url\"> <meta itemprop=\"width\" content=\"120\"> <meta itemprop=\"height\" content=\"219\"> <img decoding=\"async\" class=\"\" data-attachment-id=\"77228\" data-orig-file=\"http:\/\/www.tvturk.com\/wp-content\/uploads\/2019\/03\/kastamonuda-yanginda-iki-ev-kullanilamaz-hale-geldi_3d7e489.jpg\" data-orig-size=\"528,960\" data-comments-opened=\"\" data-image-meta=\"{&quot;aperture&quot;:&quot;0&quot;,&quot;credit&quot;:&quot;IHA&quot;,&quot;camera&quot;:&quot;&quot;,&quot;caption&quot;:&quot;ARA\\u00c7 \\u0130L\\u00c7ES\\u0130NDE HEN\\u00dcZ BEL\\u0130RLENEMEYEN NEDENLE \\u00c7IKAN YANGINDA \\u0130K\\u0130 EV KULLANILAMAZ HALE GELD\\u0130. (\\u0130LHAN YAZAN\\\/KASTAMONU-\\u0130HA)&quot;,&quot;created_timestamp&quot;:&quot;1552004400&quot;,&quot;copyright&quot;:&quot;\\u0130HLAS HABER AJANSI, www.iha.com.tr&quot;,&quot;focal_length&quot;:&quot;0&quot;,&quot;iso&quot;:&quot;0&quot;,&quot;shutter_speed&quot;:&quot;0&quot;,&quot;title&quot;:&quot;KASTAMONU\\u2019DA YANGINDA \\u0130K\\u0130 EV KULLANILAMAZ HALE GELD\\u0130&quot;,&quot;orientation&quot;:&quot;0&quot;}\" data-image-title=\"Kastamonu\u2019da yang\u0131nda iki ev kullan\u0131lamaz hale geldi\" data-image-description=\"&lt;p&gt;Kastamonu\u2019da yang\u0131nda iki ev kullan\u0131lamaz hale geldi&lt;\/p&gt; \" data-medium-file=\"https:\/\/i0.wp.com\/www.tvturk.com\/wp-content\/uploads\/2019\/03\/kastamonuda-yanginda-iki-ev-kullanilamaz-hale-geldi_3d7e489.jpg?fit=165%2C300\" data-large-file=\"https:\/\/i0.wp.com\/www.tvturk.com\/wp-content\/uploads\/2019\/03\/kastamonuda-yanginda-iki-ev-kullanilamaz-hale-geldi_3d7e489.jpg?fit=528%2C960\" src=\"https:\/\/i0.wp.com\/www.tvturk.com\/wp-content\/uploads\/2019\/03\/kastamonuda-yanginda-iki-ev-kullanilamaz-hale-geldi_3d7e489.jpg?w=120&#038;h=219\" srcset=\"https:\/\/i0.wp.com\/www.tvturk.com\/wp-content\/uploads\/2019\/03\/kastamonuda-yanginda-iki-ev-kullanilamaz-hale-geldi_3d7e489.jpg?w=528 528w, https:\/\/i0.wp.com\/www.tvturk.com\/wp-content\/uploads\/2019\/03\/kastamonuda-yanginda-iki-ev-kullanilamaz-hale-geldi_3d7e489.jpg?resize=83%2C150 83w, https:\/\/i0.wp.com\/www.tvturk.com\/wp-content\/uploads\/2019\/03\/kastamonuda-yanginda-iki-ev-kullanilamaz-hale-geldi_3d7e489.jpg?resize=165%2C300 165w\" width=\"120\" height=\"219\" loading=\"lazy\" data-original-width=\"120\" data-original-height=\"219\" itemprop=\"http:\/\/schema.org\/image\" title=\"Kastamonu\u2019da yang\u0131nda iki ev kullan\u0131lamaz hale geldi\" alt=\"Kastamonu\u2019da yang\u0131nda iki ev kullan\u0131lamaz hale geldi\" style=\"width: 120px; height: 219px;\" \/> <\/a> <\/div> <\/div> <!-- close group --> <div class=\"gallery-group images-1\" style=\"width: 124px; height: 223px;\" data-original-width=\"124\" data-original-height=\"223\" > <div class=\"tiled-gallery-item tiled-gallery-item-small\" itemprop=\"associatedMedia\" itemscope itemtype=\"http:\/\/schema.org\/ImageObject\"> <a href=\"http:\/\/www.tvturk.com\/index.php\/kastamonuda-yanginda-iki-ev-kullanilamaz-hale-geldi\/kastamonuda-yanginda-iki-ev-kullanilamaz-hale-geldi-4\/\" border=\"0\" itemprop=\"url\"> <meta itemprop=\"width\" content=\"120\"> <meta itemprop=\"height\" content=\"219\"> <img decoding=\"async\" class=\"\" data-attachment-id=\"77229\" data-orig-file=\"http:\/\/www.tvturk.com\/wp-content\/uploads\/2019\/03\/kastamonuda-yanginda-iki-ev-kullanilamaz-hale-geldi_ebdb49f.jpg\" data-orig-size=\"528,960\" data-comments-opened=\"\" data-image-meta=\"{&quot;aperture&quot;:&quot;0&quot;,&quot;credit&quot;:&quot;IHA&quot;,&quot;camera&quot;:&quot;&quot;,&quot;caption&quot;:&quot;ARA\\u00c7 \\u0130L\\u00c7ES\\u0130NDE HEN\\u00dcZ BEL\\u0130RLENEMEYEN NEDENLE \\u00c7IKAN YANGINDA \\u0130K\\u0130 EV KULLANILAMAZ HALE GELD\\u0130. (\\u0130LHAN YAZAN\\\/KASTAMONU-\\u0130HA)&quot;,&quot;created_timestamp&quot;:&quot;1552004400&quot;,&quot;copyright&quot;:&quot;\\u0130HLAS HABER AJANSI, www.iha.com.tr&quot;,&quot;focal_length&quot;:&quot;0&quot;,&quot;iso&quot;:&quot;0&quot;,&quot;shutter_speed&quot;:&quot;0&quot;,&quot;title&quot;:&quot;KASTAMONU\\u2019DA YANGINDA \\u0130K\\u0130 EV KULLANILAMAZ HALE GELD\\u0130&quot;,&quot;orientation&quot;:&quot;0&quot;}\" data-image-title=\"Kastamonu\u2019da yang\u0131nda iki ev kullan\u0131lamaz hale geldi\" data-image-description=\"&lt;p&gt;Kastamonu\u2019da yang\u0131nda iki ev kullan\u0131lamaz hale geldi&lt;\/p&gt; \" data-medium-file=\"https:\/\/i0.wp.com\/www.tvturk.com\/wp-content\/uploads\/2019\/03\/kastamonuda-yanginda-iki-ev-kullanilamaz-hale-geldi_ebdb49f.jpg?fit=165%2C300\" data-large-file=\"https:\/\/i0.wp.com\/www.tvturk.com\/wp-content\/uploads\/2019\/03\/kastamonuda-yanginda-iki-ev-kullanilamaz-hale-geldi_ebdb49f.jpg?fit=528%2C960\" src=\"https:\/\/i0.wp.com\/www.tvturk.com\/wp-content\/uploads\/2019\/03\/kastamonuda-yanginda-iki-ev-kullanilamaz-hale-geldi_ebdb49f.jpg?w=120&#038;h=219\" srcset=\"https:\/\/i0.wp.com\/www.tvturk.com\/wp-content\/uploads\/2019\/03\/kastamonuda-yanginda-iki-ev-kullanilamaz-hale-geldi_ebdb49f.jpg?w=528 528w, https:\/\/i0.wp.com\/www.tvturk.com\/wp-content\/uploads\/2019\/03\/kastamonuda-yanginda-iki-ev-kullanilamaz-hale-geldi_ebdb49f.jpg?resize=83%2C150 83w, https:\/\/i0.wp.com\/www.tvturk.com\/wp-content\/uploads\/2019\/03\/kastamonuda-yanginda-iki-ev-kullanilamaz-hale-geldi_ebdb49f.jpg?resize=165%2C300 165w\" width=\"120\" height=\"219\" loading=\"lazy\" data-original-width=\"120\" data-original-height=\"219\" itemprop=\"http:\/\/schema.org\/image\" title=\"Kastamonu\u2019da yang\u0131nda iki ev kullan\u0131lamaz hale geldi\" alt=\"Kastamonu\u2019da yang\u0131nda iki ev kullan\u0131lamaz hale geldi\" style=\"width: 120px; height: 219px;\" \/> <\/a> <\/div> <\/div> <!-- close group --> <div class=\"gallery-group images-1\" style=\"width: 126px; height: 223px;\" data-original-width=\"126\" data-original-height=\"223\" > <div class=\"tiled-gallery-item tiled-gallery-item-small\" itemprop=\"associatedMedia\" itemscope itemtype=\"http:\/\/schema.org\/ImageObject\"> <a href=\"http:\/\/www.tvturk.com\/index.php\/kastamonuda-yanginda-iki-ev-kullanilamaz-hale-geldi\/kastamonuda-yanginda-iki-ev-kullanilamaz-hale-geldi-5\/\" border=\"0\" itemprop=\"url\"> <meta itemprop=\"width\" content=\"122\"> <meta itemprop=\"height\" content=\"219\"> <img decoding=\"async\" class=\"\" data-attachment-id=\"77230\" data-orig-file=\"http:\/\/www.tvturk.com\/wp-content\/uploads\/2019\/03\/kastamonuda-yanginda-iki-ev-kullanilamaz-hale-geldi_ba34439.jpg\" data-orig-size=\"555,1000\" data-comments-opened=\"\" data-image-meta=\"{&quot;aperture&quot;:&quot;0&quot;,&quot;credit&quot;:&quot;IHA&quot;,&quot;camera&quot;:&quot;&quot;,&quot;caption&quot;:&quot;ARA\\u00c7 \\u0130L\\u00c7ES\\u0130NDE HEN\\u00dcZ BEL\\u0130RLENEMEYEN NEDENLE \\u00c7IKAN YANGINDA \\u0130K\\u0130 EV KULLANILAMAZ HALE GELD\\u0130. (\\u0130LHAN YAZAN\\\/KASTAMONU-\\u0130HA)&quot;,&quot;created_timestamp&quot;:&quot;0&quot;,&quot;copyright&quot;:&quot;\\u0130HLAS HABER AJANSI, www.iha.com.tr&quot;,&quot;focal_length&quot;:&quot;0&quot;,&quot;iso&quot;:&quot;0&quot;,&quot;shutter_speed&quot;:&quot;0&quot;,&quot;title&quot;:&quot;KASTAMONU\\u2019DA YANGINDA \\u0130K\\u0130 EV KULLANILAMAZ HALE GELD\\u0130&quot;,&quot;orientation&quot;:&quot;0&quot;}\" data-image-title=\"Kastamonu\u2019da yang\u0131nda iki ev kullan\u0131lamaz hale geldi\" data-image-description=\"&lt;p&gt;Kastamonu\u2019da yang\u0131nda iki ev kullan\u0131lamaz hale geldi&lt;\/p&gt; \" data-medium-file=\"https:\/\/i0.wp.com\/www.tvturk.com\/wp-content\/uploads\/2019\/03\/kastamonuda-yanginda-iki-ev-kullanilamaz-hale-geldi_ba34439.jpg?fit=167%2C300\" data-large-file=\"https:\/\/i0.wp.com\/www.tvturk.com\/wp-content\/uploads\/2019\/03\/kastamonuda-yanginda-iki-ev-kullanilamaz-hale-geldi_ba34439.jpg?fit=555%2C1000\" src=\"https:\/\/i0.wp.com\/www.tvturk.com\/wp-content\/uploads\/2019\/03\/kastamonuda-yanginda-iki-ev-kullanilamaz-hale-geldi_ba34439.jpg?w=122&#038;h=219\" srcset=\"https:\/\/i0.wp.com\/www.tvturk.com\/wp-content\/uploads\/2019\/03\/kastamonuda-yanginda-iki-ev-kullanilamaz-hale-geldi_ba34439.jpg?w=555 555w, https:\/\/i0.wp.com\/www.tvturk.com\/wp-content\/uploads\/2019\/03\/kastamonuda-yanginda-iki-ev-kullanilamaz-hale-geldi_ba34439.jpg?resize=83%2C150 83w, https:\/\/i0.wp.com\/www.tvturk.com\/wp-content\/uploads\/2019\/03\/kastamonuda-yanginda-iki-ev-kullanilamaz-hale-geldi_ba34439.jpg?resize=167%2C300 167w\" width=\"122\" height=\"219\" loading=\"lazy\" data-original-width=\"122\" data-original-height=\"219\" itemprop=\"http:\/\/schema.org\/image\" title=\"Kastamonu\u2019da yang\u0131nda iki ev kullan\u0131lamaz hale geldi\" alt=\"Kastamonu\u2019da yang\u0131nda iki ev kullan\u0131lamaz hale geldi\" style=\"width: 122px; height: 219px;\" \/> <\/a> <\/div> <\/div> <!-- close group --> <div class=\"gallery-group images-1\" style=\"width: 126px; height: 223px;\" data-original-width=\"126\" data-original-height=\"223\" > <div class=\"tiled-gallery-item tiled-gallery-item-small\" itemprop=\"associatedMedia\" itemscope itemtype=\"http:\/\/schema.org\/ImageObject\"> <a href=\"http:\/\/www.tvturk.com\/index.php\/kastamonuda-yanginda-iki-ev-kullanilamaz-hale-geldi\/kastamonuda-yanginda-iki-ev-kullanilamaz-hale-geldi-6\/\" border=\"0\" itemprop=\"url\"> <meta itemprop=\"width\" content=\"122\"> <meta itemprop=\"height\" content=\"219\"> <img decoding=\"async\" class=\"\" data-attachment-id=\"77231\" data-orig-file=\"http:\/\/www.tvturk.com\/wp-content\/uploads\/2019\/03\/kastamonuda-yanginda-iki-ev-kullanilamaz-hale-geldi_86134b6.jpg\" data-orig-size=\"533,960\" data-comments-opened=\"\" data-image-meta=\"{&quot;aperture&quot;:&quot;0&quot;,&quot;credit&quot;:&quot;IHA&quot;,&quot;camera&quot;:&quot;&quot;,&quot;caption&quot;:&quot;ARA\\u00c7 \\u0130L\\u00c7ES\\u0130NDE HEN\\u00dcZ BEL\\u0130RLENEMEYEN NEDENLE \\u00c7IKAN YANGINDA \\u0130K\\u0130 EV KULLANILAMAZ HALE GELD\\u0130. (\\u0130LHAN YAZAN\\\/KASTAMONU-\\u0130HA)&quot;,&quot;created_timestamp&quot;:&quot;1552004400&quot;,&quot;copyright&quot;:&quot;\\u0130HLAS HABER AJANSI, www.iha.com.tr&quot;,&quot;focal_length&quot;:&quot;0&quot;,&quot;iso&quot;:&quot;0&quot;,&quot;shutter_speed&quot;:&quot;0&quot;,&quot;title&quot;:&quot;KASTAMONU\\u2019DA YANGINDA \\u0130K\\u0130 EV KULLANILAMAZ HALE GELD\\u0130&quot;,&quot;orientation&quot;:&quot;0&quot;}\" data-image-title=\"Kastamonu\u2019da yang\u0131nda iki ev kullan\u0131lamaz hale geldi\" data-image-description=\"&lt;p&gt;Kastamonu\u2019da yang\u0131nda iki ev kullan\u0131lamaz hale geldi&lt;\/p&gt; \" data-medium-file=\"https:\/\/i0.wp.com\/www.tvturk.com\/wp-content\/uploads\/2019\/03\/kastamonuda-yanginda-iki-ev-kullanilamaz-hale-geldi_86134b6.jpg?fit=167%2C300\" data-large-file=\"https:\/\/i0.wp.com\/www.tvturk.com\/wp-content\/uploads\/2019\/03\/kastamonuda-yanginda-iki-ev-kullanilamaz-hale-geldi_86134b6.jpg?fit=533%2C960\" src=\"https:\/\/i0.wp.com\/www.tvturk.com\/wp-content\/uploads\/2019\/03\/kastamonuda-yanginda-iki-ev-kullanilamaz-hale-geldi_86134b6.jpg?w=122&#038;h=219\" srcset=\"https:\/\/i0.wp.com\/www.tvturk.com\/wp-content\/uploads\/2019\/03\/kastamonuda-yanginda-iki-ev-kullanilamaz-hale-geldi_86134b6.jpg?w=533 533w, https:\/\/i0.wp.com\/www.tvturk.com\/wp-content\/uploads\/2019\/03\/kastamonuda-yanginda-iki-ev-kullanilamaz-hale-geldi_86134b6.jpg?resize=83%2C150 83w, https:\/\/i0.wp.com\/www.tvturk.com\/wp-content\/uploads\/2019\/03\/kastamonuda-yanginda-iki-ev-kullanilamaz-hale-geldi_86134b6.jpg?resize=167%2C300 167w\" width=\"122\" height=\"219\" loading=\"lazy\" data-original-width=\"122\" data-original-height=\"219\" itemprop=\"http:\/\/schema.org\/image\" title=\"Kastamonu\u2019da yang\u0131nda iki ev kullan\u0131lamaz hale geldi\" alt=\"Kastamonu\u2019da yang\u0131nda iki ev kullan\u0131lamaz hale geldi\" style=\"width: 122px; height: 219px;\" \/> <\/a> <\/div> <\/div> <!-- close group --> <\/div> <!-- close row --> <\/div><\/p>\n","protected":false},"excerpt":{"rendered":"<p>ARA\u00c7 \u0130L\u00c7ES\u0130NDE HEN\u00dcZ BEL\u0130RLENEMEYEN NEDENLE \u00c7IKAN YANGINDA \u0130K\u0130 EV KULLANILAMAZ HALE GELD\u0130.<\/p>\n","protected":false},"author":1,"featured_media":77227,"comment_status":"closed","ping_status":"open","sticky":false,"template":"","format":"standard","meta":{"jetpack_post_was_ever_published":false,"_jetpack_newsletter_access":"","_jetpack_dont_email_post_to_subs":false,"_jetpack_newsletter_tier_id":0,"_jetpack_memberships_contains_paywalled_content":false,"_jetpack_memberships_contains_paid_content":false,"footnotes":"","jetpack_publicize_message":"","jetpack_publicize_feature_enabled":true,"jetpack_social_post_already_shared":true,"jetpack_social_options":{"image_generator_settings":{"template":"highway","default_image_id":0,"font":"","enabled":false},"version":2}},"categories":[655],"tags":[127,1355,1220,410,14591,6825],"class_list":["post-77226","post","type-post","status-publish","format-standard","has-post-thumbnail","hentry","category-son-dakika","tag-geldi","tag-hale","tag-iki","tag-kastamonuda","tag-kullanilamaz","tag-yanginda"],"jetpack_publicize_connections":[],"jetpack_featured_media_url":"https:\/\/i0.wp.com\/www.tvturk.com\/wp-content\/uploads\/2019\/03\/kastamonuda-yanginda-iki-ev-kullanilamaz-hale-geldi_fd5c927.jpg?fit=960%2C540","jetpack_sharing_enabled":true,"jetpack_shortlink":"https:\/\/wp.me\/paKIfm-k5A","_links":{"self":[{"href":"http:\/\/www.tvturk.com\/index.php\/wp-json\/wp\/v2\/posts\/77226","targetHints":{"allow":["GET"]}}],"collection":[{"href":"http:\/\/www.tvturk.com\/index.php\/wp-json\/wp\/v2\/posts"}],"about":[{"href":"http:\/\/www.tvturk.com\/index.php\/wp-json\/wp\/v2\/types\/post"}],"author":[{"embeddable":true,"href":"http:\/\/www.tvturk.com\/index.php\/wp-json\/wp\/v2\/users\/1"}],"replies":[{"embeddable":true,"href":"http:\/\/www.tvturk.com\/index.php\/wp-json\/wp\/v2\/comments?post=77226"}],"version-history":[{"count":1,"href":"http:\/\/www.tvturk.com\/index.php\/wp-json\/wp\/v2\/posts\/77226\/revisions"}],"predecessor-version":[{"id":77232,"href":"http:\/\/www.tvturk.com\/index.php\/wp-json\/wp\/v2\/posts\/77226\/revisions\/77232"}],"wp:featuredmedia":[{"embeddable":true,"href":"http:\/\/www.tvturk.com\/index.php\/wp-json\/wp\/v2\/media\/77227"}],"wp:attachment":[{"href":"http:\/\/www.tvturk.com\/index.php\/wp-json\/wp\/v2\/media?parent=77226"}],"wp:term":[{"taxonomy":"category","embeddable":true,"href":"http:\/\/www.tvturk.com\/index.php\/wp-json\/wp\/v2\/categories?post=77226"},{"taxonomy":"post_tag","embeddable":true,"href":"http:\/\/www.tvturk.com\/index.php\/wp-json\/wp\/v2\/tags?post=77226"}],"curies":[{"name":"wp","href":"https:\/\/api.w.org\/{rel}","templated":true}]}}