{"id":78279,"date":"2019-03-08T09:57:19","date_gmt":"2019-03-08T06:57:19","guid":{"rendered":"http:\/\/www.tvturk.com\/index.php\/kizil-sahin-ve-puhu-kusuna-yardim-eli\/"},"modified":"2019-03-08T09:57:22","modified_gmt":"2019-03-08T06:57:22","slug":"kizil-sahin-ve-puhu-kusuna-yardim-eli","status":"publish","type":"post","link":"http:\/\/www.tvturk.com\/index.php\/kizil-sahin-ve-puhu-kusuna-yardim-eli\/","title":{"rendered":"K\u0131z\u0131l \u015fahin ve puhu ku\u015funa yard\u0131m eli"},"content":{"rendered":"<p>Yozgat\u2019ta kanatlar\u0131ndan yaralanan k\u0131z\u0131l \u015fahin ve puhu ku\u015fu tedavilerinin ard\u0131ndan yeniden do\u011faya sal\u0131nacak.<\/p>\n<p>Yozgat\u2019ta vatanda\u015flar taraf\u0131ndan yaral\u0131 halde bulunan k\u0131z\u0131l \u015fahin ve puhu ku\u015fu tedavisi yap\u0131lmas\u0131 amac\u0131yla Yozgat Belediyesi Ge\u00e7ici Hayvan Bar\u0131na\u011f\u0131na getirildi. Burada veteriner hekim Mehmet Emin \u00d6zcan taraf\u0131ndan tedavi alt\u0131na al\u0131nan ku\u015flar\u0131n kanatlar\u0131nda zedelenme oldu\u011fu belirlendi. Kurum \u00e7al\u0131\u015fanlar\u0131 taraf\u0131ndan elle beslenen yavru ku\u015flar, tedavi s\u00fcre\u00e7lerinin ard\u0131ndan tekrardan do\u011fal ortamlar\u0131na b\u0131rak\u0131lacak.<\/p>\n<p>Yaral\u0131 ku\u015flar\u0131n tedavisini ger\u00e7ekle\u015ftiren veteriner hekim Mehmet Emin \u00d6zcan, &#8220;Yaral\u0131 hayvanlar bulundu\u011funda vatanda\u015f taraf\u0131ndan ilk olarak Orman \u0130\u015fletme M\u00fcd\u00fcrl\u00fc\u011f\u00fcne haber veriliyor. Oradan tedavi i\u00e7in buraya getiriliyor. \u015eu an tedavide mevcut olan iki tane hayvan\u0131m\u0131z var. Birisi puhu ku\u015fu di\u011feri de k\u0131z\u0131l \u015fahin. Bu hayvanlar\u0131n ikisi de prime u\u00e7ma organlar\u0131nda zedelenme ve hafif yaralanmadan dolay\u0131 yeterli u\u00e7ma \u00f6zelli\u011fine sahip de\u011filler. \u015eu an burada bak\u0131mlar\u0131 yap\u0131l\u0131yor, beslenme ve sa\u011fl\u0131k kontrolleri yap\u0131l\u0131yor. \u0130n\u015fallah sa\u011fl\u0131klar\u0131na kavu\u015ftu\u011funda da al\u0131nd\u0131\u011f\u0131 ortamlara tekrar b\u0131rak\u0131lacaklar&#8221; dedi.<\/p>\n<p>Veteriner hekim avc\u0131lar\u0131 bilin\u00e7li olmaya davet ederek &#8220;Avc\u0131l\u0131ktan dolay\u0131 yaralanan do\u011fa hayvanlar\u0131 da var. Malum g\u00fcvercin besleyen veya do\u011fada ava \u00e7\u0131kan insanlar bu hayvanlara ate\u015f etmeyi keyif haline getirmeye \u00e7al\u0131\u015f\u0131yorlar. Bu tipteki avc\u0131 arkada\u015flara ikaz\u0131m\u0131zd\u0131r, bu hayvanlar\u0131n yeti\u015fmesi ger\u00e7ekten \u00e7ok uzun zaman al\u0131yor. Att\u0131\u011f\u0131n\u0131z bir fi\u015fek bu hayvanlar\u0131n neslinin tamamen t\u00fckenmesine sebep olabilir&#8221; \u015feklinde konu\u015ftu.<div class=\"tiled-gallery type-rectangular tiled-gallery-unresized\" data-original-width=\"500\" data-carousel-extra='null' itemscope itemtype=\"http:\/\/schema.org\/ImageGallery\" > <div class=\"gallery-row\" style=\"width: 500px; height: 224px;\" data-original-width=\"500\" data-original-height=\"224\" > <div class=\"gallery-group images-1\" style=\"width: 334px; height: 224px;\" data-original-width=\"334\" data-original-height=\"224\" > <div class=\"tiled-gallery-item tiled-gallery-item-large\" itemprop=\"associatedMedia\" itemscope itemtype=\"http:\/\/schema.org\/ImageObject\"> <a href=\"http:\/\/www.tvturk.com\/index.php\/kizil-sahin-ve-puhu-kusuna-yardim-eli\/kizil-sahin-ve-puhu-kusuna-yardim-eli-3\/\" border=\"0\" itemprop=\"url\"> <meta itemprop=\"width\" content=\"330\"> <meta itemprop=\"height\" content=\"220\"> <img decoding=\"async\" class=\"\" data-attachment-id=\"78281\" data-orig-file=\"http:\/\/www.tvturk.com\/wp-content\/uploads\/2019\/03\/kizil-sahin-ve-puhu-kusuna-yardim-eli_5f58e35.jpg\" data-orig-size=\"1000,666\" data-comments-opened=\"\" data-image-meta=\"{&quot;aperture&quot;:&quot;0&quot;,&quot;credit&quot;:&quot;IHA&quot;,&quot;camera&quot;:&quot;&quot;,&quot;caption&quot;:&quot;YOZGAT\\u2019TA KANATLARINDAN YARALANAN KIZIL \\u015eAH\\u0130N VE PUHU KU\\u015eU TEDAV\\u0130LER\\u0130N\\u0130N ARDINDAN YEN\\u0130DEN DO\\u011eAYA SALINACAK. (ALPASLAN DEM\\u0130R - BAHADIR MUHL\\u0130S G\\u00d6KG\\u00dcL\\\/YOZGAT-\\u0130HA)&quot;,&quot;created_timestamp&quot;:&quot;0&quot;,&quot;copyright&quot;:&quot;\\u0130HLAS HABER AJANSI, www.iha.com.tr&quot;,&quot;focal_length&quot;:&quot;0&quot;,&quot;iso&quot;:&quot;0&quot;,&quot;shutter_speed&quot;:&quot;0&quot;,&quot;title&quot;:&quot;KIZIL \\u015eAH\\u0130N VE PUHU KU\\u015eUNA YARDIM EL\\u0130&quot;,&quot;orientation&quot;:&quot;0&quot;}\" data-image-title=\"K\u0131z\u0131l \u015fahin ve puhu ku\u015funa yard\u0131m eli\" data-image-description=\"&lt;p&gt;K\u0131z\u0131l \u015fahin ve puhu ku\u015funa yard\u0131m eli&lt;\/p&gt; \" data-medium-file=\"https:\/\/i0.wp.com\/www.tvturk.com\/wp-content\/uploads\/2019\/03\/kizil-sahin-ve-puhu-kusuna-yardim-eli_5f58e35.jpg?fit=300%2C200\" data-large-file=\"https:\/\/i0.wp.com\/www.tvturk.com\/wp-content\/uploads\/2019\/03\/kizil-sahin-ve-puhu-kusuna-yardim-eli_5f58e35.jpg?fit=1000%2C666\" src=\"https:\/\/i0.wp.com\/www.tvturk.com\/wp-content\/uploads\/2019\/03\/kizil-sahin-ve-puhu-kusuna-yardim-eli_5f58e35.jpg?w=330&#038;h=220\" srcset=\"https:\/\/i0.wp.com\/www.tvturk.com\/wp-content\/uploads\/2019\/03\/kizil-sahin-ve-puhu-kusuna-yardim-eli_5f58e35.jpg?w=1000 1000w, https:\/\/i0.wp.com\/www.tvturk.com\/wp-content\/uploads\/2019\/03\/kizil-sahin-ve-puhu-kusuna-yardim-eli_5f58e35.jpg?resize=150%2C100 150w, https:\/\/i0.wp.com\/www.tvturk.com\/wp-content\/uploads\/2019\/03\/kizil-sahin-ve-puhu-kusuna-yardim-eli_5f58e35.jpg?resize=300%2C200 300w, https:\/\/i0.wp.com\/www.tvturk.com\/wp-content\/uploads\/2019\/03\/kizil-sahin-ve-puhu-kusuna-yardim-eli_5f58e35.jpg?resize=768%2C511 768w, https:\/\/i0.wp.com\/www.tvturk.com\/wp-content\/uploads\/2019\/03\/kizil-sahin-ve-puhu-kusuna-yardim-eli_5f58e35.jpg?resize=170%2C113 170w, https:\/\/i0.wp.com\/www.tvturk.com\/wp-content\/uploads\/2019\/03\/kizil-sahin-ve-puhu-kusuna-yardim-eli_5f58e35.jpg?resize=120%2C80 120w\" width=\"330\" height=\"220\" loading=\"lazy\" data-original-width=\"330\" data-original-height=\"220\" itemprop=\"http:\/\/schema.org\/image\" title=\"K\u0131z\u0131l \u015fahin ve puhu ku\u015funa yard\u0131m eli\" alt=\"K\u0131z\u0131l \u015fahin ve puhu ku\u015funa yard\u0131m eli\" style=\"width: 330px; height: 220px;\" \/> <\/a> <\/div> <\/div> <!-- close group --> <div class=\"gallery-group images-2\" style=\"width: 166px; height: 224px;\" data-original-width=\"166\" data-original-height=\"224\" > <div class=\"tiled-gallery-item tiled-gallery-item-small\" itemprop=\"associatedMedia\" itemscope itemtype=\"http:\/\/schema.org\/ImageObject\"> <a href=\"http:\/\/www.tvturk.com\/index.php\/kizil-sahin-ve-puhu-kusuna-yardim-eli\/kizil-sahin-ve-puhu-kusuna-yardim-eli-4\/\" border=\"0\" itemprop=\"url\"> <meta itemprop=\"width\" content=\"162\"> <meta itemprop=\"height\" content=\"108\"> <img decoding=\"async\" class=\"\" data-attachment-id=\"78282\" data-orig-file=\"http:\/\/www.tvturk.com\/wp-content\/uploads\/2019\/03\/kizil-sahin-ve-puhu-kusuna-yardim-eli_ed74714.jpg\" data-orig-size=\"1000,666\" data-comments-opened=\"\" data-image-meta=\"{&quot;aperture&quot;:&quot;0&quot;,&quot;credit&quot;:&quot;IHA&quot;,&quot;camera&quot;:&quot;&quot;,&quot;caption&quot;:&quot;YOZGAT\\u2019TA KANATLARINDAN YARALANAN KIZIL \\u015eAH\\u0130N VE PUHU KU\\u015eU TEDAV\\u0130LER\\u0130N\\u0130N ARDINDAN YEN\\u0130DEN DO\\u011eAYA SALINACAK. (ALPASLAN DEM\\u0130R - BAHADIR MUHL\\u0130S G\\u00d6KG\\u00dcL\\\/YOZGAT-\\u0130HA)&quot;,&quot;created_timestamp&quot;:&quot;0&quot;,&quot;copyright&quot;:&quot;\\u0130HLAS HABER AJANSI, www.iha.com.tr&quot;,&quot;focal_length&quot;:&quot;0&quot;,&quot;iso&quot;:&quot;0&quot;,&quot;shutter_speed&quot;:&quot;0&quot;,&quot;title&quot;:&quot;KIZIL \\u015eAH\\u0130N VE PUHU KU\\u015eUNA YARDIM EL\\u0130&quot;,&quot;orientation&quot;:&quot;0&quot;}\" data-image-title=\"K\u0131z\u0131l \u015fahin ve puhu ku\u015funa yard\u0131m eli\" data-image-description=\"&lt;p&gt;K\u0131z\u0131l \u015fahin ve puhu ku\u015funa yard\u0131m eli&lt;\/p&gt; \" data-medium-file=\"https:\/\/i0.wp.com\/www.tvturk.com\/wp-content\/uploads\/2019\/03\/kizil-sahin-ve-puhu-kusuna-yardim-eli_ed74714.jpg?fit=300%2C200\" data-large-file=\"https:\/\/i0.wp.com\/www.tvturk.com\/wp-content\/uploads\/2019\/03\/kizil-sahin-ve-puhu-kusuna-yardim-eli_ed74714.jpg?fit=1000%2C666\" src=\"https:\/\/i0.wp.com\/www.tvturk.com\/wp-content\/uploads\/2019\/03\/kizil-sahin-ve-puhu-kusuna-yardim-eli_ed74714.jpg?w=162&#038;h=108\" srcset=\"https:\/\/i0.wp.com\/www.tvturk.com\/wp-content\/uploads\/2019\/03\/kizil-sahin-ve-puhu-kusuna-yardim-eli_ed74714.jpg?w=1000 1000w, https:\/\/i0.wp.com\/www.tvturk.com\/wp-content\/uploads\/2019\/03\/kizil-sahin-ve-puhu-kusuna-yardim-eli_ed74714.jpg?resize=150%2C100 150w, https:\/\/i0.wp.com\/www.tvturk.com\/wp-content\/uploads\/2019\/03\/kizil-sahin-ve-puhu-kusuna-yardim-eli_ed74714.jpg?resize=300%2C200 300w, https:\/\/i0.wp.com\/www.tvturk.com\/wp-content\/uploads\/2019\/03\/kizil-sahin-ve-puhu-kusuna-yardim-eli_ed74714.jpg?resize=768%2C511 768w, https:\/\/i0.wp.com\/www.tvturk.com\/wp-content\/uploads\/2019\/03\/kizil-sahin-ve-puhu-kusuna-yardim-eli_ed74714.jpg?resize=170%2C113 170w, https:\/\/i0.wp.com\/www.tvturk.com\/wp-content\/uploads\/2019\/03\/kizil-sahin-ve-puhu-kusuna-yardim-eli_ed74714.jpg?resize=120%2C80 120w\" width=\"162\" height=\"108\" loading=\"lazy\" data-original-width=\"162\" data-original-height=\"108\" itemprop=\"http:\/\/schema.org\/image\" title=\"K\u0131z\u0131l \u015fahin ve puhu ku\u015funa yard\u0131m eli\" alt=\"K\u0131z\u0131l \u015fahin ve puhu ku\u015funa yard\u0131m eli\" style=\"width: 162px; height: 108px;\" \/> <\/a> <\/div> <div class=\"tiled-gallery-item tiled-gallery-item-small\" itemprop=\"associatedMedia\" itemscope itemtype=\"http:\/\/schema.org\/ImageObject\"> <a href=\"http:\/\/www.tvturk.com\/index.php\/kizil-sahin-ve-puhu-kusuna-yardim-eli\/kizil-sahin-ve-puhu-kusuna-yardim-eli-5\/\" border=\"0\" itemprop=\"url\"> <meta itemprop=\"width\" content=\"162\"> <meta itemprop=\"height\" content=\"108\"> <img decoding=\"async\" class=\"\" data-attachment-id=\"78283\" data-orig-file=\"http:\/\/www.tvturk.com\/wp-content\/uploads\/2019\/03\/kizil-sahin-ve-puhu-kusuna-yardim-eli_4fdc76f.jpg\" data-orig-size=\"1000,666\" data-comments-opened=\"\" data-image-meta=\"{&quot;aperture&quot;:&quot;0&quot;,&quot;credit&quot;:&quot;IHA&quot;,&quot;camera&quot;:&quot;&quot;,&quot;caption&quot;:&quot;YOZGAT\\u2019TA KANATLARINDAN YARALANAN KIZIL \\u015eAH\\u0130N VE PUHU KU\\u015eU TEDAV\\u0130LER\\u0130N\\u0130N ARDINDAN YEN\\u0130DEN DO\\u011eAYA SALINACAK. (ALPASLAN DEM\\u0130R - BAHADIR MUHL\\u0130S G\\u00d6KG\\u00dcL\\\/YOZGAT-\\u0130HA)&quot;,&quot;created_timestamp&quot;:&quot;0&quot;,&quot;copyright&quot;:&quot;\\u0130HLAS HABER AJANSI, www.iha.com.tr&quot;,&quot;focal_length&quot;:&quot;0&quot;,&quot;iso&quot;:&quot;0&quot;,&quot;shutter_speed&quot;:&quot;0&quot;,&quot;title&quot;:&quot;KIZIL \\u015eAH\\u0130N VE PUHU KU\\u015eUNA YARDIM EL\\u0130&quot;,&quot;orientation&quot;:&quot;0&quot;}\" data-image-title=\"K\u0131z\u0131l \u015fahin ve puhu ku\u015funa yard\u0131m eli\" data-image-description=\"&lt;p&gt;K\u0131z\u0131l \u015fahin ve puhu ku\u015funa yard\u0131m eli&lt;\/p&gt; \" data-medium-file=\"https:\/\/i0.wp.com\/www.tvturk.com\/wp-content\/uploads\/2019\/03\/kizil-sahin-ve-puhu-kusuna-yardim-eli_4fdc76f.jpg?fit=300%2C200\" data-large-file=\"https:\/\/i0.wp.com\/www.tvturk.com\/wp-content\/uploads\/2019\/03\/kizil-sahin-ve-puhu-kusuna-yardim-eli_4fdc76f.jpg?fit=1000%2C666\" src=\"https:\/\/i0.wp.com\/www.tvturk.com\/wp-content\/uploads\/2019\/03\/kizil-sahin-ve-puhu-kusuna-yardim-eli_4fdc76f.jpg?w=162&#038;h=108\" srcset=\"https:\/\/i0.wp.com\/www.tvturk.com\/wp-content\/uploads\/2019\/03\/kizil-sahin-ve-puhu-kusuna-yardim-eli_4fdc76f.jpg?w=1000 1000w, https:\/\/i0.wp.com\/www.tvturk.com\/wp-content\/uploads\/2019\/03\/kizil-sahin-ve-puhu-kusuna-yardim-eli_4fdc76f.jpg?resize=150%2C100 150w, https:\/\/i0.wp.com\/www.tvturk.com\/wp-content\/uploads\/2019\/03\/kizil-sahin-ve-puhu-kusuna-yardim-eli_4fdc76f.jpg?resize=300%2C200 300w, https:\/\/i0.wp.com\/www.tvturk.com\/wp-content\/uploads\/2019\/03\/kizil-sahin-ve-puhu-kusuna-yardim-eli_4fdc76f.jpg?resize=768%2C511 768w, https:\/\/i0.wp.com\/www.tvturk.com\/wp-content\/uploads\/2019\/03\/kizil-sahin-ve-puhu-kusuna-yardim-eli_4fdc76f.jpg?resize=170%2C113 170w, https:\/\/i0.wp.com\/www.tvturk.com\/wp-content\/uploads\/2019\/03\/kizil-sahin-ve-puhu-kusuna-yardim-eli_4fdc76f.jpg?resize=120%2C80 120w\" width=\"162\" height=\"108\" loading=\"lazy\" data-original-width=\"162\" data-original-height=\"108\" itemprop=\"http:\/\/schema.org\/image\" title=\"K\u0131z\u0131l \u015fahin ve puhu ku\u015funa yard\u0131m eli\" alt=\"K\u0131z\u0131l \u015fahin ve puhu ku\u015funa yard\u0131m eli\" style=\"width: 162px; height: 108px;\" \/> <\/a> <\/div> <\/div> <!-- close group --> <\/div> <!-- close row --> <\/div><\/p>\n","protected":false},"excerpt":{"rendered":"<p>YOZGAT\u2019TA KANATLARINDAN YARALANAN KIZIL \u015eAH\u0130N VE PUHU KU\u015eU TEDAV\u0130LER\u0130N\u0130N ARDINDAN YEN\u0130DEN DO\u011eAYA SALINACAK.<\/p>\n","protected":false},"author":1,"featured_media":78280,"comment_status":"closed","ping_status":"open","sticky":false,"template":"","format":"standard","meta":{"jetpack_post_was_ever_published":false,"_jetpack_newsletter_access":"","_jetpack_dont_email_post_to_subs":false,"_jetpack_newsletter_tier_id":0,"_jetpack_memberships_contains_paywalled_content":false,"_jetpack_memberships_contains_paid_content":false,"footnotes":"","jetpack_publicize_message":"","jetpack_publicize_feature_enabled":true,"jetpack_social_post_already_shared":true,"jetpack_social_options":{"image_generator_settings":{"template":"highway","default_image_id":0,"font":"","enabled":false},"version":2}},"categories":[1],"tags":[4118,9874,22315,22314,1863,1736],"class_list":["post-78279","post","type-post","status-publish","format-standard","has-post-thumbnail","hentry","category-genel","tag-eli","tag-kizil","tag-kusuna","tag-puhu","tag-sahin","tag-yardim"],"jetpack_publicize_connections":[],"jetpack_featured_media_url":"https:\/\/i0.wp.com\/www.tvturk.com\/wp-content\/uploads\/2019\/03\/kizil-sahin-ve-puhu-kusuna-yardim-eli_ea27c27.jpg?fit=1000%2C666","jetpack_sharing_enabled":true,"jetpack_shortlink":"https:\/\/wp.me\/paKIfm-kmz","_links":{"self":[{"href":"http:\/\/www.tvturk.com\/index.php\/wp-json\/wp\/v2\/posts\/78279","targetHints":{"allow":["GET"]}}],"collection":[{"href":"http:\/\/www.tvturk.com\/index.php\/wp-json\/wp\/v2\/posts"}],"about":[{"href":"http:\/\/www.tvturk.com\/index.php\/wp-json\/wp\/v2\/types\/post"}],"author":[{"embeddable":true,"href":"http:\/\/www.tvturk.com\/index.php\/wp-json\/wp\/v2\/users\/1"}],"replies":[{"embeddable":true,"href":"http:\/\/www.tvturk.com\/index.php\/wp-json\/wp\/v2\/comments?post=78279"}],"version-history":[{"count":1,"href":"http:\/\/www.tvturk.com\/index.php\/wp-json\/wp\/v2\/posts\/78279\/revisions"}],"predecessor-version":[{"id":78284,"href":"http:\/\/www.tvturk.com\/index.php\/wp-json\/wp\/v2\/posts\/78279\/revisions\/78284"}],"wp:featuredmedia":[{"embeddable":true,"href":"http:\/\/www.tvturk.com\/index.php\/wp-json\/wp\/v2\/media\/78280"}],"wp:attachment":[{"href":"http:\/\/www.tvturk.com\/index.php\/wp-json\/wp\/v2\/media?parent=78279"}],"wp:term":[{"taxonomy":"category","embeddable":true,"href":"http:\/\/www.tvturk.com\/index.php\/wp-json\/wp\/v2\/categories?post=78279"},{"taxonomy":"post_tag","embeddable":true,"href":"http:\/\/www.tvturk.com\/index.php\/wp-json\/wp\/v2\/tags?post=78279"}],"curies":[{"name":"wp","href":"https:\/\/api.w.org\/{rel}","templated":true}]}}