{"id":7858,"date":"2019-02-07T12:06:55","date_gmt":"2019-02-07T09:06:55","guid":{"rendered":"http:\/\/www.tvturk.com\/index.php\/vali-canalpden-koy-ziyaretleri\/"},"modified":"2019-02-07T12:06:56","modified_gmt":"2019-02-07T09:06:56","slug":"vali-canalpden-koy-ziyaretleri","status":"publish","type":"post","link":"http:\/\/www.tvturk.com\/index.php\/vali-canalpden-koy-ziyaretleri\/","title":{"rendered":"Vali Canalp\u2019den k\u00f6y ziyaretleri"},"content":{"rendered":"<p>Edirne Valisi Ekrem Canalp, \u0130psala il\u00e7esine ba\u011fl\u0131 k\u00f6ylerde ziyaretler ger\u00e7ekle\u015ftirerek, k\u00f6y sakinleriyle tek tek g\u00f6r\u00fc\u015ft\u00fc.<\/p>\n<p>Vali Canalp, sabah\u0131n erken saatlerinde ba\u015flad\u0131\u011f\u0131 ve g\u00fcn boyu s\u00fcrd\u00fcrd\u00fc\u011f\u00fc k\u00f6y ziyaretlerine \u0130psala il\u00e7esinde devam etti. Pazardere k\u00f6y\u00fcne misafir olan Vali Canalp, k\u00f6y sakinleriyle tek tek g\u00f6r\u00fc\u015ferek, sorun ve isteklerini dinledi.<\/p>\n<p>Pazardere k\u00f6y\u00fcnde mera g\u00fcbreleme deste\u011fi, 3 bin metrekare kilitli parke ta\u015f\u0131 temini, mezarl\u0131k \u00e7evre d\u00fczenlemesi ve \u00e7ocuklar i\u00e7in oyun grubu gibi taleplerin derhal yerine getirilece\u011fi belirtildi. Hac\u0131 k\u00f6yde ise \u00e7ok ama\u00e7l\u0131 yazl\u0131k tesis deste\u011fi, sa\u011fl\u0131k evi talebi, \u00e7ocuk oyun grubu ve a\u00e7\u0131k alan kondisyon aletleri temini ile 4 bin metrekare kilitli parke ta\u015f\u0131 temini \u00e7al\u0131\u015fmalar\u0131na en k\u0131sa s\u00fcre de ba\u015flanaca\u011f\u0131 kaydedildi.<div class=\"tiled-gallery type-rectangular tiled-gallery-unresized\" data-original-width=\"500\" data-carousel-extra='null' itemscope itemtype=\"http:\/\/schema.org\/ImageGallery\" > <div class=\"gallery-row\" style=\"width: 500px; height: 334px;\" data-original-width=\"500\" data-original-height=\"334\" > <div class=\"gallery-group images-1\" style=\"width: 500px; height: 334px;\" data-original-width=\"500\" data-original-height=\"334\" > <div class=\"tiled-gallery-item tiled-gallery-item-large\" itemprop=\"associatedMedia\" itemscope itemtype=\"http:\/\/schema.org\/ImageObject\"> <a href=\"http:\/\/www.tvturk.com\/index.php\/vali-canalpden-koy-ziyaretleri\/vali-canalpden-koy-ziyaretleri-3\/\" border=\"0\" itemprop=\"url\"> <meta itemprop=\"width\" content=\"496\"> <meta itemprop=\"height\" content=\"330\"> <img decoding=\"async\" class=\"\" data-attachment-id=\"7860\" data-orig-file=\"http:\/\/www.tvturk.com\/wp-content\/uploads\/2019\/02\/vali-canalpden-koy-ziyaretleri_4bdb65b.jpg\" data-orig-size=\"1000,666\" data-comments-opened=\"\" data-image-meta=\"{&quot;aperture&quot;:&quot;0&quot;,&quot;credit&quot;:&quot;IHA&quot;,&quot;camera&quot;:&quot;&quot;,&quot;caption&quot;:&quot;ED\\u0130RNE VAL\\u0130S\\u0130 EKREM CANALP, \\u0130PSALA \\u0130L\\u00c7ES\\u0130NE BA\\u011eLI K\\u00d6YLERDE Z\\u0130YARETLER GER\\u00c7EKLE\\u015eT\\u0130REREK, K\\u00d6Y SAK\\u0130NLER\\u0130 \\u0130LE TEK TEK G\\u00d6R\\u00dc\\u015eT\\u00dc. (KORAY USTABA\\u015eI\\\/ED\\u0130RNE-\\u0130HA)&quot;,&quot;created_timestamp&quot;:&quot;0&quot;,&quot;copyright&quot;:&quot;\\u0130HLAS HABER AJANSI, www.iha.com.tr&quot;,&quot;focal_length&quot;:&quot;0&quot;,&quot;iso&quot;:&quot;0&quot;,&quot;shutter_speed&quot;:&quot;0&quot;,&quot;title&quot;:&quot;VAL\\u0130 CANALP\\u2019DEN K\\u00d6Y Z\\u0130YARETLER\\u0130&quot;,&quot;orientation&quot;:&quot;0&quot;}\" data-image-title=\"Vali Canalp\u2019den k\u00f6y ziyaretleri\" data-image-description=\"&lt;p&gt;Vali Canalp\u2019den k\u00f6y ziyaretleri&lt;\/p&gt; \" data-medium-file=\"https:\/\/i0.wp.com\/www.tvturk.com\/wp-content\/uploads\/2019\/02\/vali-canalpden-koy-ziyaretleri_4bdb65b.jpg?fit=300%2C200\" data-large-file=\"https:\/\/i0.wp.com\/www.tvturk.com\/wp-content\/uploads\/2019\/02\/vali-canalpden-koy-ziyaretleri_4bdb65b.jpg?fit=1000%2C666\" src=\"https:\/\/i0.wp.com\/www.tvturk.com\/wp-content\/uploads\/2019\/02\/vali-canalpden-koy-ziyaretleri_4bdb65b.jpg?w=496&#038;h=330\" srcset=\"https:\/\/i0.wp.com\/www.tvturk.com\/wp-content\/uploads\/2019\/02\/vali-canalpden-koy-ziyaretleri_4bdb65b.jpg?w=1000 1000w, https:\/\/i0.wp.com\/www.tvturk.com\/wp-content\/uploads\/2019\/02\/vali-canalpden-koy-ziyaretleri_4bdb65b.jpg?resize=150%2C100 150w, https:\/\/i0.wp.com\/www.tvturk.com\/wp-content\/uploads\/2019\/02\/vali-canalpden-koy-ziyaretleri_4bdb65b.jpg?resize=300%2C200 300w, https:\/\/i0.wp.com\/www.tvturk.com\/wp-content\/uploads\/2019\/02\/vali-canalpden-koy-ziyaretleri_4bdb65b.jpg?resize=768%2C511 768w, https:\/\/i0.wp.com\/www.tvturk.com\/wp-content\/uploads\/2019\/02\/vali-canalpden-koy-ziyaretleri_4bdb65b.jpg?resize=170%2C113 170w, https:\/\/i0.wp.com\/www.tvturk.com\/wp-content\/uploads\/2019\/02\/vali-canalpden-koy-ziyaretleri_4bdb65b.jpg?resize=120%2C80 120w\" width=\"496\" height=\"330\" loading=\"lazy\" data-original-width=\"496\" data-original-height=\"330\" itemprop=\"http:\/\/schema.org\/image\" title=\"Vali Canalp\u2019den k\u00f6y ziyaretleri\" alt=\"Vali Canalp\u2019den k\u00f6y ziyaretleri\" style=\"width: 496px; height: 330px;\" \/> <\/a> <\/div> <\/div> <!-- close group --> <\/div> <!-- close row --> <\/div><\/p>\n","protected":false},"excerpt":{"rendered":"<p>ED\u0130RNE VAL\u0130S\u0130 EKREM CANALP, \u0130PSALA \u0130L\u00c7ES\u0130NE BA\u011eLI K\u00d6YLERDE Z\u0130YARETLER GER\u00c7EKLE\u015eT\u0130REREK, K\u00d6Y SAK\u0130NLER\u0130 \u0130LE TEK TEK G\u00d6R\u00dc\u015eT\u00dc.<\/p>\n","protected":false},"author":1,"featured_media":7859,"comment_status":"closed","ping_status":"open","sticky":false,"template":"","format":"standard","meta":{"jetpack_post_was_ever_published":false,"_jetpack_newsletter_access":"","_jetpack_dont_email_post_to_subs":false,"_jetpack_newsletter_tier_id":0,"_jetpack_memberships_contains_paywalled_content":false,"_jetpack_memberships_contains_paid_content":false,"footnotes":"","jetpack_publicize_message":"","jetpack_publicize_feature_enabled":true,"jetpack_social_post_already_shared":false,"jetpack_social_options":{"image_generator_settings":{"template":"highway","default_image_id":0,"font":"","enabled":false},"version":2}},"categories":[655],"tags":[4208,1703,148,4209],"class_list":["post-7858","post","type-post","status-publish","format-standard","has-post-thumbnail","hentry","category-son-dakika","tag-canalpden","tag-koy","tag-vali","tag-ziyaretleri"],"jetpack_publicize_connections":[],"jetpack_featured_media_url":"https:\/\/i0.wp.com\/www.tvturk.com\/wp-content\/uploads\/2019\/02\/vali-canalpden-koy-ziyaretleri_c76acbf.jpg?fit=1000%2C666","jetpack_sharing_enabled":true,"jetpack_shortlink":"https:\/\/wp.me\/paKIfm-22K","_links":{"self":[{"href":"http:\/\/www.tvturk.com\/index.php\/wp-json\/wp\/v2\/posts\/7858","targetHints":{"allow":["GET"]}}],"collection":[{"href":"http:\/\/www.tvturk.com\/index.php\/wp-json\/wp\/v2\/posts"}],"about":[{"href":"http:\/\/www.tvturk.com\/index.php\/wp-json\/wp\/v2\/types\/post"}],"author":[{"embeddable":true,"href":"http:\/\/www.tvturk.com\/index.php\/wp-json\/wp\/v2\/users\/1"}],"replies":[{"embeddable":true,"href":"http:\/\/www.tvturk.com\/index.php\/wp-json\/wp\/v2\/comments?post=7858"}],"version-history":[{"count":1,"href":"http:\/\/www.tvturk.com\/index.php\/wp-json\/wp\/v2\/posts\/7858\/revisions"}],"predecessor-version":[{"id":7861,"href":"http:\/\/www.tvturk.com\/index.php\/wp-json\/wp\/v2\/posts\/7858\/revisions\/7861"}],"wp:featuredmedia":[{"embeddable":true,"href":"http:\/\/www.tvturk.com\/index.php\/wp-json\/wp\/v2\/media\/7859"}],"wp:attachment":[{"href":"http:\/\/www.tvturk.com\/index.php\/wp-json\/wp\/v2\/media?parent=7858"}],"wp:term":[{"taxonomy":"category","embeddable":true,"href":"http:\/\/www.tvturk.com\/index.php\/wp-json\/wp\/v2\/categories?post=7858"},{"taxonomy":"post_tag","embeddable":true,"href":"http:\/\/www.tvturk.com\/index.php\/wp-json\/wp\/v2\/tags?post=7858"}],"curies":[{"name":"wp","href":"https:\/\/api.w.org\/{rel}","templated":true}]}}