{"id":78720,"date":"2019-03-08T12:26:04","date_gmt":"2019-03-08T09:26:04","guid":{"rendered":"http:\/\/www.tvturk.com\/index.php\/antalyanin-alman-pazarindaki-hedefi-3-milyon\/"},"modified":"2019-03-08T12:26:07","modified_gmt":"2019-03-08T09:26:07","slug":"antalyanin-alman-pazarindaki-hedefi-3-milyon","status":"publish","type":"post","link":"http:\/\/www.tvturk.com\/index.php\/antalyanin-alman-pazarindaki-hedefi-3-milyon\/","title":{"rendered":"Antalya\u2019n\u0131n Alman pazar\u0131ndaki hedefi 3 milyon"},"content":{"rendered":"<p>Profesyonel Otel Y\u00f6neticileri Derne\u011fi (POYD) Ba\u015fkan\u0131 \u00dclkay Atmaca, Antalya\u2019n\u0131n bu y\u0131l Alman turist say\u0131s\u0131nda 3 milyonu yakalayaca\u011f\u0131n\u0131 belirtti.<\/p>\n<p>D\u00fcnyan\u0131n en \u00f6nemli turizm organizasyonlar\u0131 aras\u0131nda yer alan 53. Berlin Uluslararas\u0131 Turizm Borsas\u0131 (ITB) Fuar\u0131\u2019nda, T\u00fcrkiye\u2019nin de aralar\u0131nda bulundu\u011fu 181 \u00fclkeden 10 bin kat\u0131l\u0131mc\u0131 yer al\u0131yor. Fuara kat\u0131lan Profesyonel Otel Y\u00f6neticileri Derne\u011fi (POYD) Ba\u015fkan\u0131 \u00dclkay Atmaca, ITB Berlin Fuar\u0131\u2019n\u0131n bu y\u0131l T\u00fcrkiye turizmi a\u00e7\u0131s\u0131ndan \u00e7ok ba\u015far\u0131l\u0131 ge\u00e7ti\u011fini belirtti.<\/p>\n<p>2019 y\u0131l\u0131 ile birlikte T\u00fcrkiye\u2019ye gelecek olan ve gelen turist say\u0131s\u0131nda ciddi bir art\u0131\u015f oldu\u011funu dile getiren Atmaca, &#8220;Bu fuardaki ilgi rakamlar\u0131m\u0131za yans\u0131yacak ve \u00e7ok iyi bir sezon ge\u00e7irece\u011fiz. Almanya\u2019daki bekledi\u011fimiz art\u0131\u015f bu sene ger\u00e7ekle\u015fecek&#8221; diye konu\u015ftu.<\/p>\n<p>\u0130ki ayl\u0131k erken rezervasyonlarda y\u00fczde 50\u2019nin \u00fczerinde art\u0131\u015f oldu\u011funu kaydeden \u00dclkay Atmaca, &#8220;2019\u2019un tamam\u0131nda \u00fclkemiz genelinde y\u00fczde 10 ile 12 aras\u0131nda bir art\u0131\u015f bekliyoruz. Antalya i\u00e7in de bu rakamlar\u0131 bekliyoruz ama \u00f6zellikle Alman pazar\u0131n\u0131n farkl\u0131 b\u00fcy\u00fcyece\u011fini \u00f6ng\u00f6r\u00fcyoruz. Almanya\u2019dan ciddi bir talep var. \u00dclkemize gelen Alman say\u0131s\u0131nda da bile ciddi art\u0131\u015f var. Bu erken rezervasyon oran\u0131 y\u0131l boyunca artarak devam edecek. Mart ay\u0131ndan sonra online rezervasyonda ciddi art\u0131\u015f olmas\u0131n\u0131 bekliyoruz. Ge\u00e7en y\u0131lki gelen Alman turist say\u0131s\u0131na g\u00f6re y\u00fczde 20 art\u0131\u015f bekliyoruz. Uzun y\u0131llard\u0131r olmad\u0131\u011f\u0131 kadar stantlar\u0131m\u0131za ilgi var. Ciddi art\u0131\u015flar olacak Almanya\u2019dan&#8221; dedi.<\/p>\n<p>&#8220;Do\u011fru \u00fcr\u00fcn\u00fc do\u011fru fiyata satma&#8221;<\/p>\n<p>Fuardaki stantlar\u0131n amac\u0131na uygun olarak dizayn edildi\u011fini ve ba\u015far\u0131l\u0131 oldu\u011funu ifade eden Atmaca, &#8220;Rahat bir hareket edebilme ortam\u0131 var, bu \u00e7ok \u00f6nemli. Sekt\u00f6r\u00fcn b\u00fct\u00fcn payda\u015flar\u0131 turizmi 12 aya yaymak i\u00e7in \u00e7al\u0131\u015f\u0131yor. Tarih ve do\u011fa, gastronomi bizde her \u015fey var. Ge\u00e7en y\u0131l \u0130spanya ve Yunanistan\u2019a ilgi vard\u0131 bu y\u0131l onlarda bir d\u00fc\u015f\u00fc\u015f var. Bize herkes gelsin. Var olan bir yatak kapasitemiz var. E\u011fer rakiplerimizle m\u00fccadele etmek istiyorsak yatak kapasitemizi artt\u0131rmal\u0131y\u0131z. Biz her sene Antalya\u2019ya 15 milyon zengin turist getiremeyiz. Ama elimizdeki yata\u011f\u0131 do\u011fru rakam ve do\u011fru misafir portf\u00f6y\u00fcne sunmal\u0131y\u0131z. Do\u011fru \u00fcr\u00fcn\u00fc do\u011fru fiyata satmal\u0131y\u0131z&#8221; ifadelerine yer verdi.<\/p>\n<p>&#8220;Hedefe ula\u015fabiliriz&#8221;<\/p>\n<p>T\u00fcrkiye\u2019nin turizmde ortaya koydu\u011fu hedefleri yakalayabilecek potansiyeli oldu\u011funun alt\u0131n\u0131 \u00e7izen Atmaca, &#8220;Spesifik bir durum olmazsa ula\u015f\u0131lamaz rakamlar de\u011fil. Hem Antalya hem T\u00fcrkiye olarak hedefimize ula\u015fabiliriz&#8221; dedi.<div class=\"tiled-gallery type-rectangular tiled-gallery-unresized\" data-original-width=\"500\" data-carousel-extra='null' itemscope itemtype=\"http:\/\/schema.org\/ImageGallery\" > <div class=\"gallery-row\" style=\"width: 500px; height: 229px;\" data-original-width=\"500\" data-original-height=\"229\" > <div class=\"gallery-group images-1\" style=\"width: 343px; height: 229px;\" data-original-width=\"343\" data-original-height=\"229\" > <div class=\"tiled-gallery-item tiled-gallery-item-large\" itemprop=\"associatedMedia\" itemscope itemtype=\"http:\/\/schema.org\/ImageObject\"> <a href=\"http:\/\/www.tvturk.com\/index.php\/antalyanin-alman-pazarindaki-hedefi-3-milyon\/antalyanin-alman-pazarindaki-hedefi-3-milyon-3\/\" border=\"0\" itemprop=\"url\"> <meta itemprop=\"width\" content=\"339\"> <meta itemprop=\"height\" content=\"225\"> <img decoding=\"async\" class=\"\" data-attachment-id=\"78722\" data-orig-file=\"http:\/\/www.tvturk.com\/wp-content\/uploads\/2019\/03\/antalyanin-alman-pazarindaki-hedefi-3-milyon_cb155f8.jpg\" data-orig-size=\"1000,663\" data-comments-opened=\"\" data-image-meta=\"{&quot;aperture&quot;:&quot;0&quot;,&quot;credit&quot;:&quot;IHA&quot;,&quot;camera&quot;:&quot;&quot;,&quot;caption&quot;:&quot;D\\u00dcNYANIN EN \\u00d6NEML\\u0130 TUR\\u0130ZM ORGAN\\u0130ZASYONLARI ARASINDA YER ALAN 53. BERL\\u0130N ULUSLARARASI TUR\\u0130ZM BORSASI (ITB) FUARI\\u2019NDA, T\\u00dcRK\\u0130YE\\u2019N\\u0130N DE ARALARINDA BULUNDU\\u011eU 181 \\u00dcLKEDEN 10 B\\u0130N KATILIMCI YER ALIYOR. (\\u0130SA AKAR\\\/ANTALYA-\\u0130HA)&quot;,&quot;created_timestamp&quot;:&quot;0&quot;,&quot;copyright&quot;:&quot;\\u0130HLAS HABER AJANSI, www.iha.com.tr&quot;,&quot;focal_length&quot;:&quot;0&quot;,&quot;iso&quot;:&quot;0&quot;,&quot;shutter_speed&quot;:&quot;0&quot;,&quot;title&quot;:&quot;ANTALYA\\u0027NIN ALMAN PAZARINDAK\\u0130 HEDEF\\u0130 3 M\\u0130LYON PROFESYONEL OTEL Y\\u00d6NET\\u0130C\\u0130LER\\u0130 DERNE\\u011e\\u0130 BA\\u015eKANI \\u00dcLKAY ATMACA: \\u0022GE\\u00c7EN YILK\\u0130 GELEN ALMAN TUR\\u0130ST SAYISINA G\\u00d6RE Y\\u00dcZDE 20 ARTI\\u015e BEKL\\u0130YORUZ\\u0022&quot;,&quot;orientation&quot;:&quot;0&quot;}\" data-image-title=\"Antalya\u2019n\u0131n Alman pazar\u0131ndaki hedefi 3 milyon\" data-image-description=\"&lt;p&gt;Antalya\u2019n\u0131n Alman pazar\u0131ndaki hedefi 3 milyon&lt;\/p&gt; \" data-medium-file=\"https:\/\/i0.wp.com\/www.tvturk.com\/wp-content\/uploads\/2019\/03\/antalyanin-alman-pazarindaki-hedefi-3-milyon_cb155f8.jpg?fit=300%2C199\" data-large-file=\"https:\/\/i0.wp.com\/www.tvturk.com\/wp-content\/uploads\/2019\/03\/antalyanin-alman-pazarindaki-hedefi-3-milyon_cb155f8.jpg?fit=1000%2C663\" src=\"https:\/\/i0.wp.com\/www.tvturk.com\/wp-content\/uploads\/2019\/03\/antalyanin-alman-pazarindaki-hedefi-3-milyon_cb155f8.jpg?w=339&#038;h=225\" srcset=\"https:\/\/i0.wp.com\/www.tvturk.com\/wp-content\/uploads\/2019\/03\/antalyanin-alman-pazarindaki-hedefi-3-milyon_cb155f8.jpg?w=1000 1000w, https:\/\/i0.wp.com\/www.tvturk.com\/wp-content\/uploads\/2019\/03\/antalyanin-alman-pazarindaki-hedefi-3-milyon_cb155f8.jpg?resize=150%2C99 150w, https:\/\/i0.wp.com\/www.tvturk.com\/wp-content\/uploads\/2019\/03\/antalyanin-alman-pazarindaki-hedefi-3-milyon_cb155f8.jpg?resize=300%2C200 300w, https:\/\/i0.wp.com\/www.tvturk.com\/wp-content\/uploads\/2019\/03\/antalyanin-alman-pazarindaki-hedefi-3-milyon_cb155f8.jpg?resize=768%2C509 768w, https:\/\/i0.wp.com\/www.tvturk.com\/wp-content\/uploads\/2019\/03\/antalyanin-alman-pazarindaki-hedefi-3-milyon_cb155f8.jpg?resize=170%2C113 170w, https:\/\/i0.wp.com\/www.tvturk.com\/wp-content\/uploads\/2019\/03\/antalyanin-alman-pazarindaki-hedefi-3-milyon_cb155f8.jpg?resize=120%2C80 120w\" width=\"339\" height=\"225\" loading=\"lazy\" data-original-width=\"339\" data-original-height=\"225\" itemprop=\"http:\/\/schema.org\/image\" title=\"Antalya\u2019n\u0131n Alman pazar\u0131ndaki hedefi 3 milyon\" alt=\"Antalya\u2019n\u0131n Alman pazar\u0131ndaki hedefi 3 milyon\" style=\"width: 339px; height: 225px;\" \/> <\/a> <\/div> <\/div> <!-- close group --> <div class=\"gallery-group images-2\" style=\"width: 157px; height: 229px;\" data-original-width=\"157\" data-original-height=\"229\" > <div class=\"tiled-gallery-item tiled-gallery-item-small\" itemprop=\"associatedMedia\" itemscope itemtype=\"http:\/\/schema.org\/ImageObject\"> <a href=\"http:\/\/www.tvturk.com\/index.php\/antalyanin-alman-pazarindaki-hedefi-3-milyon\/antalyanin-alman-pazarindaki-hedefi-3-milyon-4\/\" border=\"0\" itemprop=\"url\"> <meta itemprop=\"width\" content=\"153\"> <meta itemprop=\"height\" content=\"102\"> <img decoding=\"async\" class=\"\" data-attachment-id=\"78723\" data-orig-file=\"http:\/\/www.tvturk.com\/wp-content\/uploads\/2019\/03\/antalyanin-alman-pazarindaki-hedefi-3-milyon_9724f73.jpg\" data-orig-size=\"1000,666\" data-comments-opened=\"\" data-image-meta=\"{&quot;aperture&quot;:&quot;0&quot;,&quot;credit&quot;:&quot;IHA&quot;,&quot;camera&quot;:&quot;&quot;,&quot;caption&quot;:&quot;D\\u00dcNYANIN EN \\u00d6NEML\\u0130 TUR\\u0130ZM ORGAN\\u0130ZASYONLARI ARASINDA YER ALAN 53. BERL\\u0130N ULUSLARARASI TUR\\u0130ZM BORSASI (ITB) FUARI\\u2019NDA, T\\u00dcRK\\u0130YE\\u2019N\\u0130N DE ARALARINDA BULUNDU\\u011eU 181 \\u00dcLKEDEN 10 B\\u0130N KATILIMCI YER ALIYOR. (\\u0130SA AKAR\\\/ANTALYA-\\u0130HA)&quot;,&quot;created_timestamp&quot;:&quot;0&quot;,&quot;copyright&quot;:&quot;\\u0130HLAS HABER AJANSI, www.iha.com.tr&quot;,&quot;focal_length&quot;:&quot;0&quot;,&quot;iso&quot;:&quot;0&quot;,&quot;shutter_speed&quot;:&quot;0&quot;,&quot;title&quot;:&quot;ANTALYA\\u0027NIN ALMAN PAZARINDAK\\u0130 HEDEF\\u0130 3 M\\u0130LYON PROFESYONEL OTEL Y\\u00d6NET\\u0130C\\u0130LER\\u0130 DERNE\\u011e\\u0130 BA\\u015eKANI \\u00dcLKAY ATMACA: \\u0022GE\\u00c7EN YILK\\u0130 GELEN ALMAN TUR\\u0130ST SAYISINA G\\u00d6RE Y\\u00dcZDE 20 ARTI\\u015e BEKL\\u0130YORUZ\\u0022&quot;,&quot;orientation&quot;:&quot;0&quot;}\" data-image-title=\"Antalya\u2019n\u0131n Alman pazar\u0131ndaki hedefi 3 milyon\" data-image-description=\"&lt;p&gt;Antalya\u2019n\u0131n Alman pazar\u0131ndaki hedefi 3 milyon&lt;\/p&gt; \" data-medium-file=\"https:\/\/i0.wp.com\/www.tvturk.com\/wp-content\/uploads\/2019\/03\/antalyanin-alman-pazarindaki-hedefi-3-milyon_9724f73.jpg?fit=300%2C200\" data-large-file=\"https:\/\/i0.wp.com\/www.tvturk.com\/wp-content\/uploads\/2019\/03\/antalyanin-alman-pazarindaki-hedefi-3-milyon_9724f73.jpg?fit=1000%2C666\" src=\"https:\/\/i0.wp.com\/www.tvturk.com\/wp-content\/uploads\/2019\/03\/antalyanin-alman-pazarindaki-hedefi-3-milyon_9724f73.jpg?w=153&#038;h=102\" srcset=\"https:\/\/i0.wp.com\/www.tvturk.com\/wp-content\/uploads\/2019\/03\/antalyanin-alman-pazarindaki-hedefi-3-milyon_9724f73.jpg?w=1000 1000w, https:\/\/i0.wp.com\/www.tvturk.com\/wp-content\/uploads\/2019\/03\/antalyanin-alman-pazarindaki-hedefi-3-milyon_9724f73.jpg?resize=150%2C100 150w, https:\/\/i0.wp.com\/www.tvturk.com\/wp-content\/uploads\/2019\/03\/antalyanin-alman-pazarindaki-hedefi-3-milyon_9724f73.jpg?resize=300%2C200 300w, https:\/\/i0.wp.com\/www.tvturk.com\/wp-content\/uploads\/2019\/03\/antalyanin-alman-pazarindaki-hedefi-3-milyon_9724f73.jpg?resize=768%2C511 768w, https:\/\/i0.wp.com\/www.tvturk.com\/wp-content\/uploads\/2019\/03\/antalyanin-alman-pazarindaki-hedefi-3-milyon_9724f73.jpg?resize=170%2C113 170w, https:\/\/i0.wp.com\/www.tvturk.com\/wp-content\/uploads\/2019\/03\/antalyanin-alman-pazarindaki-hedefi-3-milyon_9724f73.jpg?resize=120%2C80 120w\" width=\"153\" height=\"102\" loading=\"lazy\" data-original-width=\"153\" data-original-height=\"102\" itemprop=\"http:\/\/schema.org\/image\" title=\"Antalya\u2019n\u0131n Alman pazar\u0131ndaki hedefi 3 milyon\" alt=\"Antalya\u2019n\u0131n Alman pazar\u0131ndaki hedefi 3 milyon\" style=\"width: 153px; height: 102px;\" \/> <\/a> <\/div> <div class=\"tiled-gallery-item tiled-gallery-item-small\" itemprop=\"associatedMedia\" itemscope itemtype=\"http:\/\/schema.org\/ImageObject\"> <a href=\"http:\/\/www.tvturk.com\/index.php\/antalyanin-alman-pazarindaki-hedefi-3-milyon\/antalyanin-alman-pazarindaki-hedefi-3-milyon-5\/\" border=\"0\" itemprop=\"url\"> <meta itemprop=\"width\" content=\"153\"> <meta itemprop=\"height\" content=\"119\"> <img decoding=\"async\" class=\"\" data-attachment-id=\"78724\" data-orig-file=\"http:\/\/www.tvturk.com\/wp-content\/uploads\/2019\/03\/antalyanin-alman-pazarindaki-hedefi-3-milyon_7a0e938.jpg\" data-orig-size=\"1000,775\" data-comments-opened=\"\" data-image-meta=\"{&quot;aperture&quot;:&quot;0&quot;,&quot;credit&quot;:&quot;IHA&quot;,&quot;camera&quot;:&quot;&quot;,&quot;caption&quot;:&quot;PROFESYONEL OTEL Y\\u00d6NET\\u0130C\\u0130LER\\u0130 DERNE\\u011e\\u0130 (POYD) BA\\u015eKANI \\u00dcLKAY ATMACA, ANTALYA\\u2019NIN BU YIL ALMAN TUR\\u0130ST SAYISINDA 3 M\\u0130LYONU YAKALAYACA\\u011eINI BEL\\u0130RTT\\u0130. (\\u0130SA AKAR\\\/ANTALYA-\\u0130HA)&quot;,&quot;created_timestamp&quot;:&quot;0&quot;,&quot;copyright&quot;:&quot;\\u0130HLAS HABER AJANSI, www.iha.com.tr&quot;,&quot;focal_length&quot;:&quot;0&quot;,&quot;iso&quot;:&quot;0&quot;,&quot;shutter_speed&quot;:&quot;0&quot;,&quot;title&quot;:&quot;ANTALYA\\u0027NIN ALMAN PAZARINDAK\\u0130 HEDEF\\u0130 3 M\\u0130LYON PROFESYONEL OTEL Y\\u00d6NET\\u0130C\\u0130LER\\u0130 DERNE\\u011e\\u0130 BA\\u015eKANI \\u00dcLKAY ATMACA: \\u0022GE\\u00c7EN YILK\\u0130 GELEN ALMAN TUR\\u0130ST SAYISINA G\\u00d6RE Y\\u00dcZDE 20 ARTI\\u015e BEKL\\u0130YORUZ\\u0022&quot;,&quot;orientation&quot;:&quot;0&quot;}\" data-image-title=\"Antalya\u2019n\u0131n Alman pazar\u0131ndaki hedefi 3 milyon\" data-image-description=\"&lt;p&gt;Antalya\u2019n\u0131n Alman pazar\u0131ndaki hedefi 3 milyon&lt;\/p&gt; \" data-medium-file=\"https:\/\/i0.wp.com\/www.tvturk.com\/wp-content\/uploads\/2019\/03\/antalyanin-alman-pazarindaki-hedefi-3-milyon_7a0e938.jpg?fit=300%2C233\" data-large-file=\"https:\/\/i0.wp.com\/www.tvturk.com\/wp-content\/uploads\/2019\/03\/antalyanin-alman-pazarindaki-hedefi-3-milyon_7a0e938.jpg?fit=1000%2C775\" src=\"https:\/\/i0.wp.com\/www.tvturk.com\/wp-content\/uploads\/2019\/03\/antalyanin-alman-pazarindaki-hedefi-3-milyon_7a0e938.jpg?w=153&#038;h=119\" srcset=\"https:\/\/i0.wp.com\/www.tvturk.com\/wp-content\/uploads\/2019\/03\/antalyanin-alman-pazarindaki-hedefi-3-milyon_7a0e938.jpg?w=1000 1000w, https:\/\/i0.wp.com\/www.tvturk.com\/wp-content\/uploads\/2019\/03\/antalyanin-alman-pazarindaki-hedefi-3-milyon_7a0e938.jpg?resize=150%2C116 150w, https:\/\/i0.wp.com\/www.tvturk.com\/wp-content\/uploads\/2019\/03\/antalyanin-alman-pazarindaki-hedefi-3-milyon_7a0e938.jpg?resize=300%2C233 300w, https:\/\/i0.wp.com\/www.tvturk.com\/wp-content\/uploads\/2019\/03\/antalyanin-alman-pazarindaki-hedefi-3-milyon_7a0e938.jpg?resize=768%2C595 768w\" width=\"153\" height=\"119\" loading=\"lazy\" data-original-width=\"153\" data-original-height=\"119\" itemprop=\"http:\/\/schema.org\/image\" title=\"Antalya\u2019n\u0131n Alman pazar\u0131ndaki hedefi 3 milyon\" alt=\"Antalya\u2019n\u0131n Alman pazar\u0131ndaki hedefi 3 milyon\" style=\"width: 153px; height: 119px;\" \/> <\/a> <\/div> <\/div> <!-- close group --> <\/div> <!-- close row --> <\/div><\/p>\n","protected":false},"excerpt":{"rendered":"<p>D\u00dcNYANIN EN \u00d6NEML\u0130 TUR\u0130ZM ORGAN\u0130ZASYONLARI ARASINDA YER ALAN 53. BERL\u0130N ULUSLARARASI TUR\u0130ZM BORSASI (ITB) FUARI\u2019NDA, T\u00dcRK\u0130YE\u2019N\u0130N DE ARALARINDA BULUNDU\u011eU 181 \u00dcLKEDEN 10 B\u0130N KATILIMCI YER ALIYOR.<\/p>\n","protected":false},"author":1,"featured_media":78721,"comment_status":"closed","ping_status":"open","sticky":false,"template":"","format":"standard","meta":{"jetpack_post_was_ever_published":false,"_jetpack_newsletter_access":"","_jetpack_dont_email_post_to_subs":false,"_jetpack_newsletter_tier_id":0,"_jetpack_memberships_contains_paywalled_content":false,"_jetpack_memberships_contains_paid_content":false,"footnotes":"","jetpack_publicize_message":"","jetpack_publicize_feature_enabled":true,"jetpack_social_post_already_shared":true,"jetpack_social_options":{"image_generator_settings":{"template":"highway","default_image_id":0,"font":"","enabled":false},"version":2}},"categories":[19],"tags":[2536,11990,2687,468,22393],"class_list":["post-78720","post","type-post","status-publish","format-standard","has-post-thumbnail","hentry","category-ekonomi","tag-alman","tag-antalyanin","tag-hedefi","tag-milyon","tag-pazarindaki"],"jetpack_publicize_connections":[],"jetpack_featured_media_url":"https:\/\/i0.wp.com\/www.tvturk.com\/wp-content\/uploads\/2019\/03\/antalyanin-alman-pazarindaki-hedefi-3-milyon_ca3a1e3.jpg?fit=1000%2C666","jetpack_sharing_enabled":true,"jetpack_shortlink":"https:\/\/wp.me\/paKIfm-ktG","_links":{"self":[{"href":"http:\/\/www.tvturk.com\/index.php\/wp-json\/wp\/v2\/posts\/78720","targetHints":{"allow":["GET"]}}],"collection":[{"href":"http:\/\/www.tvturk.com\/index.php\/wp-json\/wp\/v2\/posts"}],"about":[{"href":"http:\/\/www.tvturk.com\/index.php\/wp-json\/wp\/v2\/types\/post"}],"author":[{"embeddable":true,"href":"http:\/\/www.tvturk.com\/index.php\/wp-json\/wp\/v2\/users\/1"}],"replies":[{"embeddable":true,"href":"http:\/\/www.tvturk.com\/index.php\/wp-json\/wp\/v2\/comments?post=78720"}],"version-history":[{"count":1,"href":"http:\/\/www.tvturk.com\/index.php\/wp-json\/wp\/v2\/posts\/78720\/revisions"}],"predecessor-version":[{"id":78725,"href":"http:\/\/www.tvturk.com\/index.php\/wp-json\/wp\/v2\/posts\/78720\/revisions\/78725"}],"wp:featuredmedia":[{"embeddable":true,"href":"http:\/\/www.tvturk.com\/index.php\/wp-json\/wp\/v2\/media\/78721"}],"wp:attachment":[{"href":"http:\/\/www.tvturk.com\/index.php\/wp-json\/wp\/v2\/media?parent=78720"}],"wp:term":[{"taxonomy":"category","embeddable":true,"href":"http:\/\/www.tvturk.com\/index.php\/wp-json\/wp\/v2\/categories?post=78720"},{"taxonomy":"post_tag","embeddable":true,"href":"http:\/\/www.tvturk.com\/index.php\/wp-json\/wp\/v2\/tags?post=78720"}],"curies":[{"name":"wp","href":"https:\/\/api.w.org\/{rel}","templated":true}]}}