{"id":7924,"date":"2019-02-07T12:18:53","date_gmt":"2019-02-07T09:18:53","guid":{"rendered":"http:\/\/www.tvturk.com\/index.php\/chpnin-16-adayi-daha-belli-oldu\/"},"modified":"2019-02-07T12:18:55","modified_gmt":"2019-02-07T09:18:55","slug":"chpnin-16-adayi-daha-belli-oldu","status":"publish","type":"post","link":"http:\/\/www.tvturk.com\/index.php\/chpnin-16-adayi-daha-belli-oldu\/","title":{"rendered":"CHP\u2019nin 16 aday\u0131 daha belli oldu"},"content":{"rendered":"<p>CHP Genel Ba\u015fkan Yard\u0131mc\u0131s\u0131 Seyit Torun biri b\u00fcy\u00fck\u015fehir olmak \u00fczere belirlenen 16 belediye ba\u015fkan aday\u0131n\u0131n  daha isimlerini a\u00e7\u0131klad\u0131. Ordu  B\u00fcy\u00fck\u015fehir i\u00e7in  Mustafa Ad\u0131g\u00fczel, Ankara Etimesgut\u2019a Celal \u00c7elik, Maltepe\u2019de Ali K\u0131l\u0131\u00e7 aday g\u00f6sterildi.<\/p>\n<p>CHP Genel Ba\u015fkan\u0131 Kemal K\u0131l\u0131\u00e7daro\u011flu, Parti Meclisi\u2019nden (PM) ald\u0131\u011f\u0131 yetki kapsam\u0131nda partisinin yerel se\u00e7imler i\u00e7in yar\u0131\u015facak baz\u0131 adaylar\u0131n\u0131 belirledi. Belirlenen 16 aday\u0131 ise CHP Genel Ba\u015fkan Yard\u0131mc\u0131s\u0131 Seyit Torun d\u00fczenledi\u011fi bas\u0131n toplant\u0131s\u0131yla a\u00e7\u0131klad\u0131. Torun, &#8220;Bug\u00fcn 16 aday\u0131m\u0131z\u0131 daha a\u00e7\u0131kl\u0131yoruz. \u00d6n\u00fcm\u00fczdeki g\u00fcnlerde  belki bir a\u00e7\u0131klamam\u0131z daha olabilir. \u00c7al\u0131\u015fmalar\u0131m\u0131z devam ediyor. \u00c7al\u0131\u015fmalar\u0131m\u0131z\u0131 titizlikle ger\u00e7ekle\u015ftiriyoruz ve her bir aday\u0131m\u0131z\u0131 tespit ederken b\u00fct\u00fcn de\u011ferlendirmeleri, verileri ortaya koyuyoruz. B\u00fct\u00fcn g\u00f6r\u00fc\u015fleri al\u0131yoruz ve bunlar\u0131n \u0131\u015f\u0131\u011f\u0131nda da en do\u011fru aday\u0131 tespit etmek i\u00e7in m\u00fccadele ediyoruz&#8221; ifadelerini kulland\u0131.<\/p>\n<p>Belirlenen 16 aday<\/p>\n<p>Torun, belirlenen belediye ba\u015fkan adaylar\u0131n\u0131n \u015fu isimler oldu\u011funu kaydetti:<\/p>\n<p>\u201cAdana Karata\u015f Mehmet Y\u0131ld\u0131z, Ankara Etimesgut Celal \u00c7elik, Antalya Ka\u015f Hayri S\u00fct, Hatay Arsuz Asaf G\u00fcven, Hatay Kumlu R\u0131fat Akkuyu, Isparta Yalva\u00e7 Erkan \u00dcnal, \u0130stanbul Maltepe Ali K\u0131l\u0131\u00e7, \u0130stanbul Silivri \u00d6zcan I\u015f\u0131klar, \u0130zmir Bayrakl\u0131 Serdar Sandal, Konya Halkap\u0131nar Ahmet \u00d6zkaya, Konya Ta\u015fkent Hilal \u00dclk\u00fc T\u00fcredi, Mu\u011fla Bodrum Mustafa Saruhan, Mu\u015f Bulan\u0131k R\u00fcstemgedik Beldesi Fikret Hamarat, Ordu B\u00fcy\u00fck\u015fehir Mustafa Ad\u0131g\u00fczel, Samsun Bafra Kemal B\u00fct\u00fcner, \u015eanl\u0131urfa Siverek Mehmet Fatih Bucak.\u201d<\/p>\n<p>&#8220;10 \u015eubat Pazar g\u00fcn\u00fc saat 11\u2019de Ankara Arena\u2019da belediye ba\u015fkan adaylar\u0131m\u0131z\u0131 aday tan\u0131t\u0131m toplant\u0131s\u0131 yapaca\u011f\u0131z\u201d<\/p>\n<p>\u201c10 \u015eubat Pazar g\u00fcn\u00fc saat 11\u2019de Ankara Arena\u2019da belediye ba\u015fkan adaylar\u0131m\u0131z\u0131 aday tan\u0131t\u0131m toplant\u0131s\u0131 yapaca\u011f\u0131z\u201d  diyen Torun, \u201cCHP yerel se\u00e7imlere her anlamda haz\u0131rd\u0131r. Bildirgesiyle haz\u0131rd\u0131r belediyeleriyle adaylar\u0131yla haz\u0131rd\u0131r b\u00fct\u00fcn y\u00f6netim kadrolar\u0131yla haz\u0131rd\u0131r\u201difadelerini kulland\u0131.<\/p>\n<p>&#8220;Bo\u015f laf&#8221;<\/p>\n<p>Bas\u0131n mensuplar\u0131n\u0131n sorular\u0131n\u0131 da cevaplayan Torun,  CHP\u2019nin HDP\u2019ye yak\u0131nl\u0131\u011f\u0131yla bilinen isimleri aday g\u00f6sterdi\u011fi y\u00f6n\u00fcndeki ele\u015ftirilerin sorulmas\u0131 \u00fczerine Torun, \u201cBo\u015f laf. Biz b\u00fct\u00fcn adaylar\u0131m\u0131z\u0131 b\u00fcy\u00fck bir titizlikle ger\u00e7ekle\u015ftiriyoruz. Halka yak\u0131n \u00e7\u00f6z\u00fcm \u00fcreten sorunlar\u0131 \u00e7\u00f6zecek olan ve b\u00f6lgesinde halk\u0131n\u0131 kucaklayacak hi\u00e7 kimseyi ay\u0131rt etmeden, hi\u00e7 kimseyi d\u0131\u015flamadan herkesi kucaklayacak bir anlay\u0131\u015fla y\u00f6netecek adaylar\u0131m\u0131z\u0131 se\u00e7iyoruz. Biz her zaman s\u00f6yledi\u011fimiz gibi tabanda ittifak ar\u0131yoruz b\u00fct\u00fcn kesimleri kucakl\u0131yoruz\u201d dedi.<\/p>\n<p>Pazar g\u00fcn\u00fc a\u00e7\u0131klanacak se\u00e7im bildirgesinde ne gibi ba\u015fl\u0131klar\u0131n oldu\u011funun sorulmas\u0131 \u00fczerine Torun, \u201cBiz ya\u015fam\u0131n i\u00e7indeyiz. \u00c7\u00f6z\u00fcm \u00fcretmek istiyoruz. CHP\u2019nin halk\u00e7\u0131 belediyecili\u011fi ve \u00e7\u00f6z\u00fcm belediyecili\u011fini ortaya koyaca\u011f\u0131z. Vatanda\u015f\u0131n direk sorunlar\u0131n\u0131 \u00e7\u00f6zen onu kucaklayan ve b\u00fct\u00fcn kesimleri bir kabul eden birlikte T\u00fcrkiye olman\u0131n heyecan\u0131n\u0131 ortaya koyaca\u011f\u0131z. Asla ayr\u0131\u015fan de\u011fil birle\u015fen ve huzurlu bir \u00fclkede ya\u015faman\u0131n mutlulu\u011funu ortaya koyacak bir \u00e7al\u0131\u015fma olacak\u201d cevab\u0131n\u0131 verdi.<\/p>\n<p>HDP S\u00f6zc\u00fcs\u00fc Saruhan Olu\u00e7\u2019un Bat\u0131daki stratejileriyle ilgili yapt\u0131\u011f\u0131 a\u00e7\u0131klamada, hi\u00e7bir siyasi partiyle gizli ya da a\u00e7\u0131k ittifaklar\u0131n\u0131n olmad\u0131\u011f\u0131 y\u00f6n\u00fcndeki de\u011ferlendirmelerinin hat\u0131rlat\u0131lmas\u0131 \u00fczerine Torun, \u201c Biz \u0130Y\u0130 Parti ile i\u015fbirli\u011fi ger\u00e7ekle\u015ftirdik. Onunda iller baz\u0131nda b\u00fcy\u00fck\u015fehirler baz\u0131nda de\u011ferlendirme yapt\u0131k. Bir taban ittifak\u0131 sand\u0131k ittifak\u0131 millet ittifak\u0131n\u0131n pe\u015findeyiz. Bu anlamda buna katk\u0131 sunacak buna destek olacak her yap\u0131ya sayg\u0131 duyuyoruz\u201d \u015feklinde konu\u015ftu.<div class=\"tiled-gallery type-rectangular tiled-gallery-unresized\" data-original-width=\"500\" data-carousel-extra='null' itemscope itemtype=\"http:\/\/schema.org\/ImageGallery\" > <div class=\"gallery-row\" style=\"width: 500px; height: 260px;\" data-original-width=\"500\" data-original-height=\"260\" > <div class=\"gallery-group images-1\" style=\"width: 326px; height: 260px;\" data-original-width=\"326\" data-original-height=\"260\" > <div class=\"tiled-gallery-item tiled-gallery-item-large\" itemprop=\"associatedMedia\" itemscope itemtype=\"http:\/\/schema.org\/ImageObject\"> <a href=\"http:\/\/www.tvturk.com\/index.php\/chpnin-16-adayi-daha-belli-oldu\/chpnin-16-adayi-daha-belli-oldu-3\/\" border=\"0\" itemprop=\"url\"> <meta itemprop=\"width\" content=\"322\"> <meta itemprop=\"height\" content=\"256\"> <img decoding=\"async\" class=\"\" data-attachment-id=\"7926\" data-orig-file=\"http:\/\/www.tvturk.com\/wp-content\/uploads\/2019\/02\/chpnin-16-adayi-daha-belli-oldu_ac07593.jpg\" data-orig-size=\"1000,793\" data-comments-opened=\"\" data-image-meta=\"{&quot;aperture&quot;:&quot;0&quot;,&quot;credit&quot;:&quot;IHA&quot;,&quot;camera&quot;:&quot;&quot;,&quot;caption&quot;:&quot;CHP GENEL BA\\u015eKANI KEMAL KILI\\u00c7DARO\\u011eLU, PART\\u0130 MECL\\u0130S\\u0130\\u2019NDEN (PM) ALDI\\u011eI YETK\\u0130 KAPSAMINDA PART\\u0130S\\u0130N\\u0130N YEREL SE\\u00c7\\u0130MLER \\u0130\\u00c7\\u0130N YARI\\u015eACAK BAZI ADAYLARINI BEL\\u0130RLED\\u0130. BEL\\u0130RLENEN 16 ADAYI \\u0130SE CHP GENEL BA\\u015eKAN YARDIMCISI SEY\\u0130T TORUN D\\u00dcZENLED\\u0130\\u011e\\u0130 BASIN TOPLANTISIYLA A\\u00c7IKLADI. (\\u0130HA\\\/ANKARA-\\u0130HA)&quot;,&quot;created_timestamp&quot;:&quot;0&quot;,&quot;copyright&quot;:&quot;\\u0130HLAS HABER AJANSI, www.iha.com.tr&quot;,&quot;focal_length&quot;:&quot;0&quot;,&quot;iso&quot;:&quot;0&quot;,&quot;shutter_speed&quot;:&quot;0&quot;,&quot;title&quot;:&quot;CHP\\u2019N\\u0130N 16 ADAYI DAHA BELL\\u0130 OLDU&quot;,&quot;orientation&quot;:&quot;0&quot;}\" data-image-title=\"CHP\u2019nin 16 aday\u0131 daha belli oldu\" data-image-description=\"&lt;p&gt;CHP\u2019nin 16 aday\u0131 daha belli oldu&lt;\/p&gt; \" data-medium-file=\"https:\/\/i0.wp.com\/www.tvturk.com\/wp-content\/uploads\/2019\/02\/chpnin-16-adayi-daha-belli-oldu_ac07593.jpg?fit=300%2C238\" data-large-file=\"https:\/\/i0.wp.com\/www.tvturk.com\/wp-content\/uploads\/2019\/02\/chpnin-16-adayi-daha-belli-oldu_ac07593.jpg?fit=1000%2C793\" src=\"https:\/\/i0.wp.com\/www.tvturk.com\/wp-content\/uploads\/2019\/02\/chpnin-16-adayi-daha-belli-oldu_ac07593.jpg?w=322&#038;h=256\" srcset=\"https:\/\/i0.wp.com\/www.tvturk.com\/wp-content\/uploads\/2019\/02\/chpnin-16-adayi-daha-belli-oldu_ac07593.jpg?w=1000 1000w, https:\/\/i0.wp.com\/www.tvturk.com\/wp-content\/uploads\/2019\/02\/chpnin-16-adayi-daha-belli-oldu_ac07593.jpg?resize=150%2C119 150w, https:\/\/i0.wp.com\/www.tvturk.com\/wp-content\/uploads\/2019\/02\/chpnin-16-adayi-daha-belli-oldu_ac07593.jpg?resize=300%2C238 300w, https:\/\/i0.wp.com\/www.tvturk.com\/wp-content\/uploads\/2019\/02\/chpnin-16-adayi-daha-belli-oldu_ac07593.jpg?resize=768%2C609 768w\" width=\"322\" height=\"256\" loading=\"lazy\" data-original-width=\"322\" data-original-height=\"256\" itemprop=\"http:\/\/schema.org\/image\" title=\"CHP\u2019nin 16 aday\u0131 daha belli oldu\" alt=\"CHP\u2019nin 16 aday\u0131 daha belli oldu\" style=\"width: 322px; height: 256px;\" \/> <\/a> <\/div> <\/div> <!-- close group --> <div class=\"gallery-group images-2\" style=\"width: 174px; height: 260px;\" data-original-width=\"174\" data-original-height=\"260\" > <div class=\"tiled-gallery-item tiled-gallery-item-small\" itemprop=\"associatedMedia\" itemscope itemtype=\"http:\/\/schema.org\/ImageObject\"> <a href=\"http:\/\/www.tvturk.com\/index.php\/chpnin-16-adayi-daha-belli-oldu\/chpnin-16-adayi-daha-belli-oldu-4\/\" border=\"0\" itemprop=\"url\"> <meta itemprop=\"width\" content=\"170\"> <meta itemprop=\"height\" content=\"113\"> <img decoding=\"async\" class=\"\" data-attachment-id=\"7927\" data-orig-file=\"http:\/\/www.tvturk.com\/wp-content\/uploads\/2019\/02\/chpnin-16-adayi-daha-belli-oldu_c9e0796.jpg\" data-orig-size=\"1000,666\" data-comments-opened=\"\" data-image-meta=\"{&quot;aperture&quot;:&quot;0&quot;,&quot;credit&quot;:&quot;IHA&quot;,&quot;camera&quot;:&quot;&quot;,&quot;caption&quot;:&quot;CHP GENEL BA\\u015eKANI KEMAL KILI\\u00c7DARO\\u011eLU, PART\\u0130 MECL\\u0130S\\u0130\\u2019NDEN (PM) ALDI\\u011eI YETK\\u0130 KAPSAMINDA PART\\u0130S\\u0130N\\u0130N YEREL SE\\u00c7\\u0130MLER \\u0130\\u00c7\\u0130N YARI\\u015eACAK BAZI ADAYLARINI BEL\\u0130RLED\\u0130. BEL\\u0130RLENEN 16 ADAYI \\u0130SE CHP GENEL BA\\u015eKAN YARDIMCISI SEY\\u0130T TORUN D\\u00dcZENLED\\u0130\\u011e\\u0130 BASIN TOPLANTISIYLA A\\u00c7IKLADI. (\\u0130HA\\\/ANKARA-\\u0130HA)&quot;,&quot;created_timestamp&quot;:&quot;0&quot;,&quot;copyright&quot;:&quot;\\u0130HLAS HABER AJANSI, www.iha.com.tr&quot;,&quot;focal_length&quot;:&quot;0&quot;,&quot;iso&quot;:&quot;0&quot;,&quot;shutter_speed&quot;:&quot;0&quot;,&quot;title&quot;:&quot;CHP\\u2019N\\u0130N 16 ADAYI DAHA BELL\\u0130 OLDU&quot;,&quot;orientation&quot;:&quot;0&quot;}\" data-image-title=\"CHP\u2019nin 16 aday\u0131 daha belli oldu\" data-image-description=\"&lt;p&gt;CHP\u2019nin 16 aday\u0131 daha belli oldu&lt;\/p&gt; \" data-medium-file=\"https:\/\/i0.wp.com\/www.tvturk.com\/wp-content\/uploads\/2019\/02\/chpnin-16-adayi-daha-belli-oldu_c9e0796.jpg?fit=300%2C200\" data-large-file=\"https:\/\/i0.wp.com\/www.tvturk.com\/wp-content\/uploads\/2019\/02\/chpnin-16-adayi-daha-belli-oldu_c9e0796.jpg?fit=1000%2C666\" src=\"https:\/\/i0.wp.com\/www.tvturk.com\/wp-content\/uploads\/2019\/02\/chpnin-16-adayi-daha-belli-oldu_c9e0796.jpg?w=170&#038;h=113\" srcset=\"https:\/\/i0.wp.com\/www.tvturk.com\/wp-content\/uploads\/2019\/02\/chpnin-16-adayi-daha-belli-oldu_c9e0796.jpg?w=1000 1000w, https:\/\/i0.wp.com\/www.tvturk.com\/wp-content\/uploads\/2019\/02\/chpnin-16-adayi-daha-belli-oldu_c9e0796.jpg?resize=150%2C100 150w, https:\/\/i0.wp.com\/www.tvturk.com\/wp-content\/uploads\/2019\/02\/chpnin-16-adayi-daha-belli-oldu_c9e0796.jpg?resize=300%2C200 300w, https:\/\/i0.wp.com\/www.tvturk.com\/wp-content\/uploads\/2019\/02\/chpnin-16-adayi-daha-belli-oldu_c9e0796.jpg?resize=768%2C511 768w, https:\/\/i0.wp.com\/www.tvturk.com\/wp-content\/uploads\/2019\/02\/chpnin-16-adayi-daha-belli-oldu_c9e0796.jpg?resize=170%2C113 170w, https:\/\/i0.wp.com\/www.tvturk.com\/wp-content\/uploads\/2019\/02\/chpnin-16-adayi-daha-belli-oldu_c9e0796.jpg?resize=120%2C80 120w\" width=\"170\" height=\"113\" loading=\"lazy\" data-original-width=\"170\" data-original-height=\"113\" itemprop=\"http:\/\/schema.org\/image\" title=\"CHP\u2019nin 16 aday\u0131 daha belli oldu\" alt=\"CHP\u2019nin 16 aday\u0131 daha belli oldu\" style=\"width: 170px; height: 113px;\" \/> <\/a> <\/div> <div class=\"tiled-gallery-item tiled-gallery-item-small\" itemprop=\"associatedMedia\" itemscope itemtype=\"http:\/\/schema.org\/ImageObject\"> <a href=\"http:\/\/www.tvturk.com\/index.php\/chpnin-16-adayi-daha-belli-oldu\/chpnin-16-adayi-daha-belli-oldu-5\/\" border=\"0\" itemprop=\"url\"> <meta itemprop=\"width\" content=\"170\"> <meta itemprop=\"height\" content=\"139\"> <img decoding=\"async\" class=\"\" data-attachment-id=\"7928\" data-orig-file=\"http:\/\/www.tvturk.com\/wp-content\/uploads\/2019\/02\/chpnin-16-adayi-daha-belli-oldu_0b002bc.jpg\" data-orig-size=\"1000,817\" data-comments-opened=\"\" data-image-meta=\"{&quot;aperture&quot;:&quot;0&quot;,&quot;credit&quot;:&quot;IHA&quot;,&quot;camera&quot;:&quot;&quot;,&quot;caption&quot;:&quot;CHP GENEL BA\\u015eKANI KEMAL KILI\\u00c7DARO\\u011eLU, PART\\u0130 MECL\\u0130S\\u0130\\u2019NDEN (PM) ALDI\\u011eI YETK\\u0130 KAPSAMINDA PART\\u0130S\\u0130N\\u0130N YEREL SE\\u00c7\\u0130MLER \\u0130\\u00c7\\u0130N YARI\\u015eACAK BAZI ADAYLARINI BEL\\u0130RLED\\u0130. BEL\\u0130RLENEN 16 ADAYI \\u0130SE CHP GENEL BA\\u015eKAN YARDIMCISI SEY\\u0130T TORUN D\\u00dcZENLED\\u0130\\u011e\\u0130 BASIN TOPLANTISIYLA A\\u00c7IKLADI. (\\u0130HA\\\/ANKARA-\\u0130HA)&quot;,&quot;created_timestamp&quot;:&quot;0&quot;,&quot;copyright&quot;:&quot;\\u0130HLAS HABER AJANSI, www.iha.com.tr&quot;,&quot;focal_length&quot;:&quot;0&quot;,&quot;iso&quot;:&quot;0&quot;,&quot;shutter_speed&quot;:&quot;0&quot;,&quot;title&quot;:&quot;CHP\\u2019N\\u0130N 16 ADAYI DAHA BELL\\u0130 OLDU&quot;,&quot;orientation&quot;:&quot;0&quot;}\" data-image-title=\"CHP\u2019nin 16 aday\u0131 daha belli oldu\" data-image-description=\"&lt;p&gt;CHP\u2019nin 16 aday\u0131 daha belli oldu&lt;\/p&gt; \" data-medium-file=\"https:\/\/i0.wp.com\/www.tvturk.com\/wp-content\/uploads\/2019\/02\/chpnin-16-adayi-daha-belli-oldu_0b002bc.jpg?fit=300%2C245\" data-large-file=\"https:\/\/i0.wp.com\/www.tvturk.com\/wp-content\/uploads\/2019\/02\/chpnin-16-adayi-daha-belli-oldu_0b002bc.jpg?fit=1000%2C817\" src=\"https:\/\/i0.wp.com\/www.tvturk.com\/wp-content\/uploads\/2019\/02\/chpnin-16-adayi-daha-belli-oldu_0b002bc.jpg?w=170&#038;h=139\" srcset=\"https:\/\/i0.wp.com\/www.tvturk.com\/wp-content\/uploads\/2019\/02\/chpnin-16-adayi-daha-belli-oldu_0b002bc.jpg?w=1000 1000w, https:\/\/i0.wp.com\/www.tvturk.com\/wp-content\/uploads\/2019\/02\/chpnin-16-adayi-daha-belli-oldu_0b002bc.jpg?resize=150%2C123 150w, https:\/\/i0.wp.com\/www.tvturk.com\/wp-content\/uploads\/2019\/02\/chpnin-16-adayi-daha-belli-oldu_0b002bc.jpg?resize=300%2C245 300w, https:\/\/i0.wp.com\/www.tvturk.com\/wp-content\/uploads\/2019\/02\/chpnin-16-adayi-daha-belli-oldu_0b002bc.jpg?resize=768%2C627 768w\" width=\"170\" height=\"139\" loading=\"lazy\" data-original-width=\"170\" data-original-height=\"139\" itemprop=\"http:\/\/schema.org\/image\" title=\"CHP\u2019nin 16 aday\u0131 daha belli oldu\" alt=\"CHP\u2019nin 16 aday\u0131 daha belli oldu\" style=\"width: 170px; height: 139px;\" \/> <\/a> <\/div> <\/div> <!-- close group --> <\/div> <!-- close row --> <\/div><\/p>\n","protected":false},"excerpt":{"rendered":"<p>CHP GENEL BA\u015eKANI KEMAL KILI\u00c7DARO\u011eLU, PART\u0130 MECL\u0130S\u0130\u2019NDEN (PM) ALDI\u011eI YETK\u0130 KAPSAMINDA PART\u0130S\u0130N\u0130N YEREL SE\u00c7\u0130MLER \u0130\u00c7\u0130N YARI\u015eACAK BAZI ADAYLARINI BEL\u0130RLED\u0130. BEL\u0130RLENEN 16 ADAYI \u0130SE CHP GENEL BA\u015eKAN YARDIMCISI SEY\u0130T TORUN D\u00dcZENLED\u0130\u011e\u0130 BASIN TOPLANTISIYLA A\u00c7IKLADI.<\/p>\n","protected":false},"author":1,"featured_media":7925,"comment_status":"closed","ping_status":"open","sticky":false,"template":"","format":"standard","meta":{"jetpack_post_was_ever_published":false,"_jetpack_newsletter_access":"","_jetpack_dont_email_post_to_subs":false,"_jetpack_newsletter_tier_id":0,"_jetpack_memberships_contains_paywalled_content":false,"_jetpack_memberships_contains_paid_content":false,"footnotes":"","jetpack_publicize_message":"","jetpack_publicize_feature_enabled":true,"jetpack_social_post_already_shared":false,"jetpack_social_options":{"image_generator_settings":{"template":"highway","default_image_id":0,"font":"","enabled":false},"version":2}},"categories":[9],"tags":[135,612,178,1018,77],"class_list":["post-7924","post","type-post","status-publish","format-standard","has-post-thumbnail","hentry","category-siyaset","tag-adayi","tag-belli","tag-chpnin","tag-daha","tag-oldu"],"jetpack_publicize_connections":[],"jetpack_featured_media_url":"https:\/\/i0.wp.com\/www.tvturk.com\/wp-content\/uploads\/2019\/02\/chpnin-16-adayi-daha-belli-oldu_938ba2c.jpg?fit=1000%2C648","jetpack_sharing_enabled":true,"jetpack_shortlink":"https:\/\/wp.me\/paKIfm-23O","_links":{"self":[{"href":"http:\/\/www.tvturk.com\/index.php\/wp-json\/wp\/v2\/posts\/7924","targetHints":{"allow":["GET"]}}],"collection":[{"href":"http:\/\/www.tvturk.com\/index.php\/wp-json\/wp\/v2\/posts"}],"about":[{"href":"http:\/\/www.tvturk.com\/index.php\/wp-json\/wp\/v2\/types\/post"}],"author":[{"embeddable":true,"href":"http:\/\/www.tvturk.com\/index.php\/wp-json\/wp\/v2\/users\/1"}],"replies":[{"embeddable":true,"href":"http:\/\/www.tvturk.com\/index.php\/wp-json\/wp\/v2\/comments?post=7924"}],"version-history":[{"count":1,"href":"http:\/\/www.tvturk.com\/index.php\/wp-json\/wp\/v2\/posts\/7924\/revisions"}],"predecessor-version":[{"id":7929,"href":"http:\/\/www.tvturk.com\/index.php\/wp-json\/wp\/v2\/posts\/7924\/revisions\/7929"}],"wp:featuredmedia":[{"embeddable":true,"href":"http:\/\/www.tvturk.com\/index.php\/wp-json\/wp\/v2\/media\/7925"}],"wp:attachment":[{"href":"http:\/\/www.tvturk.com\/index.php\/wp-json\/wp\/v2\/media?parent=7924"}],"wp:term":[{"taxonomy":"category","embeddable":true,"href":"http:\/\/www.tvturk.com\/index.php\/wp-json\/wp\/v2\/categories?post=7924"},{"taxonomy":"post_tag","embeddable":true,"href":"http:\/\/www.tvturk.com\/index.php\/wp-json\/wp\/v2\/tags?post=7924"}],"curies":[{"name":"wp","href":"https:\/\/api.w.org\/{rel}","templated":true}]}}