{"id":79266,"date":"2019-03-08T15:29:12","date_gmt":"2019-03-08T12:29:12","guid":{"rendered":"http:\/\/www.tvturk.com\/index.php\/agacta-mahsur-kalan-guvercini-itfaiye-kurtardi\/"},"modified":"2019-03-08T15:29:16","modified_gmt":"2019-03-08T12:29:16","slug":"agacta-mahsur-kalan-guvercini-itfaiye-kurtardi","status":"publish","type":"post","link":"http:\/\/www.tvturk.com\/index.php\/agacta-mahsur-kalan-guvercini-itfaiye-kurtardi\/","title":{"rendered":"A\u011fa\u00e7ta mahsur kalan g\u00fcvercini itfaiye kurtard\u0131"},"content":{"rendered":"<p>Adana\u2019da a\u011fa\u00e7ta mahsur kalan g\u00fcvercin \u0130tfaiye Arama Kurtarma ekiplerince kurtar\u0131ld\u0131.<\/p>\n<p>Olay, Seyhan il\u00e7esine ba\u011fl\u0131 Ulucami Mahallesi\u2019nde bulunan Ulu Cami \u00f6n\u00fcnde meydana geldi. Cami \u00f6n\u00fcnde bulunan g\u00fcvercinlerden biri u\u00e7arken a\u011faca tak\u0131l\u0131p mahsur kald\u0131. G\u00fcvercini g\u00f6ren vatanda\u015flar\u0131n ihbar etmesi \u00fczerine gelen \u0130tfaiye Arama Kurtarma ekipleri \u015fnorkel itfaiye arac\u0131yla g\u00fcvercini bulundu\u011fu yere \u00e7\u0131karak kurtard\u0131.<\/p>\n<p>Kurtar\u0131lan g\u00fcvercin do\u011fal ya\u015fam alan\u0131na b\u0131rak\u0131ld\u0131.<div class=\"tiled-gallery type-rectangular tiled-gallery-unresized\" data-original-width=\"500\" data-carousel-extra='null' itemscope itemtype=\"http:\/\/schema.org\/ImageGallery\" > <div class=\"gallery-row\" style=\"width: 500px; height: 251px;\" data-original-width=\"500\" data-original-height=\"251\" > <div class=\"gallery-group images-1\" style=\"width: 334px; height: 251px;\" data-original-width=\"334\" data-original-height=\"251\" > <div class=\"tiled-gallery-item tiled-gallery-item-large\" itemprop=\"associatedMedia\" itemscope itemtype=\"http:\/\/schema.org\/ImageObject\"> <a href=\"http:\/\/www.tvturk.com\/index.php\/agacta-mahsur-kalan-guvercini-itfaiye-kurtardi\/agacta-mahsur-kalan-guvercini-itfaiye-kurtardi-3\/\" border=\"0\" itemprop=\"url\"> <meta itemprop=\"width\" content=\"330\"> <meta itemprop=\"height\" content=\"247\"> <img decoding=\"async\" class=\"\" data-attachment-id=\"79268\" data-orig-file=\"http:\/\/www.tvturk.com\/wp-content\/uploads\/2019\/03\/agacta-mahsur-kalan-guvercini-itfaiye-kurtardi_47dee72.jpg\" data-orig-size=\"1000,750\" data-comments-opened=\"\" data-image-meta=\"{&quot;aperture&quot;:&quot;0&quot;,&quot;credit&quot;:&quot;IHA&quot;,&quot;camera&quot;:&quot;&quot;,&quot;caption&quot;:&quot;ADANA\\u2019DA A\\u011eA\\u00c7TA MAHSUR KALAN G\\u00dcVERC\\u0130N \\u0130TFA\\u0130YE ARAMA KURTARMA EK\\u0130PLER\\u0130NCE KURTARILDI. (EL\\u0130F AY\\u015eENUR BAY\\\/ADANA-\\u0130HA)&quot;,&quot;created_timestamp&quot;:&quot;0&quot;,&quot;copyright&quot;:&quot;\\u0130HLAS HABER AJANSI, www.iha.com.tr&quot;,&quot;focal_length&quot;:&quot;0&quot;,&quot;iso&quot;:&quot;0&quot;,&quot;shutter_speed&quot;:&quot;0&quot;,&quot;title&quot;:&quot;A\\u011eA\\u00c7TA MAHSUR KALAN G\\u00dcVERC\\u0130N\\u0130 \\u0130TFA\\u0130YE KURTARDI&quot;,&quot;orientation&quot;:&quot;0&quot;}\" data-image-title=\"A\u011fa\u00e7ta mahsur kalan g\u00fcvercini itfaiye kurtard\u0131\" data-image-description=\"&lt;p&gt;A\u011fa\u00e7ta mahsur kalan g\u00fcvercini itfaiye kurtard\u0131&lt;\/p&gt; \" data-medium-file=\"https:\/\/i0.wp.com\/www.tvturk.com\/wp-content\/uploads\/2019\/03\/agacta-mahsur-kalan-guvercini-itfaiye-kurtardi_47dee72.jpg?fit=300%2C225\" data-large-file=\"https:\/\/i0.wp.com\/www.tvturk.com\/wp-content\/uploads\/2019\/03\/agacta-mahsur-kalan-guvercini-itfaiye-kurtardi_47dee72.jpg?fit=1000%2C750\" src=\"https:\/\/i0.wp.com\/www.tvturk.com\/wp-content\/uploads\/2019\/03\/agacta-mahsur-kalan-guvercini-itfaiye-kurtardi_47dee72.jpg?w=330&#038;h=247\" srcset=\"https:\/\/i0.wp.com\/www.tvturk.com\/wp-content\/uploads\/2019\/03\/agacta-mahsur-kalan-guvercini-itfaiye-kurtardi_47dee72.jpg?w=1000 1000w, https:\/\/i0.wp.com\/www.tvturk.com\/wp-content\/uploads\/2019\/03\/agacta-mahsur-kalan-guvercini-itfaiye-kurtardi_47dee72.jpg?resize=150%2C113 150w, https:\/\/i0.wp.com\/www.tvturk.com\/wp-content\/uploads\/2019\/03\/agacta-mahsur-kalan-guvercini-itfaiye-kurtardi_47dee72.jpg?resize=300%2C225 300w, https:\/\/i0.wp.com\/www.tvturk.com\/wp-content\/uploads\/2019\/03\/agacta-mahsur-kalan-guvercini-itfaiye-kurtardi_47dee72.jpg?resize=768%2C576 768w\" width=\"330\" height=\"247\" loading=\"lazy\" data-original-width=\"330\" data-original-height=\"247\" itemprop=\"http:\/\/schema.org\/image\" title=\"A\u011fa\u00e7ta mahsur kalan g\u00fcvercini itfaiye kurtard\u0131\" alt=\"A\u011fa\u00e7ta mahsur kalan g\u00fcvercini itfaiye kurtard\u0131\" style=\"width: 330px; height: 247px;\" \/> <\/a> <\/div> <\/div> <!-- close group --> <div class=\"gallery-group images-2\" style=\"width: 166px; height: 251px;\" data-original-width=\"166\" data-original-height=\"251\" > <div class=\"tiled-gallery-item tiled-gallery-item-small\" itemprop=\"associatedMedia\" itemscope itemtype=\"http:\/\/schema.org\/ImageObject\"> <a href=\"http:\/\/www.tvturk.com\/index.php\/agacta-mahsur-kalan-guvercini-itfaiye-kurtardi\/agacta-mahsur-kalan-guvercini-itfaiye-kurtardi-4\/\" border=\"0\" itemprop=\"url\"> <meta itemprop=\"width\" content=\"162\"> <meta itemprop=\"height\" content=\"122\"> <img decoding=\"async\" class=\"\" data-attachment-id=\"79269\" data-orig-file=\"http:\/\/www.tvturk.com\/wp-content\/uploads\/2019\/03\/agacta-mahsur-kalan-guvercini-itfaiye-kurtardi_d47d412.jpg\" data-orig-size=\"1000,750\" data-comments-opened=\"\" data-image-meta=\"{&quot;aperture&quot;:&quot;0&quot;,&quot;credit&quot;:&quot;IHA&quot;,&quot;camera&quot;:&quot;&quot;,&quot;caption&quot;:&quot;ADANA\\u2019DA A\\u011eA\\u00c7TA MAHSUR KALAN G\\u00dcVERC\\u0130N \\u0130TFA\\u0130YE ARAMA KURTARMA EK\\u0130PLER\\u0130NCE KURTARILDI. (EL\\u0130F AY\\u015eENUR BAY\\\/ADANA-\\u0130HA)&quot;,&quot;created_timestamp&quot;:&quot;0&quot;,&quot;copyright&quot;:&quot;\\u0130HLAS HABER AJANSI, www.iha.com.tr&quot;,&quot;focal_length&quot;:&quot;0&quot;,&quot;iso&quot;:&quot;0&quot;,&quot;shutter_speed&quot;:&quot;0&quot;,&quot;title&quot;:&quot;A\\u011eA\\u00c7TA MAHSUR KALAN G\\u00dcVERC\\u0130N\\u0130 \\u0130TFA\\u0130YE KURTARDI&quot;,&quot;orientation&quot;:&quot;0&quot;}\" data-image-title=\"A\u011fa\u00e7ta mahsur kalan g\u00fcvercini itfaiye kurtard\u0131\" data-image-description=\"&lt;p&gt;A\u011fa\u00e7ta mahsur kalan g\u00fcvercini itfaiye kurtard\u0131&lt;\/p&gt; \" data-medium-file=\"https:\/\/i0.wp.com\/www.tvturk.com\/wp-content\/uploads\/2019\/03\/agacta-mahsur-kalan-guvercini-itfaiye-kurtardi_d47d412.jpg?fit=300%2C225\" data-large-file=\"https:\/\/i0.wp.com\/www.tvturk.com\/wp-content\/uploads\/2019\/03\/agacta-mahsur-kalan-guvercini-itfaiye-kurtardi_d47d412.jpg?fit=1000%2C750\" src=\"https:\/\/i0.wp.com\/www.tvturk.com\/wp-content\/uploads\/2019\/03\/agacta-mahsur-kalan-guvercini-itfaiye-kurtardi_d47d412.jpg?w=162&#038;h=122\" srcset=\"https:\/\/i0.wp.com\/www.tvturk.com\/wp-content\/uploads\/2019\/03\/agacta-mahsur-kalan-guvercini-itfaiye-kurtardi_d47d412.jpg?w=1000 1000w, https:\/\/i0.wp.com\/www.tvturk.com\/wp-content\/uploads\/2019\/03\/agacta-mahsur-kalan-guvercini-itfaiye-kurtardi_d47d412.jpg?resize=150%2C113 150w, https:\/\/i0.wp.com\/www.tvturk.com\/wp-content\/uploads\/2019\/03\/agacta-mahsur-kalan-guvercini-itfaiye-kurtardi_d47d412.jpg?resize=300%2C225 300w, https:\/\/i0.wp.com\/www.tvturk.com\/wp-content\/uploads\/2019\/03\/agacta-mahsur-kalan-guvercini-itfaiye-kurtardi_d47d412.jpg?resize=768%2C576 768w\" width=\"162\" height=\"122\" loading=\"lazy\" data-original-width=\"162\" data-original-height=\"122\" itemprop=\"http:\/\/schema.org\/image\" title=\"A\u011fa\u00e7ta mahsur kalan g\u00fcvercini itfaiye kurtard\u0131\" alt=\"A\u011fa\u00e7ta mahsur kalan g\u00fcvercini itfaiye kurtard\u0131\" style=\"width: 162px; height: 122px;\" \/> <\/a> <\/div> <div class=\"tiled-gallery-item tiled-gallery-item-small\" itemprop=\"associatedMedia\" itemscope itemtype=\"http:\/\/schema.org\/ImageObject\"> <a href=\"http:\/\/www.tvturk.com\/index.php\/agacta-mahsur-kalan-guvercini-itfaiye-kurtardi\/agacta-mahsur-kalan-guvercini-itfaiye-kurtardi-5\/\" border=\"0\" itemprop=\"url\"> <meta itemprop=\"width\" content=\"162\"> <meta itemprop=\"height\" content=\"121\"> <img decoding=\"async\" class=\"\" data-attachment-id=\"79270\" data-orig-file=\"http:\/\/www.tvturk.com\/wp-content\/uploads\/2019\/03\/agacta-mahsur-kalan-guvercini-itfaiye-kurtardi_e2054de.jpg\" data-orig-size=\"1000,750\" data-comments-opened=\"\" data-image-meta=\"{&quot;aperture&quot;:&quot;0&quot;,&quot;credit&quot;:&quot;IHA&quot;,&quot;camera&quot;:&quot;&quot;,&quot;caption&quot;:&quot;ADANA\\u2019DA A\\u011eA\\u00c7TA MAHSUR KALAN G\\u00dcVERC\\u0130N \\u0130TFA\\u0130YE ARAMA KURTARMA EK\\u0130PLER\\u0130NCE KURTARILDI. (EL\\u0130F AY\\u015eENUR BAY\\\/ADANA-\\u0130HA)&quot;,&quot;created_timestamp&quot;:&quot;0&quot;,&quot;copyright&quot;:&quot;\\u0130HLAS HABER AJANSI, www.iha.com.tr&quot;,&quot;focal_length&quot;:&quot;0&quot;,&quot;iso&quot;:&quot;0&quot;,&quot;shutter_speed&quot;:&quot;0&quot;,&quot;title&quot;:&quot;A\\u011eA\\u00c7TA MAHSUR KALAN G\\u00dcVERC\\u0130N\\u0130 \\u0130TFA\\u0130YE KURTARDI&quot;,&quot;orientation&quot;:&quot;0&quot;}\" data-image-title=\"A\u011fa\u00e7ta mahsur kalan g\u00fcvercini itfaiye kurtard\u0131\" data-image-description=\"&lt;p&gt;A\u011fa\u00e7ta mahsur kalan g\u00fcvercini itfaiye kurtard\u0131&lt;\/p&gt; \" data-medium-file=\"https:\/\/i0.wp.com\/www.tvturk.com\/wp-content\/uploads\/2019\/03\/agacta-mahsur-kalan-guvercini-itfaiye-kurtardi_e2054de.jpg?fit=300%2C225\" data-large-file=\"https:\/\/i0.wp.com\/www.tvturk.com\/wp-content\/uploads\/2019\/03\/agacta-mahsur-kalan-guvercini-itfaiye-kurtardi_e2054de.jpg?fit=1000%2C750\" src=\"https:\/\/i0.wp.com\/www.tvturk.com\/wp-content\/uploads\/2019\/03\/agacta-mahsur-kalan-guvercini-itfaiye-kurtardi_e2054de.jpg?w=162&#038;h=121\" srcset=\"https:\/\/i0.wp.com\/www.tvturk.com\/wp-content\/uploads\/2019\/03\/agacta-mahsur-kalan-guvercini-itfaiye-kurtardi_e2054de.jpg?w=1000 1000w, https:\/\/i0.wp.com\/www.tvturk.com\/wp-content\/uploads\/2019\/03\/agacta-mahsur-kalan-guvercini-itfaiye-kurtardi_e2054de.jpg?resize=150%2C113 150w, https:\/\/i0.wp.com\/www.tvturk.com\/wp-content\/uploads\/2019\/03\/agacta-mahsur-kalan-guvercini-itfaiye-kurtardi_e2054de.jpg?resize=300%2C225 300w, https:\/\/i0.wp.com\/www.tvturk.com\/wp-content\/uploads\/2019\/03\/agacta-mahsur-kalan-guvercini-itfaiye-kurtardi_e2054de.jpg?resize=768%2C576 768w\" width=\"162\" height=\"121\" loading=\"lazy\" data-original-width=\"162\" data-original-height=\"121\" itemprop=\"http:\/\/schema.org\/image\" title=\"A\u011fa\u00e7ta mahsur kalan g\u00fcvercini itfaiye kurtard\u0131\" alt=\"A\u011fa\u00e7ta mahsur kalan g\u00fcvercini itfaiye kurtard\u0131\" style=\"width: 162px; height: 121px;\" \/> <\/a> <\/div> <\/div> <!-- close group --> <\/div> <!-- close row --> <\/div><\/p>\n","protected":false},"excerpt":{"rendered":"<p>ADANA\u2019DA A\u011eA\u00c7TA MAHSUR KALAN G\u00dcVERC\u0130N \u0130TFA\u0130YE ARAMA KURTARMA EK\u0130PLER\u0130NCE KURTARILDI.<\/p>\n","protected":false},"author":1,"featured_media":79267,"comment_status":"closed","ping_status":"open","sticky":false,"template":"","format":"standard","meta":{"jetpack_post_was_ever_published":false,"_jetpack_newsletter_access":"","_jetpack_dont_email_post_to_subs":false,"_jetpack_newsletter_tier_id":0,"_jetpack_memberships_contains_paywalled_content":false,"_jetpack_memberships_contains_paid_content":false,"footnotes":"","jetpack_publicize_message":"","jetpack_publicize_feature_enabled":true,"jetpack_social_post_already_shared":true,"jetpack_social_options":{"image_generator_settings":{"template":"highway","default_image_id":0,"font":"","enabled":false},"version":2}},"categories":[1],"tags":[13628,21387,764,1274,477,2381],"class_list":["post-79266","post","type-post","status-publish","format-standard","has-post-thumbnail","hentry","category-genel","tag-agacta","tag-guvercini","tag-itfaiye","tag-kalan","tag-kurtardi","tag-mahsur"],"jetpack_publicize_connections":[],"jetpack_featured_media_url":"https:\/\/i0.wp.com\/www.tvturk.com\/wp-content\/uploads\/2019\/03\/agacta-mahsur-kalan-guvercini-itfaiye-kurtardi_2a0880a.jpg?fit=1000%2C750","jetpack_sharing_enabled":true,"jetpack_shortlink":"https:\/\/wp.me\/paKIfm-kCu","_links":{"self":[{"href":"http:\/\/www.tvturk.com\/index.php\/wp-json\/wp\/v2\/posts\/79266","targetHints":{"allow":["GET"]}}],"collection":[{"href":"http:\/\/www.tvturk.com\/index.php\/wp-json\/wp\/v2\/posts"}],"about":[{"href":"http:\/\/www.tvturk.com\/index.php\/wp-json\/wp\/v2\/types\/post"}],"author":[{"embeddable":true,"href":"http:\/\/www.tvturk.com\/index.php\/wp-json\/wp\/v2\/users\/1"}],"replies":[{"embeddable":true,"href":"http:\/\/www.tvturk.com\/index.php\/wp-json\/wp\/v2\/comments?post=79266"}],"version-history":[{"count":1,"href":"http:\/\/www.tvturk.com\/index.php\/wp-json\/wp\/v2\/posts\/79266\/revisions"}],"predecessor-version":[{"id":79271,"href":"http:\/\/www.tvturk.com\/index.php\/wp-json\/wp\/v2\/posts\/79266\/revisions\/79271"}],"wp:featuredmedia":[{"embeddable":true,"href":"http:\/\/www.tvturk.com\/index.php\/wp-json\/wp\/v2\/media\/79267"}],"wp:attachment":[{"href":"http:\/\/www.tvturk.com\/index.php\/wp-json\/wp\/v2\/media?parent=79266"}],"wp:term":[{"taxonomy":"category","embeddable":true,"href":"http:\/\/www.tvturk.com\/index.php\/wp-json\/wp\/v2\/categories?post=79266"},{"taxonomy":"post_tag","embeddable":true,"href":"http:\/\/www.tvturk.com\/index.php\/wp-json\/wp\/v2\/tags?post=79266"}],"curies":[{"name":"wp","href":"https:\/\/api.w.org\/{rel}","templated":true}]}}