{"id":7932,"date":"2019-02-07T12:19:56","date_gmt":"2019-02-07T09:19:56","guid":{"rendered":"http:\/\/www.tvturk.com\/index.php\/kaymakam-dundardan-okul-ziyareti\/"},"modified":"2019-02-07T12:19:58","modified_gmt":"2019-02-07T09:19:58","slug":"kaymakam-dundardan-okul-ziyareti","status":"publish","type":"post","link":"http:\/\/www.tvturk.com\/index.php\/kaymakam-dundardan-okul-ziyareti\/","title":{"rendered":"Kaymakam Dundar\u2019dan okul ziyareti"},"content":{"rendered":"<p>Van\u2019\u0131n \u00c7ald\u0131ran Kaymakam\u0131 ve Belediye Ba\u015fkan Vekili Tekin Dundar, \u0130ran s\u0131n\u0131r\u0131nda bulunan Sar\u0131\u00e7imen \u0130lkokulunu ziyaret etti.<\/p>\n<p>\u0130ran s\u0131n\u0131r\u0131n\u0131n s\u0131f\u0131r noktas\u0131nda ikili e\u011fitimin yap\u0131ld\u0131\u011f\u0131 ve 103 \u00f6\u011frenci ile 6 \u00f6\u011fretmenin g\u00f6rev yapt\u0131\u011f\u0131 3 derslikli okulda incelemelerde bulunan Kaymakam Tekin Dundar, okulun ihtiya\u00e7lar\u0131 ve yap\u0131lan e\u011fitimler hakk\u0131nda brifing ald\u0131. Beraberindeki \u0130l\u00e7e Emniyet M\u00fcd\u00fcr\u00fc Korkmaz Polat, \u0130l\u00e7e Jandarma Komutan\u0131 Jandarma Binba\u015f\u0131 Mehmet Diki ve \u0130l\u00e7e M\u00fcft\u00fcs\u00fc Fikri G\u00f6nc\u00fc ile s\u0131n\u0131flar\u0131 gezerek minik \u00f6\u011frencilerle tek tek ilgilenen ve k\u0131rtasiye seti hediye eden Tekin Dundar, \u201c2018-2019 e\u011fitim \u00f6\u011fretim y\u0131l\u0131n\u0131n ikinci d\u00f6neminde il\u00e7emizde bin 70 \u00f6\u011fretmenin ve yakla\u015f\u0131k 20 bin \u00f6\u011frencimize ders ba\u015f\u0131 yapt\u0131. \u00c7ald\u0131ran\u2019da e\u011fitim \u00f6\u011fretimde b\u00fcy\u00fck ba\u015far\u0131lara imza atarak, il\u00e7emizin gerek e\u011fitim gerekse spor faaliyetlerinde ba\u015far\u0131lar elde ettik. \u0130l\u00e7emizde e\u011fitim \u00f6\u011fretim kurumlar\u0131m\u0131z\u0131n eksiklerini tamamlayarak, \u00f6\u011frencilerimizin e\u011fitimlerine katk\u0131 sunduk. Bug\u00fcn de yapt\u0131\u011f\u0131m\u0131z rutin okul ziyaretlerinde birindeyiz. \u0130ran s\u0131n\u0131r\u0131nda 103 \u00f6\u011frenci ve 6 \u00f6\u011fretmeni bulunan Sar\u0131\u00e7imen \u0130lkokulumuzu ziyaret ettik. Burada okul idarecileri ile bir araya gelerek sorun ve taleplerini dinledik. \u00d6\u011frencilerimizle de bir araya gelerek, sohbet ettik. \u00c7ocuklar\u0131m\u0131z\u0131n bir kaymakamla sohbet etmeleri, kendilerine olan g\u00fcvenlerini artt\u0131rd\u0131. Devletimizin her zaman k\u00f6yde, mezrada, mahallede yanlar\u0131nda oldu\u011fu gibi, okulda da \u00e7ocuklar\u0131m\u0131z\u0131n yan\u0131nda oldu\u011funu hissettirmek ho\u015flar\u0131na gitti\u011fi kadar, ba\u015far\u0131lar\u0131na da katt\u0131\u011f\u0131 yapt\u0131\u011f\u0131 inanc\u0131nday\u0131m\u201d dedi.<\/p>\n<p>S\u0131n\u0131flarda \u00e7ocuklarla birlikte soru \u00e7\u00f6zen Dundar ve beraberindekiler, minik \u00f6\u011frencilerle \u00e7ekilen hat\u0131ra foto\u011fraf\u0131n\u0131n ard\u0131ndan il\u00e7e merkezine d\u00f6nd\u00fcler.<div class=\"tiled-gallery type-rectangular tiled-gallery-unresized\" data-original-width=\"500\" data-carousel-extra='null' itemscope itemtype=\"http:\/\/schema.org\/ImageGallery\" > <div class=\"gallery-row\" style=\"width: 500px; height: 189px;\" data-original-width=\"500\" data-original-height=\"189\" > <div class=\"gallery-group images-1\" style=\"width: 250px; height: 189px;\" data-original-width=\"250\" data-original-height=\"189\" > <div class=\"tiled-gallery-item tiled-gallery-item-small\" itemprop=\"associatedMedia\" itemscope itemtype=\"http:\/\/schema.org\/ImageObject\"> <a href=\"http:\/\/www.tvturk.com\/index.php\/kaymakam-dundardan-okul-ziyareti\/kaymakam-dundardan-okul-ziyareti-3\/\" border=\"0\" itemprop=\"url\"> <meta itemprop=\"width\" content=\"246\"> <meta itemprop=\"height\" content=\"185\"> <img decoding=\"async\" class=\"\" data-attachment-id=\"7934\" data-orig-file=\"http:\/\/www.tvturk.com\/wp-content\/uploads\/2019\/02\/kaymakam-dundardan-okul-ziyareti_6b956a6.jpg\" data-orig-size=\"1000,750\" data-comments-opened=\"\" data-image-meta=\"{&quot;aperture&quot;:&quot;0&quot;,&quot;credit&quot;:&quot;IHA&quot;,&quot;camera&quot;:&quot;&quot;,&quot;caption&quot;:&quot;VAN\\u2019IN \\u00c7ALDIRAN KAYMAKAMI VE BELED\\u0130YE BA\\u015eKAN VEK\\u0130L\\u0130 TEK\\u0130N DUNDAR, \\u0130RAN SINIRINDA BULUNAN SARI\\u00c7\\u0130MEN \\u0130LKOKULUNU Z\\u0130YARET ETT\\u0130. (M. EM\\u0130N ARVAS\\\/VAN-\\u0130HA)&quot;,&quot;created_timestamp&quot;:&quot;0&quot;,&quot;copyright&quot;:&quot;\\u0130HLAS HABER AJANSI, www.iha.com.tr&quot;,&quot;focal_length&quot;:&quot;0&quot;,&quot;iso&quot;:&quot;0&quot;,&quot;shutter_speed&quot;:&quot;0&quot;,&quot;title&quot;:&quot;KAYMAKAM DUNDAR\\u2019DAN OKUL Z\\u0130YARET\\u0130&quot;,&quot;orientation&quot;:&quot;0&quot;}\" data-image-title=\"Kaymakam Dundar\u2019dan okul ziyareti\" data-image-description=\"&lt;p&gt;Kaymakam Dundar\u2019dan okul ziyareti&lt;\/p&gt; \" data-medium-file=\"https:\/\/i0.wp.com\/www.tvturk.com\/wp-content\/uploads\/2019\/02\/kaymakam-dundardan-okul-ziyareti_6b956a6.jpg?fit=300%2C225\" data-large-file=\"https:\/\/i0.wp.com\/www.tvturk.com\/wp-content\/uploads\/2019\/02\/kaymakam-dundardan-okul-ziyareti_6b956a6.jpg?fit=1000%2C750\" src=\"https:\/\/i0.wp.com\/www.tvturk.com\/wp-content\/uploads\/2019\/02\/kaymakam-dundardan-okul-ziyareti_6b956a6.jpg?w=246&#038;h=185\" srcset=\"https:\/\/i0.wp.com\/www.tvturk.com\/wp-content\/uploads\/2019\/02\/kaymakam-dundardan-okul-ziyareti_6b956a6.jpg?w=1000 1000w, https:\/\/i0.wp.com\/www.tvturk.com\/wp-content\/uploads\/2019\/02\/kaymakam-dundardan-okul-ziyareti_6b956a6.jpg?resize=150%2C113 150w, https:\/\/i0.wp.com\/www.tvturk.com\/wp-content\/uploads\/2019\/02\/kaymakam-dundardan-okul-ziyareti_6b956a6.jpg?resize=300%2C225 300w, https:\/\/i0.wp.com\/www.tvturk.com\/wp-content\/uploads\/2019\/02\/kaymakam-dundardan-okul-ziyareti_6b956a6.jpg?resize=768%2C576 768w\" width=\"246\" height=\"185\" loading=\"lazy\" data-original-width=\"246\" data-original-height=\"185\" itemprop=\"http:\/\/schema.org\/image\" title=\"Kaymakam Dundar\u2019dan okul ziyareti\" alt=\"Kaymakam Dundar\u2019dan okul ziyareti\" style=\"width: 246px; height: 185px;\" \/> <\/a> <\/div> <\/div> <!-- close group --> <div class=\"gallery-group images-1\" style=\"width: 250px; height: 189px;\" data-original-width=\"250\" data-original-height=\"189\" > <div class=\"tiled-gallery-item tiled-gallery-item-small\" itemprop=\"associatedMedia\" itemscope itemtype=\"http:\/\/schema.org\/ImageObject\"> <a href=\"http:\/\/www.tvturk.com\/index.php\/kaymakam-dundardan-okul-ziyareti\/kaymakam-dundardan-okul-ziyareti-4\/\" border=\"0\" itemprop=\"url\"> <meta itemprop=\"width\" content=\"246\"> <meta itemprop=\"height\" content=\"185\"> <img decoding=\"async\" class=\"\" data-attachment-id=\"7935\" data-orig-file=\"http:\/\/www.tvturk.com\/wp-content\/uploads\/2019\/02\/kaymakam-dundardan-okul-ziyareti_19251a1.jpg\" data-orig-size=\"1000,750\" data-comments-opened=\"\" data-image-meta=\"{&quot;aperture&quot;:&quot;0&quot;,&quot;credit&quot;:&quot;IHA&quot;,&quot;camera&quot;:&quot;&quot;,&quot;caption&quot;:&quot;VAN\\u2019IN \\u00c7ALDIRAN KAYMAKAMI VE BELED\\u0130YE BA\\u015eKAN VEK\\u0130L\\u0130 TEK\\u0130N DUNDAR, \\u0130RAN SINIRINDA BULUNAN SARI\\u00c7\\u0130MEN \\u0130LKOKULUNU Z\\u0130YARET ETT\\u0130. (M. EM\\u0130N ARVAS\\\/VAN-\\u0130HA)&quot;,&quot;created_timestamp&quot;:&quot;0&quot;,&quot;copyright&quot;:&quot;\\u0130HLAS HABER AJANSI, www.iha.com.tr&quot;,&quot;focal_length&quot;:&quot;0&quot;,&quot;iso&quot;:&quot;0&quot;,&quot;shutter_speed&quot;:&quot;0&quot;,&quot;title&quot;:&quot;KAYMAKAM DUNDAR\\u2019DAN OKUL Z\\u0130YARET\\u0130&quot;,&quot;orientation&quot;:&quot;0&quot;}\" data-image-title=\"Kaymakam Dundar\u2019dan okul ziyareti\" data-image-description=\"&lt;p&gt;Kaymakam Dundar\u2019dan okul ziyareti&lt;\/p&gt; \" data-medium-file=\"https:\/\/i0.wp.com\/www.tvturk.com\/wp-content\/uploads\/2019\/02\/kaymakam-dundardan-okul-ziyareti_19251a1.jpg?fit=300%2C225\" data-large-file=\"https:\/\/i0.wp.com\/www.tvturk.com\/wp-content\/uploads\/2019\/02\/kaymakam-dundardan-okul-ziyareti_19251a1.jpg?fit=1000%2C750\" src=\"https:\/\/i0.wp.com\/www.tvturk.com\/wp-content\/uploads\/2019\/02\/kaymakam-dundardan-okul-ziyareti_19251a1.jpg?w=246&#038;h=185\" srcset=\"https:\/\/i0.wp.com\/www.tvturk.com\/wp-content\/uploads\/2019\/02\/kaymakam-dundardan-okul-ziyareti_19251a1.jpg?w=1000 1000w, https:\/\/i0.wp.com\/www.tvturk.com\/wp-content\/uploads\/2019\/02\/kaymakam-dundardan-okul-ziyareti_19251a1.jpg?resize=150%2C113 150w, https:\/\/i0.wp.com\/www.tvturk.com\/wp-content\/uploads\/2019\/02\/kaymakam-dundardan-okul-ziyareti_19251a1.jpg?resize=300%2C225 300w, https:\/\/i0.wp.com\/www.tvturk.com\/wp-content\/uploads\/2019\/02\/kaymakam-dundardan-okul-ziyareti_19251a1.jpg?resize=768%2C576 768w\" width=\"246\" height=\"185\" loading=\"lazy\" data-original-width=\"246\" data-original-height=\"185\" itemprop=\"http:\/\/schema.org\/image\" title=\"Kaymakam Dundar\u2019dan okul ziyareti\" alt=\"Kaymakam Dundar\u2019dan okul ziyareti\" style=\"width: 246px; height: 185px;\" \/> <\/a> <\/div> <\/div> <!-- close group --> <\/div> <!-- close row --> <\/div><\/p>\n","protected":false},"excerpt":{"rendered":"<p>VAN\u2019IN \u00c7ALDIRAN KAYMAKAMI VE BELED\u0130YE BA\u015eKAN VEK\u0130L\u0130 TEK\u0130N DUNDAR, \u0130RAN SINIRINDA BULUNAN SARI\u00c7\u0130MEN \u0130LKOKULUNU Z\u0130YARET ETT\u0130.<\/p>\n","protected":false},"author":1,"featured_media":7933,"comment_status":"closed","ping_status":"open","sticky":false,"template":"","format":"standard","meta":{"jetpack_post_was_ever_published":false,"_jetpack_newsletter_access":"","_jetpack_dont_email_post_to_subs":false,"_jetpack_newsletter_tier_id":0,"_jetpack_memberships_contains_paywalled_content":false,"_jetpack_memberships_contains_paid_content":false,"footnotes":"","jetpack_publicize_message":"","jetpack_publicize_feature_enabled":true,"jetpack_social_post_already_shared":false,"jetpack_social_options":{"image_generator_settings":{"template":"highway","default_image_id":0,"font":"","enabled":false},"version":2}},"categories":[659],"tags":[4245,2957,120,1730],"class_list":["post-7932","post","type-post","status-publish","format-standard","has-post-thumbnail","hentry","category-egitim","tag-dundardan","tag-kaymakam","tag-okul","tag-ziyareti"],"jetpack_publicize_connections":[],"jetpack_featured_media_url":"https:\/\/i0.wp.com\/www.tvturk.com\/wp-content\/uploads\/2019\/02\/kaymakam-dundardan-okul-ziyareti_41e16a6.jpg?fit=1000%2C750","jetpack_sharing_enabled":true,"jetpack_shortlink":"https:\/\/wp.me\/paKIfm-23W","_links":{"self":[{"href":"http:\/\/www.tvturk.com\/index.php\/wp-json\/wp\/v2\/posts\/7932","targetHints":{"allow":["GET"]}}],"collection":[{"href":"http:\/\/www.tvturk.com\/index.php\/wp-json\/wp\/v2\/posts"}],"about":[{"href":"http:\/\/www.tvturk.com\/index.php\/wp-json\/wp\/v2\/types\/post"}],"author":[{"embeddable":true,"href":"http:\/\/www.tvturk.com\/index.php\/wp-json\/wp\/v2\/users\/1"}],"replies":[{"embeddable":true,"href":"http:\/\/www.tvturk.com\/index.php\/wp-json\/wp\/v2\/comments?post=7932"}],"version-history":[{"count":1,"href":"http:\/\/www.tvturk.com\/index.php\/wp-json\/wp\/v2\/posts\/7932\/revisions"}],"predecessor-version":[{"id":7936,"href":"http:\/\/www.tvturk.com\/index.php\/wp-json\/wp\/v2\/posts\/7932\/revisions\/7936"}],"wp:featuredmedia":[{"embeddable":true,"href":"http:\/\/www.tvturk.com\/index.php\/wp-json\/wp\/v2\/media\/7933"}],"wp:attachment":[{"href":"http:\/\/www.tvturk.com\/index.php\/wp-json\/wp\/v2\/media?parent=7932"}],"wp:term":[{"taxonomy":"category","embeddable":true,"href":"http:\/\/www.tvturk.com\/index.php\/wp-json\/wp\/v2\/categories?post=7932"},{"taxonomy":"post_tag","embeddable":true,"href":"http:\/\/www.tvturk.com\/index.php\/wp-json\/wp\/v2\/tags?post=7932"}],"curies":[{"name":"wp","href":"https:\/\/api.w.org\/{rel}","templated":true}]}}