{"id":79540,"date":"2019-03-08T17:07:29","date_gmt":"2019-03-08T14:07:29","guid":{"rendered":"http:\/\/www.tvturk.com\/index.php\/u23-avrupa-gures-sampiyonasinda-turkiye-ruzgari-esiyoe\/"},"modified":"2019-03-08T17:07:31","modified_gmt":"2019-03-08T14:07:31","slug":"u23-avrupa-gures-sampiyonasinda-turkiye-ruzgari-esiyoe","status":"publish","type":"post","link":"http:\/\/www.tvturk.com\/index.php\/u23-avrupa-gures-sampiyonasinda-turkiye-ruzgari-esiyoe\/","title":{"rendered":"U23 Avrupa G\u00fcre\u015f \u015eampiyonas\u0131\u2019nda T\u00fcrkiye r\u00fczgar\u0131 esiyoe"},"content":{"rendered":"<p>S\u0131rbistan\u2019\u0131n Novi Sad kentinde d\u00fczenlenen U23 Avrupa G\u00fcre\u015f \u015eampiyonas\u0131\u2019nda heyecan t\u00fcm h\u0131z\u0131yla s\u00fcr\u00fcyor. \u015eampiyonada bug\u00fcn sabah seans\u0131nda serbest stil m\u00fcsabakalar\u0131 ba\u015flad\u0131.<\/p>\n<p>57 kiloda \u015eaban K\u0131z\u0131lta\u015f ilk turda Macar Gamzatgadzhi Khalivov\u2019u 10-0, \u00e7eyrek finalde Alman Nico Megerle\u2019yi 2-0 yenerek yar\u0131 finale y\u00fckseldi. Milli g\u00fcre\u015f\u00e7i ak\u015fam seans\u0131nda Ukrayna\u2019dan Andrii Yatsenko ile yar\u0131 finalde kar\u015f\u0131 kar\u015f\u0131ya gelecek.<\/p>\n<p>79 kiloda Ramazan \u0130shak Sar\u0131 \u00e7eyrek finalde Avusturya\u2019l\u0131 Simon Christian Hartmann\u2019\u0131 15-2 yenerek ad\u0131n\u0131 yar\u0131 finale yazd\u0131ran di\u011fer sporcumuz oldu. Ramazan yar\u0131 finalde Ukrayna\u2019dan Adlan Bataiev ile kar\u015f\u0131la\u015facak. \u00dclkemizi 97 kiloda temsil eden \u0130brahim \u00c7iftci ise \u00e7eyrek finalde S\u0131rp Aleksandar Pamtelic\u2019i 10-0 say\u0131 tu\u015fu ile ma\u011flup ederek yar\u0131 finalist oldu. \u0130brahim \u00c7ift\u00e7i yar\u0131 finalde G\u00fcrc\u00fc Givi Matcharashvili ile kar\u015f\u0131la\u015facak. 65 kiloda m\u00fccadele eden Selim Kozan ilk turda Belarus\u2019tan Dzianis Maksimau\u2019yu 11-0 say\u0131 tu\u015fu ile ma\u011flup etti. \u0130kinci turda \u00fcst\u00fcn g\u00f6t\u00fcrd\u00fc\u011f\u00fc ma\u00e7ta Ermeni rakibi Vazgen Tevanyan\u2019a \u015fanss\u0131z bir \u015fekilde ma\u011flup oldu. 70 kilodaki temsilcimiz \u00d6mer Faruk Cay\u0131r ise ilk turda kar\u015f\u0131la\u015ft\u0131\u011f\u0131 Oleksii Boruta\u2019ya yenildi.<\/p>\n<p>Kad\u0131nlarda 2 bronz ma\u00e7\u0131 var<\/p>\n<p>U23 Avrupa G\u00fcre\u015f \u015eampiyonas\u0131\u2019nda d\u00fcn yar\u0131 finalde kaybeden 2 g\u00fcre\u015f\u00e7imiz bu ak\u015fam bronz madalya kazanmak i\u00e7in mindere \u00e7\u0131kacak. \u00dclkemizi 53 kiloda temsil eden Zeynep Yetgil Bulgar Krasimir Petrova ile, 57 kiloda Elif Yan\u0131k ise Belarus\u2019lu Valeria Yarmola ile kar\u015f\u0131 kar\u015f\u0131ya gelecek. Bu ak\u015famki ma\u00e7larla birlikte Kad\u0131nlar m\u00fcsabakalar\u0131 tamamlanm\u0131\u015f olacak.<\/p>\n<p>T\u00fcrkiye \u015fu ana kadar Greko-Romen stilde 8, kad\u0131nlarda 2 olmak \u00fczere toplam 10 madalyan\u0131n sahibi oldu.<div class=\"tiled-gallery type-rectangular tiled-gallery-unresized\" data-original-width=\"500\" data-carousel-extra='null' itemscope itemtype=\"http:\/\/schema.org\/ImageGallery\" > <div class=\"gallery-row\" style=\"width: 500px; height: 153px;\" data-original-width=\"500\" data-original-height=\"153\" > <div class=\"gallery-group images-1\" style=\"width: 250px; height: 153px;\" data-original-width=\"250\" data-original-height=\"153\" > <div class=\"tiled-gallery-item tiled-gallery-item-small\" itemprop=\"associatedMedia\" itemscope itemtype=\"http:\/\/schema.org\/ImageObject\"> <a href=\"http:\/\/www.tvturk.com\/index.php\/u23-avrupa-gures-sampiyonasinda-turkiye-ruzgari-esiyoe\/u23-avrupa-gures-sampiyonasinda-turkiye-ruzgari-esiyoe-3\/\" border=\"0\" itemprop=\"url\"> <meta itemprop=\"width\" content=\"246\"> <meta itemprop=\"height\" content=\"149\"> <img decoding=\"async\" class=\"\" data-attachment-id=\"79542\" data-orig-file=\"http:\/\/www.tvturk.com\/wp-content\/uploads\/2019\/03\/u23-avrupa-gures-sampiyonasinda-turkiye-ruzgari-esiyoe_939d674.jpg\" data-orig-size=\"1000,605\" data-comments-opened=\"\" data-image-meta=\"{&quot;aperture&quot;:&quot;0&quot;,&quot;credit&quot;:&quot;IHA&quot;,&quot;camera&quot;:&quot;&quot;,&quot;caption&quot;:&quot;SIRB\\u0130STAN\\u2019IN NOV\\u0130 SAD KENT\\u0130NDE D\\u00dcZENLENEN U23 AVRUPA G\\u00dcRE\\u015e \\u015eAMP\\u0130YONASI\\u0027NDA HEYECAN T\\u00dcM HIZIYLA S\\u00dcR\\u00dcYOR. \\u015eAMP\\u0130YONADA BUG\\u00dcN SABAH SEANSINDA SERBEST ST\\u0130L M\\u00dcSABAKALARI BA\\u015eLADI. (\\u0130HA\\\/\\u0130STANBUL-\\u0130HA)&quot;,&quot;created_timestamp&quot;:&quot;0&quot;,&quot;copyright&quot;:&quot;\\u0130HLAS HABER AJANSI, www.iha.com.tr&quot;,&quot;focal_length&quot;:&quot;0&quot;,&quot;iso&quot;:&quot;0&quot;,&quot;shutter_speed&quot;:&quot;0&quot;,&quot;title&quot;:&quot;U23 AVRUPA G\\u00dcRE\\u015e \\u015eAMP\\u0130YONASI\\u0027NDA T\\u00dcRK\\u0130YE R\\u00dcZGARI ES\\u0130YOE&quot;,&quot;orientation&quot;:&quot;0&quot;}\" data-image-title=\"U23 Avrupa G\u00fcre\u015f \u015eampiyonas\u0131\u2019nda T\u00fcrkiye r\u00fczgar\u0131 esiyoe\" data-image-description=\"&lt;p&gt;U23 Avrupa G\u00fcre\u015f \u015eampiyonas\u0131\u2019nda T\u00fcrkiye r\u00fczgar\u0131 esiyoe&lt;\/p&gt; \" data-medium-file=\"https:\/\/i0.wp.com\/www.tvturk.com\/wp-content\/uploads\/2019\/03\/u23-avrupa-gures-sampiyonasinda-turkiye-ruzgari-esiyoe_939d674.jpg?fit=300%2C182\" data-large-file=\"https:\/\/i0.wp.com\/www.tvturk.com\/wp-content\/uploads\/2019\/03\/u23-avrupa-gures-sampiyonasinda-turkiye-ruzgari-esiyoe_939d674.jpg?fit=1000%2C605\" src=\"https:\/\/i0.wp.com\/www.tvturk.com\/wp-content\/uploads\/2019\/03\/u23-avrupa-gures-sampiyonasinda-turkiye-ruzgari-esiyoe_939d674.jpg?w=246&#038;h=149\" srcset=\"https:\/\/i0.wp.com\/www.tvturk.com\/wp-content\/uploads\/2019\/03\/u23-avrupa-gures-sampiyonasinda-turkiye-ruzgari-esiyoe_939d674.jpg?w=1000 1000w, https:\/\/i0.wp.com\/www.tvturk.com\/wp-content\/uploads\/2019\/03\/u23-avrupa-gures-sampiyonasinda-turkiye-ruzgari-esiyoe_939d674.jpg?resize=150%2C91 150w, https:\/\/i0.wp.com\/www.tvturk.com\/wp-content\/uploads\/2019\/03\/u23-avrupa-gures-sampiyonasinda-turkiye-ruzgari-esiyoe_939d674.jpg?resize=300%2C182 300w, https:\/\/i0.wp.com\/www.tvturk.com\/wp-content\/uploads\/2019\/03\/u23-avrupa-gures-sampiyonasinda-turkiye-ruzgari-esiyoe_939d674.jpg?resize=768%2C465 768w, https:\/\/i0.wp.com\/www.tvturk.com\/wp-content\/uploads\/2019\/03\/u23-avrupa-gures-sampiyonasinda-turkiye-ruzgari-esiyoe_939d674.jpg?resize=187%2C113 187w\" width=\"246\" height=\"149\" loading=\"lazy\" data-original-width=\"246\" data-original-height=\"149\" itemprop=\"http:\/\/schema.org\/image\" title=\"U23 Avrupa G\u00fcre\u015f \u015eampiyonas\u0131\u2019nda T\u00fcrkiye r\u00fczgar\u0131 esiyoe\" alt=\"U23 Avrupa G\u00fcre\u015f \u015eampiyonas\u0131\u2019nda T\u00fcrkiye r\u00fczgar\u0131 esiyoe\" style=\"width: 246px; height: 149px;\" \/> <\/a> <\/div> <\/div> <!-- close group --> <div class=\"gallery-group images-1\" style=\"width: 250px; height: 153px;\" data-original-width=\"250\" data-original-height=\"153\" > <div class=\"tiled-gallery-item tiled-gallery-item-small\" itemprop=\"associatedMedia\" itemscope itemtype=\"http:\/\/schema.org\/ImageObject\"> <a href=\"http:\/\/www.tvturk.com\/index.php\/u23-avrupa-gures-sampiyonasinda-turkiye-ruzgari-esiyoe\/u23-avrupa-gures-sampiyonasinda-turkiye-ruzgari-esiyoe-4\/\" border=\"0\" itemprop=\"url\"> <meta itemprop=\"width\" content=\"246\"> <meta itemprop=\"height\" content=\"149\"> <img decoding=\"async\" class=\"\" data-attachment-id=\"79543\" data-orig-file=\"http:\/\/www.tvturk.com\/wp-content\/uploads\/2019\/03\/u23-avrupa-gures-sampiyonasinda-turkiye-ruzgari-esiyoe_0cee7e1.jpg\" data-orig-size=\"1000,605\" data-comments-opened=\"\" data-image-meta=\"{&quot;aperture&quot;:&quot;0&quot;,&quot;credit&quot;:&quot;IHA&quot;,&quot;camera&quot;:&quot;&quot;,&quot;caption&quot;:&quot;SIRB\\u0130STAN\\u2019IN NOV\\u0130 SAD KENT\\u0130NDE D\\u00dcZENLENEN U23 AVRUPA G\\u00dcRE\\u015e \\u015eAMP\\u0130YONASI\\u0027NDA HEYECAN T\\u00dcM HIZIYLA S\\u00dcR\\u00dcYOR. \\u015eAMP\\u0130YONADA BUG\\u00dcN SABAH SEANSINDA SERBEST ST\\u0130L M\\u00dcSABAKALARI BA\\u015eLADI. (\\u0130HA\\\/\\u0130STANBUL-\\u0130HA)&quot;,&quot;created_timestamp&quot;:&quot;0&quot;,&quot;copyright&quot;:&quot;\\u0130HLAS HABER AJANSI, www.iha.com.tr&quot;,&quot;focal_length&quot;:&quot;0&quot;,&quot;iso&quot;:&quot;0&quot;,&quot;shutter_speed&quot;:&quot;0&quot;,&quot;title&quot;:&quot;U23 AVRUPA G\\u00dcRE\\u015e \\u015eAMP\\u0130YONASI\\u0027NDA T\\u00dcRK\\u0130YE R\\u00dcZGARI ES\\u0130YOE&quot;,&quot;orientation&quot;:&quot;0&quot;}\" data-image-title=\"U23 Avrupa G\u00fcre\u015f \u015eampiyonas\u0131\u2019nda T\u00fcrkiye r\u00fczgar\u0131 esiyoe\" data-image-description=\"&lt;p&gt;U23 Avrupa G\u00fcre\u015f \u015eampiyonas\u0131\u2019nda T\u00fcrkiye r\u00fczgar\u0131 esiyoe&lt;\/p&gt; \" data-medium-file=\"https:\/\/i0.wp.com\/www.tvturk.com\/wp-content\/uploads\/2019\/03\/u23-avrupa-gures-sampiyonasinda-turkiye-ruzgari-esiyoe_0cee7e1.jpg?fit=300%2C182\" data-large-file=\"https:\/\/i0.wp.com\/www.tvturk.com\/wp-content\/uploads\/2019\/03\/u23-avrupa-gures-sampiyonasinda-turkiye-ruzgari-esiyoe_0cee7e1.jpg?fit=1000%2C605\" src=\"https:\/\/i0.wp.com\/www.tvturk.com\/wp-content\/uploads\/2019\/03\/u23-avrupa-gures-sampiyonasinda-turkiye-ruzgari-esiyoe_0cee7e1.jpg?w=246&#038;h=149\" srcset=\"https:\/\/i0.wp.com\/www.tvturk.com\/wp-content\/uploads\/2019\/03\/u23-avrupa-gures-sampiyonasinda-turkiye-ruzgari-esiyoe_0cee7e1.jpg?w=1000 1000w, https:\/\/i0.wp.com\/www.tvturk.com\/wp-content\/uploads\/2019\/03\/u23-avrupa-gures-sampiyonasinda-turkiye-ruzgari-esiyoe_0cee7e1.jpg?resize=150%2C91 150w, https:\/\/i0.wp.com\/www.tvturk.com\/wp-content\/uploads\/2019\/03\/u23-avrupa-gures-sampiyonasinda-turkiye-ruzgari-esiyoe_0cee7e1.jpg?resize=300%2C182 300w, https:\/\/i0.wp.com\/www.tvturk.com\/wp-content\/uploads\/2019\/03\/u23-avrupa-gures-sampiyonasinda-turkiye-ruzgari-esiyoe_0cee7e1.jpg?resize=768%2C465 768w, https:\/\/i0.wp.com\/www.tvturk.com\/wp-content\/uploads\/2019\/03\/u23-avrupa-gures-sampiyonasinda-turkiye-ruzgari-esiyoe_0cee7e1.jpg?resize=187%2C113 187w\" width=\"246\" height=\"149\" loading=\"lazy\" data-original-width=\"246\" data-original-height=\"149\" itemprop=\"http:\/\/schema.org\/image\" title=\"U23 Avrupa G\u00fcre\u015f \u015eampiyonas\u0131\u2019nda T\u00fcrkiye r\u00fczgar\u0131 esiyoe\" alt=\"U23 Avrupa G\u00fcre\u015f \u015eampiyonas\u0131\u2019nda T\u00fcrkiye r\u00fczgar\u0131 esiyoe\" style=\"width: 246px; height: 149px;\" \/> <\/a> <\/div> <\/div> <!-- close group --> <\/div> <!-- close row --> <\/div><\/p>\n","protected":false},"excerpt":{"rendered":"<p>SIRB\u0130STAN\u2019IN NOV\u0130 SAD KENT\u0130NDE D\u00dcZENLENEN U23 AVRUPA G\u00dcRE\u015e \u015eAMP\u0130YONASI&#8217;NDA HEYECAN T\u00dcM HIZIYLA S\u00dcR\u00dcYOR. \u015eAMP\u0130YONADA BUG\u00dcN SABAH SEANSINDA SERBEST ST\u0130L M\u00dcSABAKALARI BA\u015eLADI.<\/p>\n","protected":false},"author":1,"featured_media":79541,"comment_status":"closed","ping_status":"open","sticky":false,"template":"","format":"standard","meta":{"jetpack_post_was_ever_published":false,"_jetpack_newsletter_access":"","_jetpack_dont_email_post_to_subs":false,"_jetpack_newsletter_tier_id":0,"_jetpack_memberships_contains_paywalled_content":false,"_jetpack_memberships_contains_paid_content":false,"footnotes":"","jetpack_publicize_message":"","jetpack_publicize_feature_enabled":true,"jetpack_social_post_already_shared":true,"jetpack_social_options":{"image_generator_settings":{"template":"highway","default_image_id":0,"font":"","enabled":false},"version":2}},"categories":[657],"tags":[392,22521,8355,726,13384,453,8354],"class_list":["post-79540","post","type-post","status-publish","format-standard","has-post-thumbnail","hentry","category-spor","tag-avrupa","tag-esiyoe","tag-gures","tag-ruzgari","tag-sampiyonasinda","tag-turkiye","tag-u23"],"jetpack_publicize_connections":[],"jetpack_featured_media_url":"https:\/\/i0.wp.com\/www.tvturk.com\/wp-content\/uploads\/2019\/03\/u23-avrupa-gures-sampiyonasinda-turkiye-ruzgari-esiyoe_8040da2.jpg?fit=1000%2C605","jetpack_sharing_enabled":true,"jetpack_shortlink":"https:\/\/wp.me\/paKIfm-kGU","_links":{"self":[{"href":"http:\/\/www.tvturk.com\/index.php\/wp-json\/wp\/v2\/posts\/79540","targetHints":{"allow":["GET"]}}],"collection":[{"href":"http:\/\/www.tvturk.com\/index.php\/wp-json\/wp\/v2\/posts"}],"about":[{"href":"http:\/\/www.tvturk.com\/index.php\/wp-json\/wp\/v2\/types\/post"}],"author":[{"embeddable":true,"href":"http:\/\/www.tvturk.com\/index.php\/wp-json\/wp\/v2\/users\/1"}],"replies":[{"embeddable":true,"href":"http:\/\/www.tvturk.com\/index.php\/wp-json\/wp\/v2\/comments?post=79540"}],"version-history":[{"count":1,"href":"http:\/\/www.tvturk.com\/index.php\/wp-json\/wp\/v2\/posts\/79540\/revisions"}],"predecessor-version":[{"id":79544,"href":"http:\/\/www.tvturk.com\/index.php\/wp-json\/wp\/v2\/posts\/79540\/revisions\/79544"}],"wp:featuredmedia":[{"embeddable":true,"href":"http:\/\/www.tvturk.com\/index.php\/wp-json\/wp\/v2\/media\/79541"}],"wp:attachment":[{"href":"http:\/\/www.tvturk.com\/index.php\/wp-json\/wp\/v2\/media?parent=79540"}],"wp:term":[{"taxonomy":"category","embeddable":true,"href":"http:\/\/www.tvturk.com\/index.php\/wp-json\/wp\/v2\/categories?post=79540"},{"taxonomy":"post_tag","embeddable":true,"href":"http:\/\/www.tvturk.com\/index.php\/wp-json\/wp\/v2\/tags?post=79540"}],"curies":[{"name":"wp","href":"https:\/\/api.w.org\/{rel}","templated":true}]}}