{"id":79783,"date":"2019-03-08T18:24:11","date_gmt":"2019-03-08T15:24:11","guid":{"rendered":"http:\/\/www.tvturk.com\/index.php\/ogrencilerden-kitap-koreografisiyle-okuma-mesaji\/"},"modified":"2019-03-08T18:24:13","modified_gmt":"2019-03-08T15:24:13","slug":"ogrencilerden-kitap-koreografisiyle-okuma-mesaji","status":"publish","type":"post","link":"http:\/\/www.tvturk.com\/index.php\/ogrencilerden-kitap-koreografisiyle-okuma-mesaji\/","title":{"rendered":"\u00d6\u011frencilerden kitap koreografisiyle &#8220;okuma&#8221; mesaj\u0131"},"content":{"rendered":"<p>Gaziantep\u2019in Nizip il\u00e7esi Mustafa \u00d6zkaya ilkokulu \u201cBen Okuyorum Gaziantep Okuyor\u201d projesi kapsam\u0131nda okul bah\u00e7esinde velilerle birlikte kitap okuma ve koreografi \u00e7al\u0131\u015fmas\u0131 yap\u0131ld\u0131.<\/p>\n<p>Gaziantep\u2019te uygulanan proje kapsam\u0131nda ilkokul \u00f6\u011frencileri \u00f6\u011fretmen ve velilerin koordinesinde kitap koreografisi olu\u015fturdu. Okul M\u00fcd\u00fcr\u00fc Mustafa Y\u0131ld\u0131r\u0131m, okuma al\u0131\u015fkanl\u0131\u011f\u0131n\u0131n kazan\u0131lmas\u0131 ve fark\u0131ndal\u0131k olu\u015fturacak bir etkinlik haz\u0131rlamak istediklerini belirterek, \u00f6\u011fretmen, \u00f6\u011frenci ve velileri kutlad\u0131. \u0130l\u00e7e Kaymakam\u0131 Kemal \u015eahin\u2019in de kat\u0131ld\u0131\u011f\u0131 programda, \u00f6\u011frenciler \u2018Ben oluyorum Antep okuyor\u2019 yaz\u0131s\u0131n\u0131n yer ald\u0131\u011f\u0131 harfleri de\u011fi\u015ftirerek, annelerinin ve \u00f6\u011fretmenlerinin 8 Mart D\u00fcnya kad\u0131nlar G\u00fcn\u00fcn\u00fc kutlad\u0131.<div class=\"tiled-gallery type-rectangular tiled-gallery-unresized\" data-original-width=\"500\" data-carousel-extra='null' itemscope itemtype=\"http:\/\/schema.org\/ImageGallery\" > <div class=\"gallery-row\" style=\"width: 500px; height: 376px;\" data-original-width=\"500\" data-original-height=\"376\" > <div class=\"gallery-group images-1\" style=\"width: 500px; height: 376px;\" data-original-width=\"500\" data-original-height=\"376\" > <div class=\"tiled-gallery-item tiled-gallery-item-large\" itemprop=\"associatedMedia\" itemscope itemtype=\"http:\/\/schema.org\/ImageObject\"> <a href=\"http:\/\/www.tvturk.com\/index.php\/ogrencilerden-kitap-koreografisiyle-okuma-mesaji\/ogrencilerden-kitap-koreografisiyle-okuma-mesaji-3\/\" border=\"0\" itemprop=\"url\"> <meta itemprop=\"width\" content=\"496\"> <meta itemprop=\"height\" content=\"372\"> <img decoding=\"async\" class=\"\" data-attachment-id=\"79785\" data-orig-file=\"http:\/\/www.tvturk.com\/wp-content\/uploads\/2019\/03\/ogrencilerden-kitap-koreografisiyle-okuma-mesaji_315b128.jpg\" data-orig-size=\"1000,750\" data-comments-opened=\"\" data-image-meta=\"{&quot;aperture&quot;:&quot;0&quot;,&quot;credit&quot;:&quot;IHA&quot;,&quot;camera&quot;:&quot;&quot;,&quot;caption&quot;:&quot;GAZ\\u0130ANTEP\\u2019\\u0130N N\\u0130Z\\u0130P \\u0130L\\u00c7ES\\u0130 MUSTAFA \\u00d6ZKAYA \\u0130LKOKULU \\u201cBEN OKUYORUM GAZ\\u0130ANTEP OKUYOR\\u201d PROJES\\u0130 KAPSAMINDA OKUL BAH\\u00c7ES\\u0130NDE VEL\\u0130LERLE B\\u0130RL\\u0130KTE K\\u0130TAP OKUMA VE KOREOGRAF\\u0130 \\u00c7ALI\\u015eMASI YAPILDI. (HAN\\u0130F\\u0130 G\\u00dcZEL\\\/GAZ\\u0130ANTEP-\\u0130HA)&quot;,&quot;created_timestamp&quot;:&quot;0&quot;,&quot;copyright&quot;:&quot;\\u0130HLAS HABER AJANSI, www.iha.com.tr&quot;,&quot;focal_length&quot;:&quot;0&quot;,&quot;iso&quot;:&quot;0&quot;,&quot;shutter_speed&quot;:&quot;0&quot;,&quot;title&quot;:&quot;\\u00d6\\u011eRENC\\u0130LERDEN K\\u0130TAP KOREOGRAF\\u0130S\\u0130YLE \\u0022OKUMA\\u0022 MESAJI&quot;,&quot;orientation&quot;:&quot;0&quot;}\" data-image-title=\"\u00d6\u011frencilerden kitap koreografisiyle &amp;#8220;okuma&amp;#8221; mesaj\u0131\" data-image-description=\"&lt;p&gt;\u00d6\u011frencilerden kitap koreografisiyle &amp;#8220;okuma&amp;#8221; mesaj\u0131&lt;\/p&gt; \" data-medium-file=\"https:\/\/i0.wp.com\/www.tvturk.com\/wp-content\/uploads\/2019\/03\/ogrencilerden-kitap-koreografisiyle-okuma-mesaji_315b128.jpg?fit=300%2C225\" data-large-file=\"https:\/\/i0.wp.com\/www.tvturk.com\/wp-content\/uploads\/2019\/03\/ogrencilerden-kitap-koreografisiyle-okuma-mesaji_315b128.jpg?fit=1000%2C750\" src=\"https:\/\/i0.wp.com\/www.tvturk.com\/wp-content\/uploads\/2019\/03\/ogrencilerden-kitap-koreografisiyle-okuma-mesaji_315b128.jpg?w=496&#038;h=372\" srcset=\"https:\/\/i0.wp.com\/www.tvturk.com\/wp-content\/uploads\/2019\/03\/ogrencilerden-kitap-koreografisiyle-okuma-mesaji_315b128.jpg?w=1000 1000w, https:\/\/i0.wp.com\/www.tvturk.com\/wp-content\/uploads\/2019\/03\/ogrencilerden-kitap-koreografisiyle-okuma-mesaji_315b128.jpg?resize=150%2C113 150w, https:\/\/i0.wp.com\/www.tvturk.com\/wp-content\/uploads\/2019\/03\/ogrencilerden-kitap-koreografisiyle-okuma-mesaji_315b128.jpg?resize=300%2C225 300w, https:\/\/i0.wp.com\/www.tvturk.com\/wp-content\/uploads\/2019\/03\/ogrencilerden-kitap-koreografisiyle-okuma-mesaji_315b128.jpg?resize=768%2C576 768w\" width=\"496\" height=\"372\" loading=\"lazy\" data-original-width=\"496\" data-original-height=\"372\" itemprop=\"http:\/\/schema.org\/image\" title=\"\u00d6\u011frencilerden kitap koreografisiyle &quot;okuma&quot; mesaj\u0131\" alt=\"\u00d6\u011frencilerden kitap koreografisiyle &quot;okuma&quot; mesaj\u0131\" style=\"width: 496px; height: 372px;\" \/> <\/a> <\/div> <\/div> <!-- close group --> <\/div> <!-- close row --> <\/div><\/p>\n","protected":false},"excerpt":{"rendered":"<p>GAZ\u0130ANTEP\u2019\u0130N N\u0130Z\u0130P \u0130L\u00c7ES\u0130 MUSTAFA \u00d6ZKAYA \u0130LKOKULU \u201cBEN OKUYORUM GAZ\u0130ANTEP OKUYOR\u201d PROJES\u0130 KAPSAMINDA OKUL BAH\u00c7ES\u0130NDE VEL\u0130LERLE B\u0130RL\u0130KTE K\u0130TAP OKUMA VE KOREOGRAF\u0130 \u00c7ALI\u015eMASI YAPILDI.<\/p>\n","protected":false},"author":1,"featured_media":79784,"comment_status":"closed","ping_status":"open","sticky":false,"template":"","format":"standard","meta":{"jetpack_post_was_ever_published":false,"_jetpack_newsletter_access":"","_jetpack_dont_email_post_to_subs":false,"_jetpack_newsletter_tier_id":0,"_jetpack_memberships_contains_paywalled_content":false,"_jetpack_memberships_contains_paid_content":false,"footnotes":"","jetpack_publicize_message":"","jetpack_publicize_feature_enabled":true,"jetpack_social_post_already_shared":true,"jetpack_social_options":{"image_generator_settings":{"template":"highway","default_image_id":0,"font":"","enabled":false},"version":2}},"categories":[1],"tags":[4074,22575,3121,3174,3620],"class_list":["post-79783","post","type-post","status-publish","format-standard","has-post-thumbnail","hentry","category-genel","tag-kitap","tag-koreografisiyle","tag-mesaji","tag-ogrencilerden","tag-okuma"],"jetpack_publicize_connections":[],"jetpack_featured_media_url":"https:\/\/i0.wp.com\/www.tvturk.com\/wp-content\/uploads\/2019\/03\/ogrencilerden-kitap-koreografisiyle-okuma-mesaji_31121c2.jpg?fit=1000%2C750","jetpack_sharing_enabled":true,"jetpack_shortlink":"https:\/\/wp.me\/paKIfm-kKP","_links":{"self":[{"href":"http:\/\/www.tvturk.com\/index.php\/wp-json\/wp\/v2\/posts\/79783","targetHints":{"allow":["GET"]}}],"collection":[{"href":"http:\/\/www.tvturk.com\/index.php\/wp-json\/wp\/v2\/posts"}],"about":[{"href":"http:\/\/www.tvturk.com\/index.php\/wp-json\/wp\/v2\/types\/post"}],"author":[{"embeddable":true,"href":"http:\/\/www.tvturk.com\/index.php\/wp-json\/wp\/v2\/users\/1"}],"replies":[{"embeddable":true,"href":"http:\/\/www.tvturk.com\/index.php\/wp-json\/wp\/v2\/comments?post=79783"}],"version-history":[{"count":1,"href":"http:\/\/www.tvturk.com\/index.php\/wp-json\/wp\/v2\/posts\/79783\/revisions"}],"predecessor-version":[{"id":79786,"href":"http:\/\/www.tvturk.com\/index.php\/wp-json\/wp\/v2\/posts\/79783\/revisions\/79786"}],"wp:featuredmedia":[{"embeddable":true,"href":"http:\/\/www.tvturk.com\/index.php\/wp-json\/wp\/v2\/media\/79784"}],"wp:attachment":[{"href":"http:\/\/www.tvturk.com\/index.php\/wp-json\/wp\/v2\/media?parent=79783"}],"wp:term":[{"taxonomy":"category","embeddable":true,"href":"http:\/\/www.tvturk.com\/index.php\/wp-json\/wp\/v2\/categories?post=79783"},{"taxonomy":"post_tag","embeddable":true,"href":"http:\/\/www.tvturk.com\/index.php\/wp-json\/wp\/v2\/tags?post=79783"}],"curies":[{"name":"wp","href":"https:\/\/api.w.org\/{rel}","templated":true}]}}