{"id":7980,"date":"2019-02-07T12:24:51","date_gmt":"2019-02-07T09:24:51","guid":{"rendered":"http:\/\/www.tvturk.com\/index.php\/arguvanda-kar-yagisi-siddetini-artirdi\/"},"modified":"2019-02-07T12:24:53","modified_gmt":"2019-02-07T09:24:53","slug":"arguvanda-kar-yagisi-siddetini-artirdi","status":"publish","type":"post","link":"http:\/\/www.tvturk.com\/index.php\/arguvanda-kar-yagisi-siddetini-artirdi\/","title":{"rendered":"Arguvan\u2019da kar ya\u011f\u0131\u015f\u0131 \u015fiddetini art\u0131rd\u0131"},"content":{"rendered":"<p>Malatya\u2019n\u0131n Arguvan il\u00e7esinde d\u00fcn ak\u015fam saatlerinde ba\u015flayan kar ya\u011f\u0131\u015f\u0131 \u015fiddetini artt\u0131r\u0131yor.<\/p>\n<p>\u0130l\u00e7e genelinde etkili olan kar ya\u011f\u0131\u015f\u0131 \u00f6zellikle y\u00fcksek kesimlerde yo\u011funlu\u011funu art\u0131rd\u0131. Kar ya\u011f\u0131\u015f\u0131n\u0131n devam etti\u011fi il\u00e7ede kar kal\u0131nl\u0131\u011f\u0131 yer yer 20 santimetreye ula\u015ft\u0131. Belediye ekipleri kapanan mahalle yollar\u0131n\u0131n a\u00e7\u0131lmas\u0131 i\u00e7in \u00e7al\u0131\u015fma ba\u015flatt\u0131. \u0130l\u00e7ede ya\u011f\u0131\u015f sonras\u0131 kartpostall\u0131k manzaralar olu\u015furken vatanda\u015flar ya\u011fan kar\u0131n keyfini \u00e7\u0131kartt\u0131.<\/p>\n<p>\u00d6te yandan Meteoroloji B\u00f6lge M\u00fcd\u00fcrl\u00fc\u011f\u00fcnden al\u0131nan bilgilere g\u00f6re, Arguvan\u2019da kar ya\u011f\u0131\u015f\u0131n\u0131n Cumartesi g\u00fcn\u00fcne kadar devam edece\u011fi \u00f6\u011frenildi.<div class=\"tiled-gallery type-rectangular tiled-gallery-unresized\" data-original-width=\"500\" data-carousel-extra='null' itemscope itemtype=\"http:\/\/schema.org\/ImageGallery\" > <div class=\"gallery-row\" style=\"width: 500px; height: 151px;\" data-original-width=\"500\" data-original-height=\"151\" > <div class=\"gallery-group images-1\" style=\"width: 201px; height: 151px;\" data-original-width=\"201\" data-original-height=\"151\" > <div class=\"tiled-gallery-item tiled-gallery-item-small\" itemprop=\"associatedMedia\" itemscope itemtype=\"http:\/\/schema.org\/ImageObject\"> <a href=\"http:\/\/www.tvturk.com\/index.php\/arguvanda-kar-yagisi-siddetini-artirdi\/arguvanda-kar-yagisi-siddetini-artirdi-3\/\" border=\"0\" itemprop=\"url\"> <meta itemprop=\"width\" content=\"197\"> <meta itemprop=\"height\" content=\"147\"> <img decoding=\"async\" class=\"\" data-attachment-id=\"7982\" data-orig-file=\"http:\/\/www.tvturk.com\/wp-content\/uploads\/2019\/02\/arguvanda-kar-yagisi-siddetini-artirdi_f1b1f65.jpg\" data-orig-size=\"1000,750\" data-comments-opened=\"\" data-image-meta=\"{&quot;aperture&quot;:&quot;0&quot;,&quot;credit&quot;:&quot;IHA&quot;,&quot;camera&quot;:&quot;&quot;,&quot;caption&quot;:&quot;MALATYA\\u2019NIN ARGUVAN \\u0130L\\u00c7ES\\u0130NDE D\\u00dcN AK\\u015eAM SAATLER\\u0130NDE BA\\u015eLAYAN KAR YA\\u011eI\\u015eI \\u015e\\u0130DDET\\u0130N\\u0130 ARTTIRIYOR. (RAMAZAN TA\\u015eTA\\u015e\\\/MALATYA-\\u0130HA)&quot;,&quot;created_timestamp&quot;:&quot;0&quot;,&quot;copyright&quot;:&quot;\\u0130HLAS HABER AJANSI, www.iha.com.tr&quot;,&quot;focal_length&quot;:&quot;0&quot;,&quot;iso&quot;:&quot;0&quot;,&quot;shutter_speed&quot;:&quot;0&quot;,&quot;title&quot;:&quot;ARGUVAN\\u2019DA KAR YA\\u011eI\\u015eI \\u015e\\u0130DDET\\u0130N\\u0130 ARTIRDI&quot;,&quot;orientation&quot;:&quot;0&quot;}\" data-image-title=\"Arguvan\u2019da kar ya\u011f\u0131\u015f\u0131 \u015fiddetini art\u0131rd\u0131\" data-image-description=\"&lt;p&gt;Arguvan\u2019da kar ya\u011f\u0131\u015f\u0131 \u015fiddetini art\u0131rd\u0131&lt;\/p&gt; \" data-medium-file=\"https:\/\/i0.wp.com\/www.tvturk.com\/wp-content\/uploads\/2019\/02\/arguvanda-kar-yagisi-siddetini-artirdi_f1b1f65.jpg?fit=300%2C225\" data-large-file=\"https:\/\/i0.wp.com\/www.tvturk.com\/wp-content\/uploads\/2019\/02\/arguvanda-kar-yagisi-siddetini-artirdi_f1b1f65.jpg?fit=1000%2C750\" src=\"https:\/\/i0.wp.com\/www.tvturk.com\/wp-content\/uploads\/2019\/02\/arguvanda-kar-yagisi-siddetini-artirdi_f1b1f65.jpg?w=197&#038;h=147\" srcset=\"https:\/\/i0.wp.com\/www.tvturk.com\/wp-content\/uploads\/2019\/02\/arguvanda-kar-yagisi-siddetini-artirdi_f1b1f65.jpg?w=1000 1000w, https:\/\/i0.wp.com\/www.tvturk.com\/wp-content\/uploads\/2019\/02\/arguvanda-kar-yagisi-siddetini-artirdi_f1b1f65.jpg?resize=150%2C113 150w, https:\/\/i0.wp.com\/www.tvturk.com\/wp-content\/uploads\/2019\/02\/arguvanda-kar-yagisi-siddetini-artirdi_f1b1f65.jpg?resize=300%2C225 300w, https:\/\/i0.wp.com\/www.tvturk.com\/wp-content\/uploads\/2019\/02\/arguvanda-kar-yagisi-siddetini-artirdi_f1b1f65.jpg?resize=768%2C576 768w\" width=\"197\" height=\"147\" loading=\"lazy\" data-original-width=\"197\" data-original-height=\"147\" itemprop=\"http:\/\/schema.org\/image\" title=\"Arguvan\u2019da kar ya\u011f\u0131\u015f\u0131 \u015fiddetini art\u0131rd\u0131\" alt=\"Arguvan\u2019da kar ya\u011f\u0131\u015f\u0131 \u015fiddetini art\u0131rd\u0131\" style=\"width: 197px; height: 147px;\" \/> <\/a> <\/div> <\/div> <!-- close group --> <div class=\"gallery-group images-1\" style=\"width: 299px; height: 151px;\" data-original-width=\"299\" data-original-height=\"151\" > <div class=\"tiled-gallery-item tiled-gallery-item-large\" itemprop=\"associatedMedia\" itemscope itemtype=\"http:\/\/schema.org\/ImageObject\"> <a href=\"http:\/\/www.tvturk.com\/index.php\/arguvanda-kar-yagisi-siddetini-artirdi\/arguvanda-kar-yagisi-siddetini-artirdi-4\/\" border=\"0\" itemprop=\"url\"> <meta itemprop=\"width\" content=\"295\"> <meta itemprop=\"height\" content=\"147\"> <img decoding=\"async\" class=\"\" data-attachment-id=\"7983\" data-orig-file=\"http:\/\/www.tvturk.com\/wp-content\/uploads\/2019\/02\/arguvanda-kar-yagisi-siddetini-artirdi_8e9ae2d.jpg\" data-orig-size=\"1000,499\" data-comments-opened=\"\" data-image-meta=\"{&quot;aperture&quot;:&quot;0&quot;,&quot;credit&quot;:&quot;IHA&quot;,&quot;camera&quot;:&quot;&quot;,&quot;caption&quot;:&quot;MALATYA\\u2019NIN ARGUVAN \\u0130L\\u00c7ES\\u0130NDE D\\u00dcN AK\\u015eAM SAATLER\\u0130NDE BA\\u015eLAYAN KAR YA\\u011eI\\u015eI \\u015e\\u0130DDET\\u0130N\\u0130 ARTTIRIYOR. (RAMAZAN TA\\u015eTA\\u015e\\\/MALATYA-\\u0130HA)&quot;,&quot;created_timestamp&quot;:&quot;0&quot;,&quot;copyright&quot;:&quot;\\u0130HLAS HABER AJANSI, www.iha.com.tr&quot;,&quot;focal_length&quot;:&quot;0&quot;,&quot;iso&quot;:&quot;0&quot;,&quot;shutter_speed&quot;:&quot;0&quot;,&quot;title&quot;:&quot;ARGUVAN\\u2019DA KAR YA\\u011eI\\u015eI \\u015e\\u0130DDET\\u0130N\\u0130 ARTIRDI&quot;,&quot;orientation&quot;:&quot;0&quot;}\" data-image-title=\"Arguvan\u2019da kar ya\u011f\u0131\u015f\u0131 \u015fiddetini art\u0131rd\u0131\" data-image-description=\"&lt;p&gt;Arguvan\u2019da kar ya\u011f\u0131\u015f\u0131 \u015fiddetini art\u0131rd\u0131&lt;\/p&gt; \" data-medium-file=\"https:\/\/i0.wp.com\/www.tvturk.com\/wp-content\/uploads\/2019\/02\/arguvanda-kar-yagisi-siddetini-artirdi_8e9ae2d.jpg?fit=300%2C150\" data-large-file=\"https:\/\/i0.wp.com\/www.tvturk.com\/wp-content\/uploads\/2019\/02\/arguvanda-kar-yagisi-siddetini-artirdi_8e9ae2d.jpg?fit=1000%2C499\" src=\"https:\/\/i0.wp.com\/www.tvturk.com\/wp-content\/uploads\/2019\/02\/arguvanda-kar-yagisi-siddetini-artirdi_8e9ae2d.jpg?w=295&#038;h=147\" srcset=\"https:\/\/i0.wp.com\/www.tvturk.com\/wp-content\/uploads\/2019\/02\/arguvanda-kar-yagisi-siddetini-artirdi_8e9ae2d.jpg?w=1000 1000w, https:\/\/i0.wp.com\/www.tvturk.com\/wp-content\/uploads\/2019\/02\/arguvanda-kar-yagisi-siddetini-artirdi_8e9ae2d.jpg?resize=150%2C75 150w, https:\/\/i0.wp.com\/www.tvturk.com\/wp-content\/uploads\/2019\/02\/arguvanda-kar-yagisi-siddetini-artirdi_8e9ae2d.jpg?resize=300%2C150 300w, https:\/\/i0.wp.com\/www.tvturk.com\/wp-content\/uploads\/2019\/02\/arguvanda-kar-yagisi-siddetini-artirdi_8e9ae2d.jpg?resize=768%2C383 768w\" width=\"295\" height=\"147\" loading=\"lazy\" data-original-width=\"295\" data-original-height=\"147\" itemprop=\"http:\/\/schema.org\/image\" title=\"Arguvan\u2019da kar ya\u011f\u0131\u015f\u0131 \u015fiddetini art\u0131rd\u0131\" alt=\"Arguvan\u2019da kar ya\u011f\u0131\u015f\u0131 \u015fiddetini art\u0131rd\u0131\" style=\"width: 295px; height: 147px;\" \/> <\/a> <\/div> <\/div> <!-- close group --> <\/div> <!-- close row --> <\/div><\/p>\n","protected":false},"excerpt":{"rendered":"<p>MALATYA\u2019NIN ARGUVAN \u0130L\u00c7ES\u0130NDE D\u00dcN AK\u015eAM SAATLER\u0130NDE BA\u015eLAYAN KAR YA\u011eI\u015eI \u015e\u0130DDET\u0130N\u0130 ARTTIRIYOR.<\/p>\n","protected":false},"author":1,"featured_media":7981,"comment_status":"closed","ping_status":"open","sticky":false,"template":"","format":"standard","meta":{"jetpack_post_was_ever_published":false,"_jetpack_newsletter_access":"","_jetpack_dont_email_post_to_subs":false,"_jetpack_newsletter_tier_id":0,"_jetpack_memberships_contains_paywalled_content":false,"_jetpack_memberships_contains_paid_content":false,"footnotes":"","jetpack_publicize_message":"","jetpack_publicize_feature_enabled":true,"jetpack_social_post_already_shared":false,"jetpack_social_options":{"image_generator_settings":{"template":"highway","default_image_id":0,"font":"","enabled":false},"version":2}},"categories":[655],"tags":[4268,4270,878,4269,879],"class_list":["post-7980","post","type-post","status-publish","format-standard","has-post-thumbnail","hentry","category-son-dakika","tag-arguvanda","tag-artirdi","tag-kar","tag-siddetini","tag-yagisi"],"jetpack_publicize_connections":[],"jetpack_featured_media_url":"https:\/\/i0.wp.com\/www.tvturk.com\/wp-content\/uploads\/2019\/02\/arguvanda-kar-yagisi-siddetini-artirdi_cf0d2f7.jpg?fit=1000%2C750","jetpack_sharing_enabled":true,"jetpack_shortlink":"https:\/\/wp.me\/paKIfm-24I","_links":{"self":[{"href":"http:\/\/www.tvturk.com\/index.php\/wp-json\/wp\/v2\/posts\/7980","targetHints":{"allow":["GET"]}}],"collection":[{"href":"http:\/\/www.tvturk.com\/index.php\/wp-json\/wp\/v2\/posts"}],"about":[{"href":"http:\/\/www.tvturk.com\/index.php\/wp-json\/wp\/v2\/types\/post"}],"author":[{"embeddable":true,"href":"http:\/\/www.tvturk.com\/index.php\/wp-json\/wp\/v2\/users\/1"}],"replies":[{"embeddable":true,"href":"http:\/\/www.tvturk.com\/index.php\/wp-json\/wp\/v2\/comments?post=7980"}],"version-history":[{"count":1,"href":"http:\/\/www.tvturk.com\/index.php\/wp-json\/wp\/v2\/posts\/7980\/revisions"}],"predecessor-version":[{"id":7984,"href":"http:\/\/www.tvturk.com\/index.php\/wp-json\/wp\/v2\/posts\/7980\/revisions\/7984"}],"wp:featuredmedia":[{"embeddable":true,"href":"http:\/\/www.tvturk.com\/index.php\/wp-json\/wp\/v2\/media\/7981"}],"wp:attachment":[{"href":"http:\/\/www.tvturk.com\/index.php\/wp-json\/wp\/v2\/media?parent=7980"}],"wp:term":[{"taxonomy":"category","embeddable":true,"href":"http:\/\/www.tvturk.com\/index.php\/wp-json\/wp\/v2\/categories?post=7980"},{"taxonomy":"post_tag","embeddable":true,"href":"http:\/\/www.tvturk.com\/index.php\/wp-json\/wp\/v2\/tags?post=7980"}],"curies":[{"name":"wp","href":"https:\/\/api.w.org\/{rel}","templated":true}]}}