{"id":80060,"date":"2019-03-08T21:31:49","date_gmt":"2019-03-08T18:31:49","guid":{"rendered":"http:\/\/www.tvturk.com\/index.php\/sirnakta-pkkli-teroristlere-ait-3-siginak-imha-edildi\/"},"modified":"2019-03-08T21:31:53","modified_gmt":"2019-03-08T18:31:53","slug":"sirnakta-pkkli-teroristlere-ait-3-siginak-imha-edildi","status":"publish","type":"post","link":"http:\/\/www.tvturk.com\/index.php\/sirnakta-pkkli-teroristlere-ait-3-siginak-imha-edildi\/","title":{"rendered":"\u015e\u0131rnak\u2019ta PKK\u2019l\u0131 ter\u00f6ristlere ait 3 s\u0131\u011f\u0131nak imha edildi"},"content":{"rendered":"<p>\u015e\u0131rnak\u2019\u0131n Gabar Da\u011f\u0131 b\u00f6lgesinde, ter\u00f6r \u00f6rg\u00fct\u00fc PKK mensuplar\u0131na ait 3 s\u0131\u011f\u0131nak, m\u00fchimmat ve ya\u015fam malzemeleri ele ge\u00e7irildi.<\/p>\n<p>\u015e\u0131rnak\u2019ta \u015eehit Piyade Aste\u011fmen Adnan Dertsiz operasyonu d\u00fczenlendi. G\u00fcvenlik g\u00fc\u00e7lerince ger\u00e7ekle\u015ftirilen operasyonda, 3 s\u0131\u011f\u0131nak i\u00e7erisinde 1 adet tuzaklanm\u0131\u015f 60 milimetrelik havan m\u00fchimmat\u0131, 4 kal\u0131p patlay\u0131c\u0131 ve 1 adet antipersonel may\u0131n, 1 adet Kale\u015fnikof, 1 adet Kanas keskin ni\u015fanc\u0131 t\u00fcfe\u011fi \u015farj\u00f6r\u00fc, 1 adet G-3 piyade t\u00fcfe\u011fi \u015farj\u00f6r\u00fc, 4 adet b\u00fcy\u00fck t\u00fcp, \u00f6rg\u00fctsel dok\u00fcman ve \u00e7ok say\u0131da ya\u015fam malzemesi ele ge\u00e7irildi. Ele ge\u00e7irilen malzemeler ve s\u0131\u011f\u0131nak imha edildi.<div class=\"tiled-gallery type-rectangular tiled-gallery-unresized\" data-original-width=\"500\" data-carousel-extra='null' itemscope itemtype=\"http:\/\/schema.org\/ImageGallery\" > <div class=\"gallery-row\" style=\"width: 500px; height: 155px;\" data-original-width=\"500\" data-original-height=\"155\" > <div class=\"gallery-group images-1\" style=\"width: 205px; height: 155px;\" data-original-width=\"205\" data-original-height=\"155\" > <div class=\"tiled-gallery-item tiled-gallery-item-small\" itemprop=\"associatedMedia\" itemscope itemtype=\"http:\/\/schema.org\/ImageObject\"> <a href=\"http:\/\/www.tvturk.com\/index.php\/sirnakta-pkkli-teroristlere-ait-3-siginak-imha-edildi\/sirnakta-pkkli-teroristlere-ait-3-siginak-imha-edildi-3\/\" border=\"0\" itemprop=\"url\"> <meta itemprop=\"width\" content=\"201\"> <meta itemprop=\"height\" content=\"151\"> <img decoding=\"async\" class=\"\" data-attachment-id=\"80062\" data-orig-file=\"http:\/\/www.tvturk.com\/wp-content\/uploads\/2019\/03\/sirnakta-pkkli-teroristlere-ait-3-siginak-imha-edildi_793a140.jpg\" data-orig-size=\"1000,750\" data-comments-opened=\"\" data-image-meta=\"{&quot;aperture&quot;:&quot;0&quot;,&quot;credit&quot;:&quot;IHA&quot;,&quot;camera&quot;:&quot;&quot;,&quot;caption&quot;:&quot;\\u015eIRNAK\\u2019IN GABAR DA\\u011eI B\\u00d6LGES\\u0130NDE, TER\\u00d6R \\u00d6RG\\u00dcT\\u00dc PKK MENSUPLARINA A\\u0130T 3 SI\\u011eINAK, M\\u00dcH\\u0130MMAT VE YA\\u015eAM MALZEMELER\\u0130 ELE GE\\u00c7\\u0130R\\u0130LD\\u0130. (MEL\\u0130H Y\\u0130\\u011e\\u0130T\\\/\\u015eIRNAK-\\u0130HA)&quot;,&quot;created_timestamp&quot;:&quot;0&quot;,&quot;copyright&quot;:&quot;\\u0130HLAS HABER AJANSI, www.iha.com.tr&quot;,&quot;focal_length&quot;:&quot;0&quot;,&quot;iso&quot;:&quot;0&quot;,&quot;shutter_speed&quot;:&quot;0&quot;,&quot;title&quot;:&quot;\\u015eIRNAK\\u2019TA PKK\\u0027LI TER\\u00d6R\\u0130STLERE A\\u0130T 3 SI\\u011eINAK \\u0130MHA ED\\u0130LD\\u0130 OPERASYONDA, 1 ANT\\u0130PERSONEL MAYIN, HAVAN M\\u00dcH\\u0130MMATI VE 4 KALIP PATLAYICI ELE GE\\u00c7\\u0130R\\u0130LD\\u0130&quot;,&quot;orientation&quot;:&quot;0&quot;}\" data-image-title=\"\u015e\u0131rnak\u2019ta PKK\u2019l\u0131 ter\u00f6ristlere ait 3 s\u0131\u011f\u0131nak imha edildi\" data-image-description=\"&lt;p&gt;\u015e\u0131rnak\u2019ta PKK\u2019l\u0131 ter\u00f6ristlere ait 3 s\u0131\u011f\u0131nak imha edildi&lt;\/p&gt; \" data-medium-file=\"https:\/\/i0.wp.com\/www.tvturk.com\/wp-content\/uploads\/2019\/03\/sirnakta-pkkli-teroristlere-ait-3-siginak-imha-edildi_793a140.jpg?fit=300%2C225\" data-large-file=\"https:\/\/i0.wp.com\/www.tvturk.com\/wp-content\/uploads\/2019\/03\/sirnakta-pkkli-teroristlere-ait-3-siginak-imha-edildi_793a140.jpg?fit=1000%2C750\" src=\"https:\/\/i0.wp.com\/www.tvturk.com\/wp-content\/uploads\/2019\/03\/sirnakta-pkkli-teroristlere-ait-3-siginak-imha-edildi_793a140.jpg?w=201&#038;h=151\" srcset=\"https:\/\/i0.wp.com\/www.tvturk.com\/wp-content\/uploads\/2019\/03\/sirnakta-pkkli-teroristlere-ait-3-siginak-imha-edildi_793a140.jpg?w=1000 1000w, https:\/\/i0.wp.com\/www.tvturk.com\/wp-content\/uploads\/2019\/03\/sirnakta-pkkli-teroristlere-ait-3-siginak-imha-edildi_793a140.jpg?resize=150%2C113 150w, https:\/\/i0.wp.com\/www.tvturk.com\/wp-content\/uploads\/2019\/03\/sirnakta-pkkli-teroristlere-ait-3-siginak-imha-edildi_793a140.jpg?resize=300%2C225 300w, https:\/\/i0.wp.com\/www.tvturk.com\/wp-content\/uploads\/2019\/03\/sirnakta-pkkli-teroristlere-ait-3-siginak-imha-edildi_793a140.jpg?resize=768%2C576 768w\" width=\"201\" height=\"151\" loading=\"lazy\" data-original-width=\"201\" data-original-height=\"151\" itemprop=\"http:\/\/schema.org\/image\" title=\"\u015e\u0131rnak\u2019ta PKK\u2019l\u0131 ter\u00f6ristlere ait 3 s\u0131\u011f\u0131nak imha edildi\" alt=\"\u015e\u0131rnak\u2019ta PKK\u2019l\u0131 ter\u00f6ristlere ait 3 s\u0131\u011f\u0131nak imha edildi\" style=\"width: 201px; height: 151px;\" \/> <\/a> <\/div> <\/div> <!-- close group --> <div class=\"gallery-group images-1\" style=\"width: 117px; height: 155px;\" data-original-width=\"117\" data-original-height=\"155\" > <div class=\"tiled-gallery-item tiled-gallery-item-small\" itemprop=\"associatedMedia\" itemscope itemtype=\"http:\/\/schema.org\/ImageObject\"> <a href=\"http:\/\/www.tvturk.com\/index.php\/sirnakta-pkkli-teroristlere-ait-3-siginak-imha-edildi\/sirnakta-pkkli-teroristlere-ait-3-siginak-imha-edildi-4\/\" border=\"0\" itemprop=\"url\"> <meta itemprop=\"width\" content=\"113\"> <meta itemprop=\"height\" content=\"151\"> <img decoding=\"async\" class=\"\" data-attachment-id=\"80063\" data-orig-file=\"http:\/\/www.tvturk.com\/wp-content\/uploads\/2019\/03\/sirnakta-pkkli-teroristlere-ait-3-siginak-imha-edildi_49df56e.jpg\" data-orig-size=\"750,1000\" data-comments-opened=\"\" data-image-meta=\"{&quot;aperture&quot;:&quot;0&quot;,&quot;credit&quot;:&quot;IHA&quot;,&quot;camera&quot;:&quot;&quot;,&quot;caption&quot;:&quot;\\u015eIRNAK\\u2019IN GABAR DA\\u011eI B\\u00d6LGES\\u0130NDE, TER\\u00d6R \\u00d6RG\\u00dcT\\u00dc PKK MENSUPLARINA A\\u0130T 3 SI\\u011eINAK, M\\u00dcH\\u0130MMAT VE YA\\u015eAM MALZEMELER\\u0130 ELE GE\\u00c7\\u0130R\\u0130LD\\u0130. (MEL\\u0130H Y\\u0130\\u011e\\u0130T\\\/\\u015eIRNAK-\\u0130HA)&quot;,&quot;created_timestamp&quot;:&quot;0&quot;,&quot;copyright&quot;:&quot;\\u0130HLAS HABER AJANSI, www.iha.com.tr&quot;,&quot;focal_length&quot;:&quot;0&quot;,&quot;iso&quot;:&quot;0&quot;,&quot;shutter_speed&quot;:&quot;0&quot;,&quot;title&quot;:&quot;\\u015eIRNAK\\u2019TA PKK\\u0027LI TER\\u00d6R\\u0130STLERE A\\u0130T 3 SI\\u011eINAK \\u0130MHA ED\\u0130LD\\u0130 OPERASYONDA, 1 ANT\\u0130PERSONEL MAYIN, HAVAN M\\u00dcH\\u0130MMATI VE 4 KALIP PATLAYICI ELE GE\\u00c7\\u0130R\\u0130LD\\u0130&quot;,&quot;orientation&quot;:&quot;0&quot;}\" data-image-title=\"\u015e\u0131rnak\u2019ta PKK\u2019l\u0131 ter\u00f6ristlere ait 3 s\u0131\u011f\u0131nak imha edildi\" data-image-description=\"&lt;p&gt;\u015e\u0131rnak\u2019ta PKK\u2019l\u0131 ter\u00f6ristlere ait 3 s\u0131\u011f\u0131nak imha edildi&lt;\/p&gt; \" data-medium-file=\"https:\/\/i0.wp.com\/www.tvturk.com\/wp-content\/uploads\/2019\/03\/sirnakta-pkkli-teroristlere-ait-3-siginak-imha-edildi_49df56e.jpg?fit=225%2C300\" data-large-file=\"https:\/\/i0.wp.com\/www.tvturk.com\/wp-content\/uploads\/2019\/03\/sirnakta-pkkli-teroristlere-ait-3-siginak-imha-edildi_49df56e.jpg?fit=750%2C1000\" src=\"https:\/\/i0.wp.com\/www.tvturk.com\/wp-content\/uploads\/2019\/03\/sirnakta-pkkli-teroristlere-ait-3-siginak-imha-edildi_49df56e.jpg?w=113&#038;h=151\" srcset=\"https:\/\/i0.wp.com\/www.tvturk.com\/wp-content\/uploads\/2019\/03\/sirnakta-pkkli-teroristlere-ait-3-siginak-imha-edildi_49df56e.jpg?w=750 750w, https:\/\/i0.wp.com\/www.tvturk.com\/wp-content\/uploads\/2019\/03\/sirnakta-pkkli-teroristlere-ait-3-siginak-imha-edildi_49df56e.jpg?resize=113%2C150 113w, https:\/\/i0.wp.com\/www.tvturk.com\/wp-content\/uploads\/2019\/03\/sirnakta-pkkli-teroristlere-ait-3-siginak-imha-edildi_49df56e.jpg?resize=225%2C300 225w\" width=\"113\" height=\"151\" loading=\"lazy\" data-original-width=\"113\" data-original-height=\"151\" itemprop=\"http:\/\/schema.org\/image\" title=\"\u015e\u0131rnak\u2019ta PKK\u2019l\u0131 ter\u00f6ristlere ait 3 s\u0131\u011f\u0131nak imha edildi\" alt=\"\u015e\u0131rnak\u2019ta PKK\u2019l\u0131 ter\u00f6ristlere ait 3 s\u0131\u011f\u0131nak imha edildi\" style=\"width: 113px; height: 151px;\" \/> <\/a> <\/div> <\/div> <!-- close group --> <div class=\"gallery-group images-1\" style=\"width: 89px; height: 155px;\" data-original-width=\"89\" data-original-height=\"155\" > <div class=\"tiled-gallery-item tiled-gallery-item-small\" itemprop=\"associatedMedia\" itemscope itemtype=\"http:\/\/schema.org\/ImageObject\"> <a href=\"http:\/\/www.tvturk.com\/index.php\/sirnakta-pkkli-teroristlere-ait-3-siginak-imha-edildi\/sirnakta-pkkli-teroristlere-ait-3-siginak-imha-edildi-5\/\" border=\"0\" itemprop=\"url\"> <meta itemprop=\"width\" content=\"85\"> <meta itemprop=\"height\" content=\"151\"> <img decoding=\"async\" class=\"\" data-attachment-id=\"80064\" data-orig-file=\"http:\/\/www.tvturk.com\/wp-content\/uploads\/2019\/03\/sirnakta-pkkli-teroristlere-ait-3-siginak-imha-edildi_fcd754a.jpg\" data-orig-size=\"562,1000\" data-comments-opened=\"\" data-image-meta=\"{&quot;aperture&quot;:&quot;0&quot;,&quot;credit&quot;:&quot;IHA&quot;,&quot;camera&quot;:&quot;&quot;,&quot;caption&quot;:&quot;\\u015eIRNAK\\u2019IN GABAR DA\\u011eI B\\u00d6LGES\\u0130NDE, TER\\u00d6R \\u00d6RG\\u00dcT\\u00dc PKK MENSUPLARINA A\\u0130T 3 SI\\u011eINAK, M\\u00dcH\\u0130MMAT VE YA\\u015eAM MALZEMELER\\u0130 ELE GE\\u00c7\\u0130R\\u0130LD\\u0130. (MEL\\u0130H Y\\u0130\\u011e\\u0130T\\\/\\u015eIRNAK-\\u0130HA)&quot;,&quot;created_timestamp&quot;:&quot;0&quot;,&quot;copyright&quot;:&quot;\\u0130HLAS HABER AJANSI, www.iha.com.tr&quot;,&quot;focal_length&quot;:&quot;0&quot;,&quot;iso&quot;:&quot;0&quot;,&quot;shutter_speed&quot;:&quot;0&quot;,&quot;title&quot;:&quot;\\u015eIRNAK\\u2019TA PKK\\u0027LI TER\\u00d6R\\u0130STLERE A\\u0130T 3 SI\\u011eINAK \\u0130MHA ED\\u0130LD\\u0130 OPERASYONDA, 1 ANT\\u0130PERSONEL MAYIN, HAVAN M\\u00dcH\\u0130MMATI VE 4 KALIP PATLAYICI ELE GE\\u00c7\\u0130R\\u0130LD\\u0130&quot;,&quot;orientation&quot;:&quot;0&quot;}\" data-image-title=\"\u015e\u0131rnak\u2019ta PKK\u2019l\u0131 ter\u00f6ristlere ait 3 s\u0131\u011f\u0131nak imha edildi\" data-image-description=\"&lt;p&gt;\u015e\u0131rnak\u2019ta PKK\u2019l\u0131 ter\u00f6ristlere ait 3 s\u0131\u011f\u0131nak imha edildi&lt;\/p&gt; \" data-medium-file=\"https:\/\/i0.wp.com\/www.tvturk.com\/wp-content\/uploads\/2019\/03\/sirnakta-pkkli-teroristlere-ait-3-siginak-imha-edildi_fcd754a.jpg?fit=169%2C300\" data-large-file=\"https:\/\/i0.wp.com\/www.tvturk.com\/wp-content\/uploads\/2019\/03\/sirnakta-pkkli-teroristlere-ait-3-siginak-imha-edildi_fcd754a.jpg?fit=562%2C1000\" src=\"https:\/\/i0.wp.com\/www.tvturk.com\/wp-content\/uploads\/2019\/03\/sirnakta-pkkli-teroristlere-ait-3-siginak-imha-edildi_fcd754a.jpg?w=85&#038;h=151\" srcset=\"https:\/\/i0.wp.com\/www.tvturk.com\/wp-content\/uploads\/2019\/03\/sirnakta-pkkli-teroristlere-ait-3-siginak-imha-edildi_fcd754a.jpg?w=562 562w, https:\/\/i0.wp.com\/www.tvturk.com\/wp-content\/uploads\/2019\/03\/sirnakta-pkkli-teroristlere-ait-3-siginak-imha-edildi_fcd754a.jpg?resize=84%2C150 84w, https:\/\/i0.wp.com\/www.tvturk.com\/wp-content\/uploads\/2019\/03\/sirnakta-pkkli-teroristlere-ait-3-siginak-imha-edildi_fcd754a.jpg?resize=169%2C300 169w\" width=\"85\" height=\"151\" loading=\"lazy\" data-original-width=\"85\" data-original-height=\"151\" itemprop=\"http:\/\/schema.org\/image\" title=\"\u015e\u0131rnak\u2019ta PKK\u2019l\u0131 ter\u00f6ristlere ait 3 s\u0131\u011f\u0131nak imha edildi\" alt=\"\u015e\u0131rnak\u2019ta PKK\u2019l\u0131 ter\u00f6ristlere ait 3 s\u0131\u011f\u0131nak imha edildi\" style=\"width: 85px; height: 151px;\" \/> <\/a> <\/div> <\/div> <!-- close group --> <div class=\"gallery-group images-1\" style=\"width: 89px; height: 155px;\" data-original-width=\"89\" data-original-height=\"155\" > <div class=\"tiled-gallery-item tiled-gallery-item-small\" itemprop=\"associatedMedia\" itemscope itemtype=\"http:\/\/schema.org\/ImageObject\"> <a href=\"http:\/\/www.tvturk.com\/index.php\/sirnakta-pkkli-teroristlere-ait-3-siginak-imha-edildi\/sirnakta-pkkli-teroristlere-ait-3-siginak-imha-edildi-6\/\" border=\"0\" itemprop=\"url\"> <meta itemprop=\"width\" content=\"85\"> <meta itemprop=\"height\" content=\"151\"> <img decoding=\"async\" class=\"\" data-attachment-id=\"80065\" data-orig-file=\"http:\/\/www.tvturk.com\/wp-content\/uploads\/2019\/03\/sirnakta-pkkli-teroristlere-ait-3-siginak-imha-edildi_ab1baa0.jpg\" data-orig-size=\"563,1000\" data-comments-opened=\"\" data-image-meta=\"{&quot;aperture&quot;:&quot;0&quot;,&quot;credit&quot;:&quot;IHA&quot;,&quot;camera&quot;:&quot;&quot;,&quot;caption&quot;:&quot;\\u015eIRNAK\\u2019IN GABAR DA\\u011eI B\\u00d6LGES\\u0130NDE, TER\\u00d6R \\u00d6RG\\u00dcT\\u00dc PKK MENSUPLARINA A\\u0130T 3 SI\\u011eINAK, M\\u00dcH\\u0130MMAT VE YA\\u015eAM MALZEMELER\\u0130 ELE GE\\u00c7\\u0130R\\u0130LD\\u0130. (MEL\\u0130H Y\\u0130\\u011e\\u0130T\\\/\\u015eIRNAK-\\u0130HA)&quot;,&quot;created_timestamp&quot;:&quot;0&quot;,&quot;copyright&quot;:&quot;\\u0130HLAS HABER AJANSI, www.iha.com.tr&quot;,&quot;focal_length&quot;:&quot;0&quot;,&quot;iso&quot;:&quot;0&quot;,&quot;shutter_speed&quot;:&quot;0&quot;,&quot;title&quot;:&quot;\\u015eIRNAK\\u2019TA PKK\\u0027LI TER\\u00d6R\\u0130STLERE A\\u0130T 3 SI\\u011eINAK \\u0130MHA ED\\u0130LD\\u0130 OPERASYONDA, 1 ANT\\u0130PERSONEL MAYIN, HAVAN M\\u00dcH\\u0130MMATI VE 4 KALIP PATLAYICI ELE GE\\u00c7\\u0130R\\u0130LD\\u0130&quot;,&quot;orientation&quot;:&quot;0&quot;}\" data-image-title=\"\u015e\u0131rnak\u2019ta PKK\u2019l\u0131 ter\u00f6ristlere ait 3 s\u0131\u011f\u0131nak imha edildi\" data-image-description=\"&lt;p&gt;\u015e\u0131rnak\u2019ta PKK\u2019l\u0131 ter\u00f6ristlere ait 3 s\u0131\u011f\u0131nak imha edildi&lt;\/p&gt; \" data-medium-file=\"https:\/\/i0.wp.com\/www.tvturk.com\/wp-content\/uploads\/2019\/03\/sirnakta-pkkli-teroristlere-ait-3-siginak-imha-edildi_ab1baa0.jpg?fit=169%2C300\" data-large-file=\"https:\/\/i0.wp.com\/www.tvturk.com\/wp-content\/uploads\/2019\/03\/sirnakta-pkkli-teroristlere-ait-3-siginak-imha-edildi_ab1baa0.jpg?fit=563%2C1000\" src=\"https:\/\/i0.wp.com\/www.tvturk.com\/wp-content\/uploads\/2019\/03\/sirnakta-pkkli-teroristlere-ait-3-siginak-imha-edildi_ab1baa0.jpg?w=85&#038;h=151\" srcset=\"https:\/\/i0.wp.com\/www.tvturk.com\/wp-content\/uploads\/2019\/03\/sirnakta-pkkli-teroristlere-ait-3-siginak-imha-edildi_ab1baa0.jpg?w=563 563w, https:\/\/i0.wp.com\/www.tvturk.com\/wp-content\/uploads\/2019\/03\/sirnakta-pkkli-teroristlere-ait-3-siginak-imha-edildi_ab1baa0.jpg?resize=84%2C150 84w, https:\/\/i0.wp.com\/www.tvturk.com\/wp-content\/uploads\/2019\/03\/sirnakta-pkkli-teroristlere-ait-3-siginak-imha-edildi_ab1baa0.jpg?resize=169%2C300 169w\" width=\"85\" height=\"151\" loading=\"lazy\" data-original-width=\"85\" data-original-height=\"151\" itemprop=\"http:\/\/schema.org\/image\" title=\"\u015e\u0131rnak\u2019ta PKK\u2019l\u0131 ter\u00f6ristlere ait 3 s\u0131\u011f\u0131nak imha edildi\" alt=\"\u015e\u0131rnak\u2019ta PKK\u2019l\u0131 ter\u00f6ristlere ait 3 s\u0131\u011f\u0131nak imha edildi\" style=\"width: 85px; height: 151px;\" \/> <\/a> <\/div> <\/div> <!-- close group --> <\/div> <!-- close row --> <\/div><\/p>\n","protected":false},"excerpt":{"rendered":"<p>\u015eIRNAK\u2019IN GABAR DA\u011eI B\u00d6LGES\u0130NDE, TER\u00d6R \u00d6RG\u00dcT\u00dc PKK MENSUPLARINA A\u0130T 3 SI\u011eINAK, M\u00dcH\u0130MMAT VE YA\u015eAM MALZEMELER\u0130 ELE GE\u00c7\u0130R\u0130LD\u0130.<\/p>\n","protected":false},"author":1,"featured_media":80061,"comment_status":"closed","ping_status":"open","sticky":false,"template":"","format":"standard","meta":{"jetpack_post_was_ever_published":false,"_jetpack_newsletter_access":"","_jetpack_dont_email_post_to_subs":false,"_jetpack_newsletter_tier_id":0,"_jetpack_memberships_contains_paywalled_content":false,"_jetpack_memberships_contains_paid_content":false,"footnotes":"","jetpack_publicize_message":"","jetpack_publicize_feature_enabled":true,"jetpack_social_post_already_shared":true,"jetpack_social_options":{"image_generator_settings":{"template":"highway","default_image_id":0,"font":"","enabled":false},"version":2}},"categories":[655],"tags":[1215,857,1217,5992,1216,2002,1214],"class_list":["post-80060","post","type-post","status-publish","format-standard","has-post-thumbnail","hentry","category-son-dakika","tag-ait","tag-edildi","tag-imha","tag-pkkli","tag-siginak","tag-sirnakta","tag-teroristlere"],"jetpack_publicize_connections":[],"jetpack_featured_media_url":"https:\/\/i0.wp.com\/www.tvturk.com\/wp-content\/uploads\/2019\/03\/sirnakta-pkkli-teroristlere-ait-3-siginak-imha-edildi_49a23f6.jpg?fit=1000%2C750","jetpack_sharing_enabled":true,"jetpack_shortlink":"https:\/\/wp.me\/paKIfm-kPi","_links":{"self":[{"href":"http:\/\/www.tvturk.com\/index.php\/wp-json\/wp\/v2\/posts\/80060","targetHints":{"allow":["GET"]}}],"collection":[{"href":"http:\/\/www.tvturk.com\/index.php\/wp-json\/wp\/v2\/posts"}],"about":[{"href":"http:\/\/www.tvturk.com\/index.php\/wp-json\/wp\/v2\/types\/post"}],"author":[{"embeddable":true,"href":"http:\/\/www.tvturk.com\/index.php\/wp-json\/wp\/v2\/users\/1"}],"replies":[{"embeddable":true,"href":"http:\/\/www.tvturk.com\/index.php\/wp-json\/wp\/v2\/comments?post=80060"}],"version-history":[{"count":1,"href":"http:\/\/www.tvturk.com\/index.php\/wp-json\/wp\/v2\/posts\/80060\/revisions"}],"predecessor-version":[{"id":80066,"href":"http:\/\/www.tvturk.com\/index.php\/wp-json\/wp\/v2\/posts\/80060\/revisions\/80066"}],"wp:featuredmedia":[{"embeddable":true,"href":"http:\/\/www.tvturk.com\/index.php\/wp-json\/wp\/v2\/media\/80061"}],"wp:attachment":[{"href":"http:\/\/www.tvturk.com\/index.php\/wp-json\/wp\/v2\/media?parent=80060"}],"wp:term":[{"taxonomy":"category","embeddable":true,"href":"http:\/\/www.tvturk.com\/index.php\/wp-json\/wp\/v2\/categories?post=80060"},{"taxonomy":"post_tag","embeddable":true,"href":"http:\/\/www.tvturk.com\/index.php\/wp-json\/wp\/v2\/tags?post=80060"}],"curies":[{"name":"wp","href":"https:\/\/api.w.org\/{rel}","templated":true}]}}