{"id":8015,"date":"2019-02-07T12:31:12","date_gmt":"2019-02-07T09:31:12","guid":{"rendered":"http:\/\/www.tvturk.com\/index.php\/emniyetten-kan-bagisina-destek\/"},"modified":"2019-02-07T12:31:15","modified_gmt":"2019-02-07T09:31:15","slug":"emniyetten-kan-bagisina-destek","status":"publish","type":"post","link":"http:\/\/www.tvturk.com\/index.php\/emniyetten-kan-bagisina-destek\/","title":{"rendered":"Emniyetten kan ba\u011f\u0131\u015f\u0131na destek"},"content":{"rendered":"<p>Emniyet Genel M\u00fcd\u00fcrl\u00fc\u011f\u00fc taraf\u0131ndan ba\u015flat\u0131lan kan ba\u011f\u0131\u015f\u0131 kampanyas\u0131na, Samsun \u0130l Emniyet M\u00fcd\u00fcr\u00fc Vedat Yavuz ve personeli de kan ba\u011f\u0131\u015f\u0131nda bulunarak destek oldu.<\/p>\n<p>\u0130l Emniyet M\u00fcd\u00fcrl\u00fc\u011f\u00fcnde d\u00fczenlenen kan ba\u011f\u0131\u015f\u0131 kampanyas\u0131na, \u0130l Emniyet M\u00fcd\u00fcr\u00fc Vedat Yavuz ve \u00e7ok say\u0131da polis ve \u00f6zel harekat\u00e7\u0131 destek verdi. Sa\u011fl\u0131k g\u00f6revlilerince kan de\u011ferleri \u00f6l\u00e7\u00fclen Yavuz ve personeller sonras\u0131nda s\u0131ras\u0131yla kan ba\u011f\u0131\u015f\u0131nda bulundu.<\/p>\n<p>\u201cKanlar\u0131m\u0131z\u0131n ihtiyac\u0131 olan insanlara ula\u015faca\u011f\u0131ndan eminiz\u201d<\/p>\n<p>Kan ba\u011f\u0131\u015f\u0131nda bulunduktan sonra a\u00e7\u0131klamalarda bulunan Yavuz, Samsun \u0130l Emniyet M\u00fcd\u00fcrl\u00fc\u011f\u00fc olarak uzun y\u0131llard\u0131r 10 Nisan Polis Haftas\u0131\u2019nda K\u0131z\u0131lay\u2019a kan ba\u011f\u0131\u015f\u0131nda bulunduklar\u0131n\u0131 hat\u0131rlatt\u0131. Emniyet Genel M\u00fcd\u00fcr\u00fc Celal Uzunkaya\u2019n\u0131n ge\u00e7en g\u00fcnlerde K\u0131z\u0131lay\u2019a kan ba\u011f\u0131\u015f\u0131 kampanyas\u0131 ba\u015flatt\u0131\u011f\u0131n\u0131 ifade eden Yavuz, \u201cBiz de Emniyet Genel M\u00fcd\u00fcrl\u00fc\u011f\u00fcm\u00fcz\u00fcn ba\u015flatt\u0131\u011f\u0131 kampanyaya destek olmak amac\u0131yla 10 Nisan Polis Haftas\u0131\u2019nda yapt\u0131\u011f\u0131m\u0131z kan ba\u011f\u0131\u015f\u0131 kampanyam\u0131z\u0131 biraz \u00f6ne \u00e7ektik. Ben de kan verdim. \u00d6mr\u00fcmde ilk defa kan veriyorum. Kanlar\u0131m\u0131z\u0131n ihtiyac\u0131 olan insanlara ula\u015faca\u011f\u0131ndan eminiz\u201d dedi.<\/p>\n<p>\u201cVatanda\u015flar\u0131m\u0131z\u0131 kan ba\u011f\u0131\u015f\u0131 yapmaya \u00e7a\u011f\u0131r\u0131yoruz\u201d<\/p>\n<p>T\u00fcrk K\u0131z\u0131lay\u0131 Samsun \u015eube Ba\u015fkan Vekili Ahmet Ali Bulut ise T\u00fcrk K\u0131z\u0131lay\u2019\u0131n\u0131n \u20181 Kan 3 Can\u2019 slogan\u0131yla yola \u00e7\u0131kt\u0131\u011f\u0131n\u0131 belirterek,  \u201cKan ba\u011f\u0131\u015f\u0131 kampanyalar\u0131m\u0131z\u0131 s\u00fcrd\u00fcr\u00fcyoruz. Sa\u011f olsun \u0130l Emniyet M\u00fcd\u00fcr\u00fcm\u00fcz Vedat Yavuz\u2019un iste\u011fiyle Emniyet M\u00fcd\u00fcrl\u00fc\u011f\u00fcndeyiz. Talebin \u00e7ok oldu\u011funu g\u00f6r\u00fcyorum. Bu da bize mutluluk veriyor. Vatanda\u015flar\u0131m\u0131z\u0131 kan ba\u011f\u0131\u015f\u0131 yapmaya \u00e7a\u011f\u0131r\u0131yoruz\u201d diye konu\u015ftu.<\/p>\n<p>Kan ba\u011f\u0131\u015f\u0131 kampanyas\u0131 saat 17.30\u2019a kadar devam edecek.<div class=\"tiled-gallery type-rectangular tiled-gallery-unresized\" data-original-width=\"500\" data-carousel-extra='null' itemscope itemtype=\"http:\/\/schema.org\/ImageGallery\" > <div class=\"gallery-row\" style=\"width: 500px; height: 224px;\" data-original-width=\"500\" data-original-height=\"224\" > <div class=\"gallery-group images-1\" style=\"width: 335px; height: 224px;\" data-original-width=\"335\" data-original-height=\"224\" > <div class=\"tiled-gallery-item tiled-gallery-item-large\" itemprop=\"associatedMedia\" itemscope itemtype=\"http:\/\/schema.org\/ImageObject\"> <a href=\"http:\/\/www.tvturk.com\/index.php\/emniyetten-kan-bagisina-destek\/emniyetten-kan-bagisina-destek-3\/\" border=\"0\" itemprop=\"url\"> <meta itemprop=\"width\" content=\"331\"> <meta itemprop=\"height\" content=\"220\"> <img decoding=\"async\" class=\"\" data-attachment-id=\"8017\" data-orig-file=\"http:\/\/www.tvturk.com\/wp-content\/uploads\/2019\/02\/emniyetten-kan-bagisina-destek_391937d.jpg\" data-orig-size=\"1000,666\" data-comments-opened=\"\" data-image-meta=\"{&quot;aperture&quot;:&quot;0&quot;,&quot;credit&quot;:&quot;IHA&quot;,&quot;camera&quot;:&quot;&quot;,&quot;caption&quot;:&quot;T\\u00dcRK KIZILAYI TARAFINDAN D\\u00dcZENLENEN KAN BA\\u011eI\\u015eI KAMPANYASINA SAMSUN \\u0130L EMN\\u0130YET M\\u00dcD\\u00dcR\\u00dc VEDAT YAVUZ VE EMN\\u0130YETE BA\\u011eLI PERSONELLER TAM DESTEK VERD\\u0130. (BARI\\u015e G\\u00d6K\\\/SAMSUN-\\u0130HA)&quot;,&quot;created_timestamp&quot;:&quot;0&quot;,&quot;copyright&quot;:&quot;\\u0130HLAS HABER AJANSI, www.iha.com.tr&quot;,&quot;focal_length&quot;:&quot;0&quot;,&quot;iso&quot;:&quot;0&quot;,&quot;shutter_speed&quot;:&quot;0&quot;,&quot;title&quot;:&quot;EMN\\u0130YETTEN KAN BA\\u011eI\\u015eINA DESTEK&quot;,&quot;orientation&quot;:&quot;0&quot;}\" data-image-title=\"Emniyetten kan ba\u011f\u0131\u015f\u0131na destek\" data-image-description=\"&lt;p&gt;Emniyetten kan ba\u011f\u0131\u015f\u0131na destek&lt;\/p&gt; \" data-medium-file=\"https:\/\/i0.wp.com\/www.tvturk.com\/wp-content\/uploads\/2019\/02\/emniyetten-kan-bagisina-destek_391937d.jpg?fit=300%2C200\" data-large-file=\"https:\/\/i0.wp.com\/www.tvturk.com\/wp-content\/uploads\/2019\/02\/emniyetten-kan-bagisina-destek_391937d.jpg?fit=1000%2C666\" src=\"https:\/\/i0.wp.com\/www.tvturk.com\/wp-content\/uploads\/2019\/02\/emniyetten-kan-bagisina-destek_391937d.jpg?w=331&#038;h=220\" srcset=\"https:\/\/i0.wp.com\/www.tvturk.com\/wp-content\/uploads\/2019\/02\/emniyetten-kan-bagisina-destek_391937d.jpg?w=1000 1000w, https:\/\/i0.wp.com\/www.tvturk.com\/wp-content\/uploads\/2019\/02\/emniyetten-kan-bagisina-destek_391937d.jpg?resize=150%2C100 150w, https:\/\/i0.wp.com\/www.tvturk.com\/wp-content\/uploads\/2019\/02\/emniyetten-kan-bagisina-destek_391937d.jpg?resize=300%2C200 300w, https:\/\/i0.wp.com\/www.tvturk.com\/wp-content\/uploads\/2019\/02\/emniyetten-kan-bagisina-destek_391937d.jpg?resize=768%2C511 768w, https:\/\/i0.wp.com\/www.tvturk.com\/wp-content\/uploads\/2019\/02\/emniyetten-kan-bagisina-destek_391937d.jpg?resize=170%2C113 170w, https:\/\/i0.wp.com\/www.tvturk.com\/wp-content\/uploads\/2019\/02\/emniyetten-kan-bagisina-destek_391937d.jpg?resize=120%2C80 120w\" width=\"331\" height=\"220\" loading=\"lazy\" data-original-width=\"331\" data-original-height=\"220\" itemprop=\"http:\/\/schema.org\/image\" title=\"Emniyetten kan ba\u011f\u0131\u015f\u0131na destek\" alt=\"Emniyetten kan ba\u011f\u0131\u015f\u0131na destek\" style=\"width: 331px; height: 220px;\" \/> <\/a> <\/div> <\/div> <!-- close group --> <div class=\"gallery-group images-2\" style=\"width: 165px; height: 224px;\" data-original-width=\"165\" data-original-height=\"224\" > <div class=\"tiled-gallery-item tiled-gallery-item-small\" itemprop=\"associatedMedia\" itemscope itemtype=\"http:\/\/schema.org\/ImageObject\"> <a href=\"http:\/\/www.tvturk.com\/index.php\/emniyetten-kan-bagisina-destek\/emniyetten-kan-bagisina-destek-4\/\" border=\"0\" itemprop=\"url\"> <meta itemprop=\"width\" content=\"161\"> <meta itemprop=\"height\" content=\"107\"> <img decoding=\"async\" class=\"\" data-attachment-id=\"8018\" data-orig-file=\"http:\/\/www.tvturk.com\/wp-content\/uploads\/2019\/02\/emniyetten-kan-bagisina-destek_ebdb49f.jpg\" data-orig-size=\"1000,666\" data-comments-opened=\"\" data-image-meta=\"{&quot;aperture&quot;:&quot;0&quot;,&quot;credit&quot;:&quot;IHA&quot;,&quot;camera&quot;:&quot;&quot;,&quot;caption&quot;:&quot;T\\u00dcRK KIZILAYI TARAFINDAN D\\u00dcZENLENEN KAN BA\\u011eI\\u015eI KAMPANYASINA SAMSUN \\u0130L EMN\\u0130YET M\\u00dcD\\u00dcR\\u00dc VEDAT YAVUZ VE EMN\\u0130YETE BA\\u011eLI PERSONELLER TAM DESTEK VERD\\u0130. (BARI\\u015e G\\u00d6K\\\/SAMSUN-\\u0130HA)&quot;,&quot;created_timestamp&quot;:&quot;0&quot;,&quot;copyright&quot;:&quot;\\u0130HLAS HABER AJANSI, www.iha.com.tr&quot;,&quot;focal_length&quot;:&quot;0&quot;,&quot;iso&quot;:&quot;0&quot;,&quot;shutter_speed&quot;:&quot;0&quot;,&quot;title&quot;:&quot;EMN\\u0130YETTEN KAN BA\\u011eI\\u015eINA DESTEK&quot;,&quot;orientation&quot;:&quot;0&quot;}\" data-image-title=\"Emniyetten kan ba\u011f\u0131\u015f\u0131na destek\" data-image-description=\"&lt;p&gt;Emniyetten kan ba\u011f\u0131\u015f\u0131na destek&lt;\/p&gt; \" data-medium-file=\"https:\/\/i0.wp.com\/www.tvturk.com\/wp-content\/uploads\/2019\/02\/emniyetten-kan-bagisina-destek_ebdb49f.jpg?fit=300%2C200\" data-large-file=\"https:\/\/i0.wp.com\/www.tvturk.com\/wp-content\/uploads\/2019\/02\/emniyetten-kan-bagisina-destek_ebdb49f.jpg?fit=1000%2C666\" src=\"https:\/\/i0.wp.com\/www.tvturk.com\/wp-content\/uploads\/2019\/02\/emniyetten-kan-bagisina-destek_ebdb49f.jpg?w=161&#038;h=107\" srcset=\"https:\/\/i0.wp.com\/www.tvturk.com\/wp-content\/uploads\/2019\/02\/emniyetten-kan-bagisina-destek_ebdb49f.jpg?w=1000 1000w, https:\/\/i0.wp.com\/www.tvturk.com\/wp-content\/uploads\/2019\/02\/emniyetten-kan-bagisina-destek_ebdb49f.jpg?resize=150%2C100 150w, https:\/\/i0.wp.com\/www.tvturk.com\/wp-content\/uploads\/2019\/02\/emniyetten-kan-bagisina-destek_ebdb49f.jpg?resize=300%2C200 300w, https:\/\/i0.wp.com\/www.tvturk.com\/wp-content\/uploads\/2019\/02\/emniyetten-kan-bagisina-destek_ebdb49f.jpg?resize=768%2C511 768w, https:\/\/i0.wp.com\/www.tvturk.com\/wp-content\/uploads\/2019\/02\/emniyetten-kan-bagisina-destek_ebdb49f.jpg?resize=170%2C113 170w, https:\/\/i0.wp.com\/www.tvturk.com\/wp-content\/uploads\/2019\/02\/emniyetten-kan-bagisina-destek_ebdb49f.jpg?resize=120%2C80 120w\" width=\"161\" height=\"107\" loading=\"lazy\" data-original-width=\"161\" data-original-height=\"107\" itemprop=\"http:\/\/schema.org\/image\" title=\"Emniyetten kan ba\u011f\u0131\u015f\u0131na destek\" alt=\"Emniyetten kan ba\u011f\u0131\u015f\u0131na destek\" style=\"width: 161px; height: 107px;\" \/> <\/a> <\/div> <div class=\"tiled-gallery-item tiled-gallery-item-small\" itemprop=\"associatedMedia\" itemscope itemtype=\"http:\/\/schema.org\/ImageObject\"> <a href=\"http:\/\/www.tvturk.com\/index.php\/emniyetten-kan-bagisina-destek\/emniyetten-kan-bagisina-destek-5\/\" border=\"0\" itemprop=\"url\"> <meta itemprop=\"width\" content=\"161\"> <meta itemprop=\"height\" content=\"109\"> <img decoding=\"async\" class=\"\" data-attachment-id=\"8019\" data-orig-file=\"http:\/\/www.tvturk.com\/wp-content\/uploads\/2019\/02\/emniyetten-kan-bagisina-destek_5ff09dd.jpg\" data-orig-size=\"1000,676\" data-comments-opened=\"\" data-image-meta=\"{&quot;aperture&quot;:&quot;0&quot;,&quot;credit&quot;:&quot;IHA&quot;,&quot;camera&quot;:&quot;&quot;,&quot;caption&quot;:&quot;T\\u00dcRK KIZILAYI TARAFINDAN D\\u00dcZENLENEN KAN BA\\u011eI\\u015eI KAMPANYASINA SAMSUN \\u0130L EMN\\u0130YET M\\u00dcD\\u00dcR\\u00dc VEDAT YAVUZ VE EMN\\u0130YETE BA\\u011eLI PERSONELLER TAM DESTEK VERD\\u0130. (BARI\\u015e G\\u00d6K\\\/SAMSUN-\\u0130HA)&quot;,&quot;created_timestamp&quot;:&quot;0&quot;,&quot;copyright&quot;:&quot;\\u0130HLAS HABER AJANSI, www.iha.com.tr&quot;,&quot;focal_length&quot;:&quot;0&quot;,&quot;iso&quot;:&quot;0&quot;,&quot;shutter_speed&quot;:&quot;0&quot;,&quot;title&quot;:&quot;EMN\\u0130YETTEN KAN BA\\u011eI\\u015eINA DESTEK&quot;,&quot;orientation&quot;:&quot;0&quot;}\" data-image-title=\"Emniyetten kan ba\u011f\u0131\u015f\u0131na destek\" data-image-description=\"&lt;p&gt;Emniyetten kan ba\u011f\u0131\u015f\u0131na destek&lt;\/p&gt; \" data-medium-file=\"https:\/\/i0.wp.com\/www.tvturk.com\/wp-content\/uploads\/2019\/02\/emniyetten-kan-bagisina-destek_5ff09dd.jpg?fit=300%2C203\" data-large-file=\"https:\/\/i0.wp.com\/www.tvturk.com\/wp-content\/uploads\/2019\/02\/emniyetten-kan-bagisina-destek_5ff09dd.jpg?fit=1000%2C676\" src=\"https:\/\/i0.wp.com\/www.tvturk.com\/wp-content\/uploads\/2019\/02\/emniyetten-kan-bagisina-destek_5ff09dd.jpg?w=161&#038;h=109\" srcset=\"https:\/\/i0.wp.com\/www.tvturk.com\/wp-content\/uploads\/2019\/02\/emniyetten-kan-bagisina-destek_5ff09dd.jpg?w=1000 1000w, https:\/\/i0.wp.com\/www.tvturk.com\/wp-content\/uploads\/2019\/02\/emniyetten-kan-bagisina-destek_5ff09dd.jpg?resize=150%2C101 150w, https:\/\/i0.wp.com\/www.tvturk.com\/wp-content\/uploads\/2019\/02\/emniyetten-kan-bagisina-destek_5ff09dd.jpg?resize=300%2C203 300w, https:\/\/i0.wp.com\/www.tvturk.com\/wp-content\/uploads\/2019\/02\/emniyetten-kan-bagisina-destek_5ff09dd.jpg?resize=768%2C519 768w, https:\/\/i0.wp.com\/www.tvturk.com\/wp-content\/uploads\/2019\/02\/emniyetten-kan-bagisina-destek_5ff09dd.jpg?resize=120%2C80 120w, https:\/\/i0.wp.com\/www.tvturk.com\/wp-content\/uploads\/2019\/02\/emniyetten-kan-bagisina-destek_5ff09dd.jpg?resize=80%2C55 80w\" width=\"161\" height=\"109\" loading=\"lazy\" data-original-width=\"161\" data-original-height=\"109\" itemprop=\"http:\/\/schema.org\/image\" title=\"Emniyetten kan ba\u011f\u0131\u015f\u0131na destek\" alt=\"Emniyetten kan ba\u011f\u0131\u015f\u0131na destek\" style=\"width: 161px; height: 109px;\" \/> <\/a> <\/div> <\/div> <!-- close group --> <\/div> <!-- close row --> <\/div><\/p>\n","protected":false},"excerpt":{"rendered":"<p>T\u00dcRK KIZILAYI TARAFINDAN D\u00dcZENLENEN KAN BA\u011eI\u015eI KAMPANYASINA SAMSUN \u0130L EMN\u0130YET M\u00dcD\u00dcR\u00dc VEDAT YAVUZ VE EMN\u0130YETE BA\u011eLI PERSONELLER TAM DESTEK VERD\u0130.<\/p>\n","protected":false},"author":1,"featured_media":8016,"comment_status":"closed","ping_status":"open","sticky":false,"template":"","format":"standard","meta":{"jetpack_post_was_ever_published":false,"_jetpack_newsletter_access":"","_jetpack_dont_email_post_to_subs":false,"_jetpack_newsletter_tier_id":0,"_jetpack_memberships_contains_paywalled_content":false,"_jetpack_memberships_contains_paid_content":false,"footnotes":"","jetpack_publicize_message":"","jetpack_publicize_feature_enabled":true,"jetpack_social_post_already_shared":false,"jetpack_social_options":{"image_generator_settings":{"template":"highway","default_image_id":0,"font":"","enabled":false},"version":2}},"categories":[655],"tags":[2078,61,1727,202],"class_list":["post-8015","post","type-post","status-publish","format-standard","has-post-thumbnail","hentry","category-son-dakika","tag-bagisina","tag-destek","tag-emniyetten","tag-kan"],"jetpack_publicize_connections":[],"jetpack_featured_media_url":"https:\/\/i0.wp.com\/www.tvturk.com\/wp-content\/uploads\/2019\/02\/emniyetten-kan-bagisina-destek_e990583.jpg?fit=1000%2C684","jetpack_sharing_enabled":true,"jetpack_shortlink":"https:\/\/wp.me\/paKIfm-25h","_links":{"self":[{"href":"http:\/\/www.tvturk.com\/index.php\/wp-json\/wp\/v2\/posts\/8015","targetHints":{"allow":["GET"]}}],"collection":[{"href":"http:\/\/www.tvturk.com\/index.php\/wp-json\/wp\/v2\/posts"}],"about":[{"href":"http:\/\/www.tvturk.com\/index.php\/wp-json\/wp\/v2\/types\/post"}],"author":[{"embeddable":true,"href":"http:\/\/www.tvturk.com\/index.php\/wp-json\/wp\/v2\/users\/1"}],"replies":[{"embeddable":true,"href":"http:\/\/www.tvturk.com\/index.php\/wp-json\/wp\/v2\/comments?post=8015"}],"version-history":[{"count":1,"href":"http:\/\/www.tvturk.com\/index.php\/wp-json\/wp\/v2\/posts\/8015\/revisions"}],"predecessor-version":[{"id":8020,"href":"http:\/\/www.tvturk.com\/index.php\/wp-json\/wp\/v2\/posts\/8015\/revisions\/8020"}],"wp:featuredmedia":[{"embeddable":true,"href":"http:\/\/www.tvturk.com\/index.php\/wp-json\/wp\/v2\/media\/8016"}],"wp:attachment":[{"href":"http:\/\/www.tvturk.com\/index.php\/wp-json\/wp\/v2\/media?parent=8015"}],"wp:term":[{"taxonomy":"category","embeddable":true,"href":"http:\/\/www.tvturk.com\/index.php\/wp-json\/wp\/v2\/categories?post=8015"},{"taxonomy":"post_tag","embeddable":true,"href":"http:\/\/www.tvturk.com\/index.php\/wp-json\/wp\/v2\/tags?post=8015"}],"curies":[{"name":"wp","href":"https:\/\/api.w.org\/{rel}","templated":true}]}}