{"id":8034,"date":"2019-02-07T12:35:50","date_gmt":"2019-02-07T09:35:50","guid":{"rendered":"http:\/\/www.tvturk.com\/index.php\/kars-yeniden-beyaz-gelinligini-giydi\/"},"modified":"2019-02-07T12:35:54","modified_gmt":"2019-02-07T09:35:54","slug":"kars-yeniden-beyaz-gelinligini-giydi","status":"publish","type":"post","link":"http:\/\/www.tvturk.com\/index.php\/kars-yeniden-beyaz-gelinligini-giydi\/","title":{"rendered":"Kars yeniden beyaz gelinli\u011fini giydi"},"content":{"rendered":"<p>Kars\u2019ta sabah saatlerinde ba\u015flayan kar, k\u0131sa s\u00fcrede kenti beyaza b\u00fcr\u00fcd\u00fc.<\/p>\n<p>Kars\u2019ta son g\u00fcnlerde 4 mevsim bir arada ya\u015fan\u0131yor. Bir hafta \u00f6nce etkili olan Sibirya so\u011fuklar\u0131, yerini g\u00fcne\u015fli ve bahar havas\u0131na b\u0131rakm\u0131\u015ft\u0131. Ard\u0131nda eriyen karlar, kentte yaz havas\u0131 ya\u015fat\u0131rken, yeniden ba\u015flayan kar ya\u011f\u0131\u015f\u0131 ile birlikte Kars\u2019a yeniden beyaz gelinli\u011fi giydi.<\/p>\n<p>S\u0131cak ve g\u00fcne\u015fli havaya al\u0131\u015fan vatanda\u015flar ise kara haz\u0131rl\u0131ks\u0131z yakaland\u0131. Sabah ba\u015flayan kar ya\u011f\u0131\u015f\u0131 aral\u0131klarla devam ediyor.<\/p>\n<p>Kars\u2019ta, trafik ekipleri de s\u00fcr\u00fcc\u00fcleri uyararak kent d\u0131\u015f\u0131na \u00e7\u0131kan s\u00fcr\u00fcc\u00fclerin ara\u00e7lar\u0131nda zincir, \u00e7ekme halat\u0131 ve ilk yard\u0131m \u00e7antas\u0131 bulundurmalar\u0131 istendi.<div class=\"tiled-gallery type-rectangular tiled-gallery-unresized\" data-original-width=\"500\" data-carousel-extra='null' itemscope itemtype=\"http:\/\/schema.org\/ImageGallery\" > <div class=\"gallery-row\" style=\"width: 500px; height: 142px;\" data-original-width=\"500\" data-original-height=\"142\" > <div class=\"gallery-group images-1\" style=\"width: 250px; height: 142px;\" data-original-width=\"250\" data-original-height=\"142\" > <div class=\"tiled-gallery-item tiled-gallery-item-small\" itemprop=\"associatedMedia\" itemscope itemtype=\"http:\/\/schema.org\/ImageObject\"> <a href=\"http:\/\/www.tvturk.com\/index.php\/kars-yeniden-beyaz-gelinligini-giydi\/kars-yeniden-beyaz-gelinligini-giydi-3\/\" border=\"0\" itemprop=\"url\"> <meta itemprop=\"width\" content=\"246\"> <meta itemprop=\"height\" content=\"138\"> <img decoding=\"async\" class=\"\" data-attachment-id=\"8036\" data-orig-file=\"http:\/\/www.tvturk.com\/wp-content\/uploads\/2019\/02\/kars-yeniden-beyaz-gelinligini-giydi_3b7fbbc.jpg\" data-orig-size=\"1000,562\" data-comments-opened=\"\" data-image-meta=\"{&quot;aperture&quot;:&quot;0&quot;,&quot;credit&quot;:&quot;IHA&quot;,&quot;camera&quot;:&quot;&quot;,&quot;caption&quot;:&quot;KARS\\u0027TA SABAH SAATLER\\u0130NDE BA\\u015eLAYAN KAR, KISA S\\u00dcREDE KENT\\u0130 BEYAZA B\\u00dcR\\u00dcD\\u00dc. (I\\u015eIK \\u00c7APANO\\u011eLU\\\/KARS-\\u0130HA)&quot;,&quot;created_timestamp&quot;:&quot;0&quot;,&quot;copyright&quot;:&quot;\\u0130HLAS HABER AJANSI, www.iha.com.tr&quot;,&quot;focal_length&quot;:&quot;0&quot;,&quot;iso&quot;:&quot;0&quot;,&quot;shutter_speed&quot;:&quot;0&quot;,&quot;title&quot;:&quot;KARS YEN\\u0130DEN BEYAZ GEL\\u0130NL\\u0130\\u011e\\u0130N\\u0130 G\\u0130YD\\u0130&quot;,&quot;orientation&quot;:&quot;0&quot;}\" data-image-title=\"Kars yeniden beyaz gelinli\u011fini giydi\" data-image-description=\"&lt;p&gt;Kars yeniden beyaz gelinli\u011fini giydi&lt;\/p&gt; \" data-medium-file=\"https:\/\/i0.wp.com\/www.tvturk.com\/wp-content\/uploads\/2019\/02\/kars-yeniden-beyaz-gelinligini-giydi_3b7fbbc.jpg?fit=300%2C169\" data-large-file=\"https:\/\/i0.wp.com\/www.tvturk.com\/wp-content\/uploads\/2019\/02\/kars-yeniden-beyaz-gelinligini-giydi_3b7fbbc.jpg?fit=1000%2C562\" src=\"https:\/\/i0.wp.com\/www.tvturk.com\/wp-content\/uploads\/2019\/02\/kars-yeniden-beyaz-gelinligini-giydi_3b7fbbc.jpg?w=246&#038;h=138\" srcset=\"https:\/\/i0.wp.com\/www.tvturk.com\/wp-content\/uploads\/2019\/02\/kars-yeniden-beyaz-gelinligini-giydi_3b7fbbc.jpg?w=1000 1000w, https:\/\/i0.wp.com\/www.tvturk.com\/wp-content\/uploads\/2019\/02\/kars-yeniden-beyaz-gelinligini-giydi_3b7fbbc.jpg?resize=150%2C84 150w, https:\/\/i0.wp.com\/www.tvturk.com\/wp-content\/uploads\/2019\/02\/kars-yeniden-beyaz-gelinligini-giydi_3b7fbbc.jpg?resize=300%2C169 300w, https:\/\/i0.wp.com\/www.tvturk.com\/wp-content\/uploads\/2019\/02\/kars-yeniden-beyaz-gelinligini-giydi_3b7fbbc.jpg?resize=768%2C432 768w, https:\/\/i0.wp.com\/www.tvturk.com\/wp-content\/uploads\/2019\/02\/kars-yeniden-beyaz-gelinligini-giydi_3b7fbbc.jpg?resize=200%2C113 200w\" width=\"246\" height=\"138\" loading=\"lazy\" data-original-width=\"246\" data-original-height=\"138\" itemprop=\"http:\/\/schema.org\/image\" title=\"Kars yeniden beyaz gelinli\u011fini giydi\" alt=\"Kars yeniden beyaz gelinli\u011fini giydi\" style=\"width: 246px; height: 138px;\" \/> <\/a> <\/div> <\/div> <!-- close group --> <div class=\"gallery-group images-1\" style=\"width: 250px; height: 142px;\" data-original-width=\"250\" data-original-height=\"142\" > <div class=\"tiled-gallery-item tiled-gallery-item-small\" itemprop=\"associatedMedia\" itemscope itemtype=\"http:\/\/schema.org\/ImageObject\"> <a href=\"http:\/\/www.tvturk.com\/index.php\/kars-yeniden-beyaz-gelinligini-giydi\/kars-yeniden-beyaz-gelinligini-giydi-4\/\" border=\"0\" itemprop=\"url\"> <meta itemprop=\"width\" content=\"246\"> <meta itemprop=\"height\" content=\"138\"> <img decoding=\"async\" class=\"\" data-attachment-id=\"8037\" data-orig-file=\"http:\/\/www.tvturk.com\/wp-content\/uploads\/2019\/02\/kars-yeniden-beyaz-gelinligini-giydi_85ed909.jpg\" data-orig-size=\"1000,562\" data-comments-opened=\"\" data-image-meta=\"{&quot;aperture&quot;:&quot;0&quot;,&quot;credit&quot;:&quot;IHA&quot;,&quot;camera&quot;:&quot;&quot;,&quot;caption&quot;:&quot;KARS\\u0027TA SABAH SAATLER\\u0130NDE BA\\u015eLAYAN KAR, KISA S\\u00dcREDE KENT\\u0130 BEYAZA B\\u00dcR\\u00dcD\\u00dc. (I\\u015eIK \\u00c7APANO\\u011eLU\\\/KARS-\\u0130HA)&quot;,&quot;created_timestamp&quot;:&quot;0&quot;,&quot;copyright&quot;:&quot;\\u0130HLAS HABER AJANSI, www.iha.com.tr&quot;,&quot;focal_length&quot;:&quot;0&quot;,&quot;iso&quot;:&quot;0&quot;,&quot;shutter_speed&quot;:&quot;0&quot;,&quot;title&quot;:&quot;KARS YEN\\u0130DEN BEYAZ GEL\\u0130NL\\u0130\\u011e\\u0130N\\u0130 G\\u0130YD\\u0130&quot;,&quot;orientation&quot;:&quot;0&quot;}\" data-image-title=\"Kars yeniden beyaz gelinli\u011fini giydi\" data-image-description=\"&lt;p&gt;Kars yeniden beyaz gelinli\u011fini giydi&lt;\/p&gt; \" data-medium-file=\"https:\/\/i0.wp.com\/www.tvturk.com\/wp-content\/uploads\/2019\/02\/kars-yeniden-beyaz-gelinligini-giydi_85ed909.jpg?fit=300%2C169\" data-large-file=\"https:\/\/i0.wp.com\/www.tvturk.com\/wp-content\/uploads\/2019\/02\/kars-yeniden-beyaz-gelinligini-giydi_85ed909.jpg?fit=1000%2C562\" src=\"https:\/\/i0.wp.com\/www.tvturk.com\/wp-content\/uploads\/2019\/02\/kars-yeniden-beyaz-gelinligini-giydi_85ed909.jpg?w=246&#038;h=138\" srcset=\"https:\/\/i0.wp.com\/www.tvturk.com\/wp-content\/uploads\/2019\/02\/kars-yeniden-beyaz-gelinligini-giydi_85ed909.jpg?w=1000 1000w, https:\/\/i0.wp.com\/www.tvturk.com\/wp-content\/uploads\/2019\/02\/kars-yeniden-beyaz-gelinligini-giydi_85ed909.jpg?resize=150%2C84 150w, https:\/\/i0.wp.com\/www.tvturk.com\/wp-content\/uploads\/2019\/02\/kars-yeniden-beyaz-gelinligini-giydi_85ed909.jpg?resize=300%2C169 300w, https:\/\/i0.wp.com\/www.tvturk.com\/wp-content\/uploads\/2019\/02\/kars-yeniden-beyaz-gelinligini-giydi_85ed909.jpg?resize=768%2C432 768w, https:\/\/i0.wp.com\/www.tvturk.com\/wp-content\/uploads\/2019\/02\/kars-yeniden-beyaz-gelinligini-giydi_85ed909.jpg?resize=200%2C113 200w\" width=\"246\" height=\"138\" loading=\"lazy\" data-original-width=\"246\" data-original-height=\"138\" itemprop=\"http:\/\/schema.org\/image\" title=\"Kars yeniden beyaz gelinli\u011fini giydi\" alt=\"Kars yeniden beyaz gelinli\u011fini giydi\" style=\"width: 246px; height: 138px;\" \/> <\/a> <\/div> <\/div> <!-- close group --> <\/div> <!-- close row --> <div class=\"gallery-row\" style=\"width: 500px; height: 142px;\" data-original-width=\"500\" data-original-height=\"142\" > <div class=\"gallery-group images-1\" style=\"width: 250px; height: 142px;\" data-original-width=\"250\" data-original-height=\"142\" > <div class=\"tiled-gallery-item tiled-gallery-item-small\" itemprop=\"associatedMedia\" itemscope itemtype=\"http:\/\/schema.org\/ImageObject\"> <a href=\"http:\/\/www.tvturk.com\/index.php\/kars-yeniden-beyaz-gelinligini-giydi\/kars-yeniden-beyaz-gelinligini-giydi-5\/\" border=\"0\" itemprop=\"url\"> <meta itemprop=\"width\" content=\"246\"> <meta itemprop=\"height\" content=\"138\"> <img decoding=\"async\" class=\"\" data-attachment-id=\"8038\" data-orig-file=\"http:\/\/www.tvturk.com\/wp-content\/uploads\/2019\/02\/kars-yeniden-beyaz-gelinligini-giydi_98cd9fe.jpg\" data-orig-size=\"1000,562\" data-comments-opened=\"\" data-image-meta=\"{&quot;aperture&quot;:&quot;0&quot;,&quot;credit&quot;:&quot;IHA&quot;,&quot;camera&quot;:&quot;&quot;,&quot;caption&quot;:&quot;KARS\\u0027TA SABAH SAATLER\\u0130NDE BA\\u015eLAYAN KAR, KISA S\\u00dcREDE KENT\\u0130 BEYAZA B\\u00dcR\\u00dcD\\u00dc. (I\\u015eIK \\u00c7APANO\\u011eLU\\\/KARS-\\u0130HA)&quot;,&quot;created_timestamp&quot;:&quot;0&quot;,&quot;copyright&quot;:&quot;\\u0130HLAS HABER AJANSI, www.iha.com.tr&quot;,&quot;focal_length&quot;:&quot;0&quot;,&quot;iso&quot;:&quot;0&quot;,&quot;shutter_speed&quot;:&quot;0&quot;,&quot;title&quot;:&quot;KARS YEN\\u0130DEN BEYAZ GEL\\u0130NL\\u0130\\u011e\\u0130N\\u0130 G\\u0130YD\\u0130&quot;,&quot;orientation&quot;:&quot;0&quot;}\" data-image-title=\"Kars yeniden beyaz gelinli\u011fini giydi\" data-image-description=\"&lt;p&gt;Kars yeniden beyaz gelinli\u011fini giydi&lt;\/p&gt; \" data-medium-file=\"https:\/\/i0.wp.com\/www.tvturk.com\/wp-content\/uploads\/2019\/02\/kars-yeniden-beyaz-gelinligini-giydi_98cd9fe.jpg?fit=300%2C169\" data-large-file=\"https:\/\/i0.wp.com\/www.tvturk.com\/wp-content\/uploads\/2019\/02\/kars-yeniden-beyaz-gelinligini-giydi_98cd9fe.jpg?fit=1000%2C562\" src=\"https:\/\/i0.wp.com\/www.tvturk.com\/wp-content\/uploads\/2019\/02\/kars-yeniden-beyaz-gelinligini-giydi_98cd9fe.jpg?w=246&#038;h=138\" srcset=\"https:\/\/i0.wp.com\/www.tvturk.com\/wp-content\/uploads\/2019\/02\/kars-yeniden-beyaz-gelinligini-giydi_98cd9fe.jpg?w=1000 1000w, https:\/\/i0.wp.com\/www.tvturk.com\/wp-content\/uploads\/2019\/02\/kars-yeniden-beyaz-gelinligini-giydi_98cd9fe.jpg?resize=150%2C84 150w, https:\/\/i0.wp.com\/www.tvturk.com\/wp-content\/uploads\/2019\/02\/kars-yeniden-beyaz-gelinligini-giydi_98cd9fe.jpg?resize=300%2C169 300w, https:\/\/i0.wp.com\/www.tvturk.com\/wp-content\/uploads\/2019\/02\/kars-yeniden-beyaz-gelinligini-giydi_98cd9fe.jpg?resize=768%2C432 768w, https:\/\/i0.wp.com\/www.tvturk.com\/wp-content\/uploads\/2019\/02\/kars-yeniden-beyaz-gelinligini-giydi_98cd9fe.jpg?resize=200%2C113 200w\" width=\"246\" height=\"138\" loading=\"lazy\" data-original-width=\"246\" data-original-height=\"138\" itemprop=\"http:\/\/schema.org\/image\" title=\"Kars yeniden beyaz gelinli\u011fini giydi\" alt=\"Kars yeniden beyaz gelinli\u011fini giydi\" style=\"width: 246px; height: 138px;\" \/> <\/a> <\/div> <\/div> <!-- close group --> <div class=\"gallery-group images-1\" style=\"width: 250px; height: 142px;\" data-original-width=\"250\" data-original-height=\"142\" > <div class=\"tiled-gallery-item tiled-gallery-item-small\" itemprop=\"associatedMedia\" itemscope itemtype=\"http:\/\/schema.org\/ImageObject\"> <a href=\"http:\/\/www.tvturk.com\/index.php\/kars-yeniden-beyaz-gelinligini-giydi\/kars-yeniden-beyaz-gelinligini-giydi-6\/\" border=\"0\" itemprop=\"url\"> <meta itemprop=\"width\" content=\"246\"> <meta itemprop=\"height\" content=\"138\"> <img decoding=\"async\" class=\"\" data-attachment-id=\"8039\" data-orig-file=\"http:\/\/www.tvturk.com\/wp-content\/uploads\/2019\/02\/kars-yeniden-beyaz-gelinligini-giydi_7f38657.jpg\" data-orig-size=\"1000,562\" data-comments-opened=\"\" data-image-meta=\"{&quot;aperture&quot;:&quot;0&quot;,&quot;credit&quot;:&quot;IHA&quot;,&quot;camera&quot;:&quot;&quot;,&quot;caption&quot;:&quot;KARS\\u0027TA SABAH SAATLER\\u0130NDE BA\\u015eLAYAN KAR, KISA S\\u00dcREDE KENT\\u0130 BEYAZA B\\u00dcR\\u00dcD\\u00dc. (I\\u015eIK \\u00c7APANO\\u011eLU\\\/KARS-\\u0130HA)&quot;,&quot;created_timestamp&quot;:&quot;0&quot;,&quot;copyright&quot;:&quot;\\u0130HLAS HABER AJANSI, www.iha.com.tr&quot;,&quot;focal_length&quot;:&quot;0&quot;,&quot;iso&quot;:&quot;0&quot;,&quot;shutter_speed&quot;:&quot;0&quot;,&quot;title&quot;:&quot;KARS YEN\\u0130DEN BEYAZ GEL\\u0130NL\\u0130\\u011e\\u0130N\\u0130 G\\u0130YD\\u0130&quot;,&quot;orientation&quot;:&quot;0&quot;}\" data-image-title=\"Kars yeniden beyaz gelinli\u011fini giydi\" data-image-description=\"&lt;p&gt;Kars yeniden beyaz gelinli\u011fini giydi&lt;\/p&gt; \" data-medium-file=\"https:\/\/i0.wp.com\/www.tvturk.com\/wp-content\/uploads\/2019\/02\/kars-yeniden-beyaz-gelinligini-giydi_7f38657.jpg?fit=300%2C169\" data-large-file=\"https:\/\/i0.wp.com\/www.tvturk.com\/wp-content\/uploads\/2019\/02\/kars-yeniden-beyaz-gelinligini-giydi_7f38657.jpg?fit=1000%2C562\" src=\"https:\/\/i0.wp.com\/www.tvturk.com\/wp-content\/uploads\/2019\/02\/kars-yeniden-beyaz-gelinligini-giydi_7f38657.jpg?w=246&#038;h=138\" srcset=\"https:\/\/i0.wp.com\/www.tvturk.com\/wp-content\/uploads\/2019\/02\/kars-yeniden-beyaz-gelinligini-giydi_7f38657.jpg?w=1000 1000w, https:\/\/i0.wp.com\/www.tvturk.com\/wp-content\/uploads\/2019\/02\/kars-yeniden-beyaz-gelinligini-giydi_7f38657.jpg?resize=150%2C84 150w, https:\/\/i0.wp.com\/www.tvturk.com\/wp-content\/uploads\/2019\/02\/kars-yeniden-beyaz-gelinligini-giydi_7f38657.jpg?resize=300%2C169 300w, https:\/\/i0.wp.com\/www.tvturk.com\/wp-content\/uploads\/2019\/02\/kars-yeniden-beyaz-gelinligini-giydi_7f38657.jpg?resize=768%2C432 768w, https:\/\/i0.wp.com\/www.tvturk.com\/wp-content\/uploads\/2019\/02\/kars-yeniden-beyaz-gelinligini-giydi_7f38657.jpg?resize=200%2C113 200w\" width=\"246\" height=\"138\" loading=\"lazy\" data-original-width=\"246\" data-original-height=\"138\" itemprop=\"http:\/\/schema.org\/image\" title=\"Kars yeniden beyaz gelinli\u011fini giydi\" alt=\"Kars yeniden beyaz gelinli\u011fini giydi\" style=\"width: 246px; height: 138px;\" \/> <\/a> <\/div> <\/div> <!-- close group --> <\/div> <!-- close row --> <\/div><\/p>\n","protected":false},"excerpt":{"rendered":"<p>KARS&#8217;TA SABAH SAATLER\u0130NDE BA\u015eLAYAN KAR, KISA S\u00dcREDE KENT\u0130 BEYAZA B\u00dcR\u00dcD\u00dc.<\/p>\n","protected":false},"author":1,"featured_media":8035,"comment_status":"closed","ping_status":"open","sticky":false,"template":"","format":"standard","meta":{"jetpack_post_was_ever_published":false,"_jetpack_newsletter_access":"","_jetpack_dont_email_post_to_subs":false,"_jetpack_newsletter_tier_id":0,"_jetpack_memberships_contains_paywalled_content":false,"_jetpack_memberships_contains_paid_content":false,"footnotes":"","jetpack_publicize_message":"","jetpack_publicize_feature_enabled":true,"jetpack_social_post_already_shared":false,"jetpack_social_options":{"image_generator_settings":{"template":"highway","default_image_id":0,"font":"","enabled":false},"version":2}},"categories":[655],"tags":[818,4302,2399,4301,720],"class_list":["post-8034","post","type-post","status-publish","format-standard","has-post-thumbnail","hentry","category-son-dakika","tag-beyaz","tag-gelinligini","tag-giydi","tag-kars","tag-yeniden"],"jetpack_publicize_connections":[],"jetpack_featured_media_url":"https:\/\/i0.wp.com\/www.tvturk.com\/wp-content\/uploads\/2019\/02\/kars-yeniden-beyaz-gelinligini-giydi_a64be66.jpg?fit=1000%2C562","jetpack_sharing_enabled":true,"jetpack_shortlink":"https:\/\/wp.me\/paKIfm-25A","_links":{"self":[{"href":"http:\/\/www.tvturk.com\/index.php\/wp-json\/wp\/v2\/posts\/8034","targetHints":{"allow":["GET"]}}],"collection":[{"href":"http:\/\/www.tvturk.com\/index.php\/wp-json\/wp\/v2\/posts"}],"about":[{"href":"http:\/\/www.tvturk.com\/index.php\/wp-json\/wp\/v2\/types\/post"}],"author":[{"embeddable":true,"href":"http:\/\/www.tvturk.com\/index.php\/wp-json\/wp\/v2\/users\/1"}],"replies":[{"embeddable":true,"href":"http:\/\/www.tvturk.com\/index.php\/wp-json\/wp\/v2\/comments?post=8034"}],"version-history":[{"count":1,"href":"http:\/\/www.tvturk.com\/index.php\/wp-json\/wp\/v2\/posts\/8034\/revisions"}],"predecessor-version":[{"id":8040,"href":"http:\/\/www.tvturk.com\/index.php\/wp-json\/wp\/v2\/posts\/8034\/revisions\/8040"}],"wp:featuredmedia":[{"embeddable":true,"href":"http:\/\/www.tvturk.com\/index.php\/wp-json\/wp\/v2\/media\/8035"}],"wp:attachment":[{"href":"http:\/\/www.tvturk.com\/index.php\/wp-json\/wp\/v2\/media?parent=8034"}],"wp:term":[{"taxonomy":"category","embeddable":true,"href":"http:\/\/www.tvturk.com\/index.php\/wp-json\/wp\/v2\/categories?post=8034"},{"taxonomy":"post_tag","embeddable":true,"href":"http:\/\/www.tvturk.com\/index.php\/wp-json\/wp\/v2\/tags?post=8034"}],"curies":[{"name":"wp","href":"https:\/\/api.w.org\/{rel}","templated":true}]}}