{"id":80409,"date":"2019-03-09T09:49:54","date_gmt":"2019-03-09T06:49:54","guid":{"rendered":"http:\/\/www.tvturk.com\/index.php\/ozel-haber-faturasini-odeyemeyince-komsusunun-elektrigini-kacak-kullandi\/"},"modified":"2019-03-09T09:49:59","modified_gmt":"2019-03-09T06:49:59","slug":"ozel-haber-faturasini-odeyemeyince-komsusunun-elektrigini-kacak-kullandi","status":"publish","type":"post","link":"http:\/\/www.tvturk.com\/index.php\/ozel-haber-faturasini-odeyemeyince-komsusunun-elektrigini-kacak-kullandi\/","title":{"rendered":"(\u00d6zel haber) Faturas\u0131n\u0131 \u00f6deyemeyince kom\u015fusunun elektri\u011fini ka\u00e7ak kulland\u0131"},"content":{"rendered":"<p>\u0130stanbul\u2019dan Kastamonu\u2019ya geldi\u011finde panodaki kabar\u0131k elektrik faturas\u0131n\u0131 g\u00f6rerek film gibi takip ba\u015flatan ev sahibi, elektrik faturas\u0131n\u0131 \u00f6deyemeyen kom\u015fusunun ka\u00e7ak hatla elektri\u011fini kulland\u0131\u011f\u0131 tespit etti.<\/p>\n<p>\u0130stanbul\u2019da ikamet eden 54 ya\u015f\u0131ndaki Halit Uzun, hafta sonu tatili i\u00e7in memleketi Kastamonu\u2019nun Ta\u015fk\u00f6pr\u00fc il\u00e7esine geldi. \u00dc\u00e7 ay sonra ilk kez evine gelen Halit Uzun, dairesinin elektrik panosunu inceledi. Pano i\u00e7erisindeki faturan\u0131n tutar\u0131n\u0131 g\u00f6rd\u00fc\u011f\u00fcnde b\u00fcy\u00fck \u015fok ya\u015fayan Halit Uzun, kendi ad\u0131na gelen 600 liral\u0131k elektrik faturas\u0131na inanamad\u0131. Faturay\u0131 inceledikten sonra emniyet g\u00fc\u00e7lerine haber veren Halit Uzun, ard\u0131ndan TEDA\u015e yetkililerine de ihbarda bulundu. Yap\u0131lan incelemede Uzun\u2019un elektrik saatinde bir soruna rastlanmad\u0131.<\/p>\n<p>Olay\u0131n pe\u015fini b\u0131rakmayan Uzun, ak\u015fam saatlerinde kendi \u015falterini indirince kom\u015fusunun elektriklerinin de kesildi\u011fini g\u00f6rd\u00fc. Birka\u00e7 defa bu y\u00f6netimi deneyip kom\u015fusunun kendi elektri\u011fini kulland\u0131\u011f\u0131n\u0131 belirleyen Uzun, durumu polise ve TEDA\u015e yetkililerine bildirdi. Yap\u0131lan inceleme sonunda maddi sorunlar\u0131ndan \u00f6t\u00fcr\u00fc elektrik faturas\u0131n\u0131 \u00f6deyemeyen kom\u015fusunun panodan ka\u00e7ak elektrik \u00e7ekti\u011fi belirlendi.<\/p>\n<p>Ayn\u0131 kattaki kom\u015fusu ka\u00e7ak hat \u00e7ekmi\u015f<\/p>\n<p>\u0130stanbul\u2019da ikamet etti\u011fini s\u00f6yleyen 54 ya\u015f\u0131ndaki Halit Uzun, en son 3 ay \u00f6nce evine geldi\u011fini ve evinin i\u00e7erisindeki \u015fartelini kapatarak herhangi bir elektrikli alet kullanmad\u0131\u011f\u0131n\u0131 iddia etti. Ev sahibi Halit Uzun, ayn\u0131 katta oturan kom\u015fusunun kendi hatt\u0131ndan elektrik \u00e7ekip ka\u00e7ak olarak kulland\u0131\u011f\u0131n\u0131 kaydetti.<\/p>\n<p>600 liral\u0131k fatura ka\u00e7ak elektri\u011fi ortaya \u00e7\u0131kard\u0131<\/p>\n<p>Faturada yazan tutar\u0131 kullanmad\u0131\u011f\u0131n\u0131 belirten Uzun, &#8220;\u0130stanbul\u2019da ya\u015f\u0131yorum. Bir bu\u00e7uk sene \u00f6nceden buradan bir daire ald\u0131m. Yazlar\u0131, hafta sonlar\u0131 iki g\u00fcnl\u00fc\u011f\u00fcne gidip geliyorum. Bu zamana kadar kald\u0131\u011f\u0131m s\u00fcre toplam 30-35 g\u00fcn\u00fc ge\u00e7mez. En son iki bu\u00e7uk, \u00fc\u00e7 ay \u00f6nce buradan gittim. Bir daha gelmedim. Cuma ak\u015fam\u0131 geldim. Cuma g\u00fcn\u00fc sabah alt\u0131 bu\u00e7uk, yedi civar\u0131nda saate bakt\u0131m faturam gelmi\u015f mi diye? Bir fatura ile kar\u015f\u0131la\u015ft\u0131m. 600 k\u00fcsur lira. faturay\u0131 ald\u0131ktan sonra \u00f6\u011flen TEDA\u015e\u2019a gittim&#8221; dedi.<\/p>\n<p>&#8220;Elektrik \u015firketi saatte sorun bulamad\u0131&#8221;<\/p>\n<p>Kom\u015fusunun faturas\u0131n\u0131 \u00f6deyemeyince kendi elektrik panosundan ka\u00e7ak elektrik \u00e7ekti\u011fini anlatan Halit Uzun, &#8220;TEDA\u015e yetkililerine faturam y\u00fcksek geliyor diye daha \u00f6nceden s\u00f6ylemi\u015ftim. Y\u00fcksek gelmi\u015f ben burada 3 aydan beri yokum. Bana bir ekip verdiler. Buraya geldik. Kontrol ettiler, saatimde ar\u0131za olmad\u0131\u011f\u0131n\u0131 ka\u00e7ak bir \u015feyin g\u00f6z\u00fckmedi\u011fini s\u00f6ylediler. Yandaki 3 numaral\u0131 dairenin 5 defa \u00f6nce elektri\u011finin kesildi\u011fini, i\u015flem yap\u0131ld\u0131\u011f\u0131n\u0131 s\u00f6ylediler. Ben de dedim ki acaba kullanabilir mi diye TEDA\u015e yetkililerine s\u00f6yledim. Bana TEDA\u015e yetkililerinin s\u00f6yledi\u011fi ispat etmen laz\u0131m dediler&#8221; diye konu\u015ftu.<\/p>\n<p>Kendi \u015fartelini kapat\u0131nca kom\u015funun \u0131\u015f\u0131\u011f\u0131 s\u00f6nd\u00fc<\/p>\n<p>Ka\u00e7ak kullan\u0131m\u0131 kendinin tespit etti\u011fini s\u00f6yleyen Uzun,  &#8220;Ben de bunun \u00fczerine gece saat 10.30 civar\u0131nda eve geldi\u011fimde yandaki kom\u015funun \u0131\u015f\u0131klar\u0131n\u0131n yand\u0131\u011f\u0131n\u0131 g\u00f6rd\u00fcm. I\u015f\u0131klar\u0131n yand\u0131\u011f\u0131n\u0131 g\u00f6r\u00fcnce a\u015fa\u011f\u0131 indim. Kendi elektrik saatim \u00fcst\u00fcndeki \u015falteri indirdim. Bakt\u0131m, tekrar yukar\u0131 \u00e7\u0131kt\u0131m \u0131\u015f\u0131klar\u0131 s\u00f6nd\u00fc. Tekrar a\u015fa\u011f\u0131 indim. \u015ealteri kald\u0131rd\u0131\u011f\u0131m da tekrar yand\u0131. O arada arkada\u015f\u0131m Musa Pamuk\u2019a telefon a\u00e7t\u0131m. \u00c7ok acil bir \u015fekilde geldi. O arada biz tekrar \u015farteli indirdik. Yukar\u0131dan gece lambas\u0131yla 3 numarada oturan Mustafa a\u015fa\u011f\u0131 indi. \u015earteli kald\u0131rd\u0131. I\u015f\u0131klar\u0131 yakt\u0131, yukar\u0131 \u00e7\u0131kt\u0131. Biz kap\u0131n\u0131n d\u0131\u015f\u0131nday\u0131z. Bizi g\u00f6rm\u00fcyor&#8221; \u015feklinde konu\u015ftu.<\/p>\n<p>Polis ve da\u011f\u0131t\u0131m \u015firketi ka\u00e7ak elektri\u011fe su\u00e7\u00fcst\u00fc yapt\u0131<\/p>\n<p>Tespit sonras\u0131 polisi ve da\u011f\u0131t\u0131m \u015firketi yetkililerini \u00e7a\u011f\u0131rd\u0131\u011f\u0131n\u0131 anlatan Uzun \u015f\u00f6yle konu\u015ftu:<\/p>\n<p>&#8220;Bizde hi\u00e7bir m\u00fcdahale etmedik. 155\u2019i arad\u0131k polis geldi. TEDA\u015e\u2019 ta ki yetkilileri \u00e7a\u011f\u0131rd\u0131k. O arada polis geldi, TEDA\u015e\u2019 takiler biraz sonra geldi. A\u015fa\u011f\u0131s\u0131n\u0131 kontrol ettiler. Polis ile TEDA\u015e\u2019takiler ile yukar\u0131 \u00e7\u0131kt\u0131k. Buradan elektri\u011fin al\u0131nabilece\u011fini s\u00f6ylediler. O arada polis \u015farteli indirtti. Kap\u0131ya 5-10 defa vurmas\u0131na ra\u011fmen zorla a\u00e7t\u0131rd\u0131 kap\u0131y\u0131. Onun elektri\u011fini kontrol etti\u011finde bizim \u015fartel gitti\u011fi zaman elektri\u011fini kesildi\u011fini, kald\u0131rd\u0131\u011f\u0131 zaman elektri\u011finin yand\u0131\u011f\u0131n\u0131 polis ve TEDA\u015e yetkilileri hepsi kendileri g\u00f6rd\u00fc. Bu tutanaklarda da var zaten. Buradan bizi karakola ald\u0131lar. Karakola vard\u0131k. Savc\u0131 ile g\u00f6r\u00fc\u015ft\u00fc polis.&#8221;<\/p>\n<p>Ka\u00e7ak elektri\u011fi kullanan elektrik\u00e7i \u00e7\u0131kt\u0131<\/p>\n<p>Uzun, &#8220;Ama yar\u0131n o kabloyu s\u00f6k\u00fcp tekrar ba\u011flamayaca\u011f\u0131n\u0131 ben ne bileyim. Bu adam burada defalarca bizden \u00f6ncede yapm\u0131\u015f. Kendisi de elektrik\u00e7iymi\u015f. Yani bu adam bu i\u015fi zaten biliyor. \u0130stedi\u011fi yerden \u00e7ekebiliyor. Be\u015f defa m\u00fch\u00fcrlenmi\u015f. En son Cuma g\u00fcn\u00fc tekrar bize bilgisayardan kapatt\u0131klar\u0131n\u0131 s\u00f6ylediler. Oradan s\u00f6yledikleri halde bu adam\u0131n saati yerinde duruyor. Her \u015feyi yerinde duruyor yani be\u015f defa bir insan\u0131n elektri\u011fi kesiliyorsa bu saatin burada kalmas\u0131 bile do\u011fru mudur? Ve \u015fu anda benim bu gelen faturam\u0131n d\u0131\u015f\u0131nda gelecek faturan\u0131n ka\u00e7 para oldu\u011funu bilmiyorum&#8221; dedi.<\/p>\n<p>Kom\u015fu su\u00e7unu kabul etti<\/p>\n<p>\u00d6te yandan, Uzun kom\u015fusu da faturalar\u0131n\u0131 \u00f6deyemedi\u011fi i\u00e7in kom\u015fusundan ka\u00e7ak elektrik ald\u0131\u011f\u0131n\u0131 ve ba\u015fka da bir \u015fey s\u00f6yleyemeyece\u011fini belirtti. Olayla ilgili soru\u015fturma devam ediyor.<div class=\"tiled-gallery type-rectangular tiled-gallery-unresized\" data-original-width=\"500\" data-carousel-extra='null' itemscope itemtype=\"http:\/\/schema.org\/ImageGallery\" > <div class=\"gallery-row\" style=\"width: 500px; height: 217px;\" data-original-width=\"500\" data-original-height=\"217\" > <div class=\"gallery-group images-1\" style=\"width: 325px; height: 217px;\" data-original-width=\"325\" data-original-height=\"217\" > <div class=\"tiled-gallery-item tiled-gallery-item-large\" itemprop=\"associatedMedia\" itemscope itemtype=\"http:\/\/schema.org\/ImageObject\"> <a href=\"http:\/\/www.tvturk.com\/index.php\/ozel-haber-faturasini-odeyemeyince-komsusunun-elektrigini-kacak-kullandi\/ozel-haber-faturasini-odeyemeyince-komsusunun-elektrigini-kacak-kullandi-3\/\" border=\"0\" itemprop=\"url\"> <meta itemprop=\"width\" content=\"321\"> <meta itemprop=\"height\" content=\"213\"> <img decoding=\"async\" class=\"\" data-attachment-id=\"80411\" data-orig-file=\"http:\/\/www.tvturk.com\/wp-content\/uploads\/2019\/03\/ozel-haber-faturasini-odeyemeyince-komsusunun-elektrigini-kacak-kullandi_5b73a8d.jpg\" data-orig-size=\"1000,664\" data-comments-opened=\"\" data-image-meta=\"{&quot;aperture&quot;:&quot;0&quot;,&quot;credit&quot;:&quot;IHA&quot;,&quot;camera&quot;:&quot;&quot;,&quot;caption&quot;:&quot;\\u0130STANBUL\\u2019DAN KASTAMONU\\u2019YA GELD\\u0130\\u011e\\u0130NDE PANODAK\\u0130 KABARIK ELEKTR\\u0130K FATURASINI G\\u00d6REREK F\\u0130LM G\\u0130B\\u0130 TAK\\u0130P BA\\u015eLATAN EV SAH\\u0130B\\u0130, ELEKTR\\u0130K FATURASINI \\u00d6DEYEMEYEN KOM\\u015eUSUNUN KA\\u00c7AK HATLA ELEKTR\\u0130\\u011e\\u0130N\\u0130 KULLANDI\\u011eI TESP\\u0130T ETT\\u0130. (DAVUT HAS\\\/KASTAMONU-\\u0130HA)&quot;,&quot;created_timestamp&quot;:&quot;0&quot;,&quot;copyright&quot;:&quot;\\u0130HLAS HABER AJANSI, www.iha.com.tr&quot;,&quot;focal_length&quot;:&quot;0&quot;,&quot;iso&quot;:&quot;0&quot;,&quot;shutter_speed&quot;:&quot;0&quot;,&quot;title&quot;:&quot;(\\u00d6ZEL HABER) FATURASINI \\u00d6DEYEMEY\\u0130NCE KOM\\u015eUSUNUN ELEKTR\\u0130\\u011e\\u0130N\\u0130 KA\\u00c7AK KULLANDI \\u0130STANBUL\\u2019DAN KASTAMONU\\u2019YA GELEN EV SAH\\u0130B\\u0130, ELEKTR\\u0130K FATURASINI G\\u00d6R\\u00dcNCE \\u015eOK OLDU MA\\u011eDUR EV SAH\\u0130B\\u0130 F\\u0130LM G\\u0130B\\u0130 TAK\\u0130PLE KA\\u00c7AK ELEKTR\\u0130\\u011e\\u0130 ORTAYA \\u00c7IKARDI KEND\\u0130 \\u015eARTEL\\u0130N\\u0130 KAPATINCA KOM\\u015eUSUNUN I\\u015eI\\u011eININ S\\u00d6ND\\u00dc\\u011e\\u00dcN\\u00dc G\\u00d6R\\u00dcR G\\u00d6RMEZ POL\\u0130S\\u0130 ARADI&quot;,&quot;orientation&quot;:&quot;0&quot;}\" data-image-title=\"(\u00d6zel haber) Faturas\u0131n\u0131 \u00f6deyemeyince kom\u015fusunun elektri\u011fini ka\u00e7ak kulland\u0131\" data-image-description=\"&lt;p&gt;(\u00d6zel haber) Faturas\u0131n\u0131 \u00f6deyemeyince kom\u015fusunun elektri\u011fini ka\u00e7ak kulland\u0131&lt;\/p&gt; \" data-medium-file=\"https:\/\/i0.wp.com\/www.tvturk.com\/wp-content\/uploads\/2019\/03\/ozel-haber-faturasini-odeyemeyince-komsusunun-elektrigini-kacak-kullandi_5b73a8d.jpg?fit=300%2C199\" data-large-file=\"https:\/\/i0.wp.com\/www.tvturk.com\/wp-content\/uploads\/2019\/03\/ozel-haber-faturasini-odeyemeyince-komsusunun-elektrigini-kacak-kullandi_5b73a8d.jpg?fit=1000%2C664\" src=\"https:\/\/i0.wp.com\/www.tvturk.com\/wp-content\/uploads\/2019\/03\/ozel-haber-faturasini-odeyemeyince-komsusunun-elektrigini-kacak-kullandi_5b73a8d.jpg?w=321&#038;h=213\" srcset=\"https:\/\/i0.wp.com\/www.tvturk.com\/wp-content\/uploads\/2019\/03\/ozel-haber-faturasini-odeyemeyince-komsusunun-elektrigini-kacak-kullandi_5b73a8d.jpg?w=1000 1000w, https:\/\/i0.wp.com\/www.tvturk.com\/wp-content\/uploads\/2019\/03\/ozel-haber-faturasini-odeyemeyince-komsusunun-elektrigini-kacak-kullandi_5b73a8d.jpg?resize=150%2C100 150w, https:\/\/i0.wp.com\/www.tvturk.com\/wp-content\/uploads\/2019\/03\/ozel-haber-faturasini-odeyemeyince-komsusunun-elektrigini-kacak-kullandi_5b73a8d.jpg?resize=300%2C200 300w, https:\/\/i0.wp.com\/www.tvturk.com\/wp-content\/uploads\/2019\/03\/ozel-haber-faturasini-odeyemeyince-komsusunun-elektrigini-kacak-kullandi_5b73a8d.jpg?resize=768%2C510 768w, https:\/\/i0.wp.com\/www.tvturk.com\/wp-content\/uploads\/2019\/03\/ozel-haber-faturasini-odeyemeyince-komsusunun-elektrigini-kacak-kullandi_5b73a8d.jpg?resize=170%2C113 170w, https:\/\/i0.wp.com\/www.tvturk.com\/wp-content\/uploads\/2019\/03\/ozel-haber-faturasini-odeyemeyince-komsusunun-elektrigini-kacak-kullandi_5b73a8d.jpg?resize=120%2C80 120w\" width=\"321\" height=\"213\" loading=\"lazy\" data-original-width=\"321\" data-original-height=\"213\" itemprop=\"http:\/\/schema.org\/image\" title=\"(\u00d6zel haber) Faturas\u0131n\u0131 \u00f6deyemeyince kom\u015fusunun elektri\u011fini ka\u00e7ak kulland\u0131\" alt=\"(\u00d6zel haber) Faturas\u0131n\u0131 \u00f6deyemeyince kom\u015fusunun elektri\u011fini ka\u00e7ak kulland\u0131\" style=\"width: 321px; height: 213px;\" \/> <\/a> <\/div> <\/div> <!-- close group --> <div class=\"gallery-group images-2\" style=\"width: 175px; height: 217px;\" data-original-width=\"175\" data-original-height=\"217\" > <div class=\"tiled-gallery-item tiled-gallery-item-small\" itemprop=\"associatedMedia\" itemscope itemtype=\"http:\/\/schema.org\/ImageObject\"> <a href=\"http:\/\/www.tvturk.com\/index.php\/ozel-haber-faturasini-odeyemeyince-komsusunun-elektrigini-kacak-kullandi\/ozel-haber-faturasini-odeyemeyince-komsusunun-elektrigini-kacak-kullandi-4\/\" border=\"0\" itemprop=\"url\"> <meta itemprop=\"width\" content=\"171\"> <meta itemprop=\"height\" content=\"96\"> <img decoding=\"async\" class=\"\" data-attachment-id=\"80412\" data-orig-file=\"http:\/\/www.tvturk.com\/wp-content\/uploads\/2019\/03\/ozel-haber-faturasini-odeyemeyince-komsusunun-elektrigini-kacak-kullandi_e188f50.jpg\" data-orig-size=\"1000,562\" data-comments-opened=\"\" data-image-meta=\"{&quot;aperture&quot;:&quot;0&quot;,&quot;credit&quot;:&quot;IHA&quot;,&quot;camera&quot;:&quot;&quot;,&quot;caption&quot;:&quot;\\u0130STANBUL\\u2019DAN KASTAMONU\\u2019YA GELD\\u0130\\u011e\\u0130NDE PANODAK\\u0130 KABARIK ELEKTR\\u0130K FATURASINI G\\u00d6REREK F\\u0130LM G\\u0130B\\u0130 TAK\\u0130P BA\\u015eLATAN EV SAH\\u0130B\\u0130, ELEKTR\\u0130K FATURASINI \\u00d6DEYEMEYEN KOM\\u015eUSUNUN KA\\u00c7AK HATLA ELEKTR\\u0130\\u011e\\u0130N\\u0130 KULLANDI\\u011eI TESP\\u0130T ETT\\u0130. (DAVUT HAS\\\/KASTAMONU-\\u0130HA)&quot;,&quot;created_timestamp&quot;:&quot;0&quot;,&quot;copyright&quot;:&quot;\\u0130HLAS HABER AJANSI, www.iha.com.tr&quot;,&quot;focal_length&quot;:&quot;0&quot;,&quot;iso&quot;:&quot;0&quot;,&quot;shutter_speed&quot;:&quot;0&quot;,&quot;title&quot;:&quot;(\\u00d6ZEL HABER) FATURASINI \\u00d6DEYEMEY\\u0130NCE KOM\\u015eUSUNUN ELEKTR\\u0130\\u011e\\u0130N\\u0130 KA\\u00c7AK KULLANDI \\u0130STANBUL\\u2019DAN KASTAMONU\\u2019YA GELEN EV SAH\\u0130B\\u0130, ELEKTR\\u0130K FATURASINI G\\u00d6R\\u00dcNCE \\u015eOK OLDU MA\\u011eDUR EV SAH\\u0130B\\u0130 F\\u0130LM G\\u0130B\\u0130 TAK\\u0130PLE KA\\u00c7AK ELEKTR\\u0130\\u011e\\u0130 ORTAYA \\u00c7IKARDI KEND\\u0130 \\u015eARTEL\\u0130N\\u0130 KAPATINCA KOM\\u015eUSUNUN I\\u015eI\\u011eININ S\\u00d6ND\\u00dc\\u011e\\u00dcN\\u00dc G\\u00d6R\\u00dcR G\\u00d6RMEZ POL\\u0130S\\u0130 ARADI&quot;,&quot;orientation&quot;:&quot;0&quot;}\" data-image-title=\"(\u00d6zel haber) Faturas\u0131n\u0131 \u00f6deyemeyince kom\u015fusunun elektri\u011fini ka\u00e7ak kulland\u0131\" data-image-description=\"&lt;p&gt;(\u00d6zel haber) Faturas\u0131n\u0131 \u00f6deyemeyince kom\u015fusunun elektri\u011fini ka\u00e7ak kulland\u0131&lt;\/p&gt; \" data-medium-file=\"https:\/\/i0.wp.com\/www.tvturk.com\/wp-content\/uploads\/2019\/03\/ozel-haber-faturasini-odeyemeyince-komsusunun-elektrigini-kacak-kullandi_e188f50.jpg?fit=300%2C169\" data-large-file=\"https:\/\/i0.wp.com\/www.tvturk.com\/wp-content\/uploads\/2019\/03\/ozel-haber-faturasini-odeyemeyince-komsusunun-elektrigini-kacak-kullandi_e188f50.jpg?fit=1000%2C562\" src=\"https:\/\/i0.wp.com\/www.tvturk.com\/wp-content\/uploads\/2019\/03\/ozel-haber-faturasini-odeyemeyince-komsusunun-elektrigini-kacak-kullandi_e188f50.jpg?w=171&#038;h=96\" srcset=\"https:\/\/i0.wp.com\/www.tvturk.com\/wp-content\/uploads\/2019\/03\/ozel-haber-faturasini-odeyemeyince-komsusunun-elektrigini-kacak-kullandi_e188f50.jpg?w=1000 1000w, https:\/\/i0.wp.com\/www.tvturk.com\/wp-content\/uploads\/2019\/03\/ozel-haber-faturasini-odeyemeyince-komsusunun-elektrigini-kacak-kullandi_e188f50.jpg?resize=150%2C84 150w, https:\/\/i0.wp.com\/www.tvturk.com\/wp-content\/uploads\/2019\/03\/ozel-haber-faturasini-odeyemeyince-komsusunun-elektrigini-kacak-kullandi_e188f50.jpg?resize=300%2C169 300w, https:\/\/i0.wp.com\/www.tvturk.com\/wp-content\/uploads\/2019\/03\/ozel-haber-faturasini-odeyemeyince-komsusunun-elektrigini-kacak-kullandi_e188f50.jpg?resize=768%2C432 768w, https:\/\/i0.wp.com\/www.tvturk.com\/wp-content\/uploads\/2019\/03\/ozel-haber-faturasini-odeyemeyince-komsusunun-elektrigini-kacak-kullandi_e188f50.jpg?resize=200%2C113 200w\" width=\"171\" height=\"96\" loading=\"lazy\" data-original-width=\"171\" data-original-height=\"96\" itemprop=\"http:\/\/schema.org\/image\" title=\"(\u00d6zel haber) Faturas\u0131n\u0131 \u00f6deyemeyince kom\u015fusunun elektri\u011fini ka\u00e7ak kulland\u0131\" alt=\"(\u00d6zel haber) Faturas\u0131n\u0131 \u00f6deyemeyince kom\u015fusunun elektri\u011fini ka\u00e7ak kulland\u0131\" style=\"width: 171px; height: 96px;\" \/> <\/a> <\/div> <div class=\"tiled-gallery-item tiled-gallery-item-small\" itemprop=\"associatedMedia\" itemscope itemtype=\"http:\/\/schema.org\/ImageObject\"> <a href=\"http:\/\/www.tvturk.com\/index.php\/ozel-haber-faturasini-odeyemeyince-komsusunun-elektrigini-kacak-kullandi\/ozel-haber-faturasini-odeyemeyince-komsusunun-elektrigini-kacak-kullandi-5\/\" border=\"0\" itemprop=\"url\"> <meta itemprop=\"width\" content=\"171\"> <meta itemprop=\"height\" content=\"113\"> <img decoding=\"async\" class=\"\" data-attachment-id=\"80413\" data-orig-file=\"http:\/\/www.tvturk.com\/wp-content\/uploads\/2019\/03\/ozel-haber-faturasini-odeyemeyince-komsusunun-elektrigini-kacak-kullandi_28caf90.jpg\" data-orig-size=\"1000,664\" data-comments-opened=\"\" data-image-meta=\"{&quot;aperture&quot;:&quot;0&quot;,&quot;credit&quot;:&quot;IHA&quot;,&quot;camera&quot;:&quot;&quot;,&quot;caption&quot;:&quot;\\u0130STANBUL\\u2019DAN KASTAMONU\\u2019YA GELD\\u0130\\u011e\\u0130NDE PANODAK\\u0130 KABARIK ELEKTR\\u0130K FATURASINI G\\u00d6REREK F\\u0130LM G\\u0130B\\u0130 TAK\\u0130P BA\\u015eLATAN EV SAH\\u0130B\\u0130, ELEKTR\\u0130K FATURASINI \\u00d6DEYEMEYEN KOM\\u015eUSUNUN KA\\u00c7AK HATLA ELEKTR\\u0130\\u011e\\u0130N\\u0130 KULLANDI\\u011eI TESP\\u0130T ETT\\u0130. (DAVUT HAS\\\/KASTAMONU-\\u0130HA)&quot;,&quot;created_timestamp&quot;:&quot;0&quot;,&quot;copyright&quot;:&quot;\\u0130HLAS HABER AJANSI, www.iha.com.tr&quot;,&quot;focal_length&quot;:&quot;0&quot;,&quot;iso&quot;:&quot;0&quot;,&quot;shutter_speed&quot;:&quot;0&quot;,&quot;title&quot;:&quot;(\\u00d6ZEL HABER) FATURASINI \\u00d6DEYEMEY\\u0130NCE KOM\\u015eUSUNUN ELEKTR\\u0130\\u011e\\u0130N\\u0130 KA\\u00c7AK KULLANDI \\u0130STANBUL\\u2019DAN KASTAMONU\\u2019YA GELEN EV SAH\\u0130B\\u0130, ELEKTR\\u0130K FATURASINI G\\u00d6R\\u00dcNCE \\u015eOK OLDU MA\\u011eDUR EV SAH\\u0130B\\u0130 F\\u0130LM G\\u0130B\\u0130 TAK\\u0130PLE KA\\u00c7AK ELEKTR\\u0130\\u011e\\u0130 ORTAYA \\u00c7IKARDI KEND\\u0130 \\u015eARTEL\\u0130N\\u0130 KAPATINCA KOM\\u015eUSUNUN I\\u015eI\\u011eININ S\\u00d6ND\\u00dc\\u011e\\u00dcN\\u00dc G\\u00d6R\\u00dcR G\\u00d6RMEZ POL\\u0130S\\u0130 ARADI&quot;,&quot;orientation&quot;:&quot;0&quot;}\" data-image-title=\"(\u00d6zel haber) Faturas\u0131n\u0131 \u00f6deyemeyince kom\u015fusunun elektri\u011fini ka\u00e7ak kulland\u0131\" data-image-description=\"&lt;p&gt;(\u00d6zel haber) Faturas\u0131n\u0131 \u00f6deyemeyince kom\u015fusunun elektri\u011fini ka\u00e7ak kulland\u0131&lt;\/p&gt; \" data-medium-file=\"https:\/\/i0.wp.com\/www.tvturk.com\/wp-content\/uploads\/2019\/03\/ozel-haber-faturasini-odeyemeyince-komsusunun-elektrigini-kacak-kullandi_28caf90.jpg?fit=300%2C199\" data-large-file=\"https:\/\/i0.wp.com\/www.tvturk.com\/wp-content\/uploads\/2019\/03\/ozel-haber-faturasini-odeyemeyince-komsusunun-elektrigini-kacak-kullandi_28caf90.jpg?fit=1000%2C664\" src=\"https:\/\/i0.wp.com\/www.tvturk.com\/wp-content\/uploads\/2019\/03\/ozel-haber-faturasini-odeyemeyince-komsusunun-elektrigini-kacak-kullandi_28caf90.jpg?w=171&#038;h=113\" srcset=\"https:\/\/i0.wp.com\/www.tvturk.com\/wp-content\/uploads\/2019\/03\/ozel-haber-faturasini-odeyemeyince-komsusunun-elektrigini-kacak-kullandi_28caf90.jpg?w=1000 1000w, https:\/\/i0.wp.com\/www.tvturk.com\/wp-content\/uploads\/2019\/03\/ozel-haber-faturasini-odeyemeyince-komsusunun-elektrigini-kacak-kullandi_28caf90.jpg?resize=150%2C100 150w, https:\/\/i0.wp.com\/www.tvturk.com\/wp-content\/uploads\/2019\/03\/ozel-haber-faturasini-odeyemeyince-komsusunun-elektrigini-kacak-kullandi_28caf90.jpg?resize=300%2C200 300w, https:\/\/i0.wp.com\/www.tvturk.com\/wp-content\/uploads\/2019\/03\/ozel-haber-faturasini-odeyemeyince-komsusunun-elektrigini-kacak-kullandi_28caf90.jpg?resize=768%2C510 768w, https:\/\/i0.wp.com\/www.tvturk.com\/wp-content\/uploads\/2019\/03\/ozel-haber-faturasini-odeyemeyince-komsusunun-elektrigini-kacak-kullandi_28caf90.jpg?resize=170%2C113 170w, https:\/\/i0.wp.com\/www.tvturk.com\/wp-content\/uploads\/2019\/03\/ozel-haber-faturasini-odeyemeyince-komsusunun-elektrigini-kacak-kullandi_28caf90.jpg?resize=120%2C80 120w\" width=\"171\" height=\"113\" loading=\"lazy\" data-original-width=\"171\" data-original-height=\"113\" itemprop=\"http:\/\/schema.org\/image\" title=\"(\u00d6zel haber) Faturas\u0131n\u0131 \u00f6deyemeyince kom\u015fusunun elektri\u011fini ka\u00e7ak kulland\u0131\" alt=\"(\u00d6zel haber) Faturas\u0131n\u0131 \u00f6deyemeyince kom\u015fusunun elektri\u011fini ka\u00e7ak kulland\u0131\" style=\"width: 171px; height: 113px;\" \/> <\/a> <\/div> <\/div> <!-- close group --> <\/div> <!-- close row --> <div class=\"gallery-row\" style=\"width: 500px; height: 205px;\" data-original-width=\"500\" data-original-height=\"205\" > <div class=\"gallery-group images-1\" style=\"width: 362px; height: 205px;\" data-original-width=\"362\" data-original-height=\"205\" > <div class=\"tiled-gallery-item tiled-gallery-item-large\" itemprop=\"associatedMedia\" itemscope itemtype=\"http:\/\/schema.org\/ImageObject\"> <a href=\"http:\/\/www.tvturk.com\/index.php\/ozel-haber-faturasini-odeyemeyince-komsusunun-elektrigini-kacak-kullandi\/ozel-haber-faturasini-odeyemeyince-komsusunun-elektrigini-kacak-kullandi-6\/\" border=\"0\" itemprop=\"url\"> <meta itemprop=\"width\" content=\"358\"> <meta itemprop=\"height\" content=\"201\"> <img decoding=\"async\" class=\"\" data-attachment-id=\"80414\" data-orig-file=\"http:\/\/www.tvturk.com\/wp-content\/uploads\/2019\/03\/ozel-haber-faturasini-odeyemeyince-komsusunun-elektrigini-kacak-kullandi_15416f7.jpg\" data-orig-size=\"1000,562\" data-comments-opened=\"\" data-image-meta=\"{&quot;aperture&quot;:&quot;0&quot;,&quot;credit&quot;:&quot;IHA&quot;,&quot;camera&quot;:&quot;&quot;,&quot;caption&quot;:&quot;\\u0130STANBUL\\u2019DAN KASTAMONU\\u2019YA GELD\\u0130\\u011e\\u0130NDE PANODAK\\u0130 KABARIK ELEKTR\\u0130K FATURASINI G\\u00d6REREK F\\u0130LM G\\u0130B\\u0130 TAK\\u0130P BA\\u015eLATAN EV SAH\\u0130B\\u0130, ELEKTR\\u0130K FATURASINI \\u00d6DEYEMEYEN KOM\\u015eUSUNUN KA\\u00c7AK HATLA ELEKTR\\u0130\\u011e\\u0130N\\u0130 KULLANDI\\u011eI TESP\\u0130T ETT\\u0130. (DAVUT HAS\\\/KASTAMONU-\\u0130HA)&quot;,&quot;created_timestamp&quot;:&quot;0&quot;,&quot;copyright&quot;:&quot;\\u0130HLAS HABER AJANSI, www.iha.com.tr&quot;,&quot;focal_length&quot;:&quot;0&quot;,&quot;iso&quot;:&quot;0&quot;,&quot;shutter_speed&quot;:&quot;0&quot;,&quot;title&quot;:&quot;(\\u00d6ZEL HABER) FATURASINI \\u00d6DEYEMEY\\u0130NCE KOM\\u015eUSUNUN ELEKTR\\u0130\\u011e\\u0130N\\u0130 KA\\u00c7AK KULLANDI \\u0130STANBUL\\u2019DAN KASTAMONU\\u2019YA GELEN EV SAH\\u0130B\\u0130, ELEKTR\\u0130K FATURASINI G\\u00d6R\\u00dcNCE \\u015eOK OLDU MA\\u011eDUR EV SAH\\u0130B\\u0130 F\\u0130LM G\\u0130B\\u0130 TAK\\u0130PLE KA\\u00c7AK ELEKTR\\u0130\\u011e\\u0130 ORTAYA \\u00c7IKARDI KEND\\u0130 \\u015eARTEL\\u0130N\\u0130 KAPATINCA KOM\\u015eUSUNUN I\\u015eI\\u011eININ S\\u00d6ND\\u00dc\\u011e\\u00dcN\\u00dc G\\u00d6R\\u00dcR G\\u00d6RMEZ POL\\u0130S\\u0130 ARADI&quot;,&quot;orientation&quot;:&quot;0&quot;}\" data-image-title=\"(\u00d6zel haber) Faturas\u0131n\u0131 \u00f6deyemeyince kom\u015fusunun elektri\u011fini ka\u00e7ak kulland\u0131\" data-image-description=\"&lt;p&gt;(\u00d6zel haber) Faturas\u0131n\u0131 \u00f6deyemeyince kom\u015fusunun elektri\u011fini ka\u00e7ak kulland\u0131&lt;\/p&gt; \" data-medium-file=\"https:\/\/i0.wp.com\/www.tvturk.com\/wp-content\/uploads\/2019\/03\/ozel-haber-faturasini-odeyemeyince-komsusunun-elektrigini-kacak-kullandi_15416f7.jpg?fit=300%2C169\" data-large-file=\"https:\/\/i0.wp.com\/www.tvturk.com\/wp-content\/uploads\/2019\/03\/ozel-haber-faturasini-odeyemeyince-komsusunun-elektrigini-kacak-kullandi_15416f7.jpg?fit=1000%2C562\" src=\"https:\/\/i0.wp.com\/www.tvturk.com\/wp-content\/uploads\/2019\/03\/ozel-haber-faturasini-odeyemeyince-komsusunun-elektrigini-kacak-kullandi_15416f7.jpg?w=358&#038;h=201\" srcset=\"https:\/\/i0.wp.com\/www.tvturk.com\/wp-content\/uploads\/2019\/03\/ozel-haber-faturasini-odeyemeyince-komsusunun-elektrigini-kacak-kullandi_15416f7.jpg?w=1000 1000w, https:\/\/i0.wp.com\/www.tvturk.com\/wp-content\/uploads\/2019\/03\/ozel-haber-faturasini-odeyemeyince-komsusunun-elektrigini-kacak-kullandi_15416f7.jpg?resize=150%2C84 150w, https:\/\/i0.wp.com\/www.tvturk.com\/wp-content\/uploads\/2019\/03\/ozel-haber-faturasini-odeyemeyince-komsusunun-elektrigini-kacak-kullandi_15416f7.jpg?resize=300%2C169 300w, https:\/\/i0.wp.com\/www.tvturk.com\/wp-content\/uploads\/2019\/03\/ozel-haber-faturasini-odeyemeyince-komsusunun-elektrigini-kacak-kullandi_15416f7.jpg?resize=768%2C432 768w, https:\/\/i0.wp.com\/www.tvturk.com\/wp-content\/uploads\/2019\/03\/ozel-haber-faturasini-odeyemeyince-komsusunun-elektrigini-kacak-kullandi_15416f7.jpg?resize=200%2C113 200w\" width=\"358\" height=\"201\" loading=\"lazy\" data-original-width=\"358\" data-original-height=\"201\" itemprop=\"http:\/\/schema.org\/image\" title=\"(\u00d6zel haber) Faturas\u0131n\u0131 \u00f6deyemeyince kom\u015fusunun elektri\u011fini ka\u00e7ak kulland\u0131\" alt=\"(\u00d6zel haber) Faturas\u0131n\u0131 \u00f6deyemeyince kom\u015fusunun elektri\u011fini ka\u00e7ak kulland\u0131\" style=\"width: 358px; height: 201px;\" \/> <\/a> <\/div> <\/div> <!-- close group --> <div class=\"gallery-group images-1\" style=\"width: 138px; height: 205px;\" data-original-width=\"138\" data-original-height=\"205\" > <div class=\"tiled-gallery-item tiled-gallery-item-small\" itemprop=\"associatedMedia\" itemscope itemtype=\"http:\/\/schema.org\/ImageObject\"> <a href=\"http:\/\/www.tvturk.com\/index.php\/ozel-haber-faturasini-odeyemeyince-komsusunun-elektrigini-kacak-kullandi\/ozel-haber-faturasini-odeyemeyince-komsusunun-elektrigini-kacak-kullandi-7\/\" border=\"0\" itemprop=\"url\"> <meta itemprop=\"width\" content=\"134\"> <meta itemprop=\"height\" content=\"201\"> <img decoding=\"async\" class=\"\" data-attachment-id=\"80415\" data-orig-file=\"http:\/\/www.tvturk.com\/wp-content\/uploads\/2019\/03\/ozel-haber-faturasini-odeyemeyince-komsusunun-elektrigini-kacak-kullandi_d5e558d.jpg\" data-orig-size=\"664,1000\" data-comments-opened=\"\" data-image-meta=\"{&quot;aperture&quot;:&quot;0&quot;,&quot;credit&quot;:&quot;IHA&quot;,&quot;camera&quot;:&quot;&quot;,&quot;caption&quot;:&quot;\\u0130STANBUL\\u2019DAN KASTAMONU\\u2019YA GELD\\u0130\\u011e\\u0130NDE PANODAK\\u0130 KABARIK ELEKTR\\u0130K FATURASINI G\\u00d6REREK F\\u0130LM G\\u0130B\\u0130 TAK\\u0130P BA\\u015eLATAN EV SAH\\u0130B\\u0130, ELEKTR\\u0130K FATURASINI \\u00d6DEYEMEYEN KOM\\u015eUSUNUN KA\\u00c7AK HATLA ELEKTR\\u0130\\u011e\\u0130N\\u0130 KULLANDI\\u011eI TESP\\u0130T ETT\\u0130. (DAVUT HAS\\\/KASTAMONU-\\u0130HA)&quot;,&quot;created_timestamp&quot;:&quot;0&quot;,&quot;copyright&quot;:&quot;\\u0130HLAS HABER AJANSI, www.iha.com.tr&quot;,&quot;focal_length&quot;:&quot;0&quot;,&quot;iso&quot;:&quot;0&quot;,&quot;shutter_speed&quot;:&quot;0&quot;,&quot;title&quot;:&quot;(\\u00d6ZEL HABER) FATURASINI \\u00d6DEYEMEY\\u0130NCE KOM\\u015eUSUNUN ELEKTR\\u0130\\u011e\\u0130N\\u0130 KA\\u00c7AK KULLANDI \\u0130STANBUL\\u2019DAN KASTAMONU\\u2019YA GELEN EV SAH\\u0130B\\u0130, ELEKTR\\u0130K FATURASINI G\\u00d6R\\u00dcNCE \\u015eOK OLDU MA\\u011eDUR EV SAH\\u0130B\\u0130 F\\u0130LM G\\u0130B\\u0130 TAK\\u0130PLE KA\\u00c7AK ELEKTR\\u0130\\u011e\\u0130 ORTAYA \\u00c7IKARDI KEND\\u0130 \\u015eARTEL\\u0130N\\u0130 KAPATINCA KOM\\u015eUSUNUN I\\u015eI\\u011eININ S\\u00d6ND\\u00dc\\u011e\\u00dcN\\u00dc G\\u00d6R\\u00dcR G\\u00d6RMEZ POL\\u0130S\\u0130 ARADI&quot;,&quot;orientation&quot;:&quot;0&quot;}\" data-image-title=\"(\u00d6zel haber) Faturas\u0131n\u0131 \u00f6deyemeyince kom\u015fusunun elektri\u011fini ka\u00e7ak kulland\u0131\" data-image-description=\"&lt;p&gt;(\u00d6zel haber) Faturas\u0131n\u0131 \u00f6deyemeyince kom\u015fusunun elektri\u011fini ka\u00e7ak kulland\u0131&lt;\/p&gt; \" data-medium-file=\"https:\/\/i0.wp.com\/www.tvturk.com\/wp-content\/uploads\/2019\/03\/ozel-haber-faturasini-odeyemeyince-komsusunun-elektrigini-kacak-kullandi_d5e558d.jpg?fit=199%2C300\" data-large-file=\"https:\/\/i0.wp.com\/www.tvturk.com\/wp-content\/uploads\/2019\/03\/ozel-haber-faturasini-odeyemeyince-komsusunun-elektrigini-kacak-kullandi_d5e558d.jpg?fit=664%2C1000\" src=\"https:\/\/i0.wp.com\/www.tvturk.com\/wp-content\/uploads\/2019\/03\/ozel-haber-faturasini-odeyemeyince-komsusunun-elektrigini-kacak-kullandi_d5e558d.jpg?w=134&#038;h=201\" srcset=\"https:\/\/i0.wp.com\/www.tvturk.com\/wp-content\/uploads\/2019\/03\/ozel-haber-faturasini-odeyemeyince-komsusunun-elektrigini-kacak-kullandi_d5e558d.jpg?w=664 664w, https:\/\/i0.wp.com\/www.tvturk.com\/wp-content\/uploads\/2019\/03\/ozel-haber-faturasini-odeyemeyince-komsusunun-elektrigini-kacak-kullandi_d5e558d.jpg?resize=100%2C150 100w, https:\/\/i0.wp.com\/www.tvturk.com\/wp-content\/uploads\/2019\/03\/ozel-haber-faturasini-odeyemeyince-komsusunun-elektrigini-kacak-kullandi_d5e558d.jpg?resize=199%2C300 199w\" width=\"134\" height=\"201\" loading=\"lazy\" data-original-width=\"134\" data-original-height=\"201\" itemprop=\"http:\/\/schema.org\/image\" title=\"(\u00d6zel haber) Faturas\u0131n\u0131 \u00f6deyemeyince kom\u015fusunun elektri\u011fini ka\u00e7ak kulland\u0131\" alt=\"(\u00d6zel haber) Faturas\u0131n\u0131 \u00f6deyemeyince kom\u015fusunun elektri\u011fini ka\u00e7ak kulland\u0131\" style=\"width: 134px; height: 201px;\" \/> <\/a> <\/div> <\/div> <!-- close group --> <\/div> <!-- close row --> <div class=\"gallery-row\" style=\"width: 500px; height: 751px;\" data-original-width=\"500\" data-original-height=\"751\" > <div class=\"gallery-group images-1\" style=\"width: 500px; height: 751px;\" data-original-width=\"500\" data-original-height=\"751\" > <div class=\"tiled-gallery-item tiled-gallery-item-large\" itemprop=\"associatedMedia\" itemscope itemtype=\"http:\/\/schema.org\/ImageObject\"> <a href=\"http:\/\/www.tvturk.com\/index.php\/ozel-haber-faturasini-odeyemeyince-komsusunun-elektrigini-kacak-kullandi\/ozel-haber-faturasini-odeyemeyince-komsusunun-elektrigini-kacak-kullandi-8\/\" border=\"0\" itemprop=\"url\"> <meta itemprop=\"width\" content=\"496\"> <meta itemprop=\"height\" content=\"747\"> <img decoding=\"async\" class=\"\" data-attachment-id=\"80416\" data-orig-file=\"http:\/\/www.tvturk.com\/wp-content\/uploads\/2019\/03\/ozel-haber-faturasini-odeyemeyince-komsusunun-elektrigini-kacak-kullandi_835de79.jpg\" data-orig-size=\"664,1000\" data-comments-opened=\"\" data-image-meta=\"{&quot;aperture&quot;:&quot;0&quot;,&quot;credit&quot;:&quot;IHA&quot;,&quot;camera&quot;:&quot;&quot;,&quot;caption&quot;:&quot;\\u0130STANBUL\\u2019DAN KASTAMONU\\u2019YA GELD\\u0130\\u011e\\u0130NDE PANODAK\\u0130 KABARIK ELEKTR\\u0130K FATURASINI G\\u00d6REREK F\\u0130LM G\\u0130B\\u0130 TAK\\u0130P BA\\u015eLATAN EV SAH\\u0130B\\u0130, ELEKTR\\u0130K FATURASINI \\u00d6DEYEMEYEN KOM\\u015eUSUNUN KA\\u00c7AK HATLA ELEKTR\\u0130\\u011e\\u0130N\\u0130 KULLANDI\\u011eI TESP\\u0130T ETT\\u0130. (DAVUT HAS\\\/KASTAMONU-\\u0130HA)&quot;,&quot;created_timestamp&quot;:&quot;0&quot;,&quot;copyright&quot;:&quot;\\u0130HLAS HABER AJANSI, www.iha.com.tr&quot;,&quot;focal_length&quot;:&quot;0&quot;,&quot;iso&quot;:&quot;0&quot;,&quot;shutter_speed&quot;:&quot;0&quot;,&quot;title&quot;:&quot;(\\u00d6ZEL HABER) FATURASINI \\u00d6DEYEMEY\\u0130NCE KOM\\u015eUSUNUN ELEKTR\\u0130\\u011e\\u0130N\\u0130 KA\\u00c7AK KULLANDI \\u0130STANBUL\\u2019DAN KASTAMONU\\u2019YA GELEN EV SAH\\u0130B\\u0130, ELEKTR\\u0130K FATURASINI G\\u00d6R\\u00dcNCE \\u015eOK OLDU MA\\u011eDUR EV SAH\\u0130B\\u0130 F\\u0130LM G\\u0130B\\u0130 TAK\\u0130PLE KA\\u00c7AK ELEKTR\\u0130\\u011e\\u0130 ORTAYA \\u00c7IKARDI KEND\\u0130 \\u015eARTEL\\u0130N\\u0130 KAPATINCA KOM\\u015eUSUNUN I\\u015eI\\u011eININ S\\u00d6ND\\u00dc\\u011e\\u00dcN\\u00dc G\\u00d6R\\u00dcR G\\u00d6RMEZ POL\\u0130S\\u0130 ARADI&quot;,&quot;orientation&quot;:&quot;0&quot;}\" data-image-title=\"(\u00d6zel haber) Faturas\u0131n\u0131 \u00f6deyemeyince kom\u015fusunun elektri\u011fini ka\u00e7ak kulland\u0131\" data-image-description=\"&lt;p&gt;(\u00d6zel haber) Faturas\u0131n\u0131 \u00f6deyemeyince kom\u015fusunun elektri\u011fini ka\u00e7ak kulland\u0131&lt;\/p&gt; \" data-medium-file=\"https:\/\/i0.wp.com\/www.tvturk.com\/wp-content\/uploads\/2019\/03\/ozel-haber-faturasini-odeyemeyince-komsusunun-elektrigini-kacak-kullandi_835de79.jpg?fit=199%2C300\" data-large-file=\"https:\/\/i0.wp.com\/www.tvturk.com\/wp-content\/uploads\/2019\/03\/ozel-haber-faturasini-odeyemeyince-komsusunun-elektrigini-kacak-kullandi_835de79.jpg?fit=664%2C1000\" src=\"https:\/\/i0.wp.com\/www.tvturk.com\/wp-content\/uploads\/2019\/03\/ozel-haber-faturasini-odeyemeyince-komsusunun-elektrigini-kacak-kullandi_835de79.jpg?w=496&#038;h=747\" srcset=\"https:\/\/i0.wp.com\/www.tvturk.com\/wp-content\/uploads\/2019\/03\/ozel-haber-faturasini-odeyemeyince-komsusunun-elektrigini-kacak-kullandi_835de79.jpg?w=664 664w, https:\/\/i0.wp.com\/www.tvturk.com\/wp-content\/uploads\/2019\/03\/ozel-haber-faturasini-odeyemeyince-komsusunun-elektrigini-kacak-kullandi_835de79.jpg?resize=100%2C150 100w, https:\/\/i0.wp.com\/www.tvturk.com\/wp-content\/uploads\/2019\/03\/ozel-haber-faturasini-odeyemeyince-komsusunun-elektrigini-kacak-kullandi_835de79.jpg?resize=199%2C300 199w\" width=\"496\" height=\"747\" loading=\"lazy\" data-original-width=\"496\" data-original-height=\"747\" itemprop=\"http:\/\/schema.org\/image\" title=\"(\u00d6zel haber) Faturas\u0131n\u0131 \u00f6deyemeyince kom\u015fusunun elektri\u011fini ka\u00e7ak kulland\u0131\" alt=\"(\u00d6zel haber) Faturas\u0131n\u0131 \u00f6deyemeyince kom\u015fusunun elektri\u011fini ka\u00e7ak kulland\u0131\" style=\"width: 496px; height: 747px;\" \/> <\/a> <\/div> <\/div> <!-- close group --> <\/div> <!-- close row --> <\/div><\/p>\n","protected":false},"excerpt":{"rendered":"<p>\u0130STANBUL\u2019DAN KASTAMONU\u2019YA GELD\u0130\u011e\u0130NDE PANODAK\u0130 KABARIK ELEKTR\u0130K FATURASINI G\u00d6REREK F\u0130LM G\u0130B\u0130 TAK\u0130P BA\u015eLATAN EV SAH\u0130B\u0130, ELEKTR\u0130K FATURASINI \u00d6DEYEMEYEN KOM\u015eUSUNUN KA\u00c7AK HATLA ELEKTR\u0130\u011e\u0130N\u0130 KULLANDI\u011eI TESP\u0130T ETT\u0130.<\/p>\n","protected":false},"author":1,"featured_media":80410,"comment_status":"closed","ping_status":"open","sticky":false,"template":"","format":"standard","meta":{"jetpack_post_was_ever_published":false,"_jetpack_newsletter_access":"","_jetpack_dont_email_post_to_subs":false,"_jetpack_newsletter_tier_id":0,"_jetpack_memberships_contains_paywalled_content":false,"_jetpack_memberships_contains_paid_content":false,"footnotes":"","jetpack_publicize_message":"","jetpack_publicize_feature_enabled":true,"jetpack_social_post_already_shared":true,"jetpack_social_options":{"image_generator_settings":{"template":"highway","default_image_id":0,"font":"","enabled":false},"version":2}},"categories":[655],"tags":[1073,22671,22669,1545,535,21232,2935,22670],"class_list":["post-80409","post","type-post","status-publish","format-standard","has-post-thumbnail","hentry","category-son-dakika","tag-ozel","tag-elektrigini","tag-faturasini","tag-haber","tag-kacak","tag-komsusunun","tag-kullandi","tag-odeyemeyince"],"jetpack_publicize_connections":[],"jetpack_featured_media_url":"https:\/\/i0.wp.com\/www.tvturk.com\/wp-content\/uploads\/2019\/03\/ozel-haber-faturasini-odeyemeyince-komsusunun-elektrigini-kacak-kullandi_836712c.jpg?fit=1000%2C664","jetpack_sharing_enabled":true,"jetpack_shortlink":"https:\/\/wp.me\/paKIfm-kUV","_links":{"self":[{"href":"http:\/\/www.tvturk.com\/index.php\/wp-json\/wp\/v2\/posts\/80409","targetHints":{"allow":["GET"]}}],"collection":[{"href":"http:\/\/www.tvturk.com\/index.php\/wp-json\/wp\/v2\/posts"}],"about":[{"href":"http:\/\/www.tvturk.com\/index.php\/wp-json\/wp\/v2\/types\/post"}],"author":[{"embeddable":true,"href":"http:\/\/www.tvturk.com\/index.php\/wp-json\/wp\/v2\/users\/1"}],"replies":[{"embeddable":true,"href":"http:\/\/www.tvturk.com\/index.php\/wp-json\/wp\/v2\/comments?post=80409"}],"version-history":[{"count":1,"href":"http:\/\/www.tvturk.com\/index.php\/wp-json\/wp\/v2\/posts\/80409\/revisions"}],"predecessor-version":[{"id":80417,"href":"http:\/\/www.tvturk.com\/index.php\/wp-json\/wp\/v2\/posts\/80409\/revisions\/80417"}],"wp:featuredmedia":[{"embeddable":true,"href":"http:\/\/www.tvturk.com\/index.php\/wp-json\/wp\/v2\/media\/80410"}],"wp:attachment":[{"href":"http:\/\/www.tvturk.com\/index.php\/wp-json\/wp\/v2\/media?parent=80409"}],"wp:term":[{"taxonomy":"category","embeddable":true,"href":"http:\/\/www.tvturk.com\/index.php\/wp-json\/wp\/v2\/categories?post=80409"},{"taxonomy":"post_tag","embeddable":true,"href":"http:\/\/www.tvturk.com\/index.php\/wp-json\/wp\/v2\/tags?post=80409"}],"curies":[{"name":"wp","href":"https:\/\/api.w.org\/{rel}","templated":true}]}}