{"id":8049,"date":"2019-02-07T12:39:51","date_gmt":"2019-02-07T09:39:51","guid":{"rendered":"http:\/\/www.tvturk.com\/index.php\/kahramanmarasin-3-ilcesinde-egitime-kar-engeli\/"},"modified":"2019-02-07T12:39:52","modified_gmt":"2019-02-07T09:39:52","slug":"kahramanmarasin-3-ilcesinde-egitime-kar-engeli","status":"publish","type":"post","link":"http:\/\/www.tvturk.com\/index.php\/kahramanmarasin-3-ilcesinde-egitime-kar-engeli\/","title":{"rendered":"Kahramanmara\u015f\u2019\u0131n 3 il\u00e7esinde e\u011fitime kar engeli"},"content":{"rendered":"<p>Kahramanmara\u015f\u2019\u0131n Nurhak, Af\u015fin ve G\u00f6ksun il\u00e7elerinde yo\u011fun kar ya\u011f\u0131\u015f\u0131 nedeniyle e\u011fitime 1 g\u00fcn ara verildi.<\/p>\n<p>Kahramanmara\u015f\u2019\u0131n kuzey b\u00f6lgelerinde kar ya\u011f\u0131\u015f\u0131 ve so\u011fuk hava etkili oluyor. \u00d6zellikle Nurhak, Af\u015fin ve G\u00f6ksun il\u00e7elerinde geceden beri etkisini art\u0131ran kar ya\u011f\u0131\u015f\u0131, ula\u015f\u0131mda ve e\u011fitimde aksamalara neden oluyor. 3 il\u00e7eyi beyaz \u00f6rt\u00fc ile kaplayan kar ya\u011f\u0131\u015f\u0131 nedeniyle Nurhak, Af\u015fin ve G\u00f6ksun il\u00e7elerinde t\u00fcm ilk ve ortaokullar ile liselerde e\u011fitime 7 \u015eubat 2019 Per\u015fembe g\u00fcn\u00fc ara verildi.<\/p>\n<p>Yer yer kar ya\u011f\u0131\u015f\u0131n\u0131n devam etti\u011fi b\u00f6lgelerde, yar\u0131n da e\u011fitimin devam edip etmeyece\u011fine ili\u015fkin de\u011ferlendirmelerin ak\u015fam saatlerinde kaymakaml\u0131klar\u0131nca yap\u0131laca\u011f\u0131 \u00f6\u011frenildi.<div class=\"tiled-gallery type-rectangular tiled-gallery-unresized\" data-original-width=\"500\" data-carousel-extra='null' itemscope itemtype=\"http:\/\/schema.org\/ImageGallery\" > <div class=\"gallery-row\" style=\"width: 500px; height: 283px;\" data-original-width=\"500\" data-original-height=\"283\" > <div class=\"gallery-group images-1\" style=\"width: 500px; height: 283px;\" data-original-width=\"500\" data-original-height=\"283\" > <div class=\"tiled-gallery-item tiled-gallery-item-large\" itemprop=\"associatedMedia\" itemscope itemtype=\"http:\/\/schema.org\/ImageObject\"> <a href=\"http:\/\/www.tvturk.com\/index.php\/kahramanmarasin-3-ilcesinde-egitime-kar-engeli\/kahramanmarasin-3-ilcesinde-egitime-kar-engeli-3\/\" border=\"0\" itemprop=\"url\"> <meta itemprop=\"width\" content=\"496\"> <meta itemprop=\"height\" content=\"279\"> <img decoding=\"async\" class=\"\" data-attachment-id=\"8051\" data-orig-file=\"http:\/\/www.tvturk.com\/wp-content\/uploads\/2019\/02\/kahramanmarasin-3-ilcesinde-egitime-kar-engeli_8a4a869.jpg\" data-orig-size=\"1000,562\" data-comments-opened=\"\" data-image-meta=\"{&quot;aperture&quot;:&quot;0&quot;,&quot;credit&quot;:&quot;IHA&quot;,&quot;camera&quot;:&quot;&quot;,&quot;caption&quot;:&quot;KAHRAMANMARA\\u015e\\u2019IN NURHAK, AF\\u015e\\u0130N VE G\\u00d6KSUN \\u0130L\\u00c7ELER\\u0130NDE YO\\u011eUN KAR YA\\u011eI\\u015eI NEDEN\\u0130YLE E\\u011e\\u0130T\\u0130ME 1 G\\u00dcN ARA VER\\u0130LD\\u0130. (MURAT S\\u00dcR\\u00dcC\\u00dc\\\/KAHRAMANMARA\\u015e-\\u0130HA)&quot;,&quot;created_timestamp&quot;:&quot;0&quot;,&quot;copyright&quot;:&quot;\\u0130HLAS HABER AJANSI, www.iha.com.tr&quot;,&quot;focal_length&quot;:&quot;0&quot;,&quot;iso&quot;:&quot;0&quot;,&quot;shutter_speed&quot;:&quot;0&quot;,&quot;title&quot;:&quot;KAHRAMANMARA\\u015e\\u2019IN 3 \\u0130L\\u00c7ES\\u0130NDE E\\u011e\\u0130T\\u0130ME KAR ENGEL\\u0130&quot;,&quot;orientation&quot;:&quot;0&quot;}\" data-image-title=\"Kahramanmara\u015f\u2019\u0131n 3 il\u00e7esinde e\u011fitime kar engeli\" data-image-description=\"&lt;p&gt;Kahramanmara\u015f\u2019\u0131n 3 il\u00e7esinde e\u011fitime kar engeli&lt;\/p&gt; \" data-medium-file=\"https:\/\/i0.wp.com\/www.tvturk.com\/wp-content\/uploads\/2019\/02\/kahramanmarasin-3-ilcesinde-egitime-kar-engeli_8a4a869.jpg?fit=300%2C169\" data-large-file=\"https:\/\/i0.wp.com\/www.tvturk.com\/wp-content\/uploads\/2019\/02\/kahramanmarasin-3-ilcesinde-egitime-kar-engeli_8a4a869.jpg?fit=1000%2C562\" src=\"https:\/\/i0.wp.com\/www.tvturk.com\/wp-content\/uploads\/2019\/02\/kahramanmarasin-3-ilcesinde-egitime-kar-engeli_8a4a869.jpg?w=496&#038;h=279\" srcset=\"https:\/\/i0.wp.com\/www.tvturk.com\/wp-content\/uploads\/2019\/02\/kahramanmarasin-3-ilcesinde-egitime-kar-engeli_8a4a869.jpg?w=1000 1000w, https:\/\/i0.wp.com\/www.tvturk.com\/wp-content\/uploads\/2019\/02\/kahramanmarasin-3-ilcesinde-egitime-kar-engeli_8a4a869.jpg?resize=150%2C84 150w, https:\/\/i0.wp.com\/www.tvturk.com\/wp-content\/uploads\/2019\/02\/kahramanmarasin-3-ilcesinde-egitime-kar-engeli_8a4a869.jpg?resize=300%2C169 300w, https:\/\/i0.wp.com\/www.tvturk.com\/wp-content\/uploads\/2019\/02\/kahramanmarasin-3-ilcesinde-egitime-kar-engeli_8a4a869.jpg?resize=768%2C432 768w, https:\/\/i0.wp.com\/www.tvturk.com\/wp-content\/uploads\/2019\/02\/kahramanmarasin-3-ilcesinde-egitime-kar-engeli_8a4a869.jpg?resize=200%2C113 200w\" width=\"496\" height=\"279\" loading=\"lazy\" data-original-width=\"496\" data-original-height=\"279\" itemprop=\"http:\/\/schema.org\/image\" title=\"Kahramanmara\u015f\u2019\u0131n 3 il\u00e7esinde e\u011fitime kar engeli\" alt=\"Kahramanmara\u015f\u2019\u0131n 3 il\u00e7esinde e\u011fitime kar engeli\" style=\"width: 496px; height: 279px;\" \/> <\/a> <\/div> <\/div> <!-- close group --> <\/div> <!-- close row --> <\/div><\/p>\n","protected":false},"excerpt":{"rendered":"<p>KAHRAMANMARA\u015e\u2019IN NURHAK, AF\u015e\u0130N VE G\u00d6KSUN \u0130L\u00c7ELER\u0130NDE YO\u011eUN KAR YA\u011eI\u015eI NEDEN\u0130YLE E\u011e\u0130T\u0130ME 1 G\u00dcN ARA VER\u0130LD\u0130.<\/p>\n","protected":false},"author":1,"featured_media":8050,"comment_status":"closed","ping_status":"open","sticky":false,"template":"","format":"standard","meta":{"jetpack_post_was_ever_published":false,"_jetpack_newsletter_access":"","_jetpack_dont_email_post_to_subs":false,"_jetpack_newsletter_tier_id":0,"_jetpack_memberships_contains_paywalled_content":false,"_jetpack_memberships_contains_paid_content":false,"footnotes":"","jetpack_publicize_message":"","jetpack_publicize_feature_enabled":true,"jetpack_social_post_already_shared":false,"jetpack_social_options":{"image_generator_settings":{"template":"highway","default_image_id":0,"font":"","enabled":false},"version":2}},"categories":[655],"tags":[2916,1474,2421,4303,878],"class_list":["post-8049","post","type-post","status-publish","format-standard","has-post-thumbnail","hentry","category-son-dakika","tag-egitime","tag-engeli","tag-ilcesinde","tag-kahramanmarasin","tag-kar"],"jetpack_publicize_connections":[],"jetpack_featured_media_url":"https:\/\/i0.wp.com\/www.tvturk.com\/wp-content\/uploads\/2019\/02\/kahramanmarasin-3-ilcesinde-egitime-kar-engeli_dbb6f6f.jpg?fit=1000%2C664","jetpack_sharing_enabled":true,"jetpack_shortlink":"https:\/\/wp.me\/paKIfm-25P","_links":{"self":[{"href":"http:\/\/www.tvturk.com\/index.php\/wp-json\/wp\/v2\/posts\/8049","targetHints":{"allow":["GET"]}}],"collection":[{"href":"http:\/\/www.tvturk.com\/index.php\/wp-json\/wp\/v2\/posts"}],"about":[{"href":"http:\/\/www.tvturk.com\/index.php\/wp-json\/wp\/v2\/types\/post"}],"author":[{"embeddable":true,"href":"http:\/\/www.tvturk.com\/index.php\/wp-json\/wp\/v2\/users\/1"}],"replies":[{"embeddable":true,"href":"http:\/\/www.tvturk.com\/index.php\/wp-json\/wp\/v2\/comments?post=8049"}],"version-history":[{"count":1,"href":"http:\/\/www.tvturk.com\/index.php\/wp-json\/wp\/v2\/posts\/8049\/revisions"}],"predecessor-version":[{"id":8052,"href":"http:\/\/www.tvturk.com\/index.php\/wp-json\/wp\/v2\/posts\/8049\/revisions\/8052"}],"wp:featuredmedia":[{"embeddable":true,"href":"http:\/\/www.tvturk.com\/index.php\/wp-json\/wp\/v2\/media\/8050"}],"wp:attachment":[{"href":"http:\/\/www.tvturk.com\/index.php\/wp-json\/wp\/v2\/media?parent=8049"}],"wp:term":[{"taxonomy":"category","embeddable":true,"href":"http:\/\/www.tvturk.com\/index.php\/wp-json\/wp\/v2\/categories?post=8049"},{"taxonomy":"post_tag","embeddable":true,"href":"http:\/\/www.tvturk.com\/index.php\/wp-json\/wp\/v2\/tags?post=8049"}],"curies":[{"name":"wp","href":"https:\/\/api.w.org\/{rel}","templated":true}]}}