{"id":80836,"date":"2019-03-09T12:28:04","date_gmt":"2019-03-09T09:28:04","guid":{"rendered":"http:\/\/www.tvturk.com\/index.php\/lifeboxtan-sosyal-medya-icin-fotograf-secimine-yardim\/"},"modified":"2019-03-09T12:28:04","modified_gmt":"2019-03-09T09:28:04","slug":"lifeboxtan-sosyal-medya-icin-fotograf-secimine-yardim","status":"publish","type":"post","link":"http:\/\/www.tvturk.com\/index.php\/lifeboxtan-sosyal-medya-icin-fotograf-secimine-yardim\/","title":{"rendered":"lifebox\u2019tan sosyal medya i\u00e7in foto\u011fraf se\u00e7imine yard\u0131m"},"content":{"rendered":"<p>lifebox, \u015fimdi de sosyal medya payla\u015f\u0131mlar\u0131ndaki karars\u0131zl\u0131k durumlar\u0131na \u00e7are olacak. Uygulaman\u0131n i\u00e7erisine eklenen PhotoPick \u00f6zelli\u011fi ile kullan\u0131c\u0131lar se\u00e7ecekleri foto\u011fraflar aras\u0131ndan hangisinin daha fazla be\u011feni (like) alabilece\u011fini g\u00f6rebilecek.<\/p>\n<p>D\u00fcnyan\u0131n ilk dijital operat\u00f6r\u00fc Turkcell\u2019in 10 milyondan fazla indirilen bulut depolama servisi lifebox, sosyal medya payla\u015f\u0131mlar\u0131nda karars\u0131zl\u0131k durumlar\u0131na \u00e7are olaca\u011f\u0131n\u0131 duyurdu. Yap\u0131lan a\u00e7\u0131klamada; T\u00fcrkiye\u2019de 33 milyon aktif kullan\u0131c\u0131s\u0131 bulunan Instagram\u2019\u0131 kullan\u0131rken \u2019karars\u0131zl\u0131k\u2019 problemine \u00e7\u00f6z\u00fcm sundu. lifebox\u2019\u0131n sundu\u011fu PhotoPicks \u00f6zelli\u011fiyle uygulamaya y\u00fcklenilen foto\u011fraflar puanlanacak ve hangi foto\u011fraf\u0131n daha fazla etkile\u015fim olu\u015fturabilece\u011fine dair \u00f6neri al\u0131nabilecek.<\/p>\n","protected":false},"excerpt":{"rendered":"<p>L\u0130FEBOX, \u015e\u0130MD\u0130 DE SOSYAL MEDYA PAYLA\u015eIMLARINDAK\u0130 KARARSIZLIK DURUMLARINA \u00c7ARE OLACAK. UYGULAMANIN \u0130\u00c7ER\u0130S\u0130NE EKLENEN PHOTOP\u0130CK \u00d6ZELL\u0130\u011e\u0130 \u0130LE KULLANICILAR SE\u00c7ECEKLER\u0130 FOTO\u011eRAFLAR ARASINDAN HANG\u0130S\u0130N\u0130N DAHA FAZLA BE\u011eEN\u0130 (L\u0130KE) ALAB\u0130LECE\u011e\u0130N\u0130 G\u00d6REB\u0130LECEK.<\/p>\n","protected":false},"author":1,"featured_media":80837,"comment_status":"closed","ping_status":"open","sticky":false,"template":"","format":"standard","meta":{"jetpack_post_was_ever_published":false,"_jetpack_newsletter_access":"","_jetpack_dont_email_post_to_subs":false,"_jetpack_newsletter_tier_id":0,"_jetpack_memberships_contains_paywalled_content":false,"_jetpack_memberships_contains_paid_content":false,"footnotes":"","jetpack_publicize_message":"","jetpack_publicize_feature_enabled":true,"jetpack_social_post_already_shared":true,"jetpack_social_options":{"image_generator_settings":{"template":"highway","default_image_id":0,"font":"","enabled":false},"version":2}},"categories":[1],"tags":[5874,44,4695,5066,22731,1229,1736],"class_list":["post-80836","post","type-post","status-publish","format-standard","has-post-thumbnail","hentry","category-genel","tag-fotograf","tag-icin","tag-lifeboxtan","tag-medya","tag-secimine","tag-sosyal","tag-yardim"],"jetpack_publicize_connections":[],"jetpack_featured_media_url":"https:\/\/i0.wp.com\/www.tvturk.com\/wp-content\/uploads\/2019\/03\/lifeboxtan-sosyal-medya-icin-fotograf-secimine-yardim_86134b6.jpg?fit=1000%2C669","jetpack_sharing_enabled":true,"jetpack_shortlink":"https:\/\/wp.me\/paKIfm-l1O","_links":{"self":[{"href":"http:\/\/www.tvturk.com\/index.php\/wp-json\/wp\/v2\/posts\/80836","targetHints":{"allow":["GET"]}}],"collection":[{"href":"http:\/\/www.tvturk.com\/index.php\/wp-json\/wp\/v2\/posts"}],"about":[{"href":"http:\/\/www.tvturk.com\/index.php\/wp-json\/wp\/v2\/types\/post"}],"author":[{"embeddable":true,"href":"http:\/\/www.tvturk.com\/index.php\/wp-json\/wp\/v2\/users\/1"}],"replies":[{"embeddable":true,"href":"http:\/\/www.tvturk.com\/index.php\/wp-json\/wp\/v2\/comments?post=80836"}],"version-history":[{"count":0,"href":"http:\/\/www.tvturk.com\/index.php\/wp-json\/wp\/v2\/posts\/80836\/revisions"}],"wp:featuredmedia":[{"embeddable":true,"href":"http:\/\/www.tvturk.com\/index.php\/wp-json\/wp\/v2\/media\/80837"}],"wp:attachment":[{"href":"http:\/\/www.tvturk.com\/index.php\/wp-json\/wp\/v2\/media?parent=80836"}],"wp:term":[{"taxonomy":"category","embeddable":true,"href":"http:\/\/www.tvturk.com\/index.php\/wp-json\/wp\/v2\/categories?post=80836"},{"taxonomy":"post_tag","embeddable":true,"href":"http:\/\/www.tvturk.com\/index.php\/wp-json\/wp\/v2\/tags?post=80836"}],"curies":[{"name":"wp","href":"https:\/\/api.w.org\/{rel}","templated":true}]}}