{"id":80838,"date":"2019-03-09T12:33:25","date_gmt":"2019-03-09T09:33:25","guid":{"rendered":"http:\/\/www.tvturk.com\/index.php\/atam-yayinlari-bursa-ve-istanbulda\/"},"modified":"2019-03-09T12:33:25","modified_gmt":"2019-03-09T09:33:25","slug":"atam-yayinlari-bursa-ve-istanbulda","status":"publish","type":"post","link":"http:\/\/www.tvturk.com\/index.php\/atam-yayinlari-bursa-ve-istanbulda\/","title":{"rendered":"ATAM Yay\u0131nlar\u0131 Bursa ve \u0130stanbul\u2019da"},"content":{"rendered":"<p>Atat\u00fcrk K\u00fclt\u00fcr, Dil ve Tarih Y\u00fcksek Kurumu b\u00fcnyesindeki Atat\u00fcrk Ara\u015ft\u0131rma Merkezi Ba\u015fkanl\u0131\u011f\u0131, 9-17 Mart tarihleri aras\u0131nda Bursa ve \u0130stanbul\u2019da d\u00fczenlenen kitap fuarlar\u0131na kat\u0131lacak.<\/p>\n<p>Kat\u0131l\u0131m sa\u011flanan ilk fuar olan, 6. CNR \u0130stanbul Uluslararas\u0131 Kitap Fuar\u0131\u2019n\u0131n bu seneki temas\u0131 &#8220;Kitap ve Mutluluk-Kutadgu Bilig&#8221; olacak. 500\u2019\u00fcn \u00fczerinde yazar\u0131n kat\u0131laca\u011f\u0131 fuarda imza g\u00fcnleri, s\u00f6yle\u015fi, seminer ve 200\u2019\u00fcn \u00fczerinde etkinlik d\u00fczenlenecek.<\/p>\n<p>Bursa\u2019da, 17\u2019ncisi d\u00fczenlenen T\u00dcYAP kitap fuar\u0131na ise Atat\u00fcrk Ara\u015ft\u0131rma Merkezi Ba\u015fkanl\u0131\u011f\u0131n\u0131n yan\u0131 s\u0131ra 300\u2019\u00fcn \u00fczerinde yay\u0131nevi kat\u0131lacak. Fuar s\u00fcresince s\u00f6yle\u015fi, bilim g\u00f6sterisi, panel ve at\u00f6lye \u00e7al\u0131\u015fmalar\u0131 yap\u0131lacak. Atat\u00fcrk Ara\u015ft\u0131rma Merkezi Yay\u0131nlar\u0131 her iki fuardaki sergide de okuyucular\u0131 bekliyor olacak.<\/p>\n<p>Fuarlar, 17 Mart Pazar g\u00fcn\u00fcne kadar a\u00e7\u0131k olacak.<div class=\"tiled-gallery type-rectangular tiled-gallery-unresized\" data-original-width=\"500\" data-carousel-extra='null' itemscope itemtype=\"http:\/\/schema.org\/ImageGallery\" > <div class=\"gallery-row\" style=\"width: 500px; height: 665px;\" data-original-width=\"500\" data-original-height=\"665\" > <div class=\"gallery-group images-1\" style=\"width: 500px; height: 665px;\" data-original-width=\"500\" data-original-height=\"665\" > <div class=\"tiled-gallery-item tiled-gallery-item-large\" itemprop=\"associatedMedia\" itemscope itemtype=\"http:\/\/schema.org\/ImageObject\"> <a href=\"http:\/\/www.tvturk.com\/index.php\/atam-yayinlari-bursa-ve-istanbulda\/atam-yayinlari-bursa-ve-istanbulda-3\/\" border=\"0\" itemprop=\"url\"> <meta itemprop=\"width\" content=\"496\"> <meta itemprop=\"height\" content=\"661\"> <img decoding=\"async\" class=\"\" data-attachment-id=\"80840\" data-orig-file=\"http:\/\/www.tvturk.com\/wp-content\/uploads\/2019\/03\/atam-yayinlari-bursa-ve-istanbulda_ab7243b.jpg\" data-orig-size=\"310,413\" data-comments-opened=\"\" data-image-meta=\"{&quot;aperture&quot;:&quot;0&quot;,&quot;credit&quot;:&quot;IHA&quot;,&quot;camera&quot;:&quot;&quot;,&quot;caption&quot;:&quot;ATAT\\u00dcRK K\\u00dcLT\\u00dcR, D\\u0130L VE TAR\\u0130H Y\\u00dcKSEK KURUMU B\\u00dcNYES\\u0130NDEK\\u0130 ATAT\\u00dcRK ARA\\u015eTIRMA MERKEZ\\u0130 BA\\u015eKANLI\\u011eI, 9-17 MART TAR\\u0130HLER\\u0130 ARASINDA BURSA VE \\u0130STANBUL\\u2019DA D\\u00dcZENLENEN K\\u0130TAP FUARLARINA KATILACAK. (MEVL\\u00dcT HASG\\u00dcL\\\/ANKARA-\\u0130HA)&quot;,&quot;created_timestamp&quot;:&quot;1552163520&quot;,&quot;copyright&quot;:&quot;\\u0130HLAS HABER AJANSI, www.iha.com.tr&quot;,&quot;focal_length&quot;:&quot;0&quot;,&quot;iso&quot;:&quot;0&quot;,&quot;shutter_speed&quot;:&quot;0&quot;,&quot;title&quot;:&quot;ATAM YAYINLARI BURSA VE \\u0130STANBUL\\u2019DA&quot;,&quot;orientation&quot;:&quot;0&quot;}\" data-image-title=\"ATAM Yay\u0131nlar\u0131 Bursa ve \u0130stanbul\u2019da\" data-image-description=\"&lt;p&gt;ATAM Yay\u0131nlar\u0131 Bursa ve \u0130stanbul\u2019da&lt;\/p&gt; \" data-medium-file=\"https:\/\/i0.wp.com\/www.tvturk.com\/wp-content\/uploads\/2019\/03\/atam-yayinlari-bursa-ve-istanbulda_ab7243b.jpg?fit=225%2C300\" data-large-file=\"https:\/\/i0.wp.com\/www.tvturk.com\/wp-content\/uploads\/2019\/03\/atam-yayinlari-bursa-ve-istanbulda_ab7243b.jpg?fit=310%2C413\" src=\"https:\/\/i0.wp.com\/www.tvturk.com\/wp-content\/uploads\/2019\/03\/atam-yayinlari-bursa-ve-istanbulda_ab7243b.jpg?w=496&#038;h=661\" srcset=\"https:\/\/i0.wp.com\/www.tvturk.com\/wp-content\/uploads\/2019\/03\/atam-yayinlari-bursa-ve-istanbulda_ab7243b.jpg?w=310 310w, https:\/\/i0.wp.com\/www.tvturk.com\/wp-content\/uploads\/2019\/03\/atam-yayinlari-bursa-ve-istanbulda_ab7243b.jpg?resize=113%2C150 113w, https:\/\/i0.wp.com\/www.tvturk.com\/wp-content\/uploads\/2019\/03\/atam-yayinlari-bursa-ve-istanbulda_ab7243b.jpg?resize=225%2C300 225w\" width=\"496\" height=\"661\" loading=\"lazy\" data-original-width=\"496\" data-original-height=\"661\" itemprop=\"http:\/\/schema.org\/image\" title=\"ATAM Yay\u0131nlar\u0131 Bursa ve \u0130stanbul\u2019da\" alt=\"ATAM Yay\u0131nlar\u0131 Bursa ve \u0130stanbul\u2019da\" style=\"width: 496px; height: 661px;\" \/> <\/a> <\/div> <\/div> <!-- close group --> <\/div> <!-- close row --> <\/div><\/p>\n","protected":false},"excerpt":{"rendered":"<p>ATAT\u00dcRK K\u00dcLT\u00dcR, D\u0130L VE TAR\u0130H Y\u00dcKSEK KURUMU B\u00dcNYES\u0130NDEK\u0130 ATAT\u00dcRK ARA\u015eTIRMA MERKEZ\u0130 BA\u015eKANLI\u011eI, 9-17 MART TAR\u0130HLER\u0130 ARASINDA BURSA VE \u0130STANBUL\u2019DA D\u00dcZENLENEN K\u0130TAP FUARLARINA KATILACAK.<\/p>\n","protected":false},"author":1,"featured_media":80839,"comment_status":"closed","ping_status":"open","sticky":false,"template":"","format":"standard","meta":{"jetpack_post_was_ever_published":false,"_jetpack_newsletter_access":"","_jetpack_dont_email_post_to_subs":false,"_jetpack_newsletter_tier_id":0,"_jetpack_memberships_contains_paywalled_content":false,"_jetpack_memberships_contains_paid_content":false,"footnotes":"","jetpack_publicize_message":"","jetpack_publicize_feature_enabled":true,"jetpack_social_post_already_shared":true,"jetpack_social_options":{"image_generator_settings":{"template":"highway","default_image_id":0,"font":"","enabled":false},"version":2}},"categories":[656],"tags":[22732,4479,1268,16462],"class_list":["post-80838","post","type-post","status-publish","format-standard","has-post-thumbnail","hentry","category-kultur-sanat","tag-atam","tag-bursa","tag-istanbulda","tag-yayinlari"],"jetpack_publicize_connections":[],"jetpack_featured_media_url":"https:\/\/i0.wp.com\/www.tvturk.com\/wp-content\/uploads\/2019\/03\/atam-yayinlari-bursa-ve-istanbulda_045f8c6.jpg?fit=413%2C310","jetpack_sharing_enabled":true,"jetpack_shortlink":"https:\/\/wp.me\/paKIfm-l1Q","_links":{"self":[{"href":"http:\/\/www.tvturk.com\/index.php\/wp-json\/wp\/v2\/posts\/80838","targetHints":{"allow":["GET"]}}],"collection":[{"href":"http:\/\/www.tvturk.com\/index.php\/wp-json\/wp\/v2\/posts"}],"about":[{"href":"http:\/\/www.tvturk.com\/index.php\/wp-json\/wp\/v2\/types\/post"}],"author":[{"embeddable":true,"href":"http:\/\/www.tvturk.com\/index.php\/wp-json\/wp\/v2\/users\/1"}],"replies":[{"embeddable":true,"href":"http:\/\/www.tvturk.com\/index.php\/wp-json\/wp\/v2\/comments?post=80838"}],"version-history":[{"count":1,"href":"http:\/\/www.tvturk.com\/index.php\/wp-json\/wp\/v2\/posts\/80838\/revisions"}],"predecessor-version":[{"id":80841,"href":"http:\/\/www.tvturk.com\/index.php\/wp-json\/wp\/v2\/posts\/80838\/revisions\/80841"}],"wp:featuredmedia":[{"embeddable":true,"href":"http:\/\/www.tvturk.com\/index.php\/wp-json\/wp\/v2\/media\/80839"}],"wp:attachment":[{"href":"http:\/\/www.tvturk.com\/index.php\/wp-json\/wp\/v2\/media?parent=80838"}],"wp:term":[{"taxonomy":"category","embeddable":true,"href":"http:\/\/www.tvturk.com\/index.php\/wp-json\/wp\/v2\/categories?post=80838"},{"taxonomy":"post_tag","embeddable":true,"href":"http:\/\/www.tvturk.com\/index.php\/wp-json\/wp\/v2\/tags?post=80838"}],"curies":[{"name":"wp","href":"https:\/\/api.w.org\/{rel}","templated":true}]}}