{"id":81133,"date":"2019-03-09T15:07:55","date_gmt":"2019-03-09T12:07:55","guid":{"rendered":"http:\/\/www.tvturk.com\/index.php\/taksiciyi-rehin-alan-kadin-polisleri-zor-anlar-yasatti\/"},"modified":"2019-03-09T15:07:57","modified_gmt":"2019-03-09T12:07:57","slug":"taksiciyi-rehin-alan-kadin-polisleri-zor-anlar-yasatti","status":"publish","type":"post","link":"http:\/\/www.tvturk.com\/index.php\/taksiciyi-rehin-alan-kadin-polisleri-zor-anlar-yasatti\/","title":{"rendered":"Taksiciyi rehin alan kad\u0131n, polisleri zor anlar ya\u015fatt\u0131"},"content":{"rendered":"<p>Ayd\u0131n\u2019da bir taksici kendisini rehin alan kad\u0131n m\u00fc\u015fteriden polislere s\u0131\u011f\u0131narak kurtuldu. Elindeki bir not ka\u011f\u0131d\u0131na yaz\u0131lm\u0131\u015f sureyi s\u00fcrekli okuyan kad\u0131n, polisleri zor anlar ya\u015fatt\u0131. \u0130lgin\u00e7 olay kameralara yans\u0131d\u0131.<\/p>\n<p>Edinilen bilgiye g\u00f6re; Nazilli\u2019den bir taksiye binerek Ayd\u0131n\u2019a gitmek istedi\u011fini belirten 30 ya\u015flar\u0131ndaki bir kad\u0131n Ayd\u0131n\u2019a geldi\u011finde taksi \u00fccretini \u00f6deyip taksiciyi rehin alarak kendisini b\u0131rakmamas\u0131n\u0131 istedi. Kad\u0131n\u0131n garip tav\u0131rlar sergileyip ara\u00e7tan inmemesi \u00fczerine Efeler il\u00e7e merkezindeki Kent Meydan\u0131\u2019nda bulunan polis noktas\u0131na gelen taksici, zor durumda oldu\u011funu belirterek polisten yard\u0131m istedi. Kad\u0131n\u0131n taksiciden ayr\u0131lmak istememesi \u00fczerine polis, taksiciyi taksiden indirip polis otosuna bindirerek koruma alt\u0131na ald\u0131. Rahats\u0131z oldu\u011fu ileri s\u00fcr\u00fclen kad\u0131n elindeki not ka\u011f\u0131d\u0131na yaz\u0131l\u0131 sureyi s\u00fcrekli okuyarak polis otosuna binmek istemdi. Uzun s\u00fcre polislere zor anlar ya\u015fatan gen\u00e7 kad\u0131n b\u00f6lgeye gelen di\u011fer polislerin yard\u0131m\u0131 ile ekip otosuna al\u0131narak hastaneye g\u00f6t\u00fcr\u00fcld\u00fc. Ya\u015fanan ilgin\u00e7 anlar kameraya bu \u015fekilde yans\u0131d\u0131.<div class=\"tiled-gallery type-rectangular tiled-gallery-unresized\" data-original-width=\"500\" data-carousel-extra='null' itemscope itemtype=\"http:\/\/schema.org\/ImageGallery\" > <div class=\"gallery-row\" style=\"width: 500px; height: 189px;\" data-original-width=\"500\" data-original-height=\"189\" > <div class=\"gallery-group images-1\" style=\"width: 250px; height: 189px;\" data-original-width=\"250\" data-original-height=\"189\" > <div class=\"tiled-gallery-item tiled-gallery-item-small\" itemprop=\"associatedMedia\" itemscope itemtype=\"http:\/\/schema.org\/ImageObject\"> <a href=\"http:\/\/www.tvturk.com\/index.php\/taksiciyi-rehin-alan-kadin-polisleri-zor-anlar-yasatti\/taksiciyi-rehin-alan-kadin-polisleri-zor-anlar-yasatti-3\/\" border=\"0\" itemprop=\"url\"> <meta itemprop=\"width\" content=\"246\"> <meta itemprop=\"height\" content=\"185\"> <img decoding=\"async\" class=\"\" data-attachment-id=\"81135\" data-orig-file=\"http:\/\/www.tvturk.com\/wp-content\/uploads\/2019\/03\/taksiciyi-rehin-alan-kadin-polisleri-zor-anlar-yasatti_f19176d.jpg\" data-orig-size=\"1000,750\" data-comments-opened=\"\" data-image-meta=\"{&quot;aperture&quot;:&quot;0&quot;,&quot;credit&quot;:&quot;IHA&quot;,&quot;camera&quot;:&quot;&quot;,&quot;caption&quot;:&quot;TAKS\\u0130C\\u0130Y\\u0130 REH\\u0130N ALAN KADIN, POL\\u0130SLER\\u0130 ZOR ANLAR YA\\u015eATTI (\\u0130HA\\\/AYDIN-\\u0130HA)&quot;,&quot;created_timestamp&quot;:&quot;0&quot;,&quot;copyright&quot;:&quot;\\u0130HLAS HABER AJANSI, www.iha.com.tr&quot;,&quot;focal_length&quot;:&quot;0&quot;,&quot;iso&quot;:&quot;0&quot;,&quot;shutter_speed&quot;:&quot;0&quot;,&quot;title&quot;:&quot;TAKS\\u0130C\\u0130Y\\u0130 REH\\u0130N ALAN KADIN, POL\\u0130SLER\\u0130 ZOR ANLAR YA\\u015eATTI KENT MEYDANI\\u2019NDA POL\\u0130SLERE SI\\u011eINAN TAKS\\u0130C\\u0130Y\\u0130, REH\\u0130N ALAN KADIN HASTANEYE G\\u00d6T\\u00dcR\\u00dcLD\\u00dc&quot;,&quot;orientation&quot;:&quot;0&quot;}\" data-image-title=\"Taksiciyi rehin alan kad\u0131n, polisleri zor anlar ya\u015fatt\u0131\" data-image-description=\"&lt;p&gt;Taksiciyi rehin alan kad\u0131n, polisleri zor anlar ya\u015fatt\u0131&lt;\/p&gt; \" data-medium-file=\"https:\/\/i0.wp.com\/www.tvturk.com\/wp-content\/uploads\/2019\/03\/taksiciyi-rehin-alan-kadin-polisleri-zor-anlar-yasatti_f19176d.jpg?fit=300%2C225\" data-large-file=\"https:\/\/i0.wp.com\/www.tvturk.com\/wp-content\/uploads\/2019\/03\/taksiciyi-rehin-alan-kadin-polisleri-zor-anlar-yasatti_f19176d.jpg?fit=1000%2C750\" src=\"https:\/\/i0.wp.com\/www.tvturk.com\/wp-content\/uploads\/2019\/03\/taksiciyi-rehin-alan-kadin-polisleri-zor-anlar-yasatti_f19176d.jpg?w=246&#038;h=185\" srcset=\"https:\/\/i0.wp.com\/www.tvturk.com\/wp-content\/uploads\/2019\/03\/taksiciyi-rehin-alan-kadin-polisleri-zor-anlar-yasatti_f19176d.jpg?w=1000 1000w, https:\/\/i0.wp.com\/www.tvturk.com\/wp-content\/uploads\/2019\/03\/taksiciyi-rehin-alan-kadin-polisleri-zor-anlar-yasatti_f19176d.jpg?resize=150%2C113 150w, https:\/\/i0.wp.com\/www.tvturk.com\/wp-content\/uploads\/2019\/03\/taksiciyi-rehin-alan-kadin-polisleri-zor-anlar-yasatti_f19176d.jpg?resize=300%2C225 300w, https:\/\/i0.wp.com\/www.tvturk.com\/wp-content\/uploads\/2019\/03\/taksiciyi-rehin-alan-kadin-polisleri-zor-anlar-yasatti_f19176d.jpg?resize=768%2C576 768w\" width=\"246\" height=\"185\" loading=\"lazy\" data-original-width=\"246\" data-original-height=\"185\" itemprop=\"http:\/\/schema.org\/image\" title=\"Taksiciyi rehin alan kad\u0131n, polisleri zor anlar ya\u015fatt\u0131\" alt=\"Taksiciyi rehin alan kad\u0131n, polisleri zor anlar ya\u015fatt\u0131\" style=\"width: 246px; height: 185px;\" \/> <\/a> <\/div> <\/div> <!-- close group --> <div class=\"gallery-group images-1\" style=\"width: 250px; height: 189px;\" data-original-width=\"250\" data-original-height=\"189\" > <div class=\"tiled-gallery-item tiled-gallery-item-small\" itemprop=\"associatedMedia\" itemscope itemtype=\"http:\/\/schema.org\/ImageObject\"> <a href=\"http:\/\/www.tvturk.com\/index.php\/taksiciyi-rehin-alan-kadin-polisleri-zor-anlar-yasatti\/taksiciyi-rehin-alan-kadin-polisleri-zor-anlar-yasatti-4\/\" border=\"0\" itemprop=\"url\"> <meta itemprop=\"width\" content=\"246\"> <meta itemprop=\"height\" content=\"185\"> <img decoding=\"async\" class=\"\" data-attachment-id=\"81136\" data-orig-file=\"http:\/\/www.tvturk.com\/wp-content\/uploads\/2019\/03\/taksiciyi-rehin-alan-kadin-polisleri-zor-anlar-yasatti_955b308.jpg\" data-orig-size=\"1000,750\" data-comments-opened=\"\" data-image-meta=\"{&quot;aperture&quot;:&quot;0&quot;,&quot;credit&quot;:&quot;IHA&quot;,&quot;camera&quot;:&quot;&quot;,&quot;caption&quot;:&quot;TAKS\\u0130C\\u0130Y\\u0130 REH\\u0130N ALAN KADIN, POL\\u0130SLER\\u0130 ZOR ANLAR YA\\u015eATTI (\\u0130HA\\\/AYDIN-\\u0130HA)&quot;,&quot;created_timestamp&quot;:&quot;0&quot;,&quot;copyright&quot;:&quot;\\u0130HLAS HABER AJANSI, www.iha.com.tr&quot;,&quot;focal_length&quot;:&quot;0&quot;,&quot;iso&quot;:&quot;0&quot;,&quot;shutter_speed&quot;:&quot;0&quot;,&quot;title&quot;:&quot;TAKS\\u0130C\\u0130Y\\u0130 REH\\u0130N ALAN KADIN, POL\\u0130SLER\\u0130 ZOR ANLAR YA\\u015eATTI KENT MEYDANI\\u2019NDA POL\\u0130SLERE SI\\u011eINAN TAKS\\u0130C\\u0130Y\\u0130, REH\\u0130N ALAN KADIN HASTANEYE G\\u00d6T\\u00dcR\\u00dcLD\\u00dc&quot;,&quot;orientation&quot;:&quot;0&quot;}\" data-image-title=\"Taksiciyi rehin alan kad\u0131n, polisleri zor anlar ya\u015fatt\u0131\" data-image-description=\"&lt;p&gt;Taksiciyi rehin alan kad\u0131n, polisleri zor anlar ya\u015fatt\u0131&lt;\/p&gt; \" data-medium-file=\"https:\/\/i0.wp.com\/www.tvturk.com\/wp-content\/uploads\/2019\/03\/taksiciyi-rehin-alan-kadin-polisleri-zor-anlar-yasatti_955b308.jpg?fit=300%2C225\" data-large-file=\"https:\/\/i0.wp.com\/www.tvturk.com\/wp-content\/uploads\/2019\/03\/taksiciyi-rehin-alan-kadin-polisleri-zor-anlar-yasatti_955b308.jpg?fit=1000%2C750\" src=\"https:\/\/i0.wp.com\/www.tvturk.com\/wp-content\/uploads\/2019\/03\/taksiciyi-rehin-alan-kadin-polisleri-zor-anlar-yasatti_955b308.jpg?w=246&#038;h=185\" srcset=\"https:\/\/i0.wp.com\/www.tvturk.com\/wp-content\/uploads\/2019\/03\/taksiciyi-rehin-alan-kadin-polisleri-zor-anlar-yasatti_955b308.jpg?w=1000 1000w, https:\/\/i0.wp.com\/www.tvturk.com\/wp-content\/uploads\/2019\/03\/taksiciyi-rehin-alan-kadin-polisleri-zor-anlar-yasatti_955b308.jpg?resize=150%2C113 150w, https:\/\/i0.wp.com\/www.tvturk.com\/wp-content\/uploads\/2019\/03\/taksiciyi-rehin-alan-kadin-polisleri-zor-anlar-yasatti_955b308.jpg?resize=300%2C225 300w, https:\/\/i0.wp.com\/www.tvturk.com\/wp-content\/uploads\/2019\/03\/taksiciyi-rehin-alan-kadin-polisleri-zor-anlar-yasatti_955b308.jpg?resize=768%2C576 768w\" width=\"246\" height=\"185\" loading=\"lazy\" data-original-width=\"246\" data-original-height=\"185\" itemprop=\"http:\/\/schema.org\/image\" title=\"Taksiciyi rehin alan kad\u0131n, polisleri zor anlar ya\u015fatt\u0131\" alt=\"Taksiciyi rehin alan kad\u0131n, polisleri zor anlar ya\u015fatt\u0131\" style=\"width: 246px; height: 185px;\" \/> <\/a> <\/div> <\/div> <!-- close group --> <\/div> <!-- close row --> <\/div><\/p>\n","protected":false},"excerpt":{"rendered":"<p>TAKS\u0130C\u0130Y\u0130 REH\u0130N ALAN KADIN, POL\u0130SLER\u0130 ZOR ANLAR YA\u015eATTI<\/p>\n","protected":false},"author":1,"featured_media":81134,"comment_status":"closed","ping_status":"open","sticky":false,"template":"","format":"standard","meta":{"jetpack_post_was_ever_published":false,"_jetpack_newsletter_access":"","_jetpack_dont_email_post_to_subs":false,"_jetpack_newsletter_tier_id":0,"_jetpack_memberships_contains_paywalled_content":false,"_jetpack_memberships_contains_paid_content":false,"footnotes":"","jetpack_publicize_message":"","jetpack_publicize_feature_enabled":true,"jetpack_social_post_already_shared":true,"jetpack_social_options":{"image_generator_settings":{"template":"highway","default_image_id":0,"font":"","enabled":false},"version":2}},"categories":[655],"tags":[1802,5816,108,1796,1792,22776,7982,9997],"class_list":["post-81133","post","type-post","status-publish","format-standard","has-post-thumbnail","hentry","category-son-dakika","tag-alan","tag-anlar","tag-kadin","tag-polisleri","tag-rehin","tag-taksiciyi","tag-yasatti","tag-zor"],"jetpack_publicize_connections":[],"jetpack_featured_media_url":"https:\/\/i0.wp.com\/www.tvturk.com\/wp-content\/uploads\/2019\/03\/taksiciyi-rehin-alan-kadin-polisleri-zor-anlar-yasatti_67d6291.jpg?fit=1000%2C750","jetpack_sharing_enabled":true,"jetpack_shortlink":"https:\/\/wp.me\/paKIfm-l6B","_links":{"self":[{"href":"http:\/\/www.tvturk.com\/index.php\/wp-json\/wp\/v2\/posts\/81133","targetHints":{"allow":["GET"]}}],"collection":[{"href":"http:\/\/www.tvturk.com\/index.php\/wp-json\/wp\/v2\/posts"}],"about":[{"href":"http:\/\/www.tvturk.com\/index.php\/wp-json\/wp\/v2\/types\/post"}],"author":[{"embeddable":true,"href":"http:\/\/www.tvturk.com\/index.php\/wp-json\/wp\/v2\/users\/1"}],"replies":[{"embeddable":true,"href":"http:\/\/www.tvturk.com\/index.php\/wp-json\/wp\/v2\/comments?post=81133"}],"version-history":[{"count":1,"href":"http:\/\/www.tvturk.com\/index.php\/wp-json\/wp\/v2\/posts\/81133\/revisions"}],"predecessor-version":[{"id":81137,"href":"http:\/\/www.tvturk.com\/index.php\/wp-json\/wp\/v2\/posts\/81133\/revisions\/81137"}],"wp:featuredmedia":[{"embeddable":true,"href":"http:\/\/www.tvturk.com\/index.php\/wp-json\/wp\/v2\/media\/81134"}],"wp:attachment":[{"href":"http:\/\/www.tvturk.com\/index.php\/wp-json\/wp\/v2\/media?parent=81133"}],"wp:term":[{"taxonomy":"category","embeddable":true,"href":"http:\/\/www.tvturk.com\/index.php\/wp-json\/wp\/v2\/categories?post=81133"},{"taxonomy":"post_tag","embeddable":true,"href":"http:\/\/www.tvturk.com\/index.php\/wp-json\/wp\/v2\/tags?post=81133"}],"curies":[{"name":"wp","href":"https:\/\/api.w.org\/{rel}","templated":true}]}}