{"id":81390,"date":"2019-03-09T16:11:49","date_gmt":"2019-03-09T13:11:49","guid":{"rendered":"http:\/\/www.tvturk.com\/index.php\/traktor-turizm-seyahat\/"},"modified":"2019-03-09T16:11:51","modified_gmt":"2019-03-09T13:11:51","slug":"traktor-turizm-seyahat","status":"publish","type":"post","link":"http:\/\/www.tvturk.com\/index.php\/traktor-turizm-seyahat\/","title":{"rendered":"Trakt\u00f6r turizm seyahat"},"content":{"rendered":"<p>\u015eanl\u0131urfa\u2019n\u0131n Karak\u00f6pr\u00fc il\u00e7esinde, 9 \u00f6\u011frencinin seyir halindeki bir trakt\u00f6r \u00fczerindeki yolculu\u011fu g\u00f6renleri korkuttu.<\/p>\n<p>Edinilen bilgiye g\u00f6re, Karak\u00f6pr\u00fc il\u00e7e k\u0131rsal\u0131nda 9 \u00f6\u011frenci, Ge\u00e7it Mahallesi\u2019nde bulunan okula gitmek i\u00e7in s\u00fcr\u00fcc\u00fcs\u00fc belirlenemeyen trakt\u00f6re bindi. S\u00fcr\u00fcc\u00fcn\u00fcn sa\u011f\u0131na, soluna ve tarla s\u00fcrmek i\u00e7in trakt\u00f6r arkas\u0131na ba\u011flanan k\u00fclt\u00fcvat\u00f6r \u00fczerinde durarak yolculuk yapan \u00f6\u011frenciler g\u00f6renleri korkuttu. Korku dolu anlar, bir ba\u015fka s\u00fcr\u00fcc\u00fc taraf\u0131ndan kaydedildi.<div class=\"tiled-gallery type-rectangular tiled-gallery-unresized\" data-original-width=\"500\" data-carousel-extra='null' itemscope itemtype=\"http:\/\/schema.org\/ImageGallery\" > <div class=\"gallery-row\" style=\"width: 500px; height: 274px;\" data-original-width=\"500\" data-original-height=\"274\" > <div class=\"gallery-group images-1\" style=\"width: 259px; height: 274px;\" data-original-width=\"259\" data-original-height=\"274\" > <div class=\"tiled-gallery-item tiled-gallery-item-large\" itemprop=\"associatedMedia\" itemscope itemtype=\"http:\/\/schema.org\/ImageObject\"> <a href=\"http:\/\/www.tvturk.com\/index.php\/traktor-turizm-seyahat\/traktor-turizm-seyahat-3\/\" border=\"0\" itemprop=\"url\"> <meta itemprop=\"width\" content=\"255\"> <meta itemprop=\"height\" content=\"270\"> <img decoding=\"async\" class=\"\" data-attachment-id=\"81392\" data-orig-file=\"http:\/\/www.tvturk.com\/wp-content\/uploads\/2019\/03\/traktor-turizm-seyahat_9411d64.jpg\" data-orig-size=\"660,699\" data-comments-opened=\"\" data-image-meta=\"{&quot;aperture&quot;:&quot;0&quot;,&quot;credit&quot;:&quot;IHA&quot;,&quot;camera&quot;:&quot;&quot;,&quot;caption&quot;:&quot;\\u015eANLIURFA\\u2019NIN KARAK\\u00d6PR\\u00dc \\u0130L\\u00c7ES\\u0130NDE, 9 \\u00d6\\u011eRENC\\u0130N\\u0130N SEY\\u0130R HAL\\u0130NDEK\\u0130 B\\u0130R TRAKT\\u00d6R \\u00dcZER\\u0130NDEK\\u0130 YOLCULU\\u011eU G\\u00d6RENLER\\u0130 KORKUTTU. (AHMET KOLSUZ\\\/\\u015eANLIURFA-\\u0130HA)&quot;,&quot;created_timestamp&quot;:&quot;1552146259&quot;,&quot;copyright&quot;:&quot;\\u0130HLAS HABER AJANSI, www.iha.com.tr&quot;,&quot;focal_length&quot;:&quot;0&quot;,&quot;iso&quot;:&quot;0&quot;,&quot;shutter_speed&quot;:&quot;0&quot;,&quot;title&quot;:&quot;TRAKT\\u00d6R TUR\\u0130ZM SEYAHAT 9 \\u00d6\\u011eRENC\\u0130N\\u0130N TRAKT\\u00d6R \\u00dcZER\\u0130NDE TEHL\\u0130KEL\\u0130 YOLCULU\\u011eU TRAKT\\u00d6R \\u00dcZER\\u0130NDE \\u00d6\\u011eRENC\\u0130 KAF\\u0130LES\\u0130&quot;,&quot;orientation&quot;:&quot;0&quot;}\" data-image-title=\"Trakt\u00f6r turizm seyahat\" data-image-description=\"&lt;p&gt;Trakt\u00f6r turizm seyahat&lt;\/p&gt; \" data-medium-file=\"https:\/\/i0.wp.com\/www.tvturk.com\/wp-content\/uploads\/2019\/03\/traktor-turizm-seyahat_9411d64.jpg?fit=283%2C300\" data-large-file=\"https:\/\/i0.wp.com\/www.tvturk.com\/wp-content\/uploads\/2019\/03\/traktor-turizm-seyahat_9411d64.jpg?fit=660%2C699\" src=\"https:\/\/i0.wp.com\/www.tvturk.com\/wp-content\/uploads\/2019\/03\/traktor-turizm-seyahat_9411d64.jpg?w=255&#038;h=270\" srcset=\"https:\/\/i0.wp.com\/www.tvturk.com\/wp-content\/uploads\/2019\/03\/traktor-turizm-seyahat_9411d64.jpg?w=660 660w, https:\/\/i0.wp.com\/www.tvturk.com\/wp-content\/uploads\/2019\/03\/traktor-turizm-seyahat_9411d64.jpg?resize=142%2C150 142w, https:\/\/i0.wp.com\/www.tvturk.com\/wp-content\/uploads\/2019\/03\/traktor-turizm-seyahat_9411d64.jpg?resize=283%2C300 283w\" width=\"255\" height=\"270\" loading=\"lazy\" data-original-width=\"255\" data-original-height=\"270\" itemprop=\"http:\/\/schema.org\/image\" title=\"Trakt\u00f6r turizm seyahat\" alt=\"Trakt\u00f6r turizm seyahat\" style=\"width: 255px; height: 270px;\" \/> <\/a> <\/div> <\/div> <!-- close group --> <div class=\"gallery-group images-1\" style=\"width: 241px; height: 274px;\" data-original-width=\"241\" data-original-height=\"274\" > <div class=\"tiled-gallery-item tiled-gallery-item-small\" itemprop=\"associatedMedia\" itemscope itemtype=\"http:\/\/schema.org\/ImageObject\"> <a href=\"http:\/\/www.tvturk.com\/index.php\/traktor-turizm-seyahat\/traktor-turizm-seyahat-4\/\" border=\"0\" itemprop=\"url\"> <meta itemprop=\"width\" content=\"237\"> <meta itemprop=\"height\" content=\"270\"> <img decoding=\"async\" class=\"\" data-attachment-id=\"81393\" data-orig-file=\"http:\/\/www.tvturk.com\/wp-content\/uploads\/2019\/03\/traktor-turizm-seyahat_d2983c8.jpg\" data-orig-size=\"661,755\" data-comments-opened=\"\" data-image-meta=\"{&quot;aperture&quot;:&quot;0&quot;,&quot;credit&quot;:&quot;IHA&quot;,&quot;camera&quot;:&quot;&quot;,&quot;caption&quot;:&quot;\\u015eANLIURFA\\u2019NIN KARAK\\u00d6PR\\u00dc \\u0130L\\u00c7ES\\u0130NDE, 9 \\u00d6\\u011eRENC\\u0130N\\u0130N SEY\\u0130R HAL\\u0130NDEK\\u0130 B\\u0130R TRAKT\\u00d6R \\u00dcZER\\u0130NDEK\\u0130 YOLCULU\\u011eU G\\u00d6RENLER\\u0130 KORKUTTU. (AHMET KOLSUZ\\\/\\u015eANLIURFA-\\u0130HA)&quot;,&quot;created_timestamp&quot;:&quot;1552146284&quot;,&quot;copyright&quot;:&quot;\\u0130HLAS HABER AJANSI, www.iha.com.tr&quot;,&quot;focal_length&quot;:&quot;0&quot;,&quot;iso&quot;:&quot;0&quot;,&quot;shutter_speed&quot;:&quot;0&quot;,&quot;title&quot;:&quot;TRAKT\\u00d6R TUR\\u0130ZM SEYAHAT 9 \\u00d6\\u011eRENC\\u0130N\\u0130N TRAKT\\u00d6R \\u00dcZER\\u0130NDE TEHL\\u0130KEL\\u0130 YOLCULU\\u011eU TRAKT\\u00d6R \\u00dcZER\\u0130NDE \\u00d6\\u011eRENC\\u0130 KAF\\u0130LES\\u0130&quot;,&quot;orientation&quot;:&quot;0&quot;}\" data-image-title=\"Trakt\u00f6r turizm seyahat\" data-image-description=\"&lt;p&gt;Trakt\u00f6r turizm seyahat&lt;\/p&gt; \" data-medium-file=\"https:\/\/i0.wp.com\/www.tvturk.com\/wp-content\/uploads\/2019\/03\/traktor-turizm-seyahat_d2983c8.jpg?fit=263%2C300\" data-large-file=\"https:\/\/i0.wp.com\/www.tvturk.com\/wp-content\/uploads\/2019\/03\/traktor-turizm-seyahat_d2983c8.jpg?fit=661%2C755\" src=\"https:\/\/i0.wp.com\/www.tvturk.com\/wp-content\/uploads\/2019\/03\/traktor-turizm-seyahat_d2983c8.jpg?w=237&#038;h=270\" srcset=\"https:\/\/i0.wp.com\/www.tvturk.com\/wp-content\/uploads\/2019\/03\/traktor-turizm-seyahat_d2983c8.jpg?w=661 661w, https:\/\/i0.wp.com\/www.tvturk.com\/wp-content\/uploads\/2019\/03\/traktor-turizm-seyahat_d2983c8.jpg?resize=131%2C150 131w, https:\/\/i0.wp.com\/www.tvturk.com\/wp-content\/uploads\/2019\/03\/traktor-turizm-seyahat_d2983c8.jpg?resize=263%2C300 263w\" width=\"237\" height=\"270\" loading=\"lazy\" data-original-width=\"237\" data-original-height=\"270\" itemprop=\"http:\/\/schema.org\/image\" title=\"Trakt\u00f6r turizm seyahat\" alt=\"Trakt\u00f6r turizm seyahat\" style=\"width: 237px; height: 270px;\" \/> <\/a> <\/div> <\/div> <!-- close group --> <\/div> <!-- close row --> <\/div><\/p>\n","protected":false},"excerpt":{"rendered":"<p>\u015eANLIURFA\u2019NIN KARAK\u00d6PR\u00dc \u0130L\u00c7ES\u0130NDE, 9 \u00d6\u011eRENC\u0130N\u0130N SEY\u0130R HAL\u0130NDEK\u0130 B\u0130R TRAKT\u00d6R \u00dcZER\u0130NDEK\u0130 YOLCULU\u011eU G\u00d6RENLER\u0130 KORKUTTU.<\/p>\n","protected":false},"author":1,"featured_media":81391,"comment_status":"closed","ping_status":"open","sticky":false,"template":"","format":"standard","meta":{"jetpack_post_was_ever_published":false,"_jetpack_newsletter_access":"","_jetpack_dont_email_post_to_subs":false,"_jetpack_newsletter_tier_id":0,"_jetpack_memberships_contains_paywalled_content":false,"_jetpack_memberships_contains_paid_content":false,"footnotes":"","jetpack_publicize_message":"","jetpack_publicize_feature_enabled":true,"jetpack_social_post_already_shared":true,"jetpack_social_options":{"image_generator_settings":{"template":"highway","default_image_id":0,"font":"","enabled":false},"version":2}},"categories":[655],"tags":[14433,475,2184],"class_list":["post-81390","post","type-post","status-publish","format-standard","has-post-thumbnail","hentry","category-son-dakika","tag-seyahat","tag-traktor","tag-turizm"],"jetpack_publicize_connections":[],"jetpack_featured_media_url":"https:\/\/i0.wp.com\/www.tvturk.com\/wp-content\/uploads\/2019\/03\/traktor-turizm-seyahat_f38ef75.jpg?fit=777%2C755","jetpack_sharing_enabled":true,"jetpack_shortlink":"https:\/\/wp.me\/paKIfm-laK","_links":{"self":[{"href":"http:\/\/www.tvturk.com\/index.php\/wp-json\/wp\/v2\/posts\/81390","targetHints":{"allow":["GET"]}}],"collection":[{"href":"http:\/\/www.tvturk.com\/index.php\/wp-json\/wp\/v2\/posts"}],"about":[{"href":"http:\/\/www.tvturk.com\/index.php\/wp-json\/wp\/v2\/types\/post"}],"author":[{"embeddable":true,"href":"http:\/\/www.tvturk.com\/index.php\/wp-json\/wp\/v2\/users\/1"}],"replies":[{"embeddable":true,"href":"http:\/\/www.tvturk.com\/index.php\/wp-json\/wp\/v2\/comments?post=81390"}],"version-history":[{"count":1,"href":"http:\/\/www.tvturk.com\/index.php\/wp-json\/wp\/v2\/posts\/81390\/revisions"}],"predecessor-version":[{"id":81394,"href":"http:\/\/www.tvturk.com\/index.php\/wp-json\/wp\/v2\/posts\/81390\/revisions\/81394"}],"wp:featuredmedia":[{"embeddable":true,"href":"http:\/\/www.tvturk.com\/index.php\/wp-json\/wp\/v2\/media\/81391"}],"wp:attachment":[{"href":"http:\/\/www.tvturk.com\/index.php\/wp-json\/wp\/v2\/media?parent=81390"}],"wp:term":[{"taxonomy":"category","embeddable":true,"href":"http:\/\/www.tvturk.com\/index.php\/wp-json\/wp\/v2\/categories?post=81390"},{"taxonomy":"post_tag","embeddable":true,"href":"http:\/\/www.tvturk.com\/index.php\/wp-json\/wp\/v2\/tags?post=81390"}],"curies":[{"name":"wp","href":"https:\/\/api.w.org\/{rel}","templated":true}]}}