{"id":8169,"date":"2019-02-07T12:51:03","date_gmt":"2019-02-07T09:51:03","guid":{"rendered":"http:\/\/www.tvturk.com\/index.php\/ozel-haber-mezardaki-adama-icra-geldi\/"},"modified":"2019-02-07T12:51:08","modified_gmt":"2019-02-07T09:51:08","slug":"ozel-haber-mezardaki-adama-icra-geldi","status":"publish","type":"post","link":"http:\/\/www.tvturk.com\/index.php\/ozel-haber-mezardaki-adama-icra-geldi\/","title":{"rendered":"(\u00d6zel Haber) Mezardaki adama icra geldi"},"content":{"rendered":"<p>Manisa\u2019da 10 y\u0131l \u00f6nce vefat eden bir ki\u015fiye, \u00f6l\u00fcm\u00fcnden 3 y\u0131l sonra hi\u00e7 gitmedi\u011fi Kastamonu\u2019da ad\u0131na a\u00e7\u0131lan internet aboneli\u011finden icra geldi. \u00d6l\u00fcm\u00fcn\u00fcn ard\u0131ndan abonelik a\u00e7\u0131ld\u0131\u011f\u0131 tespit edilen ve \u00f6deme yap\u0131lmamas\u0131 sebebiyle icral\u0131k olan \u015fahs\u0131n ailesi, bir anda kar\u015f\u0131la\u015ft\u0131klar\u0131 bor\u00e7 kar\u015f\u0131s\u0131nda neye u\u011frad\u0131\u011f\u0131n\u0131 \u015fa\u015f\u0131rd\u0131.<\/p>\n<p>Manisa\u2019da 2009 y\u0131l\u0131nda ya\u015fam\u0131n\u0131 yitiren Ali \u00d6zdemir, ya\u015fam\u0131 boyunca hi\u00e7 gitmedi\u011fi Kastamonu\u2019da, \u00f6l\u00fcm\u00fcnden 3 y\u0131l sonra internet hizmeti ald\u0131\u011f\u0131 gerek\u00e7esiyle 89 lira bor\u00e7land\u0131r\u0131ld\u0131. Yunusemre il\u00e7esinde ya\u015fayan Ramazan \u00d6zdemir, 2009 y\u0131l\u0131nda hayat\u0131n\u0131 kaybeden babas\u0131 ad\u0131na \u00f6l\u00fcm\u00fcnden 3 y\u0131l sonra gelen 89 liral\u0131k fatura nedeniyle, evlerine g\u00f6nderilen icra kar\u015f\u0131s\u0131nda \u015fok oldu. Olay Kastamonu\u2019da hizmet veren internet yetkili bayi avukatlar\u0131n\u0131n evlerini telefonla aramas\u0131yla ortaya \u00e7\u0131kt\u0131. Aileye, baba Ali \u00d6zdemir\u2019in 2012 y\u0131l\u0131nda Kastamonu Cezaevi lojmanlar\u0131nda internet aboneli\u011fi hizmeti ald\u0131\u011f\u0131n\u0131 ve 1 ay i\u00e7erisinde taahh\u00fctt\u00fc bozdu\u011fu gerek\u00e7esiyle 89 lira bor\u00e7land\u0131r\u0131ld\u0131\u011f\u0131 s\u00f6ylenildi. Borcu duyunca b\u00fcy\u00fck \u015fa\u015fk\u0131nl\u0131k ya\u015fayan Ali \u00d6zdemir\u2019in o\u011flu Ramazan \u00d6zdemir, ilk ba\u015fta birilerinin kendisini doland\u0131rmaya \u00e7al\u0131\u015ft\u0131\u011f\u0131n\u0131 d\u00fc\u015f\u00fcnerek, borcun do\u011frulu\u011funu ara\u015ft\u0131rmaya ba\u015flad\u0131. \u00d6zdemir, Manisa\u2019daki yetkili bayiye gitti\u011finde babas\u0131 Ali \u00d6zdemir ad\u0131na Kastamonu Cezaevi lojmanlar\u0131nda \u00f6l\u00fcm\u00fcnden 3 y\u0131l sonra internet aboneli\u011fi a\u00e7\u0131ld\u0131\u011f\u0131, \u00f6denmemi\u015f faturalar sebebiyle faiziyle birlikte borcun bin 400 lira oldu\u011funu ve borcu \u00f6demedikleri takdirde evlerine icra gelece\u011fini \u00f6\u011frendi. Borcu \u00f6demeyen Ramazan \u00d6zdemir, babas\u0131n\u0131n Kastamonu\u2019da hi\u00e7 oturmad\u0131\u011f\u0131n\u0131, babas\u0131n\u0131n \u00f6l\u00fcm\u00fcnden sonra a\u00e7\u0131lan abonelikte bir hata oldu\u011funu belgeledi. Buna ra\u011fmen gelen icra tebligat\u0131n\u0131n ard\u0131ndan Ramazan \u00d6zdemir, adliyeye giderek bayi yetkilileri hakk\u0131nda su\u00e7 duyurusunda bulundu.<\/p>\n<p>&#8220;Annem psikolojik tedavi g\u00f6r\u00fcyor&#8221;<\/p>\n<p>2012 y\u0131l\u0131ndan beridir avukatlar taraf\u0131ndan s\u00fcrekli aranarak rahats\u0131z edildiklerini belirten Ramazan \u00d6zdemir, annesi Emine \u00d6zdemir\u2019in ya\u015fananlar sebebiyle psikolojik tedavi g\u00f6rd\u00fc\u011f\u00fcn\u00fc s\u00f6yledi. \u00d6zdemir, haks\u0131z yere rahats\u0131z edildiklerini ifade ederek, \u015f\u00f6yle devam etti: \u201c2012 y\u0131l\u0131ndan beridir hukuk b\u00fcrolar\u0131 bizleri s\u00fcrekli ar\u0131yor. Ali \u00d6zdemir nerede? Borcu var ve icral\u0131k oldu\u011fumuzu s\u00f6yl\u00fcyorlar. Ben pek fazla umursamad\u0131m ama annem \u00e7ok fazla etkilenerek rahats\u0131z oldu. \u015euan da psikolojik tedavi g\u00f6r\u00fcyor. Borcun detaylar\u0131n\u0131 ara\u015ft\u0131rd\u0131m. Kastamonu Cezaevi lojmanlar\u0131nda kullan\u0131lm\u0131\u015f. Babam\u0131n ve bizim Kastamonu Cezaevi lojmanlar\u0131nda bulunmas\u0131 m\u00fcmk\u00fcn de\u011fil. Ayr\u0131ca babam 2009 y\u0131l\u0131nda vefat etti. 2011 y\u0131l\u0131nda abonelik a\u00e7\u0131lm\u0131\u015f ve 1 ay i\u00e7erisinde taahh\u00fct bozulmu\u015f. Haks\u0131z yere rahats\u0131z ediliyoruz. Bu da bizi \u00fcz\u00fcyor\u201d<\/p>\n<p>&#8220;Ma\u011fdur olduk&#8221;<\/p>\n<p>1 lira dahi olsa \u00f6demeyeceklerini \u00e7\u00fcnk\u00fc hakketmediklerini dile getiren \u00d6zdemir, \u201cSu\u00e7 duyurusunda bulundum. Su\u00e7 duyurusunda bulunmadan \u00f6nce Manisa\u2019daki yetkili bayiye giderek \u00f6\u011frendim. Toplam borcu 89 lira olarak g\u00f6z\u00fckt\u00fc. Hukuk b\u00fcrolar\u0131 borcun bin 1400 lira, hemen \u00f6derseniz 900 lira olur diyorlar. 1 lira dahi olsa hak de\u011fil. Hi\u00e7 kullanmam\u0131\u015f\u0131z. Babam vefat ettikten sonra a\u00e7\u0131lm\u0131\u015f. Annem evdeyken icra geldi. Annem babam\u0131n vefat etti\u011fini s\u00f6yleyince postac\u0131 icra ka\u011f\u0131d\u0131n\u0131 b\u0131rakmadan geri d\u00f6n\u00fcyor. Babam Kastamonu\u2019ya hi\u00e7 gitmedi. Biz Manisal\u0131y\u0131z. Atalar\u0131m\u0131z da Manisal\u0131. Tazminat davas\u0131 da a\u00e7may\u0131 d\u00fc\u015f\u00fcn\u00fcyorum. Ma\u011fdur olduk. Benden ziyade annemi \u00e7ok \u00fczd\u00fc. Bu ma\u011fduriyetimin telafi edilmesini bekliyorum\u201d diye konu\u015ftu.<div class=\"tiled-gallery type-rectangular tiled-gallery-unresized\" data-original-width=\"500\" data-carousel-extra='null' itemscope itemtype=\"http:\/\/schema.org\/ImageGallery\" > <div class=\"gallery-row\" style=\"width: 500px; height: 223px;\" data-original-width=\"500\" data-original-height=\"223\" > <div class=\"gallery-group images-1\" style=\"width: 334px; height: 223px;\" data-original-width=\"334\" data-original-height=\"223\" > <div class=\"tiled-gallery-item tiled-gallery-item-large\" itemprop=\"associatedMedia\" itemscope itemtype=\"http:\/\/schema.org\/ImageObject\"> <a href=\"http:\/\/www.tvturk.com\/index.php\/ozel-haber-mezardaki-adama-icra-geldi\/ozel-haber-mezardaki-adama-icra-geldi-3\/\" border=\"0\" itemprop=\"url\"> <meta itemprop=\"width\" content=\"330\"> <meta itemprop=\"height\" content=\"219\"> <img decoding=\"async\" class=\"\" data-attachment-id=\"8171\" data-orig-file=\"http:\/\/www.tvturk.com\/wp-content\/uploads\/2019\/02\/ozel-haber-mezardaki-adama-icra-geldi_faa6bb0.jpg\" data-orig-size=\"1000,664\" data-comments-opened=\"\" data-image-meta=\"{&quot;aperture&quot;:&quot;0&quot;,&quot;credit&quot;:&quot;IHA&quot;,&quot;camera&quot;:&quot;&quot;,&quot;caption&quot;:&quot;MAN\\u0130SA\\u2019DA 10 YIL \\u00d6NCE VEFAT EDEN B\\u0130R K\\u0130\\u015e\\u0130YE, \\u00d6L\\u00dcM\\u00dcNDEN 3 YIL SONRA H\\u0130\\u00c7 G\\u0130TMED\\u0130\\u011e\\u0130 KASTAMONU\\u2019DA ADINA A\\u00c7ILAN \\u0130NTERNET ABONEL\\u0130\\u011e\\u0130NDEN \\u0130CRA GELD\\u0130. \\u00d6L\\u00dcM\\u00dcN\\u00dcN ARDINDAN ABONEL\\u0130K A\\u00c7ILDI\\u011eI TESP\\u0130T ED\\u0130LEN VE \\u00d6DEME YAPILMAMASI SEBEB\\u0130YLE \\u0130CRALIK OLAN \\u015eAHSIN A\\u0130LES\\u0130, B\\u0130R ANDA KAR\\u015eILA\\u015eTIKLARI BOR\\u00c7 KAR\\u015eISINDA NEYE U\\u011eRADI\\u011eINI \\u015eA\\u015eIRDI. (ERSAN ERDO\\u011eAN - \\u00d6NDER AYDIN\\\/MAN\\u0130SA-\\u0130HA)&quot;,&quot;created_timestamp&quot;:&quot;0&quot;,&quot;copyright&quot;:&quot;\\u0130HLAS HABER AJANSI, www.iha.com.tr&quot;,&quot;focal_length&quot;:&quot;0&quot;,&quot;iso&quot;:&quot;0&quot;,&quot;shutter_speed&quot;:&quot;0&quot;,&quot;title&quot;:&quot;(\\u00d6ZEL HABER) MEZARDAK\\u0130 ADAMA \\u0130CRA GELD\\u0130 H\\u0130\\u00c7 G\\u0130TMED\\u0130\\u011e\\u0130 KASTAMONU\\u2019DAN, \\u00d6LD\\u00dcKTEN 3 YIL SONRA BOR\\u00c7LANDIRILDI&quot;,&quot;orientation&quot;:&quot;0&quot;}\" data-image-title=\"(\u00d6zel Haber) Mezardaki adama icra geldi\" data-image-description=\"&lt;p&gt;(\u00d6zel Haber) Mezardaki adama icra geldi&lt;\/p&gt; \" data-medium-file=\"https:\/\/i0.wp.com\/www.tvturk.com\/wp-content\/uploads\/2019\/02\/ozel-haber-mezardaki-adama-icra-geldi_faa6bb0.jpg?fit=300%2C199\" data-large-file=\"https:\/\/i0.wp.com\/www.tvturk.com\/wp-content\/uploads\/2019\/02\/ozel-haber-mezardaki-adama-icra-geldi_faa6bb0.jpg?fit=1000%2C664\" src=\"https:\/\/i0.wp.com\/www.tvturk.com\/wp-content\/uploads\/2019\/02\/ozel-haber-mezardaki-adama-icra-geldi_faa6bb0.jpg?w=330&#038;h=219\" srcset=\"https:\/\/i0.wp.com\/www.tvturk.com\/wp-content\/uploads\/2019\/02\/ozel-haber-mezardaki-adama-icra-geldi_faa6bb0.jpg?w=1000 1000w, https:\/\/i0.wp.com\/www.tvturk.com\/wp-content\/uploads\/2019\/02\/ozel-haber-mezardaki-adama-icra-geldi_faa6bb0.jpg?resize=150%2C100 150w, https:\/\/i0.wp.com\/www.tvturk.com\/wp-content\/uploads\/2019\/02\/ozel-haber-mezardaki-adama-icra-geldi_faa6bb0.jpg?resize=300%2C200 300w, https:\/\/i0.wp.com\/www.tvturk.com\/wp-content\/uploads\/2019\/02\/ozel-haber-mezardaki-adama-icra-geldi_faa6bb0.jpg?resize=768%2C510 768w, https:\/\/i0.wp.com\/www.tvturk.com\/wp-content\/uploads\/2019\/02\/ozel-haber-mezardaki-adama-icra-geldi_faa6bb0.jpg?resize=170%2C113 170w, https:\/\/i0.wp.com\/www.tvturk.com\/wp-content\/uploads\/2019\/02\/ozel-haber-mezardaki-adama-icra-geldi_faa6bb0.jpg?resize=120%2C80 120w\" width=\"330\" height=\"219\" loading=\"lazy\" data-original-width=\"330\" data-original-height=\"219\" itemprop=\"http:\/\/schema.org\/image\" title=\"(\u00d6zel Haber) Mezardaki adama icra geldi\" alt=\"(\u00d6zel Haber) Mezardaki adama icra geldi\" style=\"width: 330px; height: 219px;\" \/> <\/a> <\/div> <\/div> <!-- close group --> <div class=\"gallery-group images-2\" style=\"width: 166px; height: 223px;\" data-original-width=\"166\" data-original-height=\"223\" > <div class=\"tiled-gallery-item tiled-gallery-item-small\" itemprop=\"associatedMedia\" itemscope itemtype=\"http:\/\/schema.org\/ImageObject\"> <a href=\"http:\/\/www.tvturk.com\/index.php\/ozel-haber-mezardaki-adama-icra-geldi\/ozel-haber-mezardaki-adama-icra-geldi-4\/\" border=\"0\" itemprop=\"url\"> <meta itemprop=\"width\" content=\"162\"> <meta itemprop=\"height\" content=\"107\"> <img decoding=\"async\" class=\"\" data-attachment-id=\"8172\" data-orig-file=\"http:\/\/www.tvturk.com\/wp-content\/uploads\/2019\/02\/ozel-haber-mezardaki-adama-icra-geldi_d240521.jpg\" data-orig-size=\"1000,663\" data-comments-opened=\"\" data-image-meta=\"{&quot;aperture&quot;:&quot;0&quot;,&quot;credit&quot;:&quot;IHA&quot;,&quot;camera&quot;:&quot;&quot;,&quot;caption&quot;:&quot;MAN\\u0130SA\\u2019DA 10 YIL \\u00d6NCE VEFAT EDEN B\\u0130R K\\u0130\\u015e\\u0130YE, \\u00d6L\\u00dcM\\u00dcNDEN 3 YIL SONRA H\\u0130\\u00c7 G\\u0130TMED\\u0130\\u011e\\u0130 KASTAMONU\\u2019DA ADINA A\\u00c7ILAN \\u0130NTERNET ABONEL\\u0130\\u011e\\u0130NDEN \\u0130CRA GELD\\u0130. \\u00d6L\\u00dcM\\u00dcN\\u00dcN ARDINDAN ABONEL\\u0130K A\\u00c7ILDI\\u011eI TESP\\u0130T ED\\u0130LEN VE \\u00d6DEME YAPILMAMASI SEBEB\\u0130YLE \\u0130CRALIK OLAN \\u015eAHSIN A\\u0130LES\\u0130, B\\u0130R ANDA KAR\\u015eILA\\u015eTIKLARI BOR\\u00c7 KAR\\u015eISINDA NEYE U\\u011eRADI\\u011eINI \\u015eA\\u015eIRDI. (ERSAN ERDO\\u011eAN - \\u00d6NDER AYDIN\\\/MAN\\u0130SA-\\u0130HA)&quot;,&quot;created_timestamp&quot;:&quot;0&quot;,&quot;copyright&quot;:&quot;\\u0130HLAS HABER AJANSI, www.iha.com.tr&quot;,&quot;focal_length&quot;:&quot;0&quot;,&quot;iso&quot;:&quot;0&quot;,&quot;shutter_speed&quot;:&quot;0&quot;,&quot;title&quot;:&quot;(\\u00d6ZEL HABER) MEZARDAK\\u0130 ADAMA \\u0130CRA GELD\\u0130 H\\u0130\\u00c7 G\\u0130TMED\\u0130\\u011e\\u0130 KASTAMONU\\u2019DAN, \\u00d6LD\\u00dcKTEN 3 YIL SONRA BOR\\u00c7LANDIRILDI&quot;,&quot;orientation&quot;:&quot;0&quot;}\" data-image-title=\"(\u00d6zel Haber) Mezardaki adama icra geldi\" data-image-description=\"&lt;p&gt;(\u00d6zel Haber) Mezardaki adama icra geldi&lt;\/p&gt; \" data-medium-file=\"https:\/\/i0.wp.com\/www.tvturk.com\/wp-content\/uploads\/2019\/02\/ozel-haber-mezardaki-adama-icra-geldi_d240521.jpg?fit=300%2C199\" data-large-file=\"https:\/\/i0.wp.com\/www.tvturk.com\/wp-content\/uploads\/2019\/02\/ozel-haber-mezardaki-adama-icra-geldi_d240521.jpg?fit=1000%2C663\" src=\"https:\/\/i0.wp.com\/www.tvturk.com\/wp-content\/uploads\/2019\/02\/ozel-haber-mezardaki-adama-icra-geldi_d240521.jpg?w=162&#038;h=107\" srcset=\"https:\/\/i0.wp.com\/www.tvturk.com\/wp-content\/uploads\/2019\/02\/ozel-haber-mezardaki-adama-icra-geldi_d240521.jpg?w=1000 1000w, https:\/\/i0.wp.com\/www.tvturk.com\/wp-content\/uploads\/2019\/02\/ozel-haber-mezardaki-adama-icra-geldi_d240521.jpg?resize=150%2C99 150w, https:\/\/i0.wp.com\/www.tvturk.com\/wp-content\/uploads\/2019\/02\/ozel-haber-mezardaki-adama-icra-geldi_d240521.jpg?resize=300%2C200 300w, https:\/\/i0.wp.com\/www.tvturk.com\/wp-content\/uploads\/2019\/02\/ozel-haber-mezardaki-adama-icra-geldi_d240521.jpg?resize=768%2C509 768w, https:\/\/i0.wp.com\/www.tvturk.com\/wp-content\/uploads\/2019\/02\/ozel-haber-mezardaki-adama-icra-geldi_d240521.jpg?resize=170%2C113 170w, https:\/\/i0.wp.com\/www.tvturk.com\/wp-content\/uploads\/2019\/02\/ozel-haber-mezardaki-adama-icra-geldi_d240521.jpg?resize=120%2C80 120w\" width=\"162\" height=\"107\" loading=\"lazy\" data-original-width=\"162\" data-original-height=\"107\" itemprop=\"http:\/\/schema.org\/image\" title=\"(\u00d6zel Haber) Mezardaki adama icra geldi\" alt=\"(\u00d6zel Haber) Mezardaki adama icra geldi\" style=\"width: 162px; height: 107px;\" \/> <\/a> <\/div> <div class=\"tiled-gallery-item tiled-gallery-item-small\" itemprop=\"associatedMedia\" itemscope itemtype=\"http:\/\/schema.org\/ImageObject\"> <a href=\"http:\/\/www.tvturk.com\/index.php\/ozel-haber-mezardaki-adama-icra-geldi\/ozel-haber-mezardaki-adama-icra-geldi-5\/\" border=\"0\" itemprop=\"url\"> <meta itemprop=\"width\" content=\"162\"> <meta itemprop=\"height\" content=\"108\"> <img decoding=\"async\" class=\"\" data-attachment-id=\"8173\" data-orig-file=\"http:\/\/www.tvturk.com\/wp-content\/uploads\/2019\/02\/ozel-haber-mezardaki-adama-icra-geldi_49d808e.jpg\" data-orig-size=\"1000,664\" data-comments-opened=\"\" data-image-meta=\"{&quot;aperture&quot;:&quot;0&quot;,&quot;credit&quot;:&quot;IHA&quot;,&quot;camera&quot;:&quot;&quot;,&quot;caption&quot;:&quot;MAN\\u0130SA\\u2019DA 10 YIL \\u00d6NCE VEFAT EDEN B\\u0130R K\\u0130\\u015e\\u0130YE, \\u00d6L\\u00dcM\\u00dcNDEN 3 YIL SONRA H\\u0130\\u00c7 G\\u0130TMED\\u0130\\u011e\\u0130 KASTAMONU\\u2019DA ADINA A\\u00c7ILAN \\u0130NTERNET ABONEL\\u0130\\u011e\\u0130NDEN \\u0130CRA GELD\\u0130. \\u00d6L\\u00dcM\\u00dcN\\u00dcN ARDINDAN ABONEL\\u0130K A\\u00c7ILDI\\u011eI TESP\\u0130T ED\\u0130LEN VE \\u00d6DEME YAPILMAMASI SEBEB\\u0130YLE \\u0130CRALIK OLAN \\u015eAHSIN A\\u0130LES\\u0130, B\\u0130R ANDA KAR\\u015eILA\\u015eTIKLARI BOR\\u00c7 KAR\\u015eISINDA NEYE U\\u011eRADI\\u011eINI \\u015eA\\u015eIRDI. (ERSAN ERDO\\u011eAN - \\u00d6NDER AYDIN\\\/MAN\\u0130SA-\\u0130HA)&quot;,&quot;created_timestamp&quot;:&quot;0&quot;,&quot;copyright&quot;:&quot;\\u0130HLAS HABER AJANSI, www.iha.com.tr&quot;,&quot;focal_length&quot;:&quot;0&quot;,&quot;iso&quot;:&quot;0&quot;,&quot;shutter_speed&quot;:&quot;0&quot;,&quot;title&quot;:&quot;(\\u00d6ZEL HABER) MEZARDAK\\u0130 ADAMA \\u0130CRA GELD\\u0130 H\\u0130\\u00c7 G\\u0130TMED\\u0130\\u011e\\u0130 KASTAMONU\\u2019DAN, \\u00d6LD\\u00dcKTEN 3 YIL SONRA BOR\\u00c7LANDIRILDI&quot;,&quot;orientation&quot;:&quot;0&quot;}\" data-image-title=\"(\u00d6zel Haber) Mezardaki adama icra geldi\" data-image-description=\"&lt;p&gt;(\u00d6zel Haber) Mezardaki adama icra geldi&lt;\/p&gt; \" data-medium-file=\"https:\/\/i0.wp.com\/www.tvturk.com\/wp-content\/uploads\/2019\/02\/ozel-haber-mezardaki-adama-icra-geldi_49d808e.jpg?fit=300%2C199\" data-large-file=\"https:\/\/i0.wp.com\/www.tvturk.com\/wp-content\/uploads\/2019\/02\/ozel-haber-mezardaki-adama-icra-geldi_49d808e.jpg?fit=1000%2C664\" src=\"https:\/\/i0.wp.com\/www.tvturk.com\/wp-content\/uploads\/2019\/02\/ozel-haber-mezardaki-adama-icra-geldi_49d808e.jpg?w=162&#038;h=108\" srcset=\"https:\/\/i0.wp.com\/www.tvturk.com\/wp-content\/uploads\/2019\/02\/ozel-haber-mezardaki-adama-icra-geldi_49d808e.jpg?w=1000 1000w, https:\/\/i0.wp.com\/www.tvturk.com\/wp-content\/uploads\/2019\/02\/ozel-haber-mezardaki-adama-icra-geldi_49d808e.jpg?resize=150%2C100 150w, https:\/\/i0.wp.com\/www.tvturk.com\/wp-content\/uploads\/2019\/02\/ozel-haber-mezardaki-adama-icra-geldi_49d808e.jpg?resize=300%2C200 300w, https:\/\/i0.wp.com\/www.tvturk.com\/wp-content\/uploads\/2019\/02\/ozel-haber-mezardaki-adama-icra-geldi_49d808e.jpg?resize=768%2C510 768w, https:\/\/i0.wp.com\/www.tvturk.com\/wp-content\/uploads\/2019\/02\/ozel-haber-mezardaki-adama-icra-geldi_49d808e.jpg?resize=170%2C113 170w, https:\/\/i0.wp.com\/www.tvturk.com\/wp-content\/uploads\/2019\/02\/ozel-haber-mezardaki-adama-icra-geldi_49d808e.jpg?resize=120%2C80 120w\" width=\"162\" height=\"108\" loading=\"lazy\" data-original-width=\"162\" data-original-height=\"108\" itemprop=\"http:\/\/schema.org\/image\" title=\"(\u00d6zel Haber) Mezardaki adama icra geldi\" alt=\"(\u00d6zel Haber) Mezardaki adama icra geldi\" style=\"width: 162px; height: 108px;\" \/> <\/a> <\/div> <\/div> <!-- close group --> <\/div> <!-- close row --> <div class=\"gallery-row\" style=\"width: 500px; height: 333px;\" data-original-width=\"500\" data-original-height=\"333\" > <div class=\"gallery-group images-1\" style=\"width: 500px; height: 333px;\" data-original-width=\"500\" data-original-height=\"333\" > <div class=\"tiled-gallery-item tiled-gallery-item-large\" itemprop=\"associatedMedia\" itemscope itemtype=\"http:\/\/schema.org\/ImageObject\"> <a href=\"http:\/\/www.tvturk.com\/index.php\/ozel-haber-mezardaki-adama-icra-geldi\/ozel-haber-mezardaki-adama-icra-geldi-6\/\" border=\"0\" itemprop=\"url\"> <meta itemprop=\"width\" content=\"496\"> <meta itemprop=\"height\" content=\"329\"> <img decoding=\"async\" class=\"\" data-attachment-id=\"8174\" data-orig-file=\"http:\/\/www.tvturk.com\/wp-content\/uploads\/2019\/02\/ozel-haber-mezardaki-adama-icra-geldi_8d03fe9.jpg\" data-orig-size=\"1000,664\" data-comments-opened=\"\" data-image-meta=\"{&quot;aperture&quot;:&quot;0&quot;,&quot;credit&quot;:&quot;IHA&quot;,&quot;camera&quot;:&quot;&quot;,&quot;caption&quot;:&quot;MAN\\u0130SA\\u2019DA 10 YIL \\u00d6NCE VEFAT EDEN B\\u0130R K\\u0130\\u015e\\u0130YE, \\u00d6L\\u00dcM\\u00dcNDEN 3 YIL SONRA H\\u0130\\u00c7 G\\u0130TMED\\u0130\\u011e\\u0130 KASTAMONU\\u2019DA ADINA A\\u00c7ILAN \\u0130NTERNET ABONEL\\u0130\\u011e\\u0130NDEN \\u0130CRA GELD\\u0130. \\u00d6L\\u00dcM\\u00dcN\\u00dcN ARDINDAN ABONEL\\u0130K A\\u00c7ILDI\\u011eI TESP\\u0130T ED\\u0130LEN VE \\u00d6DEME YAPILMAMASI SEBEB\\u0130YLE \\u0130CRALIK OLAN \\u015eAHSIN A\\u0130LES\\u0130, B\\u0130R ANDA KAR\\u015eILA\\u015eTIKLARI BOR\\u00c7 KAR\\u015eISINDA NEYE U\\u011eRADI\\u011eINI \\u015eA\\u015eIRDI. (ERSAN ERDO\\u011eAN - \\u00d6NDER AYDIN\\\/MAN\\u0130SA-\\u0130HA)&quot;,&quot;created_timestamp&quot;:&quot;0&quot;,&quot;copyright&quot;:&quot;\\u0130HLAS HABER AJANSI, www.iha.com.tr&quot;,&quot;focal_length&quot;:&quot;0&quot;,&quot;iso&quot;:&quot;0&quot;,&quot;shutter_speed&quot;:&quot;0&quot;,&quot;title&quot;:&quot;(\\u00d6ZEL HABER) MEZARDAK\\u0130 ADAMA \\u0130CRA GELD\\u0130 H\\u0130\\u00c7 G\\u0130TMED\\u0130\\u011e\\u0130 KASTAMONU\\u2019DAN, \\u00d6LD\\u00dcKTEN 3 YIL SONRA BOR\\u00c7LANDIRILDI&quot;,&quot;orientation&quot;:&quot;0&quot;}\" data-image-title=\"(\u00d6zel Haber) Mezardaki adama icra geldi\" data-image-description=\"&lt;p&gt;(\u00d6zel Haber) Mezardaki adama icra geldi&lt;\/p&gt; \" data-medium-file=\"https:\/\/i0.wp.com\/www.tvturk.com\/wp-content\/uploads\/2019\/02\/ozel-haber-mezardaki-adama-icra-geldi_8d03fe9.jpg?fit=300%2C199\" data-large-file=\"https:\/\/i0.wp.com\/www.tvturk.com\/wp-content\/uploads\/2019\/02\/ozel-haber-mezardaki-adama-icra-geldi_8d03fe9.jpg?fit=1000%2C664\" src=\"https:\/\/i0.wp.com\/www.tvturk.com\/wp-content\/uploads\/2019\/02\/ozel-haber-mezardaki-adama-icra-geldi_8d03fe9.jpg?w=496&#038;h=329\" srcset=\"https:\/\/i0.wp.com\/www.tvturk.com\/wp-content\/uploads\/2019\/02\/ozel-haber-mezardaki-adama-icra-geldi_8d03fe9.jpg?w=1000 1000w, https:\/\/i0.wp.com\/www.tvturk.com\/wp-content\/uploads\/2019\/02\/ozel-haber-mezardaki-adama-icra-geldi_8d03fe9.jpg?resize=150%2C100 150w, https:\/\/i0.wp.com\/www.tvturk.com\/wp-content\/uploads\/2019\/02\/ozel-haber-mezardaki-adama-icra-geldi_8d03fe9.jpg?resize=300%2C200 300w, https:\/\/i0.wp.com\/www.tvturk.com\/wp-content\/uploads\/2019\/02\/ozel-haber-mezardaki-adama-icra-geldi_8d03fe9.jpg?resize=768%2C510 768w, https:\/\/i0.wp.com\/www.tvturk.com\/wp-content\/uploads\/2019\/02\/ozel-haber-mezardaki-adama-icra-geldi_8d03fe9.jpg?resize=170%2C113 170w, https:\/\/i0.wp.com\/www.tvturk.com\/wp-content\/uploads\/2019\/02\/ozel-haber-mezardaki-adama-icra-geldi_8d03fe9.jpg?resize=120%2C80 120w\" width=\"496\" height=\"329\" loading=\"lazy\" data-original-width=\"496\" data-original-height=\"329\" itemprop=\"http:\/\/schema.org\/image\" title=\"(\u00d6zel Haber) Mezardaki adama icra geldi\" alt=\"(\u00d6zel Haber) Mezardaki adama icra geldi\" style=\"width: 496px; height: 329px;\" \/> <\/a> <\/div> <\/div> <!-- close group --> <\/div> <!-- close row --> <\/div><\/p>\n","protected":false},"excerpt":{"rendered":"<p>MAN\u0130SA\u2019DA 10 YIL \u00d6NCE VEFAT EDEN B\u0130R K\u0130\u015e\u0130YE, \u00d6L\u00dcM\u00dcNDEN 3 YIL SONRA H\u0130\u00c7 G\u0130TMED\u0130\u011e\u0130 KASTAMONU\u2019DA ADINA A\u00c7ILAN \u0130NTERNET ABONEL\u0130\u011e\u0130NDEN \u0130CRA GELD\u0130. \u00d6L\u00dcM\u00dcN\u00dcN ARDINDAN ABONEL\u0130K A\u00c7ILDI\u011eI TESP\u0130T ED\u0130LEN VE \u00d6DEME YAPILMAMASI SEBEB\u0130YLE \u0130CRALIK OLAN \u015eAHSIN A\u0130LES\u0130, B\u0130R ANDA KAR\u015eILA\u015eTIKLARI BOR\u00c7 KAR\u015eISINDA NEYE U\u011eRADI\u011eINI \u015eA\u015eIRDI.<\/p>\n","protected":false},"author":1,"featured_media":8170,"comment_status":"closed","ping_status":"open","sticky":false,"template":"","format":"standard","meta":{"jetpack_post_was_ever_published":false,"_jetpack_newsletter_access":"","_jetpack_dont_email_post_to_subs":false,"_jetpack_newsletter_tier_id":0,"_jetpack_memberships_contains_paywalled_content":false,"_jetpack_memberships_contains_paid_content":false,"footnotes":"","jetpack_publicize_message":"","jetpack_publicize_feature_enabled":true,"jetpack_social_post_already_shared":false,"jetpack_social_options":{"image_generator_settings":{"template":"highway","default_image_id":0,"font":"","enabled":false},"version":2}},"categories":[655],"tags":[1073,1052,127,1545,4361,4360],"class_list":["post-8169","post","type-post","status-publish","format-standard","has-post-thumbnail","hentry","category-son-dakika","tag-ozel","tag-adama","tag-geldi","tag-haber","tag-icra","tag-mezardaki"],"jetpack_publicize_connections":[],"jetpack_featured_media_url":"https:\/\/i0.wp.com\/www.tvturk.com\/wp-content\/uploads\/2019\/02\/ozel-haber-mezardaki-adama-icra-geldi_2aca5c6.jpg?fit=1000%2C664","jetpack_sharing_enabled":true,"jetpack_shortlink":"https:\/\/wp.me\/paKIfm-27L","_links":{"self":[{"href":"http:\/\/www.tvturk.com\/index.php\/wp-json\/wp\/v2\/posts\/8169","targetHints":{"allow":["GET"]}}],"collection":[{"href":"http:\/\/www.tvturk.com\/index.php\/wp-json\/wp\/v2\/posts"}],"about":[{"href":"http:\/\/www.tvturk.com\/index.php\/wp-json\/wp\/v2\/types\/post"}],"author":[{"embeddable":true,"href":"http:\/\/www.tvturk.com\/index.php\/wp-json\/wp\/v2\/users\/1"}],"replies":[{"embeddable":true,"href":"http:\/\/www.tvturk.com\/index.php\/wp-json\/wp\/v2\/comments?post=8169"}],"version-history":[{"count":1,"href":"http:\/\/www.tvturk.com\/index.php\/wp-json\/wp\/v2\/posts\/8169\/revisions"}],"predecessor-version":[{"id":8175,"href":"http:\/\/www.tvturk.com\/index.php\/wp-json\/wp\/v2\/posts\/8169\/revisions\/8175"}],"wp:featuredmedia":[{"embeddable":true,"href":"http:\/\/www.tvturk.com\/index.php\/wp-json\/wp\/v2\/media\/8170"}],"wp:attachment":[{"href":"http:\/\/www.tvturk.com\/index.php\/wp-json\/wp\/v2\/media?parent=8169"}],"wp:term":[{"taxonomy":"category","embeddable":true,"href":"http:\/\/www.tvturk.com\/index.php\/wp-json\/wp\/v2\/categories?post=8169"},{"taxonomy":"post_tag","embeddable":true,"href":"http:\/\/www.tvturk.com\/index.php\/wp-json\/wp\/v2\/tags?post=8169"}],"curies":[{"name":"wp","href":"https:\/\/api.w.org\/{rel}","templated":true}]}}