{"id":8176,"date":"2019-02-07T12:51:09","date_gmt":"2019-02-07T09:51:09","guid":{"rendered":"http:\/\/www.tvturk.com\/index.php\/salihli-potada-sampiyon-oldu-adini-bir-ust-lige-yazdirdi\/"},"modified":"2019-02-07T12:51:09","modified_gmt":"2019-02-07T09:51:09","slug":"salihli-potada-sampiyon-oldu-adini-bir-ust-lige-yazdirdi","status":"publish","type":"post","link":"http:\/\/www.tvturk.com\/index.php\/salihli-potada-sampiyon-oldu-adini-bir-ust-lige-yazdirdi\/","title":{"rendered":"Salihli potada \u015fampiyon oldu, ad\u0131n\u0131 bir \u00fcst lige yazd\u0131rd\u0131"},"content":{"rendered":"<p>Antren\u00f6r Murat \u00d6zt\u00fcrk y\u00f6netimindeki Salihli Belediyespor Basketbol Tak\u0131m\u0131, B\u00fcy\u00fck Erkekler Basketbol Lig\u2019inde \u015fampiyon olup, ad\u0131n\u0131 B\u00f6lgesel Lige yazd\u0131rd\u0131.<\/p>\n<p>4 tak\u0131m\u0131n yer ald\u0131\u011f\u0131 grupta zorlu ma\u00e7lara \u00e7\u0131kan Salihli Belediyespor Basketbol Erkek Tak\u0131m\u0131 son ma\u00e7\u0131nda Akhisar Belediyespor\u2019a kendi sahas\u0131nda yenilmi\u015f ve \u015fampiyonluk umutlar\u0131n\u0131 son ma\u00e7a b\u0131rakm\u0131\u015ft\u0131. Yap\u0131lan son ma\u00e7ta Akhisar Belediyespor Basketbol tak\u0131m\u0131 rakibine boyun e\u011fince, Salihli Belediyespor Erkek Basketbol Tak\u0131m\u0131 averaj ile Manisa \u0130l \u015eampiyonu oldu. \u015eampiyon olan Salihli Belediyespor Erkek Basketbol Tak\u0131m\u0131 Manisa \u0130lini bir \u00fcst lig olan B\u00f6lgesel Ligde temsil edecek.<\/p>\n<p>Sezonu \u015fampiyon tamamlay\u0131p, bir \u00fcst lige \u00e7\u0131kman\u0131n mutlulu\u011funu ya\u015fad\u0131klar\u0131n\u0131 ifade eden Antren\u00f6r Murat \u00d6zt\u00fcrk, Salihli\u2019yi B\u00f6lgesel Amat\u00f6r Ligde en iyi \u015fekilde temsil edeceklerini s\u00f6yledi. \u00d6zt\u00fcrk, \u201cSalihli\u2019de basketbol k\u00fclt\u00fcr\u00fcn\u00fcn temellerini atman\u0131n hakl\u0131 gururunu ya\u015f\u0131yoruz. Emek veren t\u00fcm arkada\u015flar\u0131ma, bize destek veren herkese \u00e7ok te\u015fekk\u00fcr ediyorum\u201d dedi.<\/p>\n<p>Salihli Belediyespor\u2019u ba\u015far\u0131yla temsil eden basketbolcular ile antren\u00f6r Murat \u00d6zt\u00fcrk\u2019\u00fc kutlayan Belediye Ba\u015fkan\u0131 Zeki Kayda, t\u00fcm \u015fampiyon basketbolculara ba\u015far\u0131lar diledi.<\/p>\n","protected":false},"excerpt":{"rendered":"<p>ANTREN\u00d6R MURAT \u00d6ZT\u00dcRK Y\u00d6NET\u0130M\u0130NDEK\u0130 SAL\u0130HL\u0130 BELED\u0130YESPOR BASKETBOL TAKIMI, B\u00dcY\u00dcK ERKEKLER BASKETBOL L\u0130G\u2019\u0130NDE \u015eAMP\u0130YON OLUP, ADINI B\u00d6LGESEL L\u0130GE YAZDIRDI.<\/p>\n","protected":false},"author":1,"featured_media":8177,"comment_status":"closed","ping_status":"open","sticky":false,"template":"","format":"standard","meta":{"jetpack_post_was_ever_published":false,"_jetpack_newsletter_access":"","_jetpack_dont_email_post_to_subs":false,"_jetpack_newsletter_tier_id":0,"_jetpack_memberships_contains_paywalled_content":false,"_jetpack_memberships_contains_paid_content":false,"footnotes":"","jetpack_publicize_message":"","jetpack_publicize_feature_enabled":true,"jetpack_social_post_already_shared":false,"jetpack_social_options":{"image_generator_settings":{"template":"highway","default_image_id":0,"font":"","enabled":false},"version":2}},"categories":[657],"tags":[4363,125,4364,77,4362,1305,2024,2320,4365],"class_list":["post-8176","post","type-post","status-publish","format-standard","has-post-thumbnail","hentry","category-spor","tag-adini","tag-bir","tag-lige","tag-oldu","tag-potada","tag-salihli","tag-sampiyon","tag-ust","tag-yazdirdi"],"jetpack_publicize_connections":[],"jetpack_featured_media_url":"https:\/\/i0.wp.com\/www.tvturk.com\/wp-content\/uploads\/2019\/02\/salihli-potada-sampiyon-oldu-adini-bir-ust-lige-yazdirdi_880003e.jpg?fit=1000%2C714","jetpack_sharing_enabled":true,"jetpack_shortlink":"https:\/\/wp.me\/paKIfm-27S","_links":{"self":[{"href":"http:\/\/www.tvturk.com\/index.php\/wp-json\/wp\/v2\/posts\/8176","targetHints":{"allow":["GET"]}}],"collection":[{"href":"http:\/\/www.tvturk.com\/index.php\/wp-json\/wp\/v2\/posts"}],"about":[{"href":"http:\/\/www.tvturk.com\/index.php\/wp-json\/wp\/v2\/types\/post"}],"author":[{"embeddable":true,"href":"http:\/\/www.tvturk.com\/index.php\/wp-json\/wp\/v2\/users\/1"}],"replies":[{"embeddable":true,"href":"http:\/\/www.tvturk.com\/index.php\/wp-json\/wp\/v2\/comments?post=8176"}],"version-history":[{"count":0,"href":"http:\/\/www.tvturk.com\/index.php\/wp-json\/wp\/v2\/posts\/8176\/revisions"}],"wp:featuredmedia":[{"embeddable":true,"href":"http:\/\/www.tvturk.com\/index.php\/wp-json\/wp\/v2\/media\/8177"}],"wp:attachment":[{"href":"http:\/\/www.tvturk.com\/index.php\/wp-json\/wp\/v2\/media?parent=8176"}],"wp:term":[{"taxonomy":"category","embeddable":true,"href":"http:\/\/www.tvturk.com\/index.php\/wp-json\/wp\/v2\/categories?post=8176"},{"taxonomy":"post_tag","embeddable":true,"href":"http:\/\/www.tvturk.com\/index.php\/wp-json\/wp\/v2\/tags?post=8176"}],"curies":[{"name":"wp","href":"https:\/\/api.w.org\/{rel}","templated":true}]}}