{"id":8178,"date":"2019-02-07T12:51:10","date_gmt":"2019-02-07T09:51:10","guid":{"rendered":"http:\/\/www.tvturk.com\/index.php\/voleybol-gencler-grup-musabakalari-basladi\/"},"modified":"2019-02-07T12:51:12","modified_gmt":"2019-02-07T09:51:12","slug":"voleybol-gencler-grup-musabakalari-basladi","status":"publish","type":"post","link":"http:\/\/www.tvturk.com\/index.php\/voleybol-gencler-grup-musabakalari-basladi\/","title":{"rendered":"Voleybol gen\u00e7ler grup m\u00fcsabakalar\u0131 ba\u015flad\u0131"},"content":{"rendered":"<p>D\u00dcZCE(\u0130HA) \u2013 D\u00fczce\u2019de Okul Sporlar\u0131 Voleybol Gen\u00e7ler Erkekler ve K\u0131zlar Grup m\u00fcsabakalar\u0131 ba\u015flad\u0131.<\/p>\n<p>Gen\u00e7lik ve Spor Bakanl\u0131\u011f\u0131 ile Milli E\u011fitim Bakanl\u0131\u011f\u0131 aras\u0131nda imzalanan protokol gere\u011fi 2018-2019 E\u011fitim \u00d6\u011fretim Y\u0131l\u0131 Okul Spor yar\u0131\u015fmalar\u0131 kapsam\u0131nda Voleybol Gen\u00e7ler Grup M\u00fcsabakalar\u0131 D\u00fczce\u2019de ba\u015flad\u0131. Voleybol Gen\u00e7ler K\u0131z Grup M\u00fcsabakalar\u0131 7-10 \u015eubat 2019 tarihleri aras\u0131nda 18 Temmuz Spor Salonu\u2019nda yap\u0131l\u0131rken erkekler m\u00fcsabakalar\u0131n\u0131 Cumayeri Spor Salonu\u2019nda yap\u0131yor.<\/p>\n<p>Gen\u00e7ler K\u0131z Grup M\u00fcsabakalar\u0131 A Grubunda; Bilecik, \u0130zmir, \u0130stanbul, Bolu, B Grubunda; Bursa, K\u0131rklareli, Kocaeli, Tekirda\u011f, C Grubunda; D\u00fczce, Zonguldak, Sakarya.<\/p>\n<p>Erkekler Grup M\u00fcsabakalar\u0131nda ise A Grubunda; Samsun, Bursa, Zonguldak, Tekirda\u011f, B Grubunda; Bolu, K\u0131rklareli, D\u00fczce, Kocaeli, C Grubunda; \u0130stanbul, Sakarya, Bilecik ve Karab\u00fck tak\u0131mlar\u0131 ilk s\u0131ralar\u0131 alabilmek i\u00e7in m\u00fccadele edecek.<div class=\"tiled-gallery type-rectangular tiled-gallery-unresized\" data-original-width=\"500\" data-carousel-extra='null' itemscope itemtype=\"http:\/\/schema.org\/ImageGallery\" > <div class=\"gallery-row\" style=\"width: 500px; height: 178px;\" data-original-width=\"500\" data-original-height=\"178\" > <div class=\"gallery-group images-1\" style=\"width: 265px; height: 178px;\" data-original-width=\"265\" data-original-height=\"178\" > <div class=\"tiled-gallery-item tiled-gallery-item-large\" itemprop=\"associatedMedia\" itemscope itemtype=\"http:\/\/schema.org\/ImageObject\"> <a href=\"http:\/\/www.tvturk.com\/index.php\/voleybol-gencler-grup-musabakalari-basladi\/voleybol-gencler-grup-musabakalari-basladi-3\/\" border=\"0\" itemprop=\"url\"> <meta itemprop=\"width\" content=\"261\"> <meta itemprop=\"height\" content=\"174\"> <img decoding=\"async\" class=\"\" data-attachment-id=\"8180\" data-orig-file=\"http:\/\/www.tvturk.com\/wp-content\/uploads\/2019\/02\/voleybol-gencler-grup-musabakalari-basladi_d5b6db8.jpg\" data-orig-size=\"800,533\" data-comments-opened=\"\" data-image-meta=\"{&quot;aperture&quot;:&quot;6.3&quot;,&quot;credit&quot;:&quot;IHA&quot;,&quot;camera&quot;:&quot;Canon EOS 600D&quot;,&quot;caption&quot;:&quot;D\\u00dcZCE\\u2019DE OKUL SPORLARI VOLEYBOL GEN\\u00c7LER ERKEKLER VE KIZLAR GRUP M\\u00dcSABAKALARI BA\\u015eLADI. (AL\\u0130 YILDIZ\\\/D\\u00dcZCE-\\u0130HA)&quot;,&quot;created_timestamp&quot;:&quot;1549532220&quot;,&quot;copyright&quot;:&quot;\\u0130HLAS HABER AJANSI, www.iha.com.tr&quot;,&quot;focal_length&quot;:&quot;25&quot;,&quot;iso&quot;:&quot;3200&quot;,&quot;shutter_speed&quot;:&quot;0.0125&quot;,&quot;title&quot;:&quot;VOLEYBOL GEN\\u00c7LER GRUP M\\u00dcSABAKALARI BA\\u015eLADI&quot;,&quot;orientation&quot;:&quot;1&quot;}\" data-image-title=\"Voleybol gen\u00e7ler grup m\u00fcsabakalar\u0131 ba\u015flad\u0131\" data-image-description=\"&lt;p&gt;Voleybol gen\u00e7ler grup m\u00fcsabakalar\u0131 ba\u015flad\u0131&lt;\/p&gt; \" data-medium-file=\"https:\/\/i0.wp.com\/www.tvturk.com\/wp-content\/uploads\/2019\/02\/voleybol-gencler-grup-musabakalari-basladi_d5b6db8.jpg?fit=300%2C200\" data-large-file=\"https:\/\/i0.wp.com\/www.tvturk.com\/wp-content\/uploads\/2019\/02\/voleybol-gencler-grup-musabakalari-basladi_d5b6db8.jpg?fit=800%2C533\" src=\"https:\/\/i0.wp.com\/www.tvturk.com\/wp-content\/uploads\/2019\/02\/voleybol-gencler-grup-musabakalari-basladi_d5b6db8.jpg?w=261&#038;h=174\" srcset=\"https:\/\/i0.wp.com\/www.tvturk.com\/wp-content\/uploads\/2019\/02\/voleybol-gencler-grup-musabakalari-basladi_d5b6db8.jpg?w=800 800w, https:\/\/i0.wp.com\/www.tvturk.com\/wp-content\/uploads\/2019\/02\/voleybol-gencler-grup-musabakalari-basladi_d5b6db8.jpg?resize=150%2C100 150w, https:\/\/i0.wp.com\/www.tvturk.com\/wp-content\/uploads\/2019\/02\/voleybol-gencler-grup-musabakalari-basladi_d5b6db8.jpg?resize=300%2C200 300w, https:\/\/i0.wp.com\/www.tvturk.com\/wp-content\/uploads\/2019\/02\/voleybol-gencler-grup-musabakalari-basladi_d5b6db8.jpg?resize=768%2C512 768w, https:\/\/i0.wp.com\/www.tvturk.com\/wp-content\/uploads\/2019\/02\/voleybol-gencler-grup-musabakalari-basladi_d5b6db8.jpg?resize=170%2C113 170w, https:\/\/i0.wp.com\/www.tvturk.com\/wp-content\/uploads\/2019\/02\/voleybol-gencler-grup-musabakalari-basladi_d5b6db8.jpg?resize=120%2C80 120w\" width=\"261\" height=\"174\" loading=\"lazy\" data-original-width=\"261\" data-original-height=\"174\" itemprop=\"http:\/\/schema.org\/image\" title=\"Voleybol gen\u00e7ler grup m\u00fcsabakalar\u0131 ba\u015flad\u0131\" alt=\"Voleybol gen\u00e7ler grup m\u00fcsabakalar\u0131 ba\u015flad\u0131\" style=\"width: 261px; height: 174px;\" \/> <\/a> <\/div> <\/div> <!-- close group --> <div class=\"gallery-group images-1\" style=\"width: 235px; height: 178px;\" data-original-width=\"235\" data-original-height=\"178\" > <div class=\"tiled-gallery-item tiled-gallery-item-small\" itemprop=\"associatedMedia\" itemscope itemtype=\"http:\/\/schema.org\/ImageObject\"> <a href=\"http:\/\/www.tvturk.com\/index.php\/voleybol-gencler-grup-musabakalari-basladi\/voleybol-gencler-grup-musabakalari-basladi-4\/\" border=\"0\" itemprop=\"url\"> <meta itemprop=\"width\" content=\"231\"> <meta itemprop=\"height\" content=\"174\"> <img decoding=\"async\" class=\"\" data-attachment-id=\"8181\" data-orig-file=\"http:\/\/www.tvturk.com\/wp-content\/uploads\/2019\/02\/voleybol-gencler-grup-musabakalari-basladi_260d715.jpg\" data-orig-size=\"1000,750\" data-comments-opened=\"\" data-image-meta=\"{&quot;aperture&quot;:&quot;0&quot;,&quot;credit&quot;:&quot;IHA&quot;,&quot;camera&quot;:&quot;&quot;,&quot;caption&quot;:&quot;D\\u00dcZCE\\u2019DE OKUL SPORLARI VOLEYBOL GEN\\u00c7LER ERKEKLER VE KIZLAR GRUP M\\u00dcSABAKALARI BA\\u015eLADI. (AL\\u0130 YILDIZ\\\/D\\u00dcZCE-\\u0130HA)&quot;,&quot;created_timestamp&quot;:&quot;0&quot;,&quot;copyright&quot;:&quot;\\u0130HLAS HABER AJANSI, www.iha.com.tr&quot;,&quot;focal_length&quot;:&quot;0&quot;,&quot;iso&quot;:&quot;0&quot;,&quot;shutter_speed&quot;:&quot;0&quot;,&quot;title&quot;:&quot;VOLEYBOL GEN\\u00c7LER GRUP M\\u00dcSABAKALARI BA\\u015eLADI&quot;,&quot;orientation&quot;:&quot;0&quot;}\" data-image-title=\"Voleybol gen\u00e7ler grup m\u00fcsabakalar\u0131 ba\u015flad\u0131\" data-image-description=\"&lt;p&gt;Voleybol gen\u00e7ler grup m\u00fcsabakalar\u0131 ba\u015flad\u0131&lt;\/p&gt; \" data-medium-file=\"https:\/\/i0.wp.com\/www.tvturk.com\/wp-content\/uploads\/2019\/02\/voleybol-gencler-grup-musabakalari-basladi_260d715.jpg?fit=300%2C225\" data-large-file=\"https:\/\/i0.wp.com\/www.tvturk.com\/wp-content\/uploads\/2019\/02\/voleybol-gencler-grup-musabakalari-basladi_260d715.jpg?fit=1000%2C750\" src=\"https:\/\/i0.wp.com\/www.tvturk.com\/wp-content\/uploads\/2019\/02\/voleybol-gencler-grup-musabakalari-basladi_260d715.jpg?w=231&#038;h=174\" srcset=\"https:\/\/i0.wp.com\/www.tvturk.com\/wp-content\/uploads\/2019\/02\/voleybol-gencler-grup-musabakalari-basladi_260d715.jpg?w=1000 1000w, https:\/\/i0.wp.com\/www.tvturk.com\/wp-content\/uploads\/2019\/02\/voleybol-gencler-grup-musabakalari-basladi_260d715.jpg?resize=150%2C113 150w, https:\/\/i0.wp.com\/www.tvturk.com\/wp-content\/uploads\/2019\/02\/voleybol-gencler-grup-musabakalari-basladi_260d715.jpg?resize=300%2C225 300w, https:\/\/i0.wp.com\/www.tvturk.com\/wp-content\/uploads\/2019\/02\/voleybol-gencler-grup-musabakalari-basladi_260d715.jpg?resize=768%2C576 768w\" width=\"231\" height=\"174\" loading=\"lazy\" data-original-width=\"231\" data-original-height=\"174\" itemprop=\"http:\/\/schema.org\/image\" title=\"Voleybol gen\u00e7ler grup m\u00fcsabakalar\u0131 ba\u015flad\u0131\" alt=\"Voleybol gen\u00e7ler grup m\u00fcsabakalar\u0131 ba\u015flad\u0131\" style=\"width: 231px; height: 174px;\" \/> <\/a> <\/div> <\/div> <!-- close group --> <\/div> <!-- close row --> <\/div><\/p>\n","protected":false},"excerpt":{"rendered":"<p>D\u00dcZCE\u2019DE OKUL SPORLARI VOLEYBOL GEN\u00c7LER ERKEKLER VE KIZLAR GRUP M\u00dcSABAKALARI BA\u015eLADI.<\/p>\n","protected":false},"author":1,"featured_media":8179,"comment_status":"closed","ping_status":"open","sticky":false,"template":"","format":"standard","meta":{"jetpack_post_was_ever_published":false,"_jetpack_newsletter_access":"","_jetpack_dont_email_post_to_subs":false,"_jetpack_newsletter_tier_id":0,"_jetpack_memberships_contains_paywalled_content":false,"_jetpack_memberships_contains_paid_content":false,"footnotes":"","jetpack_publicize_message":"","jetpack_publicize_feature_enabled":true,"jetpack_social_post_already_shared":false,"jetpack_social_options":{"image_generator_settings":{"template":"highway","default_image_id":0,"font":"","enabled":false},"version":2}},"categories":[657],"tags":[55,1622,516,2663,4366],"class_list":["post-8178","post","type-post","status-publish","format-standard","has-post-thumbnail","hentry","category-spor","tag-basladi","tag-gencler","tag-grup","tag-musabakalari","tag-voleybol"],"jetpack_publicize_connections":[],"jetpack_featured_media_url":"https:\/\/i0.wp.com\/www.tvturk.com\/wp-content\/uploads\/2019\/02\/voleybol-gencler-grup-musabakalari-basladi_28caf90.jpg?fit=1000%2C750","jetpack_sharing_enabled":true,"jetpack_shortlink":"https:\/\/wp.me\/paKIfm-27U","_links":{"self":[{"href":"http:\/\/www.tvturk.com\/index.php\/wp-json\/wp\/v2\/posts\/8178","targetHints":{"allow":["GET"]}}],"collection":[{"href":"http:\/\/www.tvturk.com\/index.php\/wp-json\/wp\/v2\/posts"}],"about":[{"href":"http:\/\/www.tvturk.com\/index.php\/wp-json\/wp\/v2\/types\/post"}],"author":[{"embeddable":true,"href":"http:\/\/www.tvturk.com\/index.php\/wp-json\/wp\/v2\/users\/1"}],"replies":[{"embeddable":true,"href":"http:\/\/www.tvturk.com\/index.php\/wp-json\/wp\/v2\/comments?post=8178"}],"version-history":[{"count":1,"href":"http:\/\/www.tvturk.com\/index.php\/wp-json\/wp\/v2\/posts\/8178\/revisions"}],"predecessor-version":[{"id":8182,"href":"http:\/\/www.tvturk.com\/index.php\/wp-json\/wp\/v2\/posts\/8178\/revisions\/8182"}],"wp:featuredmedia":[{"embeddable":true,"href":"http:\/\/www.tvturk.com\/index.php\/wp-json\/wp\/v2\/media\/8179"}],"wp:attachment":[{"href":"http:\/\/www.tvturk.com\/index.php\/wp-json\/wp\/v2\/media?parent=8178"}],"wp:term":[{"taxonomy":"category","embeddable":true,"href":"http:\/\/www.tvturk.com\/index.php\/wp-json\/wp\/v2\/categories?post=8178"},{"taxonomy":"post_tag","embeddable":true,"href":"http:\/\/www.tvturk.com\/index.php\/wp-json\/wp\/v2\/tags?post=8178"}],"curies":[{"name":"wp","href":"https:\/\/api.w.org\/{rel}","templated":true}]}}