{"id":8220,"date":"2019-02-07T12:56:53","date_gmt":"2019-02-07T09:56:53","guid":{"rendered":"http:\/\/www.tvturk.com\/index.php\/kadir-hastaki-maci-ulusoy-yonetecek\/"},"modified":"2019-02-07T12:56:53","modified_gmt":"2019-02-07T09:56:53","slug":"kadir-hastaki-maci-ulusoy-yonetecek","status":"publish","type":"post","link":"http:\/\/www.tvturk.com\/index.php\/kadir-hastaki-maci-ulusoy-yonetecek\/","title":{"rendered":"Kadir Has\u2019taki ma\u00e7\u0131 Ulusoy y\u00f6netecek"},"content":{"rendered":"<p>\u0130stikbal Mobilya Kayserispor ile Fenerbah\u00e7e ma\u00e7\u0131n\u0131 \u0130zmir B\u00f6lgesinden Alper Ulusoy d\u00fcd\u00fck \u00e7alacak.<\/p>\n<p>Spor Toto S\u00fcper Ligin 21.haftas\u0131nda oynanacak olan kar\u015f\u0131la\u015fmalar\u0131n\u0131n hakemleri a\u00e7\u0131kland\u0131. Haftan\u0131n a\u00e7\u0131l\u0131\u015f kar\u015f\u0131la\u015fmas\u0131nda yar\u0131n Kayseri Kadir Has Stadyumunda oynanacak olan \u0130stikbal Mobilya Kayserispor ile Fenerbah\u00e7e ma\u00e7\u0131n\u0131 Alper Ulusoy y\u00f6netecek. Ulusoy\u2019un yard\u0131mc\u0131l\u0131klar\u0131n\u0131 Mustafa Eme Eyisoy ve Volkan Ahmet Narin\u00e7 yapacak. Ma\u00e7\u0131n 4.Hakem Koray Gen\u00e7lerler<\/p>\n<p>Merkez Hakem Kurulu (MHK) taraf\u0131ndan \u0130stikbal Mobilya Kayserispor ve Fenerbah\u00e7e ma\u00e7\u0131na atanan Alper Ulusoy bu sezon Sar\u0131-K\u0131rm\u0131z\u0131l\u0131 tak\u0131m\u0131n  5 ma\u00e7\u0131nda g\u00f6rev al\u0131rken, Fenerbah\u00e7e\u2019nin ise 2 ma\u00e7\u0131nda g\u00f6rev yapt\u0131.<\/p>\n<p>Alper Ulusoy\u2019un bu sezon hem \u0130stikbal Mobilya Kayserispor\u2019un Evkur Yeni Malatyaspor ve  Demir Grup Sivasspor ma\u00e7lar\u0131nda d\u00fcd\u00fck \u00e7alarken, Atiker Konyaspor, \u00c7aykur Rizespor, Kas\u0131mpa\u015fa ma\u00e7lar\u0131nda ise VAR hakemi olarak g\u00f6rev yapt\u0131. Ulusoy, Fenerbah\u00e7e\u2019nin Be\u015fikta\u015f ma\u00e7\u0131nda 4.Hakem olarak ve Aytemiz Alanyaspor ma\u00e7\u0131nda ise Hakem olarak g\u00f6rev yapt\u0131.<\/p>\n<p>Alper Ulusoy\u2019un bu sezon \u0130stikbal Mobilya Kayserispor ve Fenerbah\u00e7e y\u00f6netti\u011fi ma\u00e7lar;<\/p>\n<p>\u0130.M. Kayserispor 0-0 Evkur Yeni Malatyaspor  &#8211; HAKEM<\/p>\n<p>\u0130.M. Kayserispor 0-2 Atiker Konyaspor &#8211; VAR<\/p>\n<p>\u0130.M. Kayserispor 2-2 \u00c7aykur Rizespor &#8211; VAR<\/p>\n<p>\u0130.M. Kayserispor 2-0 Demir Grup Sivasspor &#8211; HAKEM<\/p>\n<p>Kas\u0131mpa\u015fa 0-3 \u0130.M. Kayserispor &#8211; VAR<\/p>\n<p>Fenerbah\u00e7e 1-1 Be\u015fikta\u015f &#8211; 4.HAKEM<\/p>\n<p>Fenerbah\u00e7e 2-0 Aytemiz Alanyaspor &#8211; HAKEM<\/p>\n","protected":false},"excerpt":{"rendered":"<p>\u0130ST\u0130KBAL MOB\u0130LYA KAYSER\u0130SPOR \u0130LE FENERBAH\u00c7E MA\u00c7INI \u0130ZM\u0130R B\u00d6LGES\u0130NDEN ALPER ULUSOY D\u00dcD\u00dcK \u00c7ALACAK.<\/p>\n","protected":false},"author":1,"featured_media":8221,"comment_status":"closed","ping_status":"open","sticky":false,"template":"","format":"standard","meta":{"jetpack_post_was_ever_published":false,"_jetpack_newsletter_access":"","_jetpack_dont_email_post_to_subs":false,"_jetpack_newsletter_tier_id":0,"_jetpack_memberships_contains_paywalled_content":false,"_jetpack_memberships_contains_paid_content":false,"footnotes":"","jetpack_publicize_message":"","jetpack_publicize_feature_enabled":true,"jetpack_social_post_already_shared":false,"jetpack_social_options":{"image_generator_settings":{"template":"highway","default_image_id":0,"font":"","enabled":false},"version":2}},"categories":[657],"tags":[4384,4383,777,603,4385],"class_list":["post-8220","post","type-post","status-publish","format-standard","has-post-thumbnail","hentry","category-spor","tag-hastaki","tag-kadir","tag-maci","tag-ulusoy","tag-yonetecek"],"jetpack_publicize_connections":[],"jetpack_featured_media_url":"https:\/\/i0.wp.com\/www.tvturk.com\/wp-content\/uploads\/2019\/02\/kadir-hastaki-maci-ulusoy-yonetecek_e8fe62e.jpg?fit=936%2C1000","jetpack_sharing_enabled":true,"jetpack_shortlink":"https:\/\/wp.me\/paKIfm-28A","_links":{"self":[{"href":"http:\/\/www.tvturk.com\/index.php\/wp-json\/wp\/v2\/posts\/8220","targetHints":{"allow":["GET"]}}],"collection":[{"href":"http:\/\/www.tvturk.com\/index.php\/wp-json\/wp\/v2\/posts"}],"about":[{"href":"http:\/\/www.tvturk.com\/index.php\/wp-json\/wp\/v2\/types\/post"}],"author":[{"embeddable":true,"href":"http:\/\/www.tvturk.com\/index.php\/wp-json\/wp\/v2\/users\/1"}],"replies":[{"embeddable":true,"href":"http:\/\/www.tvturk.com\/index.php\/wp-json\/wp\/v2\/comments?post=8220"}],"version-history":[{"count":0,"href":"http:\/\/www.tvturk.com\/index.php\/wp-json\/wp\/v2\/posts\/8220\/revisions"}],"wp:featuredmedia":[{"embeddable":true,"href":"http:\/\/www.tvturk.com\/index.php\/wp-json\/wp\/v2\/media\/8221"}],"wp:attachment":[{"href":"http:\/\/www.tvturk.com\/index.php\/wp-json\/wp\/v2\/media?parent=8220"}],"wp:term":[{"taxonomy":"category","embeddable":true,"href":"http:\/\/www.tvturk.com\/index.php\/wp-json\/wp\/v2\/categories?post=8220"},{"taxonomy":"post_tag","embeddable":true,"href":"http:\/\/www.tvturk.com\/index.php\/wp-json\/wp\/v2\/tags?post=8220"}],"curies":[{"name":"wp","href":"https:\/\/api.w.org\/{rel}","templated":true}]}}