{"id":82235,"date":"2019-03-10T00:01:16","date_gmt":"2019-03-09T21:01:16","guid":{"rendered":"http:\/\/www.tvturk.com\/index.php\/kolombiyada-ucak-dustu-en-az-12-olu\/"},"modified":"2019-03-10T00:01:16","modified_gmt":"2019-03-09T21:01:16","slug":"kolombiyada-ucak-dustu-en-az-12-olu","status":"publish","type":"post","link":"http:\/\/www.tvturk.com\/index.php\/kolombiyada-ucak-dustu-en-az-12-olu\/","title":{"rendered":"Kolombiya\u2019da u\u00e7ak d\u00fc\u015ft\u00fc: en az 12 \u00f6l\u00fc"},"content":{"rendered":"<p>Kolombiya\u2019da bir u\u00e7a\u011f\u0131n d\u00fc\u015fmesi sonucu en az 12 ki\u015fi hayat\u0131n\u0131 kaybetti.<\/p>\n<p>Kolombiya\u2019n\u0131n San Sos del Ravivari ve Villavicencio kentleri aras\u0131nda u\u00e7u\u015f yapan bir u\u00e7ak hen\u00fcz belirlenemeyen nedenle d\u00fc\u015ft\u00fc. \u0130lk belirlemelere g\u00f6re kazada en az 12 ki\u015finin hayat\u0131n\u0131 kaybetti\u011fi bildirildi. Kolombiya polisi, d\u00fc\u015fen u\u00e7akta bulunan en az 12 ki\u015finin hayat\u0131n\u0131 kaybetti\u011fini, kazadan kurtulan olmad\u0131\u011f\u0131n\u0131 a\u00e7\u0131klad\u0131. Kaza \u00f6ncesi u\u00e7aktan saat 10.40 sular\u0131nda acil durum bildirimi yap\u0131ld\u0131\u011f\u0131 ifade edildi. Kazan\u0131n nedenine ili\u015fkin hen\u00fcz resmi bir a\u00e7\u0131klama yap\u0131lmad\u0131.<\/p>\n","protected":false},"excerpt":{"rendered":"<p>KOLOMB\u0130YA&#8217;DA B\u0130R U\u00c7A\u011eIN D\u00dc\u015eMES\u0130 SONUCU EN AZ 12 K\u0130\u015e\u0130 HAYATINI KAYBETT\u0130.<\/p>\n","protected":false},"author":1,"featured_media":82236,"comment_status":"closed","ping_status":"open","sticky":false,"template":"","format":"standard","meta":{"jetpack_post_was_ever_published":false,"_jetpack_newsletter_access":"","_jetpack_dont_email_post_to_subs":false,"_jetpack_newsletter_tier_id":0,"_jetpack_memberships_contains_paywalled_content":false,"_jetpack_memberships_contains_paid_content":false,"footnotes":"","jetpack_publicize_message":"","jetpack_publicize_feature_enabled":true,"jetpack_social_post_already_shared":true,"jetpack_social_options":{"image_generator_settings":{"template":"highway","default_image_id":0,"font":"","enabled":false},"version":2}},"categories":[10],"tags":[1613,18781,1664,1911],"class_list":["post-82235","post","type-post","status-publish","format-standard","has-post-thumbnail","hentry","category-dunya","tag-dustu","tag-kolombiyada","tag-olu","tag-ucak"],"jetpack_publicize_connections":[],"jetpack_featured_media_url":"https:\/\/i0.wp.com\/www.tvturk.com\/wp-content\/uploads\/2019\/03\/kolombiyada-ucak-dustu-en-az-12-olu_653e489.jpg?fit=945%2C525","jetpack_sharing_enabled":true,"jetpack_shortlink":"https:\/\/wp.me\/paKIfm-lon","_links":{"self":[{"href":"http:\/\/www.tvturk.com\/index.php\/wp-json\/wp\/v2\/posts\/82235","targetHints":{"allow":["GET"]}}],"collection":[{"href":"http:\/\/www.tvturk.com\/index.php\/wp-json\/wp\/v2\/posts"}],"about":[{"href":"http:\/\/www.tvturk.com\/index.php\/wp-json\/wp\/v2\/types\/post"}],"author":[{"embeddable":true,"href":"http:\/\/www.tvturk.com\/index.php\/wp-json\/wp\/v2\/users\/1"}],"replies":[{"embeddable":true,"href":"http:\/\/www.tvturk.com\/index.php\/wp-json\/wp\/v2\/comments?post=82235"}],"version-history":[{"count":0,"href":"http:\/\/www.tvturk.com\/index.php\/wp-json\/wp\/v2\/posts\/82235\/revisions"}],"wp:featuredmedia":[{"embeddable":true,"href":"http:\/\/www.tvturk.com\/index.php\/wp-json\/wp\/v2\/media\/82236"}],"wp:attachment":[{"href":"http:\/\/www.tvturk.com\/index.php\/wp-json\/wp\/v2\/media?parent=82235"}],"wp:term":[{"taxonomy":"category","embeddable":true,"href":"http:\/\/www.tvturk.com\/index.php\/wp-json\/wp\/v2\/categories?post=82235"},{"taxonomy":"post_tag","embeddable":true,"href":"http:\/\/www.tvturk.com\/index.php\/wp-json\/wp\/v2\/tags?post=82235"}],"curies":[{"name":"wp","href":"https:\/\/api.w.org\/{rel}","templated":true}]}}