{"id":82508,"date":"2019-03-10T10:38:00","date_gmt":"2019-03-10T07:38:00","guid":{"rendered":"http:\/\/www.tvturk.com\/index.php\/diyarbakirdan-insanin-icini-isitacak-goruntuler\/"},"modified":"2019-03-10T10:38:03","modified_gmt":"2019-03-10T07:38:03","slug":"diyarbakirdan-insanin-icini-isitacak-goruntuler","status":"publish","type":"post","link":"http:\/\/www.tvturk.com\/index.php\/diyarbakirdan-insanin-icini-isitacak-goruntuler\/","title":{"rendered":"Diyarbak\u0131r\u2019dan insan\u0131n i\u00e7ini \u0131s\u0131tacak g\u00f6r\u00fcnt\u00fcler"},"content":{"rendered":"<p>Diyarbak\u0131r\u2019da bir grup g\u00f6n\u00fcll\u00fc, yal\u0131n ayak gezip ka\u011f\u0131t toplayan \u00e7ocuklar\u0131n hayallerini ger\u00e7e\u011fe d\u00f6n\u00fc\u015ft\u00fcrd\u00fc. Ka\u011f\u0131t toplayan \u00e7ocuklar\u0131 ma\u011fazaya g\u00f6t\u00fcren g\u00f6n\u00fcll\u00fcler ba\u015ftan a\u015fa\u011f\u0131 giydirirken, \u00e7ocuklar\u0131n mutlulu\u011fu \u2018iyi insanlar iyi ki varlar\u2019 dedirtti.<\/p>\n<p>Sosyal medya \u00fczerinden \u2018\u00c7ocuklar \u00dc\u015f\u00fcmesin\u2019 toplulu\u011fu alt\u0131nda birle\u015fen bir grup gen\u00e7, kentin farkl\u0131 noktalar\u0131nda \u00f6zellikle ka\u011f\u0131t toplayan \u00e7ocuklar i\u00e7in anlaml\u0131 \u00e7al\u0131\u015fmalar yapmaya devam ediyor. En son \u00f6nceki g\u00fcn grup \u00fcyesi iki gen\u00e7 k\u0131z, sokakta ka\u011f\u0131t toplayan \u00e7ocuklarla bir araya geldi. So\u011fuk havada kimisinin yal\u0131n ayak y\u00fcr\u00fcmesi nedeniyle ayaklar\u0131nda yara olan \u00e7ocuklar\u0131n yan\u0131na giden g\u00f6n\u00fcll\u00fcler, bir s\u00fcre sohbet ettikten sonra \u00e7ocuklarla birlikte ma\u011fazan\u0131n yolunu tuttu. Kendi elleri ile \u00e7ocuklar\u0131n ayaklar\u0131na \u00e7orap giydiren g\u00f6n\u00fcll\u00fcler, daha sonra onlar\u0131n istedikleri t\u00fcm \u00fcr\u00fcnleri alarak kendilerine hediye etti. Yap\u0131lan yard\u0131mdan sonra \u00e7ocuklar\u0131n mutlulu\u011fu y\u00fczlerine yans\u0131rken, ortaya \u00e7\u0131kan g\u00f6r\u00fcnt\u00fcler \u2018iyi insanlar iyi ki varlar\u2019 dedirtti.<div class=\"tiled-gallery type-rectangular tiled-gallery-unresized\" data-original-width=\"500\" data-carousel-extra='null' itemscope itemtype=\"http:\/\/schema.org\/ImageGallery\" > <div class=\"gallery-row\" style=\"width: 500px; height: 165px;\" data-original-width=\"500\" data-original-height=\"165\" > <div class=\"gallery-group images-1\" style=\"width: 125px; height: 165px;\" data-original-width=\"125\" data-original-height=\"165\" > <div class=\"tiled-gallery-item tiled-gallery-item-small\" itemprop=\"associatedMedia\" itemscope itemtype=\"http:\/\/schema.org\/ImageObject\"> <a href=\"http:\/\/www.tvturk.com\/index.php\/diyarbakirdan-insanin-icini-isitacak-goruntuler\/diyarbakirdan-insanin-icini-isitacak-goruntuler-3\/\" border=\"0\" itemprop=\"url\"> <meta itemprop=\"width\" content=\"121\"> <meta itemprop=\"height\" content=\"161\"> <img decoding=\"async\" class=\"\" data-attachment-id=\"82510\" data-orig-file=\"http:\/\/www.tvturk.com\/wp-content\/uploads\/2019\/03\/diyarbakirdan-insanin-icini-isitacak-goruntuler_b27c451.jpg\" data-orig-size=\"750,1000\" data-comments-opened=\"\" data-image-meta=\"{&quot;aperture&quot;:&quot;0&quot;,&quot;credit&quot;:&quot;IHA&quot;,&quot;camera&quot;:&quot;&quot;,&quot;caption&quot;:&quot;D\\u0130YARBAKIR\\u2019DA B\\u0130R GRUP G\\u00d6N\\u00dcLL\\u00dc, YALIN AYAK GEZ\\u0130P KA\\u011eIT TOPLAYAN \\u00c7OCUKLARIN HAYALLER\\u0130N\\u0130 GER\\u00c7E\\u011eE D\\u00d6N\\u00dc\\u015eT\\u00dcRD\\u00dc. KA\\u011eIT TOPLAYAN \\u00c7OCUKLARI MA\\u011eAZAYA G\\u00d6T\\u00dcREN G\\u00d6N\\u00dcLL\\u00dcLER BA\\u015eTAN A\\u015eA\\u011eI G\\u0130YD\\u0130R\\u0130RKEN, \\u00c7OCUKLARIN MUTLULU\\u011eU \\u2018\\u0130Y\\u0130 \\u0130NSANLAR \\u0130Y\\u0130 K\\u0130 VARLAR\\u2019 DED\\u0130RTT\\u0130. (AYDIN YORAT\\\/D\\u0130YARBAKIR-\\u0130HA)&quot;,&quot;created_timestamp&quot;:&quot;0&quot;,&quot;copyright&quot;:&quot;\\u0130HLAS HABER AJANSI, www.iha.com.tr&quot;,&quot;focal_length&quot;:&quot;0&quot;,&quot;iso&quot;:&quot;0&quot;,&quot;shutter_speed&quot;:&quot;0&quot;,&quot;title&quot;:&quot;D\\u0130YARBAKIR\\u2019DAN \\u0130NSANIN \\u0130\\u00c7\\u0130N\\u0130 ISITACAK G\\u00d6R\\u00dcNT\\u00dcLER D\\u0130YARBAKIR\\u2019DA B\\u0130R GRUP G\\u00d6N\\u00dcLL\\u00dc, YALIN AYAK GEZEN SOKAK \\u00c7OCUKLARINI BA\\u015eTAN A\\u015eA\\u011eI G\\u0130YD\\u0130RD\\u0130 YARALI AYAKLARINA \\u00c7ORAP G\\u0130Y\\u0130P YEN\\u0130 AYAKKABILARI \\u0130LE GEZEN \\u00c7OCUKLARIN MUTLULU\\u011eU, \\u2018\\u0130Y\\u0130 \\u0130NSANLAR \\u0130Y\\u0130 K\\u0130 VARLAR\\u2019 DED\\u0130RTT\\u0130&quot;,&quot;orientation&quot;:&quot;0&quot;}\" data-image-title=\"Diyarbak\u0131r\u2019dan insan\u0131n i\u00e7ini \u0131s\u0131tacak g\u00f6r\u00fcnt\u00fcler\" data-image-description=\"&lt;p&gt;Diyarbak\u0131r\u2019dan insan\u0131n i\u00e7ini \u0131s\u0131tacak g\u00f6r\u00fcnt\u00fcler&lt;\/p&gt; \" data-medium-file=\"https:\/\/i0.wp.com\/www.tvturk.com\/wp-content\/uploads\/2019\/03\/diyarbakirdan-insanin-icini-isitacak-goruntuler_b27c451.jpg?fit=225%2C300\" data-large-file=\"https:\/\/i0.wp.com\/www.tvturk.com\/wp-content\/uploads\/2019\/03\/diyarbakirdan-insanin-icini-isitacak-goruntuler_b27c451.jpg?fit=750%2C1000\" src=\"https:\/\/i0.wp.com\/www.tvturk.com\/wp-content\/uploads\/2019\/03\/diyarbakirdan-insanin-icini-isitacak-goruntuler_b27c451.jpg?w=121&#038;h=161\" srcset=\"https:\/\/i0.wp.com\/www.tvturk.com\/wp-content\/uploads\/2019\/03\/diyarbakirdan-insanin-icini-isitacak-goruntuler_b27c451.jpg?w=750 750w, https:\/\/i0.wp.com\/www.tvturk.com\/wp-content\/uploads\/2019\/03\/diyarbakirdan-insanin-icini-isitacak-goruntuler_b27c451.jpg?resize=113%2C150 113w, https:\/\/i0.wp.com\/www.tvturk.com\/wp-content\/uploads\/2019\/03\/diyarbakirdan-insanin-icini-isitacak-goruntuler_b27c451.jpg?resize=225%2C300 225w\" width=\"121\" height=\"161\" loading=\"lazy\" data-original-width=\"121\" data-original-height=\"161\" itemprop=\"http:\/\/schema.org\/image\" title=\"Diyarbak\u0131r\u2019dan insan\u0131n i\u00e7ini \u0131s\u0131tacak g\u00f6r\u00fcnt\u00fcler\" alt=\"Diyarbak\u0131r\u2019dan insan\u0131n i\u00e7ini \u0131s\u0131tacak g\u00f6r\u00fcnt\u00fcler\" style=\"width: 121px; height: 161px;\" \/> <\/a> <\/div> <\/div> <!-- close group --> <div class=\"gallery-group images-1\" style=\"width: 125px; height: 165px;\" data-original-width=\"125\" data-original-height=\"165\" > <div class=\"tiled-gallery-item tiled-gallery-item-small\" itemprop=\"associatedMedia\" itemscope itemtype=\"http:\/\/schema.org\/ImageObject\"> <a href=\"http:\/\/www.tvturk.com\/index.php\/diyarbakirdan-insanin-icini-isitacak-goruntuler\/diyarbakirdan-insanin-icini-isitacak-goruntuler-4\/\" border=\"0\" itemprop=\"url\"> <meta itemprop=\"width\" content=\"121\"> <meta itemprop=\"height\" content=\"161\"> <img decoding=\"async\" class=\"\" data-attachment-id=\"82511\" data-orig-file=\"http:\/\/www.tvturk.com\/wp-content\/uploads\/2019\/03\/diyarbakirdan-insanin-icini-isitacak-goruntuler_1c4a186.jpg\" data-orig-size=\"750,1000\" data-comments-opened=\"\" data-image-meta=\"{&quot;aperture&quot;:&quot;0&quot;,&quot;credit&quot;:&quot;IHA&quot;,&quot;camera&quot;:&quot;&quot;,&quot;caption&quot;:&quot;D\\u0130YARBAKIR\\u2019DA B\\u0130R GRUP G\\u00d6N\\u00dcLL\\u00dc, YALIN AYAK GEZ\\u0130P KA\\u011eIT TOPLAYAN \\u00c7OCUKLARIN HAYALLER\\u0130N\\u0130 GER\\u00c7E\\u011eE D\\u00d6N\\u00dc\\u015eT\\u00dcRD\\u00dc. KA\\u011eIT TOPLAYAN \\u00c7OCUKLARI MA\\u011eAZAYA G\\u00d6T\\u00dcREN G\\u00d6N\\u00dcLL\\u00dcLER BA\\u015eTAN A\\u015eA\\u011eI G\\u0130YD\\u0130R\\u0130RKEN, \\u00c7OCUKLARIN MUTLULU\\u011eU \\u2018\\u0130Y\\u0130 \\u0130NSANLAR \\u0130Y\\u0130 K\\u0130 VARLAR\\u2019 DED\\u0130RTT\\u0130. (AYDIN YORAT\\\/D\\u0130YARBAKIR-\\u0130HA)&quot;,&quot;created_timestamp&quot;:&quot;0&quot;,&quot;copyright&quot;:&quot;\\u0130HLAS HABER AJANSI, www.iha.com.tr&quot;,&quot;focal_length&quot;:&quot;0&quot;,&quot;iso&quot;:&quot;0&quot;,&quot;shutter_speed&quot;:&quot;0&quot;,&quot;title&quot;:&quot;D\\u0130YARBAKIR\\u2019DAN \\u0130NSANIN \\u0130\\u00c7\\u0130N\\u0130 ISITACAK G\\u00d6R\\u00dcNT\\u00dcLER D\\u0130YARBAKIR\\u2019DA B\\u0130R GRUP G\\u00d6N\\u00dcLL\\u00dc, YALIN AYAK GEZEN SOKAK \\u00c7OCUKLARINI BA\\u015eTAN A\\u015eA\\u011eI G\\u0130YD\\u0130RD\\u0130 YARALI AYAKLARINA \\u00c7ORAP G\\u0130Y\\u0130P YEN\\u0130 AYAKKABILARI \\u0130LE GEZEN \\u00c7OCUKLARIN MUTLULU\\u011eU, \\u2018\\u0130Y\\u0130 \\u0130NSANLAR \\u0130Y\\u0130 K\\u0130 VARLAR\\u2019 DED\\u0130RTT\\u0130&quot;,&quot;orientation&quot;:&quot;0&quot;}\" data-image-title=\"Diyarbak\u0131r\u2019dan insan\u0131n i\u00e7ini \u0131s\u0131tacak g\u00f6r\u00fcnt\u00fcler\" data-image-description=\"&lt;p&gt;Diyarbak\u0131r\u2019dan insan\u0131n i\u00e7ini \u0131s\u0131tacak g\u00f6r\u00fcnt\u00fcler&lt;\/p&gt; \" data-medium-file=\"https:\/\/i0.wp.com\/www.tvturk.com\/wp-content\/uploads\/2019\/03\/diyarbakirdan-insanin-icini-isitacak-goruntuler_1c4a186.jpg?fit=225%2C300\" data-large-file=\"https:\/\/i0.wp.com\/www.tvturk.com\/wp-content\/uploads\/2019\/03\/diyarbakirdan-insanin-icini-isitacak-goruntuler_1c4a186.jpg?fit=750%2C1000\" src=\"https:\/\/i0.wp.com\/www.tvturk.com\/wp-content\/uploads\/2019\/03\/diyarbakirdan-insanin-icini-isitacak-goruntuler_1c4a186.jpg?w=121&#038;h=161\" srcset=\"https:\/\/i0.wp.com\/www.tvturk.com\/wp-content\/uploads\/2019\/03\/diyarbakirdan-insanin-icini-isitacak-goruntuler_1c4a186.jpg?w=750 750w, https:\/\/i0.wp.com\/www.tvturk.com\/wp-content\/uploads\/2019\/03\/diyarbakirdan-insanin-icini-isitacak-goruntuler_1c4a186.jpg?resize=113%2C150 113w, https:\/\/i0.wp.com\/www.tvturk.com\/wp-content\/uploads\/2019\/03\/diyarbakirdan-insanin-icini-isitacak-goruntuler_1c4a186.jpg?resize=225%2C300 225w\" width=\"121\" height=\"161\" loading=\"lazy\" data-original-width=\"121\" data-original-height=\"161\" itemprop=\"http:\/\/schema.org\/image\" title=\"Diyarbak\u0131r\u2019dan insan\u0131n i\u00e7ini \u0131s\u0131tacak g\u00f6r\u00fcnt\u00fcler\" alt=\"Diyarbak\u0131r\u2019dan insan\u0131n i\u00e7ini \u0131s\u0131tacak g\u00f6r\u00fcnt\u00fcler\" style=\"width: 121px; height: 161px;\" \/> <\/a> <\/div> <\/div> <!-- close group --> <div class=\"gallery-group images-1\" style=\"width: 125px; height: 165px;\" data-original-width=\"125\" data-original-height=\"165\" > <div class=\"tiled-gallery-item tiled-gallery-item-small\" itemprop=\"associatedMedia\" itemscope itemtype=\"http:\/\/schema.org\/ImageObject\"> <a href=\"http:\/\/www.tvturk.com\/index.php\/diyarbakirdan-insanin-icini-isitacak-goruntuler\/diyarbakirdan-insanin-icini-isitacak-goruntuler-5\/\" border=\"0\" itemprop=\"url\"> <meta itemprop=\"width\" content=\"121\"> <meta itemprop=\"height\" content=\"161\"> <img decoding=\"async\" class=\"\" data-attachment-id=\"82512\" data-orig-file=\"http:\/\/www.tvturk.com\/wp-content\/uploads\/2019\/03\/diyarbakirdan-insanin-icini-isitacak-goruntuler_cf8c531.jpg\" data-orig-size=\"750,1000\" data-comments-opened=\"\" data-image-meta=\"{&quot;aperture&quot;:&quot;0&quot;,&quot;credit&quot;:&quot;IHA&quot;,&quot;camera&quot;:&quot;&quot;,&quot;caption&quot;:&quot;D\\u0130YARBAKIR\\u2019DA B\\u0130R GRUP G\\u00d6N\\u00dcLL\\u00dc, YALIN AYAK GEZ\\u0130P KA\\u011eIT TOPLAYAN \\u00c7OCUKLARIN HAYALLER\\u0130N\\u0130 GER\\u00c7E\\u011eE D\\u00d6N\\u00dc\\u015eT\\u00dcRD\\u00dc. KA\\u011eIT TOPLAYAN \\u00c7OCUKLARI MA\\u011eAZAYA G\\u00d6T\\u00dcREN G\\u00d6N\\u00dcLL\\u00dcLER BA\\u015eTAN A\\u015eA\\u011eI G\\u0130YD\\u0130R\\u0130RKEN, \\u00c7OCUKLARIN MUTLULU\\u011eU \\u2018\\u0130Y\\u0130 \\u0130NSANLAR \\u0130Y\\u0130 K\\u0130 VARLAR\\u2019 DED\\u0130RTT\\u0130. (AYDIN YORAT\\\/D\\u0130YARBAKIR-\\u0130HA)&quot;,&quot;created_timestamp&quot;:&quot;0&quot;,&quot;copyright&quot;:&quot;\\u0130HLAS HABER AJANSI, www.iha.com.tr&quot;,&quot;focal_length&quot;:&quot;0&quot;,&quot;iso&quot;:&quot;0&quot;,&quot;shutter_speed&quot;:&quot;0&quot;,&quot;title&quot;:&quot;D\\u0130YARBAKIR\\u2019DAN \\u0130NSANIN \\u0130\\u00c7\\u0130N\\u0130 ISITACAK G\\u00d6R\\u00dcNT\\u00dcLER D\\u0130YARBAKIR\\u2019DA B\\u0130R GRUP G\\u00d6N\\u00dcLL\\u00dc, YALIN AYAK GEZEN SOKAK \\u00c7OCUKLARINI BA\\u015eTAN A\\u015eA\\u011eI G\\u0130YD\\u0130RD\\u0130 YARALI AYAKLARINA \\u00c7ORAP G\\u0130Y\\u0130P YEN\\u0130 AYAKKABILARI \\u0130LE GEZEN \\u00c7OCUKLARIN MUTLULU\\u011eU, \\u2018\\u0130Y\\u0130 \\u0130NSANLAR \\u0130Y\\u0130 K\\u0130 VARLAR\\u2019 DED\\u0130RTT\\u0130&quot;,&quot;orientation&quot;:&quot;0&quot;}\" data-image-title=\"Diyarbak\u0131r\u2019dan insan\u0131n i\u00e7ini \u0131s\u0131tacak g\u00f6r\u00fcnt\u00fcler\" data-image-description=\"&lt;p&gt;Diyarbak\u0131r\u2019dan insan\u0131n i\u00e7ini \u0131s\u0131tacak g\u00f6r\u00fcnt\u00fcler&lt;\/p&gt; \" data-medium-file=\"https:\/\/i0.wp.com\/www.tvturk.com\/wp-content\/uploads\/2019\/03\/diyarbakirdan-insanin-icini-isitacak-goruntuler_cf8c531.jpg?fit=225%2C300\" data-large-file=\"https:\/\/i0.wp.com\/www.tvturk.com\/wp-content\/uploads\/2019\/03\/diyarbakirdan-insanin-icini-isitacak-goruntuler_cf8c531.jpg?fit=750%2C1000\" src=\"https:\/\/i0.wp.com\/www.tvturk.com\/wp-content\/uploads\/2019\/03\/diyarbakirdan-insanin-icini-isitacak-goruntuler_cf8c531.jpg?w=121&#038;h=161\" srcset=\"https:\/\/i0.wp.com\/www.tvturk.com\/wp-content\/uploads\/2019\/03\/diyarbakirdan-insanin-icini-isitacak-goruntuler_cf8c531.jpg?w=750 750w, https:\/\/i0.wp.com\/www.tvturk.com\/wp-content\/uploads\/2019\/03\/diyarbakirdan-insanin-icini-isitacak-goruntuler_cf8c531.jpg?resize=113%2C150 113w, https:\/\/i0.wp.com\/www.tvturk.com\/wp-content\/uploads\/2019\/03\/diyarbakirdan-insanin-icini-isitacak-goruntuler_cf8c531.jpg?resize=225%2C300 225w\" width=\"121\" height=\"161\" loading=\"lazy\" data-original-width=\"121\" data-original-height=\"161\" itemprop=\"http:\/\/schema.org\/image\" title=\"Diyarbak\u0131r\u2019dan insan\u0131n i\u00e7ini \u0131s\u0131tacak g\u00f6r\u00fcnt\u00fcler\" alt=\"Diyarbak\u0131r\u2019dan insan\u0131n i\u00e7ini \u0131s\u0131tacak g\u00f6r\u00fcnt\u00fcler\" style=\"width: 121px; height: 161px;\" \/> <\/a> <\/div> <\/div> <!-- close group --> <div class=\"gallery-group images-1\" style=\"width: 125px; height: 165px;\" data-original-width=\"125\" data-original-height=\"165\" > <div class=\"tiled-gallery-item tiled-gallery-item-small\" itemprop=\"associatedMedia\" itemscope itemtype=\"http:\/\/schema.org\/ImageObject\"> <a href=\"http:\/\/www.tvturk.com\/index.php\/diyarbakirdan-insanin-icini-isitacak-goruntuler\/diyarbakirdan-insanin-icini-isitacak-goruntuler-6\/\" border=\"0\" itemprop=\"url\"> <meta itemprop=\"width\" content=\"121\"> <meta itemprop=\"height\" content=\"161\"> <img decoding=\"async\" class=\"\" data-attachment-id=\"82513\" data-orig-file=\"http:\/\/www.tvturk.com\/wp-content\/uploads\/2019\/03\/diyarbakirdan-insanin-icini-isitacak-goruntuler_2c7955c.jpg\" data-orig-size=\"750,1000\" data-comments-opened=\"\" data-image-meta=\"{&quot;aperture&quot;:&quot;0&quot;,&quot;credit&quot;:&quot;IHA&quot;,&quot;camera&quot;:&quot;&quot;,&quot;caption&quot;:&quot;D\\u0130YARBAKIR\\u2019DA B\\u0130R GRUP G\\u00d6N\\u00dcLL\\u00dc, YALIN AYAK GEZ\\u0130P KA\\u011eIT TOPLAYAN \\u00c7OCUKLARIN HAYALLER\\u0130N\\u0130 GER\\u00c7E\\u011eE D\\u00d6N\\u00dc\\u015eT\\u00dcRD\\u00dc. KA\\u011eIT TOPLAYAN \\u00c7OCUKLARI MA\\u011eAZAYA G\\u00d6T\\u00dcREN G\\u00d6N\\u00dcLL\\u00dcLER BA\\u015eTAN A\\u015eA\\u011eI G\\u0130YD\\u0130R\\u0130RKEN, \\u00c7OCUKLARIN MUTLULU\\u011eU \\u2018\\u0130Y\\u0130 \\u0130NSANLAR \\u0130Y\\u0130 K\\u0130 VARLAR\\u2019 DED\\u0130RTT\\u0130. (AYDIN YORAT\\\/D\\u0130YARBAKIR-\\u0130HA)&quot;,&quot;created_timestamp&quot;:&quot;0&quot;,&quot;copyright&quot;:&quot;\\u0130HLAS HABER AJANSI, www.iha.com.tr&quot;,&quot;focal_length&quot;:&quot;0&quot;,&quot;iso&quot;:&quot;0&quot;,&quot;shutter_speed&quot;:&quot;0&quot;,&quot;title&quot;:&quot;D\\u0130YARBAKIR\\u2019DAN \\u0130NSANIN \\u0130\\u00c7\\u0130N\\u0130 ISITACAK G\\u00d6R\\u00dcNT\\u00dcLER D\\u0130YARBAKIR\\u2019DA B\\u0130R GRUP G\\u00d6N\\u00dcLL\\u00dc, YALIN AYAK GEZEN SOKAK \\u00c7OCUKLARINI BA\\u015eTAN A\\u015eA\\u011eI G\\u0130YD\\u0130RD\\u0130 YARALI AYAKLARINA \\u00c7ORAP G\\u0130Y\\u0130P YEN\\u0130 AYAKKABILARI \\u0130LE GEZEN \\u00c7OCUKLARIN MUTLULU\\u011eU, \\u2018\\u0130Y\\u0130 \\u0130NSANLAR \\u0130Y\\u0130 K\\u0130 VARLAR\\u2019 DED\\u0130RTT\\u0130&quot;,&quot;orientation&quot;:&quot;0&quot;}\" data-image-title=\"Diyarbak\u0131r\u2019dan insan\u0131n i\u00e7ini \u0131s\u0131tacak g\u00f6r\u00fcnt\u00fcler\" data-image-description=\"&lt;p&gt;Diyarbak\u0131r\u2019dan insan\u0131n i\u00e7ini \u0131s\u0131tacak g\u00f6r\u00fcnt\u00fcler&lt;\/p&gt; \" data-medium-file=\"https:\/\/i0.wp.com\/www.tvturk.com\/wp-content\/uploads\/2019\/03\/diyarbakirdan-insanin-icini-isitacak-goruntuler_2c7955c.jpg?fit=225%2C300\" data-large-file=\"https:\/\/i0.wp.com\/www.tvturk.com\/wp-content\/uploads\/2019\/03\/diyarbakirdan-insanin-icini-isitacak-goruntuler_2c7955c.jpg?fit=750%2C1000\" src=\"https:\/\/i0.wp.com\/www.tvturk.com\/wp-content\/uploads\/2019\/03\/diyarbakirdan-insanin-icini-isitacak-goruntuler_2c7955c.jpg?w=121&#038;h=161\" srcset=\"https:\/\/i0.wp.com\/www.tvturk.com\/wp-content\/uploads\/2019\/03\/diyarbakirdan-insanin-icini-isitacak-goruntuler_2c7955c.jpg?w=750 750w, https:\/\/i0.wp.com\/www.tvturk.com\/wp-content\/uploads\/2019\/03\/diyarbakirdan-insanin-icini-isitacak-goruntuler_2c7955c.jpg?resize=113%2C150 113w, https:\/\/i0.wp.com\/www.tvturk.com\/wp-content\/uploads\/2019\/03\/diyarbakirdan-insanin-icini-isitacak-goruntuler_2c7955c.jpg?resize=225%2C300 225w\" width=\"121\" height=\"161\" loading=\"lazy\" data-original-width=\"121\" data-original-height=\"161\" itemprop=\"http:\/\/schema.org\/image\" title=\"Diyarbak\u0131r\u2019dan insan\u0131n i\u00e7ini \u0131s\u0131tacak g\u00f6r\u00fcnt\u00fcler\" alt=\"Diyarbak\u0131r\u2019dan insan\u0131n i\u00e7ini \u0131s\u0131tacak g\u00f6r\u00fcnt\u00fcler\" style=\"width: 121px; height: 161px;\" \/> <\/a> <\/div> <\/div> <!-- close group --> <\/div> <!-- close row --> <\/div><\/p>\n","protected":false},"excerpt":{"rendered":"<p>D\u0130YARBAKIR\u2019DA B\u0130R GRUP G\u00d6N\u00dcLL\u00dc, YALIN AYAK GEZ\u0130P KA\u011eIT TOPLAYAN \u00c7OCUKLARIN HAYALLER\u0130N\u0130 GER\u00c7E\u011eE D\u00d6N\u00dc\u015eT\u00dcRD\u00dc. KA\u011eIT TOPLAYAN \u00c7OCUKLARI MA\u011eAZAYA G\u00d6T\u00dcREN G\u00d6N\u00dcLL\u00dcLER BA\u015eTAN A\u015eA\u011eI G\u0130YD\u0130R\u0130RKEN, \u00c7OCUKLARIN MUTLULU\u011eU \u2018\u0130Y\u0130 \u0130NSANLAR \u0130Y\u0130 K\u0130 VARLAR\u2019 DED\u0130RTT\u0130.<\/p>\n","protected":false},"author":1,"featured_media":82509,"comment_status":"closed","ping_status":"open","sticky":false,"template":"","format":"standard","meta":{"jetpack_post_was_ever_published":false,"_jetpack_newsletter_access":"","_jetpack_dont_email_post_to_subs":false,"_jetpack_newsletter_tier_id":0,"_jetpack_memberships_contains_paywalled_content":false,"_jetpack_memberships_contains_paid_content":false,"footnotes":"","jetpack_publicize_message":"","jetpack_publicize_feature_enabled":true,"jetpack_social_post_already_shared":true,"jetpack_social_options":{"image_generator_settings":{"template":"highway","default_image_id":0,"font":"","enabled":false},"version":2}},"categories":[1],"tags":[22950,8294,11679,12662,16052],"class_list":["post-82508","post","type-post","status-publish","format-standard","has-post-thumbnail","hentry","category-genel","tag-diyarbakirdan","tag-goruntuler","tag-icini","tag-insanin","tag-isitacak"],"jetpack_publicize_connections":[],"jetpack_featured_media_url":"https:\/\/i0.wp.com\/www.tvturk.com\/wp-content\/uploads\/2019\/03\/diyarbakirdan-insanin-icini-isitacak-goruntuler_29b11be.jpg?fit=1000%2C750","jetpack_sharing_enabled":true,"jetpack_shortlink":"https:\/\/wp.me\/paKIfm-lsM","_links":{"self":[{"href":"http:\/\/www.tvturk.com\/index.php\/wp-json\/wp\/v2\/posts\/82508","targetHints":{"allow":["GET"]}}],"collection":[{"href":"http:\/\/www.tvturk.com\/index.php\/wp-json\/wp\/v2\/posts"}],"about":[{"href":"http:\/\/www.tvturk.com\/index.php\/wp-json\/wp\/v2\/types\/post"}],"author":[{"embeddable":true,"href":"http:\/\/www.tvturk.com\/index.php\/wp-json\/wp\/v2\/users\/1"}],"replies":[{"embeddable":true,"href":"http:\/\/www.tvturk.com\/index.php\/wp-json\/wp\/v2\/comments?post=82508"}],"version-history":[{"count":1,"href":"http:\/\/www.tvturk.com\/index.php\/wp-json\/wp\/v2\/posts\/82508\/revisions"}],"predecessor-version":[{"id":82514,"href":"http:\/\/www.tvturk.com\/index.php\/wp-json\/wp\/v2\/posts\/82508\/revisions\/82514"}],"wp:featuredmedia":[{"embeddable":true,"href":"http:\/\/www.tvturk.com\/index.php\/wp-json\/wp\/v2\/media\/82509"}],"wp:attachment":[{"href":"http:\/\/www.tvturk.com\/index.php\/wp-json\/wp\/v2\/media?parent=82508"}],"wp:term":[{"taxonomy":"category","embeddable":true,"href":"http:\/\/www.tvturk.com\/index.php\/wp-json\/wp\/v2\/categories?post=82508"},{"taxonomy":"post_tag","embeddable":true,"href":"http:\/\/www.tvturk.com\/index.php\/wp-json\/wp\/v2\/tags?post=82508"}],"curies":[{"name":"wp","href":"https:\/\/api.w.org\/{rel}","templated":true}]}}