{"id":8281,"date":"2019-02-07T13:09:52","date_gmt":"2019-02-07T10:09:52","guid":{"rendered":"http:\/\/www.tvturk.com\/index.php\/guzellik-mitlerine-dikkat\/"},"modified":"2019-02-07T13:09:52","modified_gmt":"2019-02-07T10:09:52","slug":"guzellik-mitlerine-dikkat","status":"publish","type":"post","link":"http:\/\/www.tvturk.com\/index.php\/guzellik-mitlerine-dikkat\/","title":{"rendered":"G\u00fczellik mitlerine dikkat"},"content":{"rendered":"<p>Dr. Ata Nejat Ertek ciltte olu\u015fan siyah noktalardan bantlar yard\u0131m\u0131 ile kurtulabilece\u011finin yanl\u0131\u015f oldu\u011funu s\u00f6yledi.<\/p>\n<p>Dermatoloji Uzman\u0131 Dr. Ata Nejat Ertek, \u201cSiyah nokta bantlar\u0131 sadece burundaki kirleri temizler. G\u00f6zeneklerde bulunan siyah noktalar\u0131 \u00e7\u0131karmaz. Bant \u00fczerinde g\u00f6rd\u00fckleriniz y\u00fczeysel kirlerdir. Siyah noktalardan g\u00f6zeneklerin a\u00e7\u0131lmas\u0131 gerekir.\u201d dedi.<\/p>\n<p>Dermatec Poliklini\u011fi Ata Nejat Ertek, g\u00fczellik mitlerine dikkat \u00e7ekerek \u015fu bilgileri verdi:<\/p>\n<p>\u201cSel\u00fclitlere \u00e7are kremlerdir. Bu da yanl\u0131\u015f. Sel\u00fclitle m\u00fccadele edilecekse belirli krem ya da jeller etki olu\u015fturmaz. Sel\u00fclitlerden kurtulmak i\u00e7in bir dermatoloji uzman\u0131na dan\u0131\u015farak do\u011fru uygulamalar se\u00e7melisiniz. G\u00fcne\u015f kremi sadece yaz\u0131n s\u00fcr\u00fcl\u00fcr. G\u00fcne\u015fin yayd\u0131\u011f\u0131 UVA \u0131\u015f\u0131nlar\u0131 (k\u0131r\u0131\u015f\u0131kl\u0131\u011fa sebep olanlar) t\u00fcm y\u0131l boyunca ayn\u0131 derecede g\u00fc\u00e7l\u00fc yans\u0131rlar. Siz g\u00f6z\u00fcn\u00fczle g\u00f6rm\u00fcyor olabilirsiniz ama UVB ve UVA \u0131\u015f\u0131nlar\u0131na maruz kalan cilt, ya\u015fl\u0131l\u0131k lekeleri, k\u0131r\u0131\u015f\u0131kl\u0131klar ya da en k\u00f6t\u00fc durumda cilt kanseri gibi ciddi problemlerle kar\u015f\u0131la\u015fabilir. O y\u00fczden k\u0131\u015f\u0131n bile y\u00fcz\u00fcn\u00fcze, ellerinize cilt tipinize uygun g\u00fcne\u015f koruyucu krem s\u00fcrmelisiniz. Ya\u011fl\u0131 cildin nemlendiriciye ihtiyac\u0131 yoktur. Nemlendirici, sa\u011fl\u0131kl\u0131 cilt h\u00fccrelerinin korunmas\u0131nda \u00f6nemli bir bile\u015fendir. Ya\u011fl\u0131 ciltlerin de di\u011fer ciltler gibi nemlendirilmeye ihtiyac\u0131 vard\u0131r. Ya\u011fs\u0131z, su bazl\u0131 olanlar\u0131 tercih etmelisiniz e\u011fer cildiniz ya\u011fl\u0131 ise.\u201d<\/p>\n<p>\u201cAkneyi s\u0131karsan kurtulursun\u201d<\/p>\n<p>Tam tersi aknenin asla s\u0131k\u0131lmamas\u0131 gerekti\u011fini ifade eden Dr. Ertek, \u201c\u00c7\u00fcnk\u00fc s\u0131k\u0131l\u0131rsa aknenin i\u00e7inde bulunan enfeksiyonu ve inflamasyonu da da\u011f\u0131tm\u0131\u015f oluyorsunuz, bunun sonucunda hem y\u00fczde iz olu\u015fuyor, hem daha da b\u00fcy\u00fcyor. Y\u00fcz\u00fcn\u00fcz\u00fc ne kadar \u00e7ok y\u0131karsan\u0131z o kadar iyi; cildinizin bir ya\u011f dengesi var. Her akla gelindi\u011finde cilt temizli\u011fi i\u00e7in y\u00fcz y\u0131kamak bu do\u011fal dengeyi bozar. Fazla temizlenen cilt tahri\u015f olabilir, ya\u011f dengesi bozuldu\u011fundan sorunlu bir g\u00f6r\u00fcnt\u00fc olu\u015fturabilir\u201d a\u00e7\u0131klamalar\u0131nda bulundu.<\/p>\n","protected":false},"excerpt":{"rendered":"<p>DERMATOLOJ\u0130 UZMANI DR. ATA NEJAT ERTEK<\/p>\n","protected":false},"author":1,"featured_media":8282,"comment_status":"closed","ping_status":"open","sticky":false,"template":"","format":"standard","meta":{"jetpack_post_was_ever_published":false,"_jetpack_newsletter_access":"","_jetpack_dont_email_post_to_subs":false,"_jetpack_newsletter_tier_id":0,"_jetpack_memberships_contains_paywalled_content":false,"_jetpack_memberships_contains_paid_content":false,"footnotes":"","jetpack_publicize_message":"","jetpack_publicize_feature_enabled":true,"jetpack_social_post_already_shared":false,"jetpack_social_options":{"image_generator_settings":{"template":"highway","default_image_id":0,"font":"","enabled":false},"version":2}},"categories":[658],"tags":[1440,4428,4429],"class_list":["post-8281","post","type-post","status-publish","format-standard","has-post-thumbnail","hentry","category-saglik","tag-dikkat","tag-guzellik","tag-mitlerine"],"jetpack_publicize_connections":[],"jetpack_featured_media_url":"https:\/\/i0.wp.com\/www.tvturk.com\/wp-content\/uploads\/2019\/02\/guzellik-mitlerine-dikkat_39df5e3.jpg?fit=716%2C1000","jetpack_sharing_enabled":true,"jetpack_shortlink":"https:\/\/wp.me\/paKIfm-29z","_links":{"self":[{"href":"http:\/\/www.tvturk.com\/index.php\/wp-json\/wp\/v2\/posts\/8281","targetHints":{"allow":["GET"]}}],"collection":[{"href":"http:\/\/www.tvturk.com\/index.php\/wp-json\/wp\/v2\/posts"}],"about":[{"href":"http:\/\/www.tvturk.com\/index.php\/wp-json\/wp\/v2\/types\/post"}],"author":[{"embeddable":true,"href":"http:\/\/www.tvturk.com\/index.php\/wp-json\/wp\/v2\/users\/1"}],"replies":[{"embeddable":true,"href":"http:\/\/www.tvturk.com\/index.php\/wp-json\/wp\/v2\/comments?post=8281"}],"version-history":[{"count":0,"href":"http:\/\/www.tvturk.com\/index.php\/wp-json\/wp\/v2\/posts\/8281\/revisions"}],"wp:featuredmedia":[{"embeddable":true,"href":"http:\/\/www.tvturk.com\/index.php\/wp-json\/wp\/v2\/media\/8282"}],"wp:attachment":[{"href":"http:\/\/www.tvturk.com\/index.php\/wp-json\/wp\/v2\/media?parent=8281"}],"wp:term":[{"taxonomy":"category","embeddable":true,"href":"http:\/\/www.tvturk.com\/index.php\/wp-json\/wp\/v2\/categories?post=8281"},{"taxonomy":"post_tag","embeddable":true,"href":"http:\/\/www.tvturk.com\/index.php\/wp-json\/wp\/v2\/tags?post=8281"}],"curies":[{"name":"wp","href":"https:\/\/api.w.org\/{rel}","templated":true}]}}