{"id":8283,"date":"2019-02-07T13:11:03","date_gmt":"2019-02-07T10:11:03","guid":{"rendered":"http:\/\/www.tvturk.com\/index.php\/celenk-gaziantepe-gazilik-unvani-verilisinin-98-yil-donumunu-kutladi\/"},"modified":"2019-02-07T13:11:03","modified_gmt":"2019-02-07T10:11:03","slug":"celenk-gaziantepe-gazilik-unvani-verilisinin-98-yil-donumunu-kutladi","status":"publish","type":"post","link":"http:\/\/www.tvturk.com\/index.php\/celenk-gaziantepe-gazilik-unvani-verilisinin-98-yil-donumunu-kutladi\/","title":{"rendered":"\u00c7elenk Gaziantep\u2019e Gazilik unvan\u0131 verili\u015finin 98. y\u0131l d\u00f6n\u00fcm\u00fcn\u00fc kutlad\u0131"},"content":{"rendered":"<p>M\u00dcS\u0130AD Gaziantep \u015eube Ba\u015fkan\u0131 Mehmet \u00c7elenk,  Antep\u2019e Gazilik unvan\u0131 verili\u015finin y\u0131l d\u00f6n\u00fcm\u00fc m\u00fcnasebetiyle bir mesaj yay\u0131mlad\u0131.<\/p>\n<p>Antep\u2019e Gazilik unvan\u0131n\u0131n verili\u015finin 98. y\u0131l d\u00f6n\u00fcm\u00fc m\u00fcnasebetiyle mesaj yay\u0131mlayan M\u00fcstakil Sanayici ve \u0130\u015fadamlar\u0131 Derne\u011fi Gaziantep \u015eube Ba\u015fkan\u0131 Mehmet \u00c7elenk, \u201cAntepli onuru ve \u015ferefi i\u00e7in ya\u015far. Antepli onurunu, \u015ferefini \u00e7i\u011fnetmez. Bunun i\u00e7in de vatan\u0131 u\u011fruna can\u0131n\u0131 vermekten \u00e7ekinmez. 98 y\u0131l \u00f6nce bu topraklar\u0131 bize emanet eden ve bu b\u00fcy\u00fck kahramanl\u0131k destan\u0131n\u0131 yazan aziz kahramanlar\u0131n\u0131; \u015fehitlerimizi ve gazilerimizi bir kez daha rahmet ve minnetle an\u0131yorum\u201d dedi.<\/p>\n<p>\u201cY\u00fcrekleri memleket kadar b\u00fcy\u00fck\u201d<\/p>\n<p>Antep\u2019in b\u00fcy\u00fck \u00e7abalar sonucu bu unvana kavu\u015ftu\u011funu belirten \u00c7elenk, \u201cY\u00fcrekleri ve vatan sevgileri memleket kadar b\u00fcy\u00fck Anteplilerin d\u00fc\u015fman kar\u015f\u0131s\u0131nda g\u00f6sterdikleri duru\u015fla yazd\u0131klar\u0131 kahramanl\u0131k destan\u0131 sonucu, \u015fehrimizin \u2018Gazilik\u2019 gibi anlaml\u0131 ve onurlu bir unvanla ta\u00e7land\u0131\u011f\u0131 g\u00fcnd\u00fcr 8 \u015eubat. Ellerinde silahlar\u0131 olmamas\u0131na ra\u011fmen g\u00f6z\u00fc kara yi\u011fitlerin \u00f6l\u00fcme ko\u015fu\u015flar\u0131 ba\u015flatt\u0131 bu \u015fanl\u0131 tarihi. Antep\u2019in Gaziantep yolculu\u011fu azim ve kararl\u0131l\u0131\u011f\u0131 ile a\u00e7l\u0131k ve yokluk i\u00e7inde, 11 ay boyunca, 6 bin 317 \u015fehit ve say\u0131s\u0131z kahramanla istiklal i\u00e7in m\u00fccadele etti ve kazand\u0131. Ba\u011f\u0131ms\u0131zl\u0131\u011fa giden bu yolda dik duru\u015fuyla ald\u0131\u011f\u0131 \u2019gazilik\u2019 unvan\u0131n\u0131 hakkaniyetle, bile\u011finin hakk\u0131yla alm\u0131\u015ft\u0131r\u201d  ifadelerini kulland\u0131.<\/p>\n<p>Mehmet \u00c7elenk,Gazi Mustafa Kemal Atat\u00fcrk\u2019\u00fcn \u201cOnlar yaln\u0131z Antep\u2019i de\u011fil T\u00fcrkiye\u2019yi de kurtard\u0131lar&#8221; s\u00f6zleriyle tan\u0131mlad\u0131\u011f\u0131 kahramanl\u0131k destan\u0131 ile Antep\u2019in, 8 \u015eubat 1921 tarihinde, T\u00fcrkiye B\u00fcy\u00fck Millet Meclisinin \u00e7\u0131kard\u0131\u011f\u0131 93 say\u0131l\u0131 kanunla, \u201cgazilik\u201d unvan\u0131n\u0131 ald\u0131\u011f\u0131n\u0131 ve bir \u015fehrin ad\u0131n\u0131 de\u011fi\u015ftiren direni\u015fin, tarihe alt\u0131n harflerle yaz\u0131ld\u0131\u011f\u0131n\u0131 hat\u0131rlatt\u0131.<\/p>\n<p>\u201cUnutmayaca\u011f\u0131z, unutturmayaca\u011f\u0131z\u201d<\/p>\n<p>Kendilerine b\u0131rak\u0131lan mirasa sahip \u00e7\u0131kacaklar\u0131n\u0131 vurgulayan \u00c7elenk, \u201cTarihimiz her zaman bizim rehberimiz olmal\u0131. Gaziantep\u2019in kurtulu\u015f m\u00fccadelesini unutmayaca\u011f\u0131z, unutturmayaca\u011f\u0131z. Bize b\u0131rak\u0131lan mirasa sahip \u00e7\u0131kacak ve rengini \u015fehitlerimizin kan\u0131ndan alan al bayra\u011f\u0131m\u0131z\u0131 ilelebet bu topraklar \u00fczerinde dalgaland\u0131raca\u011f\u0131z. \u015eairin de m\u0131sralar\u0131nda bahsetti\u011fi gibi; Ey mavi g\u00f6klerin beyaz ve k\u0131z\u0131l s\u00fcs\u00fc, k\u0131z karde\u015fimin gelinli\u011fi, \u015fehidimin son \u00f6rt\u00fcs\u00fc, \u0131\u015f\u0131k \u0131\u015f\u0131k, dalga dalga bayra\u011f\u0131m. Senin destan\u0131n\u0131 okudum, senin destan\u0131n\u0131 yazaca\u011f\u0131m. T\u00fcrkiye\u2019de do\u011fmak b\u00fcy\u00fck bir \u015fanst\u0131r ama Gaziantep\u2019li olmak b\u00fcy\u00fck bir ayr\u0131cal\u0131kt\u0131r. Biz Gaziantep\u2019liyiz demenin onurunu ya\u015f\u0131yoruz. Bize bu onuru ya\u015fatan Atalar\u0131m\u0131z\u0131, t\u00fcm \u015fehit ve gazilerimizi rahmet ve minnetle an\u0131yorum\u201d diye konu\u015ftu.<\/p>\n","protected":false},"excerpt":{"rendered":"<p>M\u00dcS\u0130AD GAZ\u0130ANTEP \u015eUBE BA\u015eKANI MEHMET \u00c7ELENK<\/p>\n","protected":false},"author":1,"featured_media":8284,"comment_status":"closed","ping_status":"open","sticky":false,"template":"","format":"standard","meta":{"jetpack_post_was_ever_published":false,"_jetpack_newsletter_access":"","_jetpack_dont_email_post_to_subs":false,"_jetpack_newsletter_tier_id":0,"_jetpack_memberships_contains_paywalled_content":false,"_jetpack_memberships_contains_paid_content":false,"footnotes":"","jetpack_publicize_message":"","jetpack_publicize_feature_enabled":true,"jetpack_social_post_already_shared":false,"jetpack_social_options":{"image_generator_settings":{"template":"highway","default_image_id":0,"font":"","enabled":false},"version":2}},"categories":[655],"tags":[3120,4093,4430,4431,4092,4040,3098,3099,231],"class_list":["post-8283","post","type-post","status-publish","format-standard","has-post-thumbnail","hentry","category-son-dakika","tag-gazilik","tag-4093","tag-celenk","tag-donumunu","tag-gaziantepe","tag-kutladi","tag-unvani","tag-verilisinin","tag-yil"],"jetpack_publicize_connections":[],"jetpack_featured_media_url":"https:\/\/i0.wp.com\/www.tvturk.com\/wp-content\/uploads\/2019\/02\/celenk-gaziantepe-gazilik-unvani-verilisinin-98-yil-donumunu-kutladi_173d08e.jpg?fit=1000%2C666","jetpack_sharing_enabled":true,"jetpack_shortlink":"https:\/\/wp.me\/paKIfm-29B","_links":{"self":[{"href":"http:\/\/www.tvturk.com\/index.php\/wp-json\/wp\/v2\/posts\/8283","targetHints":{"allow":["GET"]}}],"collection":[{"href":"http:\/\/www.tvturk.com\/index.php\/wp-json\/wp\/v2\/posts"}],"about":[{"href":"http:\/\/www.tvturk.com\/index.php\/wp-json\/wp\/v2\/types\/post"}],"author":[{"embeddable":true,"href":"http:\/\/www.tvturk.com\/index.php\/wp-json\/wp\/v2\/users\/1"}],"replies":[{"embeddable":true,"href":"http:\/\/www.tvturk.com\/index.php\/wp-json\/wp\/v2\/comments?post=8283"}],"version-history":[{"count":0,"href":"http:\/\/www.tvturk.com\/index.php\/wp-json\/wp\/v2\/posts\/8283\/revisions"}],"wp:featuredmedia":[{"embeddable":true,"href":"http:\/\/www.tvturk.com\/index.php\/wp-json\/wp\/v2\/media\/8284"}],"wp:attachment":[{"href":"http:\/\/www.tvturk.com\/index.php\/wp-json\/wp\/v2\/media?parent=8283"}],"wp:term":[{"taxonomy":"category","embeddable":true,"href":"http:\/\/www.tvturk.com\/index.php\/wp-json\/wp\/v2\/categories?post=8283"},{"taxonomy":"post_tag","embeddable":true,"href":"http:\/\/www.tvturk.com\/index.php\/wp-json\/wp\/v2\/tags?post=8283"}],"curies":[{"name":"wp","href":"https:\/\/api.w.org\/{rel}","templated":true}]}}