{"id":83061,"date":"2019-03-10T15:25:07","date_gmt":"2019-03-10T12:25:07","guid":{"rendered":"http:\/\/www.tvturk.com\/index.php\/arilari-kovmak-icin-700-yillik-agaclari-yakip-kestiler\/"},"modified":"2019-03-10T15:25:11","modified_gmt":"2019-03-10T12:25:11","slug":"arilari-kovmak-icin-700-yillik-agaclari-yakip-kestiler","status":"publish","type":"post","link":"http:\/\/www.tvturk.com\/index.php\/arilari-kovmak-icin-700-yillik-agaclari-yakip-kestiler\/","title":{"rendered":"Ar\u0131lar\u0131 kovmak i\u00e7in 700 y\u0131ll\u0131k a\u011fa\u00e7lar\u0131 yak\u0131p, kestiler"},"content":{"rendered":"<p>Bursa\u2019n\u0131n \u0130znik il\u00e7esinde Roma ve Osmanl\u0131 d\u00f6nemine \u015fahitlik eden 700 y\u0131ll\u0131k servi a\u011fa\u00e7lar\u0131, ar\u0131lar\u0131 kovmak i\u00e7in ate\u015f yak\u0131l\u0131p, dallar\u0131 h\u0131zarla kesilerek tahrip edildi.<\/p>\n<p>Elbeyli k\u00f6y\u00fc Hesbekli mevkiinde tarla i\u00e7inde yan yana y\u00fckselen 700 y\u0131ll\u0131k iki servi a\u011fac\u0131ndan biri kurudu\u011fu i\u00e7in devrildi. Di\u011feri ayakta olan devasa b\u00fcy\u00fckl\u00fckteki servilerin g\u00f6vdesinde h\u0131zar makinesi ile derin kesikler a\u00e7\u0131ld\u0131\u011f\u0131 ve her iki a\u011fac\u0131n g\u00f6vdesinde derin yan\u0131klar oldu\u011fu g\u00f6r\u00fcld\u00fc. 6 y\u0131l \u00f6nce tescillenerek an\u0131t a\u011fa\u00e7 ilan edilen 6 metre geni\u015fli\u011finde ve 20 metre uzunlu\u011fundaki servilerin g\u00f6vdesinde ar\u0131lar\u0131 kovmak i\u00e7in ate\u015f yak\u0131ld\u0131\u011f\u0131 \u00f6\u011frenildi.<\/p>\n<p>Elbeyli K\u00f6y\u00fc Muhtar\u0131 Hasan \u00dcnal, &#8220;Bu serviler 700 senelik. G\u00f6vdelerinde ate\u015f yak\u0131lm\u0131\u015f. M\u00fcze M\u00fcd\u00fcrl\u00fc\u011f\u00fc buradaki a\u011fa\u00e7lar\u0131n varl\u0131\u011f\u0131ndan haberdar, ancak ilgilenen yok&#8221; dedi.<\/p>\n<p>Foto\u011fraf tutkunu Ali A\u015f\u0131k ise, &#8220;Tesad\u00fcfen arkada\u015flar\u0131mdan Elbeyli\u2019de tarihi servi a\u011fa\u00e7lar\u0131 oldu\u011funu duydum ve foto\u011fraflamak i\u00e7in geldim. Ger\u00e7ekten inan\u0131lmaz bir do\u011fa harikas\u0131. \u00d6zellikle doku \u00e7al\u0131\u015fmas\u0131 a\u00e7\u0131s\u0131ndan \u00f6nemli. Muhte\u015fem bir eser diyebilirim. K\u00f6t\u00fc taraf\u0131 ise yanm\u0131\u015f durumda. Buran\u0131n koruma alt\u0131na al\u0131nmas\u0131 gerekmekte. Yetkililerin bu konuda ilgisiz kalmas\u0131 \u00e7ok \u00fcz\u00fcc\u00fc&#8221; dedi.<div class=\"tiled-gallery type-rectangular tiled-gallery-unresized\" data-original-width=\"500\" data-carousel-extra='null' itemscope itemtype=\"http:\/\/schema.org\/ImageGallery\" > <div class=\"gallery-row\" style=\"width: 500px; height: 429px;\" data-original-width=\"500\" data-original-height=\"429\" > <div class=\"gallery-group images-3\" style=\"width: 214px; height: 429px;\" data-original-width=\"214\" data-original-height=\"429\" > <div class=\"tiled-gallery-item tiled-gallery-item-small\" itemprop=\"associatedMedia\" itemscope itemtype=\"http:\/\/schema.org\/ImageObject\"> <a href=\"http:\/\/www.tvturk.com\/index.php\/arilari-kovmak-icin-700-yillik-agaclari-yakip-kestiler\/arilari-kovmak-icin-700-yillik-agaclari-yakip-kestiler-3\/\" border=\"0\" itemprop=\"url\"> <meta itemprop=\"width\" content=\"210\"> <meta itemprop=\"height\" content=\"139\"> <img decoding=\"async\" class=\"\" data-attachment-id=\"83063\" data-orig-file=\"http:\/\/www.tvturk.com\/wp-content\/uploads\/2019\/03\/arilari-kovmak-icin-700-yillik-agaclari-yakip-kestiler_587afda.jpg\" data-orig-size=\"1000,664\" data-comments-opened=\"\" data-image-meta=\"{&quot;aperture&quot;:&quot;0&quot;,&quot;credit&quot;:&quot;IHA&quot;,&quot;camera&quot;:&quot;&quot;,&quot;caption&quot;:&quot;ROMA VE OSMANLI D\\u00d6NEM\\u0130NE \\u015eAH\\u0130TL\\u0130K EDEN 700 YILLIK SELV\\u0130 A\\u011eA\\u00c7LARININ G\\u00d6VDES\\u0130 \\u0130\\u00c7\\u0130NDE ATE\\u015e YAKTILAR. G\\u00d6VDE GEN\\u0130\\u015eL\\u0130\\u011e\\u0130 6 METRE, UZUNLU\\u011eU \\u0130SE 20 METREY\\u0130 BULAN TAR\\u0130H\\u0130 SELV\\u0130 A\\u011eACI, ARILARI KA\\u00c7IRMAK \\u0130\\u00c7\\u0130N YAKILAN ATE\\u015e NEDEN\\u0130YLE ZARAR G\\u00d6RM\\u00dc\\u015e DURUMDA. (\\u0130HA\\\/BURSA-\\u0130HA)&quot;,&quot;created_timestamp&quot;:&quot;0&quot;,&quot;copyright&quot;:&quot;\\u0130HLAS HABER AJANSI, www.iha.com.tr&quot;,&quot;focal_length&quot;:&quot;0&quot;,&quot;iso&quot;:&quot;0&quot;,&quot;shutter_speed&quot;:&quot;0&quot;,&quot;title&quot;:&quot;ARILARI KOVMAK \\u0130\\u00c7\\u0130N 700 YILLIK A\\u011eA\\u00c7LARI YAKIP, KEST\\u0130LER&quot;,&quot;orientation&quot;:&quot;0&quot;}\" data-image-title=\"Ar\u0131lar\u0131 kovmak i\u00e7in 700 y\u0131ll\u0131k a\u011fa\u00e7lar\u0131 yak\u0131p, kestiler\" data-image-description=\"&lt;p&gt;Ar\u0131lar\u0131 kovmak i\u00e7in 700 y\u0131ll\u0131k a\u011fa\u00e7lar\u0131 yak\u0131p, kestiler&lt;\/p&gt; \" data-medium-file=\"https:\/\/i0.wp.com\/www.tvturk.com\/wp-content\/uploads\/2019\/03\/arilari-kovmak-icin-700-yillik-agaclari-yakip-kestiler_587afda.jpg?fit=300%2C199\" data-large-file=\"https:\/\/i0.wp.com\/www.tvturk.com\/wp-content\/uploads\/2019\/03\/arilari-kovmak-icin-700-yillik-agaclari-yakip-kestiler_587afda.jpg?fit=1000%2C664\" src=\"https:\/\/i0.wp.com\/www.tvturk.com\/wp-content\/uploads\/2019\/03\/arilari-kovmak-icin-700-yillik-agaclari-yakip-kestiler_587afda.jpg?w=210&#038;h=139\" srcset=\"https:\/\/i0.wp.com\/www.tvturk.com\/wp-content\/uploads\/2019\/03\/arilari-kovmak-icin-700-yillik-agaclari-yakip-kestiler_587afda.jpg?w=1000 1000w, https:\/\/i0.wp.com\/www.tvturk.com\/wp-content\/uploads\/2019\/03\/arilari-kovmak-icin-700-yillik-agaclari-yakip-kestiler_587afda.jpg?resize=150%2C100 150w, https:\/\/i0.wp.com\/www.tvturk.com\/wp-content\/uploads\/2019\/03\/arilari-kovmak-icin-700-yillik-agaclari-yakip-kestiler_587afda.jpg?resize=300%2C200 300w, https:\/\/i0.wp.com\/www.tvturk.com\/wp-content\/uploads\/2019\/03\/arilari-kovmak-icin-700-yillik-agaclari-yakip-kestiler_587afda.jpg?resize=768%2C510 768w, https:\/\/i0.wp.com\/www.tvturk.com\/wp-content\/uploads\/2019\/03\/arilari-kovmak-icin-700-yillik-agaclari-yakip-kestiler_587afda.jpg?resize=170%2C113 170w, https:\/\/i0.wp.com\/www.tvturk.com\/wp-content\/uploads\/2019\/03\/arilari-kovmak-icin-700-yillik-agaclari-yakip-kestiler_587afda.jpg?resize=120%2C80 120w\" width=\"210\" height=\"139\" loading=\"lazy\" data-original-width=\"210\" data-original-height=\"139\" itemprop=\"http:\/\/schema.org\/image\" title=\"Ar\u0131lar\u0131 kovmak i\u00e7in 700 y\u0131ll\u0131k a\u011fa\u00e7lar\u0131 yak\u0131p, kestiler\" alt=\"Ar\u0131lar\u0131 kovmak i\u00e7in 700 y\u0131ll\u0131k a\u011fa\u00e7lar\u0131 yak\u0131p, kestiler\" style=\"width: 210px; height: 139px;\" \/> <\/a> <\/div> <div class=\"tiled-gallery-item tiled-gallery-item-small\" itemprop=\"associatedMedia\" itemscope itemtype=\"http:\/\/schema.org\/ImageObject\"> <a href=\"http:\/\/www.tvturk.com\/index.php\/arilari-kovmak-icin-700-yillik-agaclari-yakip-kestiler\/arilari-kovmak-icin-700-yillik-agaclari-yakip-kestiler-4\/\" border=\"0\" itemprop=\"url\"> <meta itemprop=\"width\" content=\"210\"> <meta itemprop=\"height\" content=\"139\"> <img decoding=\"async\" class=\"\" data-attachment-id=\"83064\" data-orig-file=\"http:\/\/www.tvturk.com\/wp-content\/uploads\/2019\/03\/arilari-kovmak-icin-700-yillik-agaclari-yakip-kestiler_fcd754a.jpg\" data-orig-size=\"1000,664\" data-comments-opened=\"\" data-image-meta=\"{&quot;aperture&quot;:&quot;0&quot;,&quot;credit&quot;:&quot;IHA&quot;,&quot;camera&quot;:&quot;&quot;,&quot;caption&quot;:&quot;ROMA VE OSMANLI D\\u00d6NEM\\u0130NE \\u015eAH\\u0130TL\\u0130K EDEN 700 YILLIK SELV\\u0130 A\\u011eA\\u00c7LARININ G\\u00d6VDES\\u0130 \\u0130\\u00c7\\u0130NDE ATE\\u015e YAKTILAR. G\\u00d6VDE GEN\\u0130\\u015eL\\u0130\\u011e\\u0130 6 METRE, UZUNLU\\u011eU \\u0130SE 20 METREY\\u0130 BULAN TAR\\u0130H\\u0130 SELV\\u0130 A\\u011eACI, ARILARI KA\\u00c7IRMAK \\u0130\\u00c7\\u0130N YAKILAN ATE\\u015e NEDEN\\u0130YLE ZARAR G\\u00d6RM\\u00dc\\u015e DURUMDA. (\\u0130HA\\\/BURSA-\\u0130HA)&quot;,&quot;created_timestamp&quot;:&quot;0&quot;,&quot;copyright&quot;:&quot;\\u0130HLAS HABER AJANSI, www.iha.com.tr&quot;,&quot;focal_length&quot;:&quot;0&quot;,&quot;iso&quot;:&quot;0&quot;,&quot;shutter_speed&quot;:&quot;0&quot;,&quot;title&quot;:&quot;ARILARI KOVMAK \\u0130\\u00c7\\u0130N 700 YILLIK A\\u011eA\\u00c7LARI YAKIP, KEST\\u0130LER&quot;,&quot;orientation&quot;:&quot;0&quot;}\" data-image-title=\"Ar\u0131lar\u0131 kovmak i\u00e7in 700 y\u0131ll\u0131k a\u011fa\u00e7lar\u0131 yak\u0131p, kestiler\" data-image-description=\"&lt;p&gt;Ar\u0131lar\u0131 kovmak i\u00e7in 700 y\u0131ll\u0131k a\u011fa\u00e7lar\u0131 yak\u0131p, kestiler&lt;\/p&gt; \" data-medium-file=\"https:\/\/i0.wp.com\/www.tvturk.com\/wp-content\/uploads\/2019\/03\/arilari-kovmak-icin-700-yillik-agaclari-yakip-kestiler_fcd754a.jpg?fit=300%2C199\" data-large-file=\"https:\/\/i0.wp.com\/www.tvturk.com\/wp-content\/uploads\/2019\/03\/arilari-kovmak-icin-700-yillik-agaclari-yakip-kestiler_fcd754a.jpg?fit=1000%2C664\" src=\"https:\/\/i0.wp.com\/www.tvturk.com\/wp-content\/uploads\/2019\/03\/arilari-kovmak-icin-700-yillik-agaclari-yakip-kestiler_fcd754a.jpg?w=210&#038;h=139\" srcset=\"https:\/\/i0.wp.com\/www.tvturk.com\/wp-content\/uploads\/2019\/03\/arilari-kovmak-icin-700-yillik-agaclari-yakip-kestiler_fcd754a.jpg?w=1000 1000w, https:\/\/i0.wp.com\/www.tvturk.com\/wp-content\/uploads\/2019\/03\/arilari-kovmak-icin-700-yillik-agaclari-yakip-kestiler_fcd754a.jpg?resize=150%2C100 150w, https:\/\/i0.wp.com\/www.tvturk.com\/wp-content\/uploads\/2019\/03\/arilari-kovmak-icin-700-yillik-agaclari-yakip-kestiler_fcd754a.jpg?resize=300%2C200 300w, https:\/\/i0.wp.com\/www.tvturk.com\/wp-content\/uploads\/2019\/03\/arilari-kovmak-icin-700-yillik-agaclari-yakip-kestiler_fcd754a.jpg?resize=768%2C510 768w, https:\/\/i0.wp.com\/www.tvturk.com\/wp-content\/uploads\/2019\/03\/arilari-kovmak-icin-700-yillik-agaclari-yakip-kestiler_fcd754a.jpg?resize=170%2C113 170w, https:\/\/i0.wp.com\/www.tvturk.com\/wp-content\/uploads\/2019\/03\/arilari-kovmak-icin-700-yillik-agaclari-yakip-kestiler_fcd754a.jpg?resize=120%2C80 120w\" width=\"210\" height=\"139\" loading=\"lazy\" data-original-width=\"210\" data-original-height=\"139\" itemprop=\"http:\/\/schema.org\/image\" title=\"Ar\u0131lar\u0131 kovmak i\u00e7in 700 y\u0131ll\u0131k a\u011fa\u00e7lar\u0131 yak\u0131p, kestiler\" alt=\"Ar\u0131lar\u0131 kovmak i\u00e7in 700 y\u0131ll\u0131k a\u011fa\u00e7lar\u0131 yak\u0131p, kestiler\" style=\"width: 210px; height: 139px;\" \/> <\/a> <\/div> <div class=\"tiled-gallery-item tiled-gallery-item-small\" itemprop=\"associatedMedia\" itemscope itemtype=\"http:\/\/schema.org\/ImageObject\"> <a href=\"http:\/\/www.tvturk.com\/index.php\/arilari-kovmak-icin-700-yillik-agaclari-yakip-kestiler\/arilari-kovmak-icin-700-yillik-agaclari-yakip-kestiler-5\/\" border=\"0\" itemprop=\"url\"> <meta itemprop=\"width\" content=\"210\"> <meta itemprop=\"height\" content=\"139\"> <img decoding=\"async\" class=\"\" data-attachment-id=\"83065\" data-orig-file=\"http:\/\/www.tvturk.com\/wp-content\/uploads\/2019\/03\/arilari-kovmak-icin-700-yillik-agaclari-yakip-kestiler_b15733f.jpg\" data-orig-size=\"1000,664\" data-comments-opened=\"\" data-image-meta=\"{&quot;aperture&quot;:&quot;0&quot;,&quot;credit&quot;:&quot;IHA&quot;,&quot;camera&quot;:&quot;&quot;,&quot;caption&quot;:&quot;ROMA VE OSMANLI D\\u00d6NEM\\u0130NE \\u015eAH\\u0130TL\\u0130K EDEN 700 YILLIK SELV\\u0130 A\\u011eA\\u00c7LARININ G\\u00d6VDES\\u0130 \\u0130\\u00c7\\u0130NDE ATE\\u015e YAKTILAR. G\\u00d6VDE GEN\\u0130\\u015eL\\u0130\\u011e\\u0130 6 METRE, UZUNLU\\u011eU \\u0130SE 20 METREY\\u0130 BULAN TAR\\u0130H\\u0130 SELV\\u0130 A\\u011eACI, ARILARI KA\\u00c7IRMAK \\u0130\\u00c7\\u0130N YAKILAN ATE\\u015e NEDEN\\u0130YLE ZARAR G\\u00d6RM\\u00dc\\u015e DURUMDA. (\\u0130HA\\\/BURSA-\\u0130HA)&quot;,&quot;created_timestamp&quot;:&quot;0&quot;,&quot;copyright&quot;:&quot;\\u0130HLAS HABER AJANSI, www.iha.com.tr&quot;,&quot;focal_length&quot;:&quot;0&quot;,&quot;iso&quot;:&quot;0&quot;,&quot;shutter_speed&quot;:&quot;0&quot;,&quot;title&quot;:&quot;ARILARI KOVMAK \\u0130\\u00c7\\u0130N 700 YILLIK A\\u011eA\\u00c7LARI YAKIP, KEST\\u0130LER&quot;,&quot;orientation&quot;:&quot;0&quot;}\" data-image-title=\"Ar\u0131lar\u0131 kovmak i\u00e7in 700 y\u0131ll\u0131k a\u011fa\u00e7lar\u0131 yak\u0131p, kestiler\" data-image-description=\"&lt;p&gt;Ar\u0131lar\u0131 kovmak i\u00e7in 700 y\u0131ll\u0131k a\u011fa\u00e7lar\u0131 yak\u0131p, kestiler&lt;\/p&gt; \" data-medium-file=\"https:\/\/i0.wp.com\/www.tvturk.com\/wp-content\/uploads\/2019\/03\/arilari-kovmak-icin-700-yillik-agaclari-yakip-kestiler_b15733f.jpg?fit=300%2C199\" data-large-file=\"https:\/\/i0.wp.com\/www.tvturk.com\/wp-content\/uploads\/2019\/03\/arilari-kovmak-icin-700-yillik-agaclari-yakip-kestiler_b15733f.jpg?fit=1000%2C664\" src=\"https:\/\/i0.wp.com\/www.tvturk.com\/wp-content\/uploads\/2019\/03\/arilari-kovmak-icin-700-yillik-agaclari-yakip-kestiler_b15733f.jpg?w=210&#038;h=139\" srcset=\"https:\/\/i0.wp.com\/www.tvturk.com\/wp-content\/uploads\/2019\/03\/arilari-kovmak-icin-700-yillik-agaclari-yakip-kestiler_b15733f.jpg?w=1000 1000w, https:\/\/i0.wp.com\/www.tvturk.com\/wp-content\/uploads\/2019\/03\/arilari-kovmak-icin-700-yillik-agaclari-yakip-kestiler_b15733f.jpg?resize=150%2C100 150w, https:\/\/i0.wp.com\/www.tvturk.com\/wp-content\/uploads\/2019\/03\/arilari-kovmak-icin-700-yillik-agaclari-yakip-kestiler_b15733f.jpg?resize=300%2C200 300w, https:\/\/i0.wp.com\/www.tvturk.com\/wp-content\/uploads\/2019\/03\/arilari-kovmak-icin-700-yillik-agaclari-yakip-kestiler_b15733f.jpg?resize=768%2C510 768w, https:\/\/i0.wp.com\/www.tvturk.com\/wp-content\/uploads\/2019\/03\/arilari-kovmak-icin-700-yillik-agaclari-yakip-kestiler_b15733f.jpg?resize=170%2C113 170w, https:\/\/i0.wp.com\/www.tvturk.com\/wp-content\/uploads\/2019\/03\/arilari-kovmak-icin-700-yillik-agaclari-yakip-kestiler_b15733f.jpg?resize=120%2C80 120w\" width=\"210\" height=\"139\" loading=\"lazy\" data-original-width=\"210\" data-original-height=\"139\" itemprop=\"http:\/\/schema.org\/image\" title=\"Ar\u0131lar\u0131 kovmak i\u00e7in 700 y\u0131ll\u0131k a\u011fa\u00e7lar\u0131 yak\u0131p, kestiler\" alt=\"Ar\u0131lar\u0131 kovmak i\u00e7in 700 y\u0131ll\u0131k a\u011fa\u00e7lar\u0131 yak\u0131p, kestiler\" style=\"width: 210px; height: 139px;\" \/> <\/a> <\/div> <\/div> <!-- close group --> <div class=\"gallery-group images-1\" style=\"width: 286px; height: 429px;\" data-original-width=\"286\" data-original-height=\"429\" > <div class=\"tiled-gallery-item tiled-gallery-item-large\" itemprop=\"associatedMedia\" itemscope itemtype=\"http:\/\/schema.org\/ImageObject\"> <a href=\"http:\/\/www.tvturk.com\/index.php\/arilari-kovmak-icin-700-yillik-agaclari-yakip-kestiler\/arilari-kovmak-icin-700-yillik-agaclari-yakip-kestiler-6\/\" border=\"0\" itemprop=\"url\"> <meta itemprop=\"width\" content=\"282\"> <meta itemprop=\"height\" content=\"425\"> <img decoding=\"async\" class=\"\" data-attachment-id=\"83066\" data-orig-file=\"http:\/\/www.tvturk.com\/wp-content\/uploads\/2019\/03\/arilari-kovmak-icin-700-yillik-agaclari-yakip-kestiler_58154df.jpg\" data-orig-size=\"664,1000\" data-comments-opened=\"\" data-image-meta=\"{&quot;aperture&quot;:&quot;0&quot;,&quot;credit&quot;:&quot;IHA&quot;,&quot;camera&quot;:&quot;&quot;,&quot;caption&quot;:&quot;ROMA VE OSMANLI D\\u00d6NEM\\u0130NE \\u015eAH\\u0130TL\\u0130K EDEN 700 YILLIK SELV\\u0130 A\\u011eA\\u00c7LARININ G\\u00d6VDES\\u0130 \\u0130\\u00c7\\u0130NDE ATE\\u015e YAKTILAR. G\\u00d6VDE GEN\\u0130\\u015eL\\u0130\\u011e\\u0130 6 METRE, UZUNLU\\u011eU \\u0130SE 20 METREY\\u0130 BULAN TAR\\u0130H\\u0130 SELV\\u0130 A\\u011eACI, ARILARI KA\\u00c7IRMAK \\u0130\\u00c7\\u0130N YAKILAN ATE\\u015e NEDEN\\u0130YLE ZARAR G\\u00d6RM\\u00dc\\u015e DURUMDA. (\\u0130HA\\\/BURSA-\\u0130HA)&quot;,&quot;created_timestamp&quot;:&quot;0&quot;,&quot;copyright&quot;:&quot;\\u0130HLAS HABER AJANSI, www.iha.com.tr&quot;,&quot;focal_length&quot;:&quot;0&quot;,&quot;iso&quot;:&quot;0&quot;,&quot;shutter_speed&quot;:&quot;0&quot;,&quot;title&quot;:&quot;ARILARI KOVMAK \\u0130\\u00c7\\u0130N 700 YILLIK A\\u011eA\\u00c7LARI YAKIP, KEST\\u0130LER&quot;,&quot;orientation&quot;:&quot;0&quot;}\" data-image-title=\"Ar\u0131lar\u0131 kovmak i\u00e7in 700 y\u0131ll\u0131k a\u011fa\u00e7lar\u0131 yak\u0131p, kestiler\" data-image-description=\"&lt;p&gt;Ar\u0131lar\u0131 kovmak i\u00e7in 700 y\u0131ll\u0131k a\u011fa\u00e7lar\u0131 yak\u0131p, kestiler&lt;\/p&gt; \" data-medium-file=\"https:\/\/i0.wp.com\/www.tvturk.com\/wp-content\/uploads\/2019\/03\/arilari-kovmak-icin-700-yillik-agaclari-yakip-kestiler_58154df.jpg?fit=199%2C300\" data-large-file=\"https:\/\/i0.wp.com\/www.tvturk.com\/wp-content\/uploads\/2019\/03\/arilari-kovmak-icin-700-yillik-agaclari-yakip-kestiler_58154df.jpg?fit=664%2C1000\" src=\"https:\/\/i0.wp.com\/www.tvturk.com\/wp-content\/uploads\/2019\/03\/arilari-kovmak-icin-700-yillik-agaclari-yakip-kestiler_58154df.jpg?w=282&#038;h=425\" srcset=\"https:\/\/i0.wp.com\/www.tvturk.com\/wp-content\/uploads\/2019\/03\/arilari-kovmak-icin-700-yillik-agaclari-yakip-kestiler_58154df.jpg?w=664 664w, https:\/\/i0.wp.com\/www.tvturk.com\/wp-content\/uploads\/2019\/03\/arilari-kovmak-icin-700-yillik-agaclari-yakip-kestiler_58154df.jpg?resize=100%2C150 100w, https:\/\/i0.wp.com\/www.tvturk.com\/wp-content\/uploads\/2019\/03\/arilari-kovmak-icin-700-yillik-agaclari-yakip-kestiler_58154df.jpg?resize=199%2C300 199w\" width=\"282\" height=\"425\" loading=\"lazy\" data-original-width=\"282\" data-original-height=\"425\" itemprop=\"http:\/\/schema.org\/image\" title=\"Ar\u0131lar\u0131 kovmak i\u00e7in 700 y\u0131ll\u0131k a\u011fa\u00e7lar\u0131 yak\u0131p, kestiler\" alt=\"Ar\u0131lar\u0131 kovmak i\u00e7in 700 y\u0131ll\u0131k a\u011fa\u00e7lar\u0131 yak\u0131p, kestiler\" style=\"width: 282px; height: 425px;\" \/> <\/a> <\/div> <\/div> <!-- close group --> <\/div> <!-- close row --> <div class=\"gallery-row\" style=\"width: 500px; height: 751px;\" data-original-width=\"500\" data-original-height=\"751\" > <div class=\"gallery-group images-1\" style=\"width: 500px; height: 751px;\" data-original-width=\"500\" data-original-height=\"751\" > <div class=\"tiled-gallery-item tiled-gallery-item-large\" itemprop=\"associatedMedia\" itemscope itemtype=\"http:\/\/schema.org\/ImageObject\"> <a href=\"http:\/\/www.tvturk.com\/index.php\/arilari-kovmak-icin-700-yillik-agaclari-yakip-kestiler\/arilari-kovmak-icin-700-yillik-agaclari-yakip-kestiler-7\/\" border=\"0\" itemprop=\"url\"> <meta itemprop=\"width\" content=\"496\"> <meta itemprop=\"height\" content=\"747\"> <img decoding=\"async\" class=\"\" data-attachment-id=\"83067\" data-orig-file=\"http:\/\/www.tvturk.com\/wp-content\/uploads\/2019\/03\/arilari-kovmak-icin-700-yillik-agaclari-yakip-kestiler_dbb6f6f.jpg\" data-orig-size=\"664,1000\" data-comments-opened=\"\" data-image-meta=\"{&quot;aperture&quot;:&quot;0&quot;,&quot;credit&quot;:&quot;IHA&quot;,&quot;camera&quot;:&quot;&quot;,&quot;caption&quot;:&quot;ROMA VE OSMANLI D\\u00d6NEM\\u0130NE \\u015eAH\\u0130TL\\u0130K EDEN 700 YILLIK SELV\\u0130 A\\u011eA\\u00c7LARININ G\\u00d6VDES\\u0130 \\u0130\\u00c7\\u0130NDE ATE\\u015e YAKTILAR. G\\u00d6VDE GEN\\u0130\\u015eL\\u0130\\u011e\\u0130 6 METRE, UZUNLU\\u011eU \\u0130SE 20 METREY\\u0130 BULAN TAR\\u0130H\\u0130 SELV\\u0130 A\\u011eACI, ARILARI KA\\u00c7IRMAK \\u0130\\u00c7\\u0130N YAKILAN ATE\\u015e NEDEN\\u0130YLE ZARAR G\\u00d6RM\\u00dc\\u015e DURUMDA. (\\u0130HA\\\/BURSA-\\u0130HA)&quot;,&quot;created_timestamp&quot;:&quot;0&quot;,&quot;copyright&quot;:&quot;\\u0130HLAS HABER AJANSI, www.iha.com.tr&quot;,&quot;focal_length&quot;:&quot;0&quot;,&quot;iso&quot;:&quot;0&quot;,&quot;shutter_speed&quot;:&quot;0&quot;,&quot;title&quot;:&quot;ARILARI KOVMAK \\u0130\\u00c7\\u0130N 700 YILLIK A\\u011eA\\u00c7LARI YAKIP, KEST\\u0130LER&quot;,&quot;orientation&quot;:&quot;0&quot;}\" data-image-title=\"Ar\u0131lar\u0131 kovmak i\u00e7in 700 y\u0131ll\u0131k a\u011fa\u00e7lar\u0131 yak\u0131p, kestiler\" data-image-description=\"&lt;p&gt;Ar\u0131lar\u0131 kovmak i\u00e7in 700 y\u0131ll\u0131k a\u011fa\u00e7lar\u0131 yak\u0131p, kestiler&lt;\/p&gt; \" data-medium-file=\"https:\/\/i0.wp.com\/www.tvturk.com\/wp-content\/uploads\/2019\/03\/arilari-kovmak-icin-700-yillik-agaclari-yakip-kestiler_dbb6f6f.jpg?fit=199%2C300\" data-large-file=\"https:\/\/i0.wp.com\/www.tvturk.com\/wp-content\/uploads\/2019\/03\/arilari-kovmak-icin-700-yillik-agaclari-yakip-kestiler_dbb6f6f.jpg?fit=664%2C1000\" src=\"https:\/\/i0.wp.com\/www.tvturk.com\/wp-content\/uploads\/2019\/03\/arilari-kovmak-icin-700-yillik-agaclari-yakip-kestiler_dbb6f6f.jpg?w=496&#038;h=747\" srcset=\"https:\/\/i0.wp.com\/www.tvturk.com\/wp-content\/uploads\/2019\/03\/arilari-kovmak-icin-700-yillik-agaclari-yakip-kestiler_dbb6f6f.jpg?w=664 664w, https:\/\/i0.wp.com\/www.tvturk.com\/wp-content\/uploads\/2019\/03\/arilari-kovmak-icin-700-yillik-agaclari-yakip-kestiler_dbb6f6f.jpg?resize=100%2C150 100w, https:\/\/i0.wp.com\/www.tvturk.com\/wp-content\/uploads\/2019\/03\/arilari-kovmak-icin-700-yillik-agaclari-yakip-kestiler_dbb6f6f.jpg?resize=199%2C300 199w\" width=\"496\" height=\"747\" loading=\"lazy\" data-original-width=\"496\" data-original-height=\"747\" itemprop=\"http:\/\/schema.org\/image\" title=\"Ar\u0131lar\u0131 kovmak i\u00e7in 700 y\u0131ll\u0131k a\u011fa\u00e7lar\u0131 yak\u0131p, kestiler\" alt=\"Ar\u0131lar\u0131 kovmak i\u00e7in 700 y\u0131ll\u0131k a\u011fa\u00e7lar\u0131 yak\u0131p, kestiler\" style=\"width: 496px; height: 747px;\" \/> <\/a> <\/div> <\/div> <!-- close group --> <\/div> <!-- close row --> <\/div><\/p>\n","protected":false},"excerpt":{"rendered":"<p>ROMA VE OSMANLI D\u00d6NEM\u0130NE \u015eAH\u0130TL\u0130K EDEN 700 YILLIK SELV\u0130 A\u011eA\u00c7LARININ G\u00d6VDES\u0130 \u0130\u00c7\u0130NDE ATE\u015e YAKTILAR.  G\u00d6VDE GEN\u0130\u015eL\u0130\u011e\u0130 6 METRE, UZUNLU\u011eU \u0130SE 20 METREY\u0130 BULAN TAR\u0130H\u0130 SELV\u0130 A\u011eACI, ARILARI KA\u00c7IRMAK \u0130\u00c7\u0130N YAKILAN ATE\u015e NEDEN\u0130YLE ZARAR G\u00d6RM\u00dc\u015e DURUMDA.<\/p>\n","protected":false},"author":1,"featured_media":83062,"comment_status":"closed","ping_status":"open","sticky":false,"template":"","format":"standard","meta":{"jetpack_post_was_ever_published":false,"_jetpack_newsletter_access":"","_jetpack_dont_email_post_to_subs":false,"_jetpack_newsletter_tier_id":0,"_jetpack_memberships_contains_paywalled_content":false,"_jetpack_memberships_contains_paid_content":false,"footnotes":"","jetpack_publicize_message":"","jetpack_publicize_feature_enabled":true,"jetpack_social_post_already_shared":true,"jetpack_social_options":{"image_generator_settings":{"template":"highway","default_image_id":0,"font":"","enabled":false},"version":2}},"categories":[1],"tags":[4464,973,23064,44,21170,23065,13768,710],"class_list":["post-83061","post","type-post","status-publish","format-standard","has-post-thumbnail","hentry","category-genel","tag-4464","tag-agaclari","tag-arilari","tag-icin","tag-kestiler","tag-kovmak","tag-yakip","tag-yillik"],"jetpack_publicize_connections":[],"jetpack_featured_media_url":"https:\/\/i0.wp.com\/www.tvturk.com\/wp-content\/uploads\/2019\/03\/arilari-kovmak-icin-700-yillik-agaclari-yakip-kestiler_ab37c30.jpg?fit=1000%2C664","jetpack_sharing_enabled":true,"jetpack_shortlink":"https:\/\/wp.me\/paKIfm-lBH","_links":{"self":[{"href":"http:\/\/www.tvturk.com\/index.php\/wp-json\/wp\/v2\/posts\/83061","targetHints":{"allow":["GET"]}}],"collection":[{"href":"http:\/\/www.tvturk.com\/index.php\/wp-json\/wp\/v2\/posts"}],"about":[{"href":"http:\/\/www.tvturk.com\/index.php\/wp-json\/wp\/v2\/types\/post"}],"author":[{"embeddable":true,"href":"http:\/\/www.tvturk.com\/index.php\/wp-json\/wp\/v2\/users\/1"}],"replies":[{"embeddable":true,"href":"http:\/\/www.tvturk.com\/index.php\/wp-json\/wp\/v2\/comments?post=83061"}],"version-history":[{"count":1,"href":"http:\/\/www.tvturk.com\/index.php\/wp-json\/wp\/v2\/posts\/83061\/revisions"}],"predecessor-version":[{"id":83068,"href":"http:\/\/www.tvturk.com\/index.php\/wp-json\/wp\/v2\/posts\/83061\/revisions\/83068"}],"wp:featuredmedia":[{"embeddable":true,"href":"http:\/\/www.tvturk.com\/index.php\/wp-json\/wp\/v2\/media\/83062"}],"wp:attachment":[{"href":"http:\/\/www.tvturk.com\/index.php\/wp-json\/wp\/v2\/media?parent=83061"}],"wp:term":[{"taxonomy":"category","embeddable":true,"href":"http:\/\/www.tvturk.com\/index.php\/wp-json\/wp\/v2\/categories?post=83061"},{"taxonomy":"post_tag","embeddable":true,"href":"http:\/\/www.tvturk.com\/index.php\/wp-json\/wp\/v2\/tags?post=83061"}],"curies":[{"name":"wp","href":"https:\/\/api.w.org\/{rel}","templated":true}]}}