{"id":83269,"date":"2019-03-10T16:46:38","date_gmt":"2019-03-10T13:46:38","guid":{"rendered":"http:\/\/www.tvturk.com\/index.php\/imamoglundan-binali-yildirima-gozluklu-gonderme\/"},"modified":"2019-03-10T16:46:44","modified_gmt":"2019-03-10T13:46:44","slug":"imamoglundan-binali-yildirima-gozluklu-gonderme","status":"publish","type":"post","link":"http:\/\/www.tvturk.com\/index.php\/imamoglundan-binali-yildirima-gozluklu-gonderme\/","title":{"rendered":"\u0130mamo\u011flu\u2019ndan Binali Y\u0131ld\u0131r\u0131m\u2019a g\u00f6zl\u00fckl\u00fc g\u00f6nderme"},"content":{"rendered":"<p>CHP\u2019nin \u0130stanbul B\u00fcy\u00fck\u015fehir Belediye Ba\u015fkan aday\u0131 Ekrem \u0130mamo\u011flu, Tuzla ziyaretinde Binali Y\u0131ld\u0131r\u0131m\u2019a g\u00f6zl\u00fckl\u00fc g\u00f6ndermede bulunarak, \u201cRakibim burada oturuyor, evi burada galiba. D\u00fcn benim il\u00e7eme Beylikd\u00fcz\u00fc\u2019ne gelmi\u015f, demi\u015f ki \u2018Ye\u015fil alan diyor ama ben buraya geldim ye\u015fil alan g\u00f6remedim\u2019 demi\u015f. G\u00f6remediyse benim g\u00f6zlerim de bozuk, bak g\u00f6zl\u00fck tak\u0131yorum, g\u00f6zl\u00fck taks\u0131nlar. \u00c7\u00fcnk\u00fc en ye\u015fil il\u00e7elerden birisi Beylikd\u00fcz\u00fc\u201d dedi.<\/p>\n<p>Sar\u0131yer Belgrad Orman\u0131\u2019nda sabah y\u00fcr\u00fcy\u00fc\u015f\u00fcyle g\u00fcne ba\u015flayan CHP \u0130stanbul B\u00fcy\u00fck\u015fehir Belediye Ba\u015fkan aday\u0131 Ekrem \u0130mamo\u011flu, se\u00e7im \u00e7al\u0131\u015fmalar\u0131 kapsam\u0131nda Maltepe ve Tuzla\u2019da halk bulu\u015fmalar\u0131na kat\u0131ld\u0131. \u00c7e\u015fitli mahallelerde ger\u00e7ekle\u015ftirilen halk bulu\u015fmalar\u0131nda vatanda\u015flardan yo\u011fun ilgi g\u00f6ren \u0130mamo\u011flu, sorunlara y\u00f6nelik \u00e7\u00f6z\u00fcm \u00f6nerilerinden bahsederek, se\u00e7imde destek istedi. Toplumun her kesiminden oy istedi\u011fini yineleyen Ekrem \u0130mamo\u011flu, \u201cBen herkesin oyunu istiyorum. Ben her kesimin, her g\u00f6r\u00fc\u015f\u00fcn oyunu istiyorum. Yollarda farkl\u0131 farkl\u0131 i\u015faretlerle siyasi partilerini ifade eden vatanda\u015flar\u0131m\u0131z var, kalpten s\u00f6yl\u00fcyorum hangi i\u015fareti yap\u0131yorsa yaps\u0131n herkesin oyunu istiyorum. Herkesin oyunun hakk\u0131n\u0131 verece\u011fime eminim. Bana oy vermeyenler, oy verenler, herkese hizmet edece\u011fim. Oy vermeyenlere lakap tak\u0131yorlar, oy vermeyenlere isim veriyorlar, oy vermeyenleri ayr\u0131\u015ft\u0131r\u0131yorlar, a\u011fz\u0131ma alamam, ahlak\u0131m m\u00fcsait de\u011fil. Annem bana hi\u00e7 k\u00fcf\u00fcr etme dedi, k\u00f6t\u00fc s\u00f6z s\u00f6ylemeyi sevmem. Ba\u015fta g\u00fczel annelerinizin ve babalar\u0131n\u0131z\u0131n s\u00f6z\u00fcn\u00fc dinleyin. Ben ne diyorum, oy verenlere kurban olay\u0131m, te\u015fekk\u00fcr ederim. Oy vermeyenlere de diyorum ki 1 Nisan\u2019dan sonra onlar\u0131 pi\u015fman edece\u011fim. Onlara o kadar \u00e7ok hizmet edece\u011fim ki, hi\u00e7 kimseyi d\u0131\u015far\u0131da b\u0131rakmayaca\u011f\u0131m. Herkes benim insan\u0131m ya, 7 b\u00f6lge 7 renk, burada herkes var\u201d dedi.<\/p>\n<p>\u201cTuzla metrosunu ilk 5 y\u0131lda getirece\u011fiz\u201d<\/p>\n<p>Tuzla i\u00e7in metro \u00e7al\u0131\u015fmas\u0131n\u0131 \u00f6nemsedi\u011fini s\u00f6yleyen \u0130mamo\u011flu, \u201cProje masam\u0131zda \u00e7ok konu\u015ftuk. Tuzla\u2019ya metro. Tuzla metrosunu \u00e7ok \u00f6nemsiyoruz. Tuzla metrosunu ilk 5 y\u0131lda Tuzla\u2019ya getirece\u011fiz, sizi aldatmayaca\u011f\u0131z. Tuzla\u2019da sadece Tuzla\u2019ya gelen metro de\u011fil, Tav\u015fantepe metro hatt\u0131 de\u011fil, ayn\u0131 zaman Sabiha G\u00f6k\u00e7e\u2019den Tuzla Organize Sanayi hatt\u0131na da metroyu getirece\u011fiz. Tuzla\u2019da en b\u00fcy\u00fck ya\u015fam vadilerinden birini m\u00fcjdeledik. \u00c7ocuklar\u0131m\u0131z\u0131n, ailelerimizin kolayl\u0131kla gezece\u011fi ve mutlu olaca\u011f\u0131, bu \u015fehrin nefes alaca\u011f\u0131 yerler olacak. Birilerinin gelip ak\u015famdan sabaha o raya koca koca bina yapmalar\u0131na engel olaca\u011f\u0131z. Tuzla nefes alacak yer olacak. \u0130stanbul\u2019a ye\u015fillik, g\u00fczellik laz\u0131m. \u0130stanbul\u2019un gelece\u011fe p\u0131r\u0131l p\u0131r\u0131l haz\u0131rlanmas\u0131 laz\u0131m. \u00c7ocuklar\u0131m\u0131z\u0131n yar\u0131n bize isyan etmemeleri laz\u0131m. Bizim onlar\u0131 devrald\u0131\u011f\u0131m\u0131z miras\u0131 g\u00fczel devretmemiz laz\u0131m\u201d \u015feklinde konu\u015ftu.<\/p>\n<p>\u0130mamo\u011flu\u2019ndan Binali Y\u0131ld\u0131r\u0131m\u2019\u0131n ye\u015fil alan s\u00f6z\u00fcne \u2018g\u00f6zl\u00fck\u2019 g\u00f6ndermesi<\/p>\n<p>AK Parti \u0130stanbul B\u00fcy\u00fck\u015fehir Belediye Ba\u015fkan Aday\u0131 Binali Y\u0131ld\u0131r\u0131m\u2019\u0131n d\u00fcn Beylikd\u00fcz\u00fc program\u0131nda s\u00f6yledi\u011fi, \u2018Beylikd\u00fcz\u00fc ye\u015fil diyorlar, ben gelirken ye\u015fil alan g\u00f6remedim\u2019 s\u00f6zlerine y\u00f6nelik konu\u015fan \u0130mamo\u011flu, \u201cRakibim burada oturuyor, evi burada galiba. D\u00fcn benim il\u00e7eme Beylikd\u00fcz\u00fc\u2019ne gelmi\u015f, demi\u015f ki \u2018Ye\u015fil alan diyor ama ben buraya geldim ye\u015fil alan g\u00f6remedim\u2019 demi\u015f. G\u00f6remediyse benim g\u00f6zlerimde bozuk bak g\u00f6zl\u00fck tak\u0131yorum, g\u00f6zl\u00fck taks\u0131nlar. \u00c7\u00fcnk\u00fc en ye\u015fil il\u00e7elerinden birisi Beylikd\u00fcz\u00fc. Kim oturursa otursun Tuzla\u2019da e\u011fer \u015fehri hissetmiyorsan, sorunlar\u0131 \u00e7\u00f6zm\u00fcyorsan bir anlam\u0131 yok. Y\u0131llard\u0131r Tuzla a\u011flar durur. \u0130lk ziyaretimde ba\u015fkanlar\u0131m\u0131z bizi bu pis kokudan kurtar dedi, niye yapm\u0131yorlar? Bizzat yerine gittim yan\u0131nda duramad\u0131m, insanlara yaz\u0131k de\u011fil mi karde\u015fim. Bunun \u00e7\u00f6z\u00fcm\u00fc yok de\u011fil, bu vatanda\u015fa ilgisizlik. Vatanda\u015fa ilgi g\u00f6stermezseniz \u00e7\u00f6z\u00fcm bulamazs\u0131n b\u00fct\u00fcn pis kokulardan sizi kurtaraca\u011f\u0131m ama Tuzla\u2019daki pis kokudan da sizi kurtaraca\u011f\u0131m\u201d diye konu\u015ftu.<\/p>\n<p>\u201cTuzla\u2019dan B\u00fcy\u00fck\u00e7ekmece\u2019ye kadar sahil boyu ula\u015f\u0131m vaat ediyorum\u201d<\/p>\n<p>Tuzla\u2019dan B\u00fcy\u00fck\u00e7ekmece\u2019ye kadar uzanacak denizyolu ula\u015f\u0131m\u0131 projesini de hayata ge\u00e7ireceklerini kaydeden \u0130mamo\u011flu, \u201cDeniz ula\u015f\u0131m\u0131 \u00e7ok \u00f6nemli. Gireceksiniz Marmaray\u2019\u0131 bir u\u00e7tan bir uca ba\u011flayaca\u011f\u0131z. \u00d6b\u00fcr ucunda neredeyse B\u00fcy\u00fck\u00e7ekmece- Beylikd\u00fcz\u00fc, bu tarafta Tuzla-Pendik. Efendim neymi\u015f, Marmara\u2019da deniz ula\u015f\u0131m\u0131 olmazm\u0131\u015f. Bal gibi olur. Her \u015feyden para kazanaca\u011f\u0131m dersen olmaz ama vatanda\u015fa hizmet edece\u011fim dersen olur. Teknoloji buna m\u00fcsait. Burada tersanelerde \u2018en kral\u0131n\u0131 yapar\u0131z\u2019 diyorlar. \u0130nsanlara rahat edecekleri bir deniz ula\u015f\u0131m\u0131 vaat ediyoruz hem de b\u00fct\u00fcn G\u00fcney Marmara\u2019da. Tuzla\u2019dan B\u00fcy\u00fck\u00e7ekmece-Beylikd\u00fcz\u00fc\u2019ne kadar sahil boyu ula\u015f\u0131m vaat ediyorum. \u0130nsanlar\u0131 hem denize ula\u015ft\u0131raca\u011f\u0131z hem de \u0130stanbul\u2019u Tuzla\u2019dan birbirine ba\u011flayaca\u011f\u0131z denizden\u201d ifadelerini kulland\u0131.<div class=\"tiled-gallery type-rectangular tiled-gallery-unresized\" data-original-width=\"500\" data-carousel-extra='null' itemscope itemtype=\"http:\/\/schema.org\/ImageGallery\" > <div class=\"gallery-row\" style=\"width: 500px; height: 224px;\" data-original-width=\"500\" data-original-height=\"224\" > <div class=\"gallery-group images-1\" style=\"width: 334px; height: 224px;\" data-original-width=\"334\" data-original-height=\"224\" > <div class=\"tiled-gallery-item tiled-gallery-item-large\" itemprop=\"associatedMedia\" itemscope itemtype=\"http:\/\/schema.org\/ImageObject\"> <a href=\"http:\/\/www.tvturk.com\/index.php\/imamoglundan-binali-yildirima-gozluklu-gonderme\/imamoglundan-binali-yildirima-gozluklu-gonderme-3\/\" border=\"0\" itemprop=\"url\"> <meta itemprop=\"width\" content=\"330\"> <meta itemprop=\"height\" content=\"220\"> <img decoding=\"async\" class=\"\" data-attachment-id=\"83271\" data-orig-file=\"http:\/\/www.tvturk.com\/wp-content\/uploads\/2019\/03\/imamoglundan-binali-yildirima-gozluklu-gonderme_faa6bb0.jpg\" data-orig-size=\"1000,666\" data-comments-opened=\"\" data-image-meta=\"{&quot;aperture&quot;:&quot;0&quot;,&quot;credit&quot;:&quot;IHA&quot;,&quot;camera&quot;:&quot;&quot;,&quot;caption&quot;:&quot;CHP \\u0130STANBUL B\\u00dcY\\u00dcK\\u015eEH\\u0130R BELED\\u0130YE BA\\u015eKAN ADAYI EKREM \\u0130MAMO\\u011eLU, SE\\u00c7\\u0130M \\u00c7ALI\\u015eMALARI KAPSAMINDA MALTEPE VE TUZLA\\u2019DA HALK BULU\\u015eMALARINA KATILDI. (FERHAT YASAK - MEHMET BA\\u015eA\\\/\\u0130STANBUL-\\u0130HA)&quot;,&quot;created_timestamp&quot;:&quot;0&quot;,&quot;copyright&quot;:&quot;\\u0130HLAS HABER AJANSI, www.iha.com.tr&quot;,&quot;focal_length&quot;:&quot;0&quot;,&quot;iso&quot;:&quot;0&quot;,&quot;shutter_speed&quot;:&quot;0&quot;,&quot;title&quot;:&quot;\\u0130MAMO\\u011eLU\\u2019NDAN B\\u0130NAL\\u0130 YILDIRIM\\u2019A G\\u00d6ZL\\u00dcKL\\u00dc G\\u00d6NDERME&quot;,&quot;orientation&quot;:&quot;0&quot;}\" data-image-title=\"\u0130mamo\u011flu\u2019ndan Binali Y\u0131ld\u0131r\u0131m\u2019a g\u00f6zl\u00fckl\u00fc g\u00f6nderme\" data-image-description=\"&lt;p&gt;\u0130mamo\u011flu\u2019ndan Binali Y\u0131ld\u0131r\u0131m\u2019a g\u00f6zl\u00fckl\u00fc g\u00f6nderme&lt;\/p&gt; \" data-medium-file=\"https:\/\/i0.wp.com\/www.tvturk.com\/wp-content\/uploads\/2019\/03\/imamoglundan-binali-yildirima-gozluklu-gonderme_faa6bb0.jpg?fit=300%2C200\" data-large-file=\"https:\/\/i0.wp.com\/www.tvturk.com\/wp-content\/uploads\/2019\/03\/imamoglundan-binali-yildirima-gozluklu-gonderme_faa6bb0.jpg?fit=1000%2C666\" src=\"https:\/\/i0.wp.com\/www.tvturk.com\/wp-content\/uploads\/2019\/03\/imamoglundan-binali-yildirima-gozluklu-gonderme_faa6bb0.jpg?w=330&#038;h=220\" srcset=\"https:\/\/i0.wp.com\/www.tvturk.com\/wp-content\/uploads\/2019\/03\/imamoglundan-binali-yildirima-gozluklu-gonderme_faa6bb0.jpg?w=1000 1000w, https:\/\/i0.wp.com\/www.tvturk.com\/wp-content\/uploads\/2019\/03\/imamoglundan-binali-yildirima-gozluklu-gonderme_faa6bb0.jpg?resize=150%2C100 150w, https:\/\/i0.wp.com\/www.tvturk.com\/wp-content\/uploads\/2019\/03\/imamoglundan-binali-yildirima-gozluklu-gonderme_faa6bb0.jpg?resize=300%2C200 300w, https:\/\/i0.wp.com\/www.tvturk.com\/wp-content\/uploads\/2019\/03\/imamoglundan-binali-yildirima-gozluklu-gonderme_faa6bb0.jpg?resize=768%2C511 768w, https:\/\/i0.wp.com\/www.tvturk.com\/wp-content\/uploads\/2019\/03\/imamoglundan-binali-yildirima-gozluklu-gonderme_faa6bb0.jpg?resize=170%2C113 170w, https:\/\/i0.wp.com\/www.tvturk.com\/wp-content\/uploads\/2019\/03\/imamoglundan-binali-yildirima-gozluklu-gonderme_faa6bb0.jpg?resize=120%2C80 120w\" width=\"330\" height=\"220\" loading=\"lazy\" data-original-width=\"330\" data-original-height=\"220\" itemprop=\"http:\/\/schema.org\/image\" title=\"\u0130mamo\u011flu\u2019ndan Binali Y\u0131ld\u0131r\u0131m\u2019a g\u00f6zl\u00fckl\u00fc g\u00f6nderme\" alt=\"\u0130mamo\u011flu\u2019ndan Binali Y\u0131ld\u0131r\u0131m\u2019a g\u00f6zl\u00fckl\u00fc g\u00f6nderme\" style=\"width: 330px; height: 220px;\" \/> <\/a> <\/div> <\/div> <!-- close group --> <div class=\"gallery-group images-2\" style=\"width: 166px; height: 224px;\" data-original-width=\"166\" data-original-height=\"224\" > <div class=\"tiled-gallery-item tiled-gallery-item-small\" itemprop=\"associatedMedia\" itemscope itemtype=\"http:\/\/schema.org\/ImageObject\"> <a href=\"http:\/\/www.tvturk.com\/index.php\/imamoglundan-binali-yildirima-gozluklu-gonderme\/imamoglundan-binali-yildirima-gozluklu-gonderme-4\/\" border=\"0\" itemprop=\"url\"> <meta itemprop=\"width\" content=\"162\"> <meta itemprop=\"height\" content=\"108\"> <img decoding=\"async\" class=\"\" data-attachment-id=\"83272\" data-orig-file=\"http:\/\/www.tvturk.com\/wp-content\/uploads\/2019\/03\/imamoglundan-binali-yildirima-gozluklu-gonderme_1d8026a.jpg\" data-orig-size=\"1000,666\" data-comments-opened=\"\" data-image-meta=\"{&quot;aperture&quot;:&quot;0&quot;,&quot;credit&quot;:&quot;IHA&quot;,&quot;camera&quot;:&quot;&quot;,&quot;caption&quot;:&quot;CHP \\u0130STANBUL B\\u00dcY\\u00dcK\\u015eEH\\u0130R BELED\\u0130YE BA\\u015eKAN ADAYI EKREM \\u0130MAMO\\u011eLU, SE\\u00c7\\u0130M \\u00c7ALI\\u015eMALARI KAPSAMINDA MALTEPE VE TUZLA\\u2019DA HALK BULU\\u015eMALARINA KATILDI. (FERHAT YASAK - MEHMET BA\\u015eA\\\/\\u0130STANBUL-\\u0130HA)&quot;,&quot;created_timestamp&quot;:&quot;0&quot;,&quot;copyright&quot;:&quot;\\u0130HLAS HABER AJANSI, www.iha.com.tr&quot;,&quot;focal_length&quot;:&quot;0&quot;,&quot;iso&quot;:&quot;0&quot;,&quot;shutter_speed&quot;:&quot;0&quot;,&quot;title&quot;:&quot;\\u0130MAMO\\u011eLU\\u2019NDAN B\\u0130NAL\\u0130 YILDIRIM\\u2019A G\\u00d6ZL\\u00dcKL\\u00dc G\\u00d6NDERME&quot;,&quot;orientation&quot;:&quot;0&quot;}\" data-image-title=\"\u0130mamo\u011flu\u2019ndan Binali Y\u0131ld\u0131r\u0131m\u2019a g\u00f6zl\u00fckl\u00fc g\u00f6nderme\" data-image-description=\"&lt;p&gt;\u0130mamo\u011flu\u2019ndan Binali Y\u0131ld\u0131r\u0131m\u2019a g\u00f6zl\u00fckl\u00fc g\u00f6nderme&lt;\/p&gt; \" data-medium-file=\"https:\/\/i0.wp.com\/www.tvturk.com\/wp-content\/uploads\/2019\/03\/imamoglundan-binali-yildirima-gozluklu-gonderme_1d8026a.jpg?fit=300%2C200\" data-large-file=\"https:\/\/i0.wp.com\/www.tvturk.com\/wp-content\/uploads\/2019\/03\/imamoglundan-binali-yildirima-gozluklu-gonderme_1d8026a.jpg?fit=1000%2C666\" src=\"https:\/\/i0.wp.com\/www.tvturk.com\/wp-content\/uploads\/2019\/03\/imamoglundan-binali-yildirima-gozluklu-gonderme_1d8026a.jpg?w=162&#038;h=108\" srcset=\"https:\/\/i0.wp.com\/www.tvturk.com\/wp-content\/uploads\/2019\/03\/imamoglundan-binali-yildirima-gozluklu-gonderme_1d8026a.jpg?w=1000 1000w, https:\/\/i0.wp.com\/www.tvturk.com\/wp-content\/uploads\/2019\/03\/imamoglundan-binali-yildirima-gozluklu-gonderme_1d8026a.jpg?resize=150%2C100 150w, https:\/\/i0.wp.com\/www.tvturk.com\/wp-content\/uploads\/2019\/03\/imamoglundan-binali-yildirima-gozluklu-gonderme_1d8026a.jpg?resize=300%2C200 300w, https:\/\/i0.wp.com\/www.tvturk.com\/wp-content\/uploads\/2019\/03\/imamoglundan-binali-yildirima-gozluklu-gonderme_1d8026a.jpg?resize=768%2C511 768w, https:\/\/i0.wp.com\/www.tvturk.com\/wp-content\/uploads\/2019\/03\/imamoglundan-binali-yildirima-gozluklu-gonderme_1d8026a.jpg?resize=170%2C113 170w, https:\/\/i0.wp.com\/www.tvturk.com\/wp-content\/uploads\/2019\/03\/imamoglundan-binali-yildirima-gozluklu-gonderme_1d8026a.jpg?resize=120%2C80 120w\" width=\"162\" height=\"108\" loading=\"lazy\" data-original-width=\"162\" data-original-height=\"108\" itemprop=\"http:\/\/schema.org\/image\" title=\"\u0130mamo\u011flu\u2019ndan Binali Y\u0131ld\u0131r\u0131m\u2019a g\u00f6zl\u00fckl\u00fc g\u00f6nderme\" alt=\"\u0130mamo\u011flu\u2019ndan Binali Y\u0131ld\u0131r\u0131m\u2019a g\u00f6zl\u00fckl\u00fc g\u00f6nderme\" style=\"width: 162px; height: 108px;\" \/> <\/a> <\/div> <div class=\"tiled-gallery-item tiled-gallery-item-small\" itemprop=\"associatedMedia\" itemscope itemtype=\"http:\/\/schema.org\/ImageObject\"> <a href=\"http:\/\/www.tvturk.com\/index.php\/imamoglundan-binali-yildirima-gozluklu-gonderme\/imamoglundan-binali-yildirima-gozluklu-gonderme-5\/\" border=\"0\" itemprop=\"url\"> <meta itemprop=\"width\" content=\"162\"> <meta itemprop=\"height\" content=\"108\"> <img decoding=\"async\" class=\"\" data-attachment-id=\"83273\" data-orig-file=\"http:\/\/www.tvturk.com\/wp-content\/uploads\/2019\/03\/imamoglundan-binali-yildirima-gozluklu-gonderme_f4db68f.jpg\" data-orig-size=\"1000,666\" data-comments-opened=\"\" data-image-meta=\"{&quot;aperture&quot;:&quot;0&quot;,&quot;credit&quot;:&quot;IHA&quot;,&quot;camera&quot;:&quot;&quot;,&quot;caption&quot;:&quot;CHP \\u0130STANBUL B\\u00dcY\\u00dcK\\u015eEH\\u0130R BELED\\u0130YE BA\\u015eKAN ADAYI EKREM \\u0130MAMO\\u011eLU, SE\\u00c7\\u0130M \\u00c7ALI\\u015eMALARI KAPSAMINDA MALTEPE VE TUZLA\\u2019DA HALK BULU\\u015eMALARINA KATILDI. (FERHAT YASAK - MEHMET BA\\u015eA\\\/\\u0130STANBUL-\\u0130HA)&quot;,&quot;created_timestamp&quot;:&quot;0&quot;,&quot;copyright&quot;:&quot;\\u0130HLAS HABER AJANSI, www.iha.com.tr&quot;,&quot;focal_length&quot;:&quot;0&quot;,&quot;iso&quot;:&quot;0&quot;,&quot;shutter_speed&quot;:&quot;0&quot;,&quot;title&quot;:&quot;\\u0130MAMO\\u011eLU\\u2019NDAN B\\u0130NAL\\u0130 YILDIRIM\\u2019A G\\u00d6ZL\\u00dcKL\\u00dc G\\u00d6NDERME&quot;,&quot;orientation&quot;:&quot;0&quot;}\" data-image-title=\"\u0130mamo\u011flu\u2019ndan Binali Y\u0131ld\u0131r\u0131m\u2019a g\u00f6zl\u00fckl\u00fc g\u00f6nderme\" data-image-description=\"&lt;p&gt;\u0130mamo\u011flu\u2019ndan Binali Y\u0131ld\u0131r\u0131m\u2019a g\u00f6zl\u00fckl\u00fc g\u00f6nderme&lt;\/p&gt; \" data-medium-file=\"https:\/\/i0.wp.com\/www.tvturk.com\/wp-content\/uploads\/2019\/03\/imamoglundan-binali-yildirima-gozluklu-gonderme_f4db68f.jpg?fit=300%2C200\" data-large-file=\"https:\/\/i0.wp.com\/www.tvturk.com\/wp-content\/uploads\/2019\/03\/imamoglundan-binali-yildirima-gozluklu-gonderme_f4db68f.jpg?fit=1000%2C666\" src=\"https:\/\/i0.wp.com\/www.tvturk.com\/wp-content\/uploads\/2019\/03\/imamoglundan-binali-yildirima-gozluklu-gonderme_f4db68f.jpg?w=162&#038;h=108\" srcset=\"https:\/\/i0.wp.com\/www.tvturk.com\/wp-content\/uploads\/2019\/03\/imamoglundan-binali-yildirima-gozluklu-gonderme_f4db68f.jpg?w=1000 1000w, https:\/\/i0.wp.com\/www.tvturk.com\/wp-content\/uploads\/2019\/03\/imamoglundan-binali-yildirima-gozluklu-gonderme_f4db68f.jpg?resize=150%2C100 150w, https:\/\/i0.wp.com\/www.tvturk.com\/wp-content\/uploads\/2019\/03\/imamoglundan-binali-yildirima-gozluklu-gonderme_f4db68f.jpg?resize=300%2C200 300w, https:\/\/i0.wp.com\/www.tvturk.com\/wp-content\/uploads\/2019\/03\/imamoglundan-binali-yildirima-gozluklu-gonderme_f4db68f.jpg?resize=768%2C511 768w, https:\/\/i0.wp.com\/www.tvturk.com\/wp-content\/uploads\/2019\/03\/imamoglundan-binali-yildirima-gozluklu-gonderme_f4db68f.jpg?resize=170%2C113 170w, https:\/\/i0.wp.com\/www.tvturk.com\/wp-content\/uploads\/2019\/03\/imamoglundan-binali-yildirima-gozluklu-gonderme_f4db68f.jpg?resize=120%2C80 120w\" width=\"162\" height=\"108\" loading=\"lazy\" data-original-width=\"162\" data-original-height=\"108\" itemprop=\"http:\/\/schema.org\/image\" title=\"\u0130mamo\u011flu\u2019ndan Binali Y\u0131ld\u0131r\u0131m\u2019a g\u00f6zl\u00fckl\u00fc g\u00f6nderme\" alt=\"\u0130mamo\u011flu\u2019ndan Binali Y\u0131ld\u0131r\u0131m\u2019a g\u00f6zl\u00fckl\u00fc g\u00f6nderme\" style=\"width: 162px; height: 108px;\" \/> <\/a> <\/div> <\/div> <!-- close group --> <\/div> <!-- close row --> <div class=\"gallery-row\" style=\"width: 500px; height: 235px;\" data-original-width=\"500\" data-original-height=\"235\" > <div class=\"gallery-group images-2\" style=\"width: 150px; height: 235px;\" data-original-width=\"150\" data-original-height=\"235\" > <div class=\"tiled-gallery-item tiled-gallery-item-small\" itemprop=\"associatedMedia\" itemscope itemtype=\"http:\/\/schema.org\/ImageObject\"> <a href=\"http:\/\/www.tvturk.com\/index.php\/imamoglundan-binali-yildirima-gozluklu-gonderme\/imamoglundan-binali-yildirima-gozluklu-gonderme-6\/\" border=\"0\" itemprop=\"url\"> <meta itemprop=\"width\" content=\"146\"> <meta itemprop=\"height\" content=\"130\"> <img decoding=\"async\" class=\"\" data-attachment-id=\"83274\" data-orig-file=\"http:\/\/www.tvturk.com\/wp-content\/uploads\/2019\/03\/imamoglundan-binali-yildirima-gozluklu-gonderme_dd6ec85.jpg\" data-orig-size=\"766,683\" data-comments-opened=\"\" data-image-meta=\"{&quot;aperture&quot;:&quot;0&quot;,&quot;credit&quot;:&quot;IHA&quot;,&quot;camera&quot;:&quot;&quot;,&quot;caption&quot;:&quot;CHP \\u0130STANBUL B\\u00dcY\\u00dcK\\u015eEH\\u0130R BELED\\u0130YE BA\\u015eKAN ADAYI EKREM \\u0130MAMO\\u011eLU, SE\\u00c7\\u0130M \\u00c7ALI\\u015eMALARI KAPSAMINDA MALTEPE VE TUZLA\\u2019DA HALK BULU\\u015eMALARINA KATILDI. (FERHAT YASAK - MEHMET BA\\u015eA\\\/\\u0130STANBUL-\\u0130HA)&quot;,&quot;created_timestamp&quot;:&quot;1552264980&quot;,&quot;copyright&quot;:&quot;\\u0130HLAS HABER AJANSI, www.iha.com.tr&quot;,&quot;focal_length&quot;:&quot;0&quot;,&quot;iso&quot;:&quot;0&quot;,&quot;shutter_speed&quot;:&quot;0&quot;,&quot;title&quot;:&quot;\\u0130MAMO\\u011eLU\\u2019NDAN B\\u0130NAL\\u0130 YILDIRIM\\u2019A G\\u00d6ZL\\u00dcKL\\u00dc G\\u00d6NDERME&quot;,&quot;orientation&quot;:&quot;1&quot;}\" data-image-title=\"\u0130mamo\u011flu\u2019ndan Binali Y\u0131ld\u0131r\u0131m\u2019a g\u00f6zl\u00fckl\u00fc g\u00f6nderme\" data-image-description=\"&lt;p&gt;\u0130mamo\u011flu\u2019ndan Binali Y\u0131ld\u0131r\u0131m\u2019a g\u00f6zl\u00fckl\u00fc g\u00f6nderme&lt;\/p&gt; \" data-medium-file=\"https:\/\/i0.wp.com\/www.tvturk.com\/wp-content\/uploads\/2019\/03\/imamoglundan-binali-yildirima-gozluklu-gonderme_dd6ec85.jpg?fit=300%2C267\" data-large-file=\"https:\/\/i0.wp.com\/www.tvturk.com\/wp-content\/uploads\/2019\/03\/imamoglundan-binali-yildirima-gozluklu-gonderme_dd6ec85.jpg?fit=766%2C683\" src=\"https:\/\/i0.wp.com\/www.tvturk.com\/wp-content\/uploads\/2019\/03\/imamoglundan-binali-yildirima-gozluklu-gonderme_dd6ec85.jpg?w=146&#038;h=130\" srcset=\"https:\/\/i0.wp.com\/www.tvturk.com\/wp-content\/uploads\/2019\/03\/imamoglundan-binali-yildirima-gozluklu-gonderme_dd6ec85.jpg?w=766 766w, https:\/\/i0.wp.com\/www.tvturk.com\/wp-content\/uploads\/2019\/03\/imamoglundan-binali-yildirima-gozluklu-gonderme_dd6ec85.jpg?resize=150%2C134 150w, https:\/\/i0.wp.com\/www.tvturk.com\/wp-content\/uploads\/2019\/03\/imamoglundan-binali-yildirima-gozluklu-gonderme_dd6ec85.jpg?resize=300%2C267 300w, https:\/\/i0.wp.com\/www.tvturk.com\/wp-content\/uploads\/2019\/03\/imamoglundan-binali-yildirima-gozluklu-gonderme_dd6ec85.jpg?resize=324%2C290 324w\" width=\"146\" height=\"130\" loading=\"lazy\" data-original-width=\"146\" data-original-height=\"130\" itemprop=\"http:\/\/schema.org\/image\" title=\"\u0130mamo\u011flu\u2019ndan Binali Y\u0131ld\u0131r\u0131m\u2019a g\u00f6zl\u00fckl\u00fc g\u00f6nderme\" alt=\"\u0130mamo\u011flu\u2019ndan Binali Y\u0131ld\u0131r\u0131m\u2019a g\u00f6zl\u00fckl\u00fc g\u00f6nderme\" style=\"width: 146px; height: 130px;\" \/> <\/a> <\/div> <div class=\"tiled-gallery-item tiled-gallery-item-small\" itemprop=\"associatedMedia\" itemscope itemtype=\"http:\/\/schema.org\/ImageObject\"> <a href=\"http:\/\/www.tvturk.com\/index.php\/imamoglundan-binali-yildirima-gozluklu-gonderme\/imamoglundan-binali-yildirima-gozluklu-gonderme-7\/\" border=\"0\" itemprop=\"url\"> <meta itemprop=\"width\" content=\"146\"> <meta itemprop=\"height\" content=\"97\"> <img decoding=\"async\" class=\"\" data-attachment-id=\"83275\" data-orig-file=\"http:\/\/www.tvturk.com\/wp-content\/uploads\/2019\/03\/imamoglundan-binali-yildirima-gozluklu-gonderme_e31dac8.jpg\" data-orig-size=\"1000,666\" data-comments-opened=\"\" data-image-meta=\"{&quot;aperture&quot;:&quot;0&quot;,&quot;credit&quot;:&quot;IHA&quot;,&quot;camera&quot;:&quot;&quot;,&quot;caption&quot;:&quot;CHP \\u0130STANBUL B\\u00dcY\\u00dcK\\u015eEH\\u0130R BELED\\u0130YE BA\\u015eKAN ADAYI EKREM \\u0130MAMO\\u011eLU, SE\\u00c7\\u0130M \\u00c7ALI\\u015eMALARI KAPSAMINDA MALTEPE VE TUZLA\\u2019DA HALK BULU\\u015eMALARINA KATILDI. (FERHAT YASAK - MEHMET BA\\u015eA\\\/\\u0130STANBUL-\\u0130HA)&quot;,&quot;created_timestamp&quot;:&quot;0&quot;,&quot;copyright&quot;:&quot;\\u0130HLAS HABER AJANSI, www.iha.com.tr&quot;,&quot;focal_length&quot;:&quot;0&quot;,&quot;iso&quot;:&quot;0&quot;,&quot;shutter_speed&quot;:&quot;0&quot;,&quot;title&quot;:&quot;\\u0130MAMO\\u011eLU\\u2019NDAN B\\u0130NAL\\u0130 YILDIRIM\\u2019A G\\u00d6ZL\\u00dcKL\\u00dc G\\u00d6NDERME&quot;,&quot;orientation&quot;:&quot;0&quot;}\" data-image-title=\"\u0130mamo\u011flu\u2019ndan Binali Y\u0131ld\u0131r\u0131m\u2019a g\u00f6zl\u00fckl\u00fc g\u00f6nderme\" data-image-description=\"&lt;p&gt;\u0130mamo\u011flu\u2019ndan Binali Y\u0131ld\u0131r\u0131m\u2019a g\u00f6zl\u00fckl\u00fc g\u00f6nderme&lt;\/p&gt; \" data-medium-file=\"https:\/\/i0.wp.com\/www.tvturk.com\/wp-content\/uploads\/2019\/03\/imamoglundan-binali-yildirima-gozluklu-gonderme_e31dac8.jpg?fit=300%2C200\" data-large-file=\"https:\/\/i0.wp.com\/www.tvturk.com\/wp-content\/uploads\/2019\/03\/imamoglundan-binali-yildirima-gozluklu-gonderme_e31dac8.jpg?fit=1000%2C666\" src=\"https:\/\/i0.wp.com\/www.tvturk.com\/wp-content\/uploads\/2019\/03\/imamoglundan-binali-yildirima-gozluklu-gonderme_e31dac8.jpg?w=146&#038;h=97\" srcset=\"https:\/\/i0.wp.com\/www.tvturk.com\/wp-content\/uploads\/2019\/03\/imamoglundan-binali-yildirima-gozluklu-gonderme_e31dac8.jpg?w=1000 1000w, https:\/\/i0.wp.com\/www.tvturk.com\/wp-content\/uploads\/2019\/03\/imamoglundan-binali-yildirima-gozluklu-gonderme_e31dac8.jpg?resize=150%2C100 150w, https:\/\/i0.wp.com\/www.tvturk.com\/wp-content\/uploads\/2019\/03\/imamoglundan-binali-yildirima-gozluklu-gonderme_e31dac8.jpg?resize=300%2C200 300w, https:\/\/i0.wp.com\/www.tvturk.com\/wp-content\/uploads\/2019\/03\/imamoglundan-binali-yildirima-gozluklu-gonderme_e31dac8.jpg?resize=768%2C511 768w, https:\/\/i0.wp.com\/www.tvturk.com\/wp-content\/uploads\/2019\/03\/imamoglundan-binali-yildirima-gozluklu-gonderme_e31dac8.jpg?resize=170%2C113 170w, https:\/\/i0.wp.com\/www.tvturk.com\/wp-content\/uploads\/2019\/03\/imamoglundan-binali-yildirima-gozluklu-gonderme_e31dac8.jpg?resize=120%2C80 120w\" width=\"146\" height=\"97\" loading=\"lazy\" data-original-width=\"146\" data-original-height=\"97\" itemprop=\"http:\/\/schema.org\/image\" title=\"\u0130mamo\u011flu\u2019ndan Binali Y\u0131ld\u0131r\u0131m\u2019a g\u00f6zl\u00fckl\u00fc g\u00f6nderme\" alt=\"\u0130mamo\u011flu\u2019ndan Binali Y\u0131ld\u0131r\u0131m\u2019a g\u00f6zl\u00fckl\u00fc g\u00f6nderme\" style=\"width: 146px; height: 97px;\" \/> <\/a> <\/div> <\/div> <!-- close group --> <div class=\"gallery-group images-1\" style=\"width: 350px; height: 235px;\" data-original-width=\"350\" data-original-height=\"235\" > <div class=\"tiled-gallery-item tiled-gallery-item-large\" itemprop=\"associatedMedia\" itemscope itemtype=\"http:\/\/schema.org\/ImageObject\"> <a href=\"http:\/\/www.tvturk.com\/index.php\/imamoglundan-binali-yildirima-gozluklu-gonderme\/imamoglundan-binali-yildirima-gozluklu-gonderme-8\/\" border=\"0\" itemprop=\"url\"> <meta itemprop=\"width\" content=\"346\"> <meta itemprop=\"height\" content=\"231\"> <img decoding=\"async\" class=\"\" data-attachment-id=\"83276\" data-orig-file=\"http:\/\/www.tvturk.com\/wp-content\/uploads\/2019\/03\/imamoglundan-binali-yildirima-gozluklu-gonderme_621254f.jpg\" data-orig-size=\"1000,666\" data-comments-opened=\"\" data-image-meta=\"{&quot;aperture&quot;:&quot;0&quot;,&quot;credit&quot;:&quot;IHA&quot;,&quot;camera&quot;:&quot;&quot;,&quot;caption&quot;:&quot;CHP \\u0130STANBUL B\\u00dcY\\u00dcK\\u015eEH\\u0130R BELED\\u0130YE BA\\u015eKAN ADAYI EKREM \\u0130MAMO\\u011eLU, SE\\u00c7\\u0130M \\u00c7ALI\\u015eMALARI KAPSAMINDA MALTEPE VE TUZLA\\u2019DA HALK BULU\\u015eMALARINA KATILDI. (FERHAT YASAK - MEHMET BA\\u015eA\\\/\\u0130STANBUL-\\u0130HA)&quot;,&quot;created_timestamp&quot;:&quot;0&quot;,&quot;copyright&quot;:&quot;\\u0130HLAS HABER AJANSI, www.iha.com.tr&quot;,&quot;focal_length&quot;:&quot;0&quot;,&quot;iso&quot;:&quot;0&quot;,&quot;shutter_speed&quot;:&quot;0&quot;,&quot;title&quot;:&quot;\\u0130MAMO\\u011eLU\\u2019NDAN B\\u0130NAL\\u0130 YILDIRIM\\u2019A G\\u00d6ZL\\u00dcKL\\u00dc G\\u00d6NDERME&quot;,&quot;orientation&quot;:&quot;0&quot;}\" data-image-title=\"\u0130mamo\u011flu\u2019ndan Binali Y\u0131ld\u0131r\u0131m\u2019a g\u00f6zl\u00fckl\u00fc g\u00f6nderme\" data-image-description=\"&lt;p&gt;\u0130mamo\u011flu\u2019ndan Binali Y\u0131ld\u0131r\u0131m\u2019a g\u00f6zl\u00fckl\u00fc g\u00f6nderme&lt;\/p&gt; \" data-medium-file=\"https:\/\/i0.wp.com\/www.tvturk.com\/wp-content\/uploads\/2019\/03\/imamoglundan-binali-yildirima-gozluklu-gonderme_621254f.jpg?fit=300%2C200\" data-large-file=\"https:\/\/i0.wp.com\/www.tvturk.com\/wp-content\/uploads\/2019\/03\/imamoglundan-binali-yildirima-gozluklu-gonderme_621254f.jpg?fit=1000%2C666\" src=\"https:\/\/i0.wp.com\/www.tvturk.com\/wp-content\/uploads\/2019\/03\/imamoglundan-binali-yildirima-gozluklu-gonderme_621254f.jpg?w=346&#038;h=231\" srcset=\"https:\/\/i0.wp.com\/www.tvturk.com\/wp-content\/uploads\/2019\/03\/imamoglundan-binali-yildirima-gozluklu-gonderme_621254f.jpg?w=1000 1000w, https:\/\/i0.wp.com\/www.tvturk.com\/wp-content\/uploads\/2019\/03\/imamoglundan-binali-yildirima-gozluklu-gonderme_621254f.jpg?resize=150%2C100 150w, https:\/\/i0.wp.com\/www.tvturk.com\/wp-content\/uploads\/2019\/03\/imamoglundan-binali-yildirima-gozluklu-gonderme_621254f.jpg?resize=300%2C200 300w, https:\/\/i0.wp.com\/www.tvturk.com\/wp-content\/uploads\/2019\/03\/imamoglundan-binali-yildirima-gozluklu-gonderme_621254f.jpg?resize=768%2C511 768w, https:\/\/i0.wp.com\/www.tvturk.com\/wp-content\/uploads\/2019\/03\/imamoglundan-binali-yildirima-gozluklu-gonderme_621254f.jpg?resize=170%2C113 170w, https:\/\/i0.wp.com\/www.tvturk.com\/wp-content\/uploads\/2019\/03\/imamoglundan-binali-yildirima-gozluklu-gonderme_621254f.jpg?resize=120%2C80 120w\" width=\"346\" height=\"231\" loading=\"lazy\" data-original-width=\"346\" data-original-height=\"231\" itemprop=\"http:\/\/schema.org\/image\" title=\"\u0130mamo\u011flu\u2019ndan Binali Y\u0131ld\u0131r\u0131m\u2019a g\u00f6zl\u00fckl\u00fc g\u00f6nderme\" alt=\"\u0130mamo\u011flu\u2019ndan Binali Y\u0131ld\u0131r\u0131m\u2019a g\u00f6zl\u00fckl\u00fc g\u00f6nderme\" style=\"width: 346px; height: 231px;\" \/> <\/a> <\/div> <\/div> <!-- close group --> <\/div> <!-- close row --> <div class=\"gallery-row\" style=\"width: 500px; height: 161px;\" data-original-width=\"500\" data-original-height=\"161\" > <div class=\"gallery-group images-1\" style=\"width: 250px; height: 161px;\" data-original-width=\"250\" data-original-height=\"161\" > <div class=\"tiled-gallery-item tiled-gallery-item-small\" itemprop=\"associatedMedia\" itemscope itemtype=\"http:\/\/schema.org\/ImageObject\"> <a href=\"http:\/\/www.tvturk.com\/index.php\/imamoglundan-binali-yildirima-gozluklu-gonderme\/imamoglundan-binali-yildirima-gozluklu-gonderme-9\/\" border=\"0\" itemprop=\"url\"> <meta itemprop=\"width\" content=\"246\"> <meta itemprop=\"height\" content=\"157\"> <img decoding=\"async\" class=\"\" data-attachment-id=\"83277\" data-orig-file=\"http:\/\/www.tvturk.com\/wp-content\/uploads\/2019\/03\/imamoglundan-binali-yildirima-gozluklu-gonderme_7fd6d13.jpg\" data-orig-size=\"1000,638\" data-comments-opened=\"\" data-image-meta=\"{&quot;aperture&quot;:&quot;0&quot;,&quot;credit&quot;:&quot;IHA&quot;,&quot;camera&quot;:&quot;&quot;,&quot;caption&quot;:&quot;CHP\\u2019N\\u0130N \\u0130STANBUL B\\u00dcY\\u00dcK\\u015eEH\\u0130R BELED\\u0130YE BA\\u015eKAN ADAYI EKREM \\u0130MAMO\\u011eLU, TUZLA Z\\u0130YARET\\u0130NDE B\\u0130NAL\\u0130 YILDIRIM\\u2019A G\\u00d6ZL\\u00dcKL\\u00dc G\\u00d6NDERMEDE BULUNARAK, \\u201cRAK\\u0130B\\u0130M BURADA OTURUYOR, EV\\u0130 BURADA GAL\\u0130BA. D\\u00dcN BEN\\u0130M \\u0130L\\u00c7EME BEYL\\u0130KD\\u00dcZ\\u00dc\\u2019NE GELM\\u0130\\u015e, DEM\\u0130\\u015e K\\u0130 \\u2018YE\\u015e\\u0130L ALAN D\\u0130YOR AMA BEN BURAYA GELD\\u0130M YE\\u015e\\u0130L ALAN G\\u00d6REMED\\u0130M\\u2019 DEM\\u0130\\u015e. G\\u00d6REMED\\u0130YSE BEN\\u0130M G\\u00d6ZLER\\u0130M DE BOZUK, BAK G\\u00d6ZL\\u00dcK TAKIYORUM, G\\u00d6ZL\\u00dcK TAKSINLAR. \\u00c7\\u00dcNK\\u00dc EN YE\\u015e\\u0130L \\u0130L\\u00c7ELERDEN B\\u0130R\\u0130S\\u0130 BEYL\\u0130KD\\u00dcZ\\u00dc\\u201d DED\\u0130. (FERHAT YASAK - MEHMET BA\\u015eA\\\/\\u0130STANBUL-\\u0130HA)&quot;,&quot;created_timestamp&quot;:&quot;0&quot;,&quot;copyright&quot;:&quot;\\u0130HLAS HABER AJANSI, www.iha.com.tr&quot;,&quot;focal_length&quot;:&quot;0&quot;,&quot;iso&quot;:&quot;0&quot;,&quot;shutter_speed&quot;:&quot;0&quot;,&quot;title&quot;:&quot;\\u0130MAMO\\u011eLU\\u2019NDAN B\\u0130NAL\\u0130 YILDIRIM\\u2019A G\\u00d6ZL\\u00dcKL\\u00dc G\\u00d6NDERME&quot;,&quot;orientation&quot;:&quot;0&quot;}\" data-image-title=\"\u0130mamo\u011flu\u2019ndan Binali Y\u0131ld\u0131r\u0131m\u2019a g\u00f6zl\u00fckl\u00fc g\u00f6nderme\" data-image-description=\"&lt;p&gt;\u0130mamo\u011flu\u2019ndan Binali Y\u0131ld\u0131r\u0131m\u2019a g\u00f6zl\u00fckl\u00fc g\u00f6nderme&lt;\/p&gt; \" data-medium-file=\"https:\/\/i0.wp.com\/www.tvturk.com\/wp-content\/uploads\/2019\/03\/imamoglundan-binali-yildirima-gozluklu-gonderme_7fd6d13.jpg?fit=300%2C191\" data-large-file=\"https:\/\/i0.wp.com\/www.tvturk.com\/wp-content\/uploads\/2019\/03\/imamoglundan-binali-yildirima-gozluklu-gonderme_7fd6d13.jpg?fit=1000%2C638\" src=\"https:\/\/i0.wp.com\/www.tvturk.com\/wp-content\/uploads\/2019\/03\/imamoglundan-binali-yildirima-gozluklu-gonderme_7fd6d13.jpg?w=246&#038;h=157\" srcset=\"https:\/\/i0.wp.com\/www.tvturk.com\/wp-content\/uploads\/2019\/03\/imamoglundan-binali-yildirima-gozluklu-gonderme_7fd6d13.jpg?w=1000 1000w, https:\/\/i0.wp.com\/www.tvturk.com\/wp-content\/uploads\/2019\/03\/imamoglundan-binali-yildirima-gozluklu-gonderme_7fd6d13.jpg?resize=150%2C96 150w, https:\/\/i0.wp.com\/www.tvturk.com\/wp-content\/uploads\/2019\/03\/imamoglundan-binali-yildirima-gozluklu-gonderme_7fd6d13.jpg?resize=300%2C191 300w, https:\/\/i0.wp.com\/www.tvturk.com\/wp-content\/uploads\/2019\/03\/imamoglundan-binali-yildirima-gozluklu-gonderme_7fd6d13.jpg?resize=768%2C490 768w\" width=\"246\" height=\"157\" loading=\"lazy\" data-original-width=\"246\" data-original-height=\"157\" itemprop=\"http:\/\/schema.org\/image\" title=\"\u0130mamo\u011flu\u2019ndan Binali Y\u0131ld\u0131r\u0131m\u2019a g\u00f6zl\u00fckl\u00fc g\u00f6nderme\" alt=\"\u0130mamo\u011flu\u2019ndan Binali Y\u0131ld\u0131r\u0131m\u2019a g\u00f6zl\u00fckl\u00fc g\u00f6nderme\" style=\"width: 246px; height: 157px;\" \/> <\/a> <\/div> <\/div> <!-- close group --> <div class=\"gallery-group images-1\" style=\"width: 250px; height: 161px;\" data-original-width=\"250\" data-original-height=\"161\" > <div class=\"tiled-gallery-item tiled-gallery-item-small\" itemprop=\"associatedMedia\" itemscope itemtype=\"http:\/\/schema.org\/ImageObject\"> <a href=\"http:\/\/www.tvturk.com\/index.php\/imamoglundan-binali-yildirima-gozluklu-gonderme\/imamoglundan-binali-yildirima-gozluklu-gonderme-10\/\" border=\"0\" itemprop=\"url\"> <meta itemprop=\"width\" content=\"246\"> <meta itemprop=\"height\" content=\"157\"> <img decoding=\"async\" class=\"\" data-attachment-id=\"83278\" data-orig-file=\"http:\/\/www.tvturk.com\/wp-content\/uploads\/2019\/03\/imamoglundan-binali-yildirima-gozluklu-gonderme_880003e.jpg\" data-orig-size=\"1000,639\" data-comments-opened=\"\" data-image-meta=\"{&quot;aperture&quot;:&quot;0&quot;,&quot;credit&quot;:&quot;IHA&quot;,&quot;camera&quot;:&quot;&quot;,&quot;caption&quot;:&quot;CHP \\u0130STANBUL B\\u00dcY\\u00dcK\\u015eEH\\u0130R BELED\\u0130YE BA\\u015eKAN ADAYI EKREM \\u0130MAMO\\u011eLU, SE\\u00c7\\u0130M \\u00c7ALI\\u015eMALARI KAPSAMINDA MALTEPE VE TUZLA\\u2019DA HALK BULU\\u015eMALARINA KATILDI. (FERHAT YASAK - MEHMET BA\\u015eA\\\/\\u0130STANBUL-\\u0130HA)&quot;,&quot;created_timestamp&quot;:&quot;0&quot;,&quot;copyright&quot;:&quot;\\u0130HLAS HABER AJANSI, www.iha.com.tr&quot;,&quot;focal_length&quot;:&quot;0&quot;,&quot;iso&quot;:&quot;0&quot;,&quot;shutter_speed&quot;:&quot;0&quot;,&quot;title&quot;:&quot;\\u0130MAMO\\u011eLU\\u2019NDAN B\\u0130NAL\\u0130 YILDIRIM\\u2019A G\\u00d6ZL\\u00dcKL\\u00dc G\\u00d6NDERME&quot;,&quot;orientation&quot;:&quot;0&quot;}\" data-image-title=\"\u0130mamo\u011flu\u2019ndan Binali Y\u0131ld\u0131r\u0131m\u2019a g\u00f6zl\u00fckl\u00fc g\u00f6nderme\" data-image-description=\"&lt;p&gt;\u0130mamo\u011flu\u2019ndan Binali Y\u0131ld\u0131r\u0131m\u2019a g\u00f6zl\u00fckl\u00fc g\u00f6nderme&lt;\/p&gt; \" data-medium-file=\"https:\/\/i0.wp.com\/www.tvturk.com\/wp-content\/uploads\/2019\/03\/imamoglundan-binali-yildirima-gozluklu-gonderme_880003e.jpg?fit=300%2C192\" data-large-file=\"https:\/\/i0.wp.com\/www.tvturk.com\/wp-content\/uploads\/2019\/03\/imamoglundan-binali-yildirima-gozluklu-gonderme_880003e.jpg?fit=1000%2C639\" src=\"https:\/\/i0.wp.com\/www.tvturk.com\/wp-content\/uploads\/2019\/03\/imamoglundan-binali-yildirima-gozluklu-gonderme_880003e.jpg?w=246&#038;h=157\" srcset=\"https:\/\/i0.wp.com\/www.tvturk.com\/wp-content\/uploads\/2019\/03\/imamoglundan-binali-yildirima-gozluklu-gonderme_880003e.jpg?w=1000 1000w, https:\/\/i0.wp.com\/www.tvturk.com\/wp-content\/uploads\/2019\/03\/imamoglundan-binali-yildirima-gozluklu-gonderme_880003e.jpg?resize=150%2C96 150w, https:\/\/i0.wp.com\/www.tvturk.com\/wp-content\/uploads\/2019\/03\/imamoglundan-binali-yildirima-gozluklu-gonderme_880003e.jpg?resize=300%2C192 300w, https:\/\/i0.wp.com\/www.tvturk.com\/wp-content\/uploads\/2019\/03\/imamoglundan-binali-yildirima-gozluklu-gonderme_880003e.jpg?resize=768%2C491 768w\" width=\"246\" height=\"157\" loading=\"lazy\" data-original-width=\"246\" data-original-height=\"157\" itemprop=\"http:\/\/schema.org\/image\" title=\"\u0130mamo\u011flu\u2019ndan Binali Y\u0131ld\u0131r\u0131m\u2019a g\u00f6zl\u00fckl\u00fc g\u00f6nderme\" alt=\"\u0130mamo\u011flu\u2019ndan Binali Y\u0131ld\u0131r\u0131m\u2019a g\u00f6zl\u00fckl\u00fc g\u00f6nderme\" style=\"width: 246px; height: 157px;\" \/> <\/a> <\/div> <\/div> <!-- close group --> <\/div> <!-- close row --> <\/div><\/p>\n","protected":false},"excerpt":{"rendered":"<p>CHP\u2019N\u0130N \u0130STANBUL B\u00dcY\u00dcK\u015eEH\u0130R BELED\u0130YE BA\u015eKAN ADAYI EKREM \u0130MAMO\u011eLU, TUZLA Z\u0130YARET\u0130NDE B\u0130NAL\u0130 YILDIRIM\u2019A G\u00d6ZL\u00dcKL\u00dc G\u00d6NDERMEDE BULUNARAK, \u201cRAK\u0130B\u0130M BURADA OTURUYOR, EV\u0130 BURADA GAL\u0130BA. D\u00dcN BEN\u0130M \u0130L\u00c7EME BEYL\u0130KD\u00dcZ\u00dc\u2019NE GELM\u0130\u015e, DEM\u0130\u015e K\u0130 \u2018YE\u015e\u0130L ALAN D\u0130YOR AMA BEN BURAYA GELD\u0130M YE\u015e\u0130L ALAN G\u00d6REMED\u0130M\u2019 DEM\u0130\u015e. G\u00d6REMED\u0130YSE BEN\u0130M G\u00d6ZLER\u0130M DE BOZUK, BAK G\u00d6ZL\u00dcK TAKIYORUM, G\u00d6ZL\u00dcK TAKSINLAR. \u00c7\u00dcNK\u00dc EN YE\u015e\u0130L \u0130L\u00c7ELERDEN B\u0130R\u0130S\u0130 BEYL\u0130KD\u00dcZ\u00dc\u201d DED\u0130.<\/p>\n","protected":false},"author":1,"featured_media":83270,"comment_status":"closed","ping_status":"open","sticky":false,"template":"","format":"standard","meta":{"jetpack_post_was_ever_published":false,"_jetpack_newsletter_access":"","_jetpack_dont_email_post_to_subs":false,"_jetpack_newsletter_tier_id":0,"_jetpack_memberships_contains_paywalled_content":false,"_jetpack_memberships_contains_paid_content":false,"footnotes":"","jetpack_publicize_message":"","jetpack_publicize_feature_enabled":true,"jetpack_social_post_already_shared":true,"jetpack_social_options":{"image_generator_settings":{"template":"highway","default_image_id":0,"font":"","enabled":false},"version":2}},"categories":[9],"tags":[3333,15017,23100,6134,9846],"class_list":["post-83269","post","type-post","status-publish","format-standard","has-post-thumbnail","hentry","category-siyaset","tag-binali","tag-gonderme","tag-gozluklu","tag-imamoglundan","tag-yildirima"],"jetpack_publicize_connections":[],"jetpack_featured_media_url":"https:\/\/i0.wp.com\/www.tvturk.com\/wp-content\/uploads\/2019\/03\/imamoglundan-binali-yildirima-gozluklu-gonderme_41e16a6.jpg?fit=1000%2C666","jetpack_sharing_enabled":true,"jetpack_shortlink":"https:\/\/wp.me\/paKIfm-lF3","_links":{"self":[{"href":"http:\/\/www.tvturk.com\/index.php\/wp-json\/wp\/v2\/posts\/83269","targetHints":{"allow":["GET"]}}],"collection":[{"href":"http:\/\/www.tvturk.com\/index.php\/wp-json\/wp\/v2\/posts"}],"about":[{"href":"http:\/\/www.tvturk.com\/index.php\/wp-json\/wp\/v2\/types\/post"}],"author":[{"embeddable":true,"href":"http:\/\/www.tvturk.com\/index.php\/wp-json\/wp\/v2\/users\/1"}],"replies":[{"embeddable":true,"href":"http:\/\/www.tvturk.com\/index.php\/wp-json\/wp\/v2\/comments?post=83269"}],"version-history":[{"count":1,"href":"http:\/\/www.tvturk.com\/index.php\/wp-json\/wp\/v2\/posts\/83269\/revisions"}],"predecessor-version":[{"id":83279,"href":"http:\/\/www.tvturk.com\/index.php\/wp-json\/wp\/v2\/posts\/83269\/revisions\/83279"}],"wp:featuredmedia":[{"embeddable":true,"href":"http:\/\/www.tvturk.com\/index.php\/wp-json\/wp\/v2\/media\/83270"}],"wp:attachment":[{"href":"http:\/\/www.tvturk.com\/index.php\/wp-json\/wp\/v2\/media?parent=83269"}],"wp:term":[{"taxonomy":"category","embeddable":true,"href":"http:\/\/www.tvturk.com\/index.php\/wp-json\/wp\/v2\/categories?post=83269"},{"taxonomy":"post_tag","embeddable":true,"href":"http:\/\/www.tvturk.com\/index.php\/wp-json\/wp\/v2\/tags?post=83269"}],"curies":[{"name":"wp","href":"https:\/\/api.w.org\/{rel}","templated":true}]}}