{"id":8328,"date":"2019-02-07T13:14:02","date_gmt":"2019-02-07T10:14:02","guid":{"rendered":"http:\/\/www.tvturk.com\/index.php\/umit-ozturk-ilk-kez-galatasaray-trabzonspor-macinda-duduk-calacak\/"},"modified":"2019-02-07T13:14:04","modified_gmt":"2019-02-07T10:14:04","slug":"umit-ozturk-ilk-kez-galatasaray-trabzonspor-macinda-duduk-calacak","status":"publish","type":"post","link":"http:\/\/www.tvturk.com\/index.php\/umit-ozturk-ilk-kez-galatasaray-trabzonspor-macinda-duduk-calacak\/","title":{"rendered":"\u00dcmit \u00d6zt\u00fcrk ilk kez Galatasaray &#8211; Trabzonspor ma\u00e7\u0131nda d\u00fcd\u00fck \u00e7alacak"},"content":{"rendered":"<p>Spor Toto S\u00fcper Lig\u2019in 21. haftas\u0131nda Galatasaray ile Trabzonspor aras\u0131nda oynanacak kar\u015f\u0131la\u015fmay\u0131 y\u00f6netecek olan \u00dcmit \u00d6zt\u00fcrk kariyerinde ilk kez bu iki tak\u0131m aras\u0131ndaki m\u00fcsabakada g\u00f6rev alacak.<\/p>\n<p>Spor Toto S\u00fcper Lig\u2019in 21. haftas\u0131nda Galatasaray, 10 \u015eubat Pazar g\u00fcn\u00fc T\u00fcrk Telekom Stadyumu\u2019nda Trabzonspor ile kar\u015f\u0131la\u015facak. Bu \u00f6nemli m\u00fcsabakada \u00dcmit \u00d6zt\u00fcrk d\u00fcd\u00fck \u00e7alacak. \u00d6zt\u00fcrk\u2019\u00fcn yard\u0131mc\u0131l\u0131klar\u0131n\u0131 Kerem Ersoy ve Osman G\u00f6khan Bilir yapacak. M\u00fccadelenin d\u00f6rd\u00fcnc\u00fc hakemi ise Arda Karde\u015fler olacak.<\/p>\n<p>Denizli b\u00f6lgesi hakemi olan \u00dcmit \u00d6zt\u00fcrk, kariyerinde ilk kez Galatasaray ile Trabzonspor aras\u0131nda oynanan bir m\u00fcsabakada d\u00fcd\u00fck \u00e7alacak.<\/p>\n<p>Galatasaray kaybetmedi<\/p>\n<p>\u00d6zt\u00fcrk\u2019\u00fcn d\u00fcd\u00fck \u00e7ald\u0131\u011f\u0131 8 kar\u015f\u0131la\u015fmaya \u00e7\u0131kan Galatasaray, sahadan 7 kez galip ayr\u0131l\u0131rken, 1 kez berabere kald\u0131. Bu ma\u00e7larda sar\u0131-k\u0131rm\u0131z\u0131l\u0131 futbolcular 16 sar\u0131 kart, 1 de k\u0131rm\u0131z\u0131 kart g\u00f6rd\u00fc. 36 ya\u015f\u0131ndaki hakem, Galatasaray\u2019\u0131n en son ligin ilk yar\u0131s\u0131nda 15 Aral\u0131k 2018\u2019de deplasmanda oynad\u0131\u011f\u0131 Ba\u015fak\u015fehir ma\u00e7\u0131n\u0131 y\u00f6netti. Aslan bu ma\u00e7ta sahadan 1-1 beraberlikle ayr\u0131ld\u0131.<\/p>\n<p>Bu sezon hi\u00e7 Trabzonspor ma\u00e7\u0131 y\u00f6netmedi<\/p>\n<p>\u00dcmit \u00d6zt\u00fcrk bu sezon Trabzonspor\u2019un ma\u00e7lar\u0131nda hi\u00e7 g\u00f6rev almazken, bug\u00fcne kadar Trabzonspor\u2019un 6 kar\u015f\u0131la\u015fmas\u0131n\u0131 y\u00f6netti. Bu ma\u00e7larda bordo-mavililer 4 kez kazan\u0131rken, 1\u2019er kez de yenildi ve berabere kald\u0131. \u00d6zt\u00fcrk, Karadeniz ekibindeki futbolculara 18 sar\u0131, 2 k\u0131rm\u0131z\u0131 kart g\u00f6sterdi.<div class=\"tiled-gallery type-rectangular tiled-gallery-unresized\" data-original-width=\"500\" data-carousel-extra='null' itemscope itemtype=\"http:\/\/schema.org\/ImageGallery\" > <div class=\"gallery-row\" style=\"width: 500px; height: 513px;\" data-original-width=\"500\" data-original-height=\"513\" > <div class=\"gallery-group images-1\" style=\"width: 500px; height: 513px;\" data-original-width=\"500\" data-original-height=\"513\" > <div class=\"tiled-gallery-item tiled-gallery-item-large\" itemprop=\"associatedMedia\" itemscope itemtype=\"http:\/\/schema.org\/ImageObject\"> <a href=\"http:\/\/www.tvturk.com\/index.php\/umit-ozturk-ilk-kez-galatasaray-trabzonspor-macinda-duduk-calacak\/umit-ozturk-ilk-kez-galatasaray-trabzonspor-macinda-duduk-calacak-3\/\" border=\"0\" itemprop=\"url\"> <meta itemprop=\"width\" content=\"496\"> <meta itemprop=\"height\" content=\"509\"> <img decoding=\"async\" class=\"\" data-attachment-id=\"8330\" data-orig-file=\"http:\/\/www.tvturk.com\/wp-content\/uploads\/2019\/02\/umit-ozturk-ilk-kez-galatasaray-trabzonspor-macinda-duduk-calacak_c7143c1.jpg\" data-orig-size=\"975,1000\" data-comments-opened=\"\" data-image-meta=\"{&quot;aperture&quot;:&quot;0&quot;,&quot;credit&quot;:&quot;IHA&quot;,&quot;camera&quot;:&quot;&quot;,&quot;caption&quot;:&quot;SPOR TOTO S\\u00dcPER L\\u0130G\\u0027\\u0130N 21. HAFTASINDA GALATASARAY \\u0130LE TRABZONSPOR ARASINDA OYNANACAK KAR\\u015eILA\\u015eMAYI Y\\u00d6NETECEK OLAN \\u00dcM\\u0130T \\u00d6ZT\\u00dcRK KAR\\u0130YER\\u0130NDE \\u0130LK KEZ BU \\u0130K\\u0130 TAKIM ARASINDAK\\u0130 M\\u00dcSABAKADA G\\u00d6REV ALACAK (MEHMET \\u015e\\u0130R\\u0130N TOPALO\\u011eLU\\\/\\u0130STANBUL-\\u0130HA)&quot;,&quot;created_timestamp&quot;:&quot;0&quot;,&quot;copyright&quot;:&quot;\\u0130HLAS HABER AJANSI, www.iha.com.tr&quot;,&quot;focal_length&quot;:&quot;0&quot;,&quot;iso&quot;:&quot;0&quot;,&quot;shutter_speed&quot;:&quot;0&quot;,&quot;title&quot;:&quot;\\u00dcM\\u0130T \\u00d6ZT\\u00dcRK \\u0130LK KEZ GALATASARAY - TRABZONSPOR MA\\u00c7INDA D\\u00dcD\\u00dcK \\u00c7ALACAK&quot;,&quot;orientation&quot;:&quot;0&quot;}\" data-image-title=\"\u00dcmit \u00d6zt\u00fcrk ilk kez Galatasaray &amp;#8211; Trabzonspor ma\u00e7\u0131nda d\u00fcd\u00fck \u00e7alacak\" data-image-description=\"&lt;p&gt;\u00dcmit \u00d6zt\u00fcrk ilk kez Galatasaray &amp;#8211; Trabzonspor ma\u00e7\u0131nda d\u00fcd\u00fck \u00e7alacak&lt;\/p&gt; \" data-medium-file=\"https:\/\/i0.wp.com\/www.tvturk.com\/wp-content\/uploads\/2019\/02\/umit-ozturk-ilk-kez-galatasaray-trabzonspor-macinda-duduk-calacak_c7143c1.jpg?fit=293%2C300\" data-large-file=\"https:\/\/i0.wp.com\/www.tvturk.com\/wp-content\/uploads\/2019\/02\/umit-ozturk-ilk-kez-galatasaray-trabzonspor-macinda-duduk-calacak_c7143c1.jpg?fit=975%2C1000\" src=\"https:\/\/i0.wp.com\/www.tvturk.com\/wp-content\/uploads\/2019\/02\/umit-ozturk-ilk-kez-galatasaray-trabzonspor-macinda-duduk-calacak_c7143c1.jpg?w=496&#038;h=509\" srcset=\"https:\/\/i0.wp.com\/www.tvturk.com\/wp-content\/uploads\/2019\/02\/umit-ozturk-ilk-kez-galatasaray-trabzonspor-macinda-duduk-calacak_c7143c1.jpg?w=975 975w, https:\/\/i0.wp.com\/www.tvturk.com\/wp-content\/uploads\/2019\/02\/umit-ozturk-ilk-kez-galatasaray-trabzonspor-macinda-duduk-calacak_c7143c1.jpg?resize=146%2C150 146w, https:\/\/i0.wp.com\/www.tvturk.com\/wp-content\/uploads\/2019\/02\/umit-ozturk-ilk-kez-galatasaray-trabzonspor-macinda-duduk-calacak_c7143c1.jpg?resize=293%2C300 293w, https:\/\/i0.wp.com\/www.tvturk.com\/wp-content\/uploads\/2019\/02\/umit-ozturk-ilk-kez-galatasaray-trabzonspor-macinda-duduk-calacak_c7143c1.jpg?resize=768%2C788 768w\" width=\"496\" height=\"509\" loading=\"lazy\" data-original-width=\"496\" data-original-height=\"509\" itemprop=\"http:\/\/schema.org\/image\" title=\"\u00dcmit \u00d6zt\u00fcrk ilk kez Galatasaray - Trabzonspor ma\u00e7\u0131nda d\u00fcd\u00fck \u00e7alacak\" alt=\"\u00dcmit \u00d6zt\u00fcrk ilk kez Galatasaray - Trabzonspor ma\u00e7\u0131nda d\u00fcd\u00fck \u00e7alacak\" style=\"width: 496px; height: 509px;\" \/> <\/a> <\/div> <\/div> <!-- close group --> <\/div> <!-- close row --> <\/div><\/p>\n","protected":false},"excerpt":{"rendered":"<p>SPOR TOTO S\u00dcPER L\u0130G&#8217;\u0130N 21. HAFTASINDA GALATASARAY \u0130LE TRABZONSPOR ARASINDA OYNANACAK KAR\u015eILA\u015eMAYI Y\u00d6NETECEK OLAN \u00dcM\u0130T \u00d6ZT\u00dcRK KAR\u0130YER\u0130NDE \u0130LK KEZ BU \u0130K\u0130 TAKIM ARASINDAK\u0130 M\u00dcSABAKADA G\u00d6REV ALACAK<\/p>\n","protected":false},"author":1,"featured_media":8329,"comment_status":"closed","ping_status":"open","sticky":false,"template":"","format":"standard","meta":{"jetpack_post_was_ever_published":false,"_jetpack_newsletter_access":"","_jetpack_dont_email_post_to_subs":false,"_jetpack_newsletter_tier_id":0,"_jetpack_memberships_contains_paywalled_content":false,"_jetpack_memberships_contains_paid_content":false,"footnotes":"","jetpack_publicize_message":"","jetpack_publicize_feature_enabled":true,"jetpack_social_post_already_shared":false,"jetpack_social_options":{"image_generator_settings":{"template":"highway","default_image_id":0,"font":"","enabled":false},"version":2}},"categories":[657],"tags":[4452,4451,1976,37,1497,4450,4449,916,4448],"class_list":["post-8328","post","type-post","status-publish","format-standard","has-post-thumbnail","hentry","category-spor","tag-calacak","tag-duduk","tag-galatasaray","tag-ilk","tag-kez","tag-macinda","tag-ozturk","tag-trabzonspor","tag-umit"],"jetpack_publicize_connections":[],"jetpack_featured_media_url":"https:\/\/i0.wp.com\/www.tvturk.com\/wp-content\/uploads\/2019\/02\/umit-ozturk-ilk-kez-galatasaray-trabzonspor-macinda-duduk-calacak_910166d.jpg?fit=984%2C1000","jetpack_sharing_enabled":true,"jetpack_shortlink":"https:\/\/wp.me\/paKIfm-2ak","_links":{"self":[{"href":"http:\/\/www.tvturk.com\/index.php\/wp-json\/wp\/v2\/posts\/8328","targetHints":{"allow":["GET"]}}],"collection":[{"href":"http:\/\/www.tvturk.com\/index.php\/wp-json\/wp\/v2\/posts"}],"about":[{"href":"http:\/\/www.tvturk.com\/index.php\/wp-json\/wp\/v2\/types\/post"}],"author":[{"embeddable":true,"href":"http:\/\/www.tvturk.com\/index.php\/wp-json\/wp\/v2\/users\/1"}],"replies":[{"embeddable":true,"href":"http:\/\/www.tvturk.com\/index.php\/wp-json\/wp\/v2\/comments?post=8328"}],"version-history":[{"count":1,"href":"http:\/\/www.tvturk.com\/index.php\/wp-json\/wp\/v2\/posts\/8328\/revisions"}],"predecessor-version":[{"id":8331,"href":"http:\/\/www.tvturk.com\/index.php\/wp-json\/wp\/v2\/posts\/8328\/revisions\/8331"}],"wp:featuredmedia":[{"embeddable":true,"href":"http:\/\/www.tvturk.com\/index.php\/wp-json\/wp\/v2\/media\/8329"}],"wp:attachment":[{"href":"http:\/\/www.tvturk.com\/index.php\/wp-json\/wp\/v2\/media?parent=8328"}],"wp:term":[{"taxonomy":"category","embeddable":true,"href":"http:\/\/www.tvturk.com\/index.php\/wp-json\/wp\/v2\/categories?post=8328"},{"taxonomy":"post_tag","embeddable":true,"href":"http:\/\/www.tvturk.com\/index.php\/wp-json\/wp\/v2\/tags?post=8328"}],"curies":[{"name":"wp","href":"https:\/\/api.w.org\/{rel}","templated":true}]}}