{"id":83313,"date":"2019-03-10T16:58:08","date_gmt":"2019-03-10T13:58:08","guid":{"rendered":"http:\/\/www.tvturk.com\/index.php\/gunesli-havayi-firsat-bilenler-istiklal-caddesine-akin-etti\/"},"modified":"2019-03-10T16:58:13","modified_gmt":"2019-03-10T13:58:13","slug":"gunesli-havayi-firsat-bilenler-istiklal-caddesine-akin-etti","status":"publish","type":"post","link":"http:\/\/www.tvturk.com\/index.php\/gunesli-havayi-firsat-bilenler-istiklal-caddesine-akin-etti\/","title":{"rendered":"G\u00fcne\u015fli havay\u0131 f\u0131rsat bilenler \u0130stiklal Caddesi\u2019ne ak\u0131n etti"},"content":{"rendered":"<p>S\u0131cak havay\u0131 f\u0131rsat bilen \u0130stanbullular, kendilerini d\u0131\u015far\u0131 att\u0131. S\u0131cakl\u0131\u011f\u0131n 19 dereceye kadar y\u00fckseldi\u011fi \u0130stiklal Caddesi ve Taksim Meydan\u0131\u2019na ak\u0131n eden vatanda\u015flar ise adeta insan seli olu\u015fturdu.<\/p>\n<p>\u0130stanbul\u2019da bug\u00fcn 19 dereceye kadar y\u00fckselen hava s\u0131cakl\u0131\u011f\u0131 yazdan kalma bir g\u00fcn\u00fcn ya\u015fanmas\u0131na neden oldu. \u0130stanbullular s\u0131cak ve g\u00fcne\u015fli havay\u0131 f\u0131rsat bilip kendilerini d\u0131\u015far\u0131 att\u0131. \u0130stanbul\u2019un \u00e7e\u015fitli b\u00f6lgeleri g\u00fcne\u015fli havay\u0131 f\u0131rsata \u00e7evirenlerle doldu ta\u015ft\u0131.<\/p>\n<p>Yine en \u00e7ok tercih edilen yer \u0130stiklal Caddesi oldu<\/p>\n<p>En \u00e7ok ra\u011fbet g\u00f6ren yerlerden biri de Taksim Meydan\u0131 ve \u0130stiklal Caddesi oldu. \u0130stiklal Caddesi\u2019nde adeta insan seli ya\u015fand\u0131. Kalabal\u0131k nedeniyle y\u00fcr\u00fcmekte zorluk \u00e7eken insanlar\u0131n olu\u015fturdu\u011fu insan seli kameralara yans\u0131d\u0131. G\u00fcne\u015fi f\u0131rsat bilen vatanda\u015flardan  baz\u0131lar\u0131 da ye\u015fillik alanlara oturarak havan\u0131n keyfini \u00e7\u0131kard\u0131. Taksim-T\u00fcnel aras\u0131nda hizmet veren Nostaljik Tramvay da zaman zaman kalabal\u0131k nedeniyle yava\u015f ilerlemek zorunda kald\u0131.<div class=\"tiled-gallery type-rectangular tiled-gallery-unresized\" data-original-width=\"500\" data-carousel-extra='null' itemscope itemtype=\"http:\/\/schema.org\/ImageGallery\" > <div class=\"gallery-row\" style=\"width: 500px; height: 251px;\" data-original-width=\"500\" data-original-height=\"251\" > <div class=\"gallery-group images-1\" style=\"width: 334px; height: 251px;\" data-original-width=\"334\" data-original-height=\"251\" > <div class=\"tiled-gallery-item tiled-gallery-item-large\" itemprop=\"associatedMedia\" itemscope itemtype=\"http:\/\/schema.org\/ImageObject\"> <a href=\"http:\/\/www.tvturk.com\/index.php\/gunesli-havayi-firsat-bilenler-istiklal-caddesine-akin-etti\/gunesli-havayi-firsat-bilenler-istiklal-caddesine-akin-etti-3\/\" border=\"0\" itemprop=\"url\"> <meta itemprop=\"width\" content=\"330\"> <meta itemprop=\"height\" content=\"247\"> <img decoding=\"async\" class=\"\" data-attachment-id=\"83315\" data-orig-file=\"http:\/\/www.tvturk.com\/wp-content\/uploads\/2019\/03\/gunesli-havayi-firsat-bilenler-istiklal-caddesine-akin-etti_f23d6a8.jpg\" data-orig-size=\"1000,750\" data-comments-opened=\"\" data-image-meta=\"{&quot;aperture&quot;:&quot;0&quot;,&quot;credit&quot;:&quot;IHA&quot;,&quot;camera&quot;:&quot;&quot;,&quot;caption&quot;:&quot;SICAK HAVAYI FIRSAT B\\u0130LEN \\u0130STANBULLULAR, KEND\\u0130LER\\u0130N\\u0130 DI\\u015eARI ATTI. SICAKLI\\u011eIN 19 DERECEYE KADAR Y\\u00dcKSELD\\u0130\\u011e\\u0130 \\u0130ST\\u0130KLAL CADDES\\u0130 VE TAKS\\u0130M MEYDANI\\u2019NA AKIN EDEN VATANDA\\u015eLAR \\u0130SE ADETA \\u0130NSAN SEL\\u0130 OLU\\u015eTURDU. (S\\u00dcMER AVCI\\\/\\u0130STANBUL-\\u0130HA)&quot;,&quot;created_timestamp&quot;:&quot;0&quot;,&quot;copyright&quot;:&quot;\\u0130HLAS HABER AJANSI, www.iha.com.tr&quot;,&quot;focal_length&quot;:&quot;0&quot;,&quot;iso&quot;:&quot;0&quot;,&quot;shutter_speed&quot;:&quot;0&quot;,&quot;title&quot;:&quot;G\\u00dcNE\\u015eL\\u0130 HAVAYI FIRSAT B\\u0130LENLER \\u0130ST\\u0130KLAL CADDES\\u0130\\u2019NE AKIN ETT\\u0130&quot;,&quot;orientation&quot;:&quot;0&quot;}\" data-image-title=\"G\u00fcne\u015fli havay\u0131 f\u0131rsat bilenler \u0130stiklal Caddesi\u2019ne ak\u0131n etti\" data-image-description=\"&lt;p&gt;G\u00fcne\u015fli havay\u0131 f\u0131rsat bilenler \u0130stiklal Caddesi\u2019ne ak\u0131n etti&lt;\/p&gt; \" data-medium-file=\"https:\/\/i0.wp.com\/www.tvturk.com\/wp-content\/uploads\/2019\/03\/gunesli-havayi-firsat-bilenler-istiklal-caddesine-akin-etti_f23d6a8.jpg?fit=300%2C225\" data-large-file=\"https:\/\/i0.wp.com\/www.tvturk.com\/wp-content\/uploads\/2019\/03\/gunesli-havayi-firsat-bilenler-istiklal-caddesine-akin-etti_f23d6a8.jpg?fit=1000%2C750\" src=\"https:\/\/i0.wp.com\/www.tvturk.com\/wp-content\/uploads\/2019\/03\/gunesli-havayi-firsat-bilenler-istiklal-caddesine-akin-etti_f23d6a8.jpg?w=330&#038;h=247\" srcset=\"https:\/\/i0.wp.com\/www.tvturk.com\/wp-content\/uploads\/2019\/03\/gunesli-havayi-firsat-bilenler-istiklal-caddesine-akin-etti_f23d6a8.jpg?w=1000 1000w, https:\/\/i0.wp.com\/www.tvturk.com\/wp-content\/uploads\/2019\/03\/gunesli-havayi-firsat-bilenler-istiklal-caddesine-akin-etti_f23d6a8.jpg?resize=150%2C113 150w, https:\/\/i0.wp.com\/www.tvturk.com\/wp-content\/uploads\/2019\/03\/gunesli-havayi-firsat-bilenler-istiklal-caddesine-akin-etti_f23d6a8.jpg?resize=300%2C225 300w, https:\/\/i0.wp.com\/www.tvturk.com\/wp-content\/uploads\/2019\/03\/gunesli-havayi-firsat-bilenler-istiklal-caddesine-akin-etti_f23d6a8.jpg?resize=768%2C576 768w\" width=\"330\" height=\"247\" loading=\"lazy\" data-original-width=\"330\" data-original-height=\"247\" itemprop=\"http:\/\/schema.org\/image\" title=\"G\u00fcne\u015fli havay\u0131 f\u0131rsat bilenler \u0130stiklal Caddesi\u2019ne ak\u0131n etti\" alt=\"G\u00fcne\u015fli havay\u0131 f\u0131rsat bilenler \u0130stiklal Caddesi\u2019ne ak\u0131n etti\" style=\"width: 330px; height: 247px;\" \/> <\/a> <\/div> <\/div> <!-- close group --> <div class=\"gallery-group images-2\" style=\"width: 166px; height: 251px;\" data-original-width=\"166\" data-original-height=\"251\" > <div class=\"tiled-gallery-item tiled-gallery-item-small\" itemprop=\"associatedMedia\" itemscope itemtype=\"http:\/\/schema.org\/ImageObject\"> <a href=\"http:\/\/www.tvturk.com\/index.php\/gunesli-havayi-firsat-bilenler-istiklal-caddesine-akin-etti\/gunesli-havayi-firsat-bilenler-istiklal-caddesine-akin-etti-4\/\" border=\"0\" itemprop=\"url\"> <meta itemprop=\"width\" content=\"162\"> <meta itemprop=\"height\" content=\"122\"> <img decoding=\"async\" class=\"\" data-attachment-id=\"83316\" data-orig-file=\"http:\/\/www.tvturk.com\/wp-content\/uploads\/2019\/03\/gunesli-havayi-firsat-bilenler-istiklal-caddesine-akin-etti_340d84f.jpg\" data-orig-size=\"1000,750\" data-comments-opened=\"\" data-image-meta=\"{&quot;aperture&quot;:&quot;0&quot;,&quot;credit&quot;:&quot;IHA&quot;,&quot;camera&quot;:&quot;&quot;,&quot;caption&quot;:&quot;SICAK HAVAYI FIRSAT B\\u0130LEN \\u0130STANBULLULAR, KEND\\u0130LER\\u0130N\\u0130 DI\\u015eARI ATTI. SICAKLI\\u011eIN 19 DERECEYE KADAR Y\\u00dcKSELD\\u0130\\u011e\\u0130 \\u0130ST\\u0130KLAL CADDES\\u0130 VE TAKS\\u0130M MEYDANI\\u2019NA AKIN EDEN VATANDA\\u015eLAR \\u0130SE ADETA \\u0130NSAN SEL\\u0130 OLU\\u015eTURDU. (S\\u00dcMER AVCI\\\/\\u0130STANBUL-\\u0130HA)&quot;,&quot;created_timestamp&quot;:&quot;0&quot;,&quot;copyright&quot;:&quot;\\u0130HLAS HABER AJANSI, www.iha.com.tr&quot;,&quot;focal_length&quot;:&quot;0&quot;,&quot;iso&quot;:&quot;0&quot;,&quot;shutter_speed&quot;:&quot;0&quot;,&quot;title&quot;:&quot;G\\u00dcNE\\u015eL\\u0130 HAVAYI FIRSAT B\\u0130LENLER \\u0130ST\\u0130KLAL CADDES\\u0130\\u2019NE AKIN ETT\\u0130&quot;,&quot;orientation&quot;:&quot;0&quot;}\" data-image-title=\"G\u00fcne\u015fli havay\u0131 f\u0131rsat bilenler \u0130stiklal Caddesi\u2019ne ak\u0131n etti\" data-image-description=\"&lt;p&gt;G\u00fcne\u015fli havay\u0131 f\u0131rsat bilenler \u0130stiklal Caddesi\u2019ne ak\u0131n etti&lt;\/p&gt; \" data-medium-file=\"https:\/\/i0.wp.com\/www.tvturk.com\/wp-content\/uploads\/2019\/03\/gunesli-havayi-firsat-bilenler-istiklal-caddesine-akin-etti_340d84f.jpg?fit=300%2C225\" data-large-file=\"https:\/\/i0.wp.com\/www.tvturk.com\/wp-content\/uploads\/2019\/03\/gunesli-havayi-firsat-bilenler-istiklal-caddesine-akin-etti_340d84f.jpg?fit=1000%2C750\" src=\"https:\/\/i0.wp.com\/www.tvturk.com\/wp-content\/uploads\/2019\/03\/gunesli-havayi-firsat-bilenler-istiklal-caddesine-akin-etti_340d84f.jpg?w=162&#038;h=122\" srcset=\"https:\/\/i0.wp.com\/www.tvturk.com\/wp-content\/uploads\/2019\/03\/gunesli-havayi-firsat-bilenler-istiklal-caddesine-akin-etti_340d84f.jpg?w=1000 1000w, https:\/\/i0.wp.com\/www.tvturk.com\/wp-content\/uploads\/2019\/03\/gunesli-havayi-firsat-bilenler-istiklal-caddesine-akin-etti_340d84f.jpg?resize=150%2C113 150w, https:\/\/i0.wp.com\/www.tvturk.com\/wp-content\/uploads\/2019\/03\/gunesli-havayi-firsat-bilenler-istiklal-caddesine-akin-etti_340d84f.jpg?resize=300%2C225 300w, https:\/\/i0.wp.com\/www.tvturk.com\/wp-content\/uploads\/2019\/03\/gunesli-havayi-firsat-bilenler-istiklal-caddesine-akin-etti_340d84f.jpg?resize=768%2C576 768w\" width=\"162\" height=\"122\" loading=\"lazy\" data-original-width=\"162\" data-original-height=\"122\" itemprop=\"http:\/\/schema.org\/image\" title=\"G\u00fcne\u015fli havay\u0131 f\u0131rsat bilenler \u0130stiklal Caddesi\u2019ne ak\u0131n etti\" alt=\"G\u00fcne\u015fli havay\u0131 f\u0131rsat bilenler \u0130stiklal Caddesi\u2019ne ak\u0131n etti\" style=\"width: 162px; height: 122px;\" \/> <\/a> <\/div> <div class=\"tiled-gallery-item tiled-gallery-item-small\" itemprop=\"associatedMedia\" itemscope itemtype=\"http:\/\/schema.org\/ImageObject\"> <a href=\"http:\/\/www.tvturk.com\/index.php\/gunesli-havayi-firsat-bilenler-istiklal-caddesine-akin-etti\/gunesli-havayi-firsat-bilenler-istiklal-caddesine-akin-etti-5\/\" border=\"0\" itemprop=\"url\"> <meta itemprop=\"width\" content=\"162\"> <meta itemprop=\"height\" content=\"121\"> <img decoding=\"async\" class=\"\" data-attachment-id=\"83317\" data-orig-file=\"http:\/\/www.tvturk.com\/wp-content\/uploads\/2019\/03\/gunesli-havayi-firsat-bilenler-istiklal-caddesine-akin-etti_6388177.jpg\" data-orig-size=\"1000,750\" data-comments-opened=\"\" data-image-meta=\"{&quot;aperture&quot;:&quot;0&quot;,&quot;credit&quot;:&quot;IHA&quot;,&quot;camera&quot;:&quot;&quot;,&quot;caption&quot;:&quot;SICAK HAVAYI FIRSAT B\\u0130LEN \\u0130STANBULLULAR, KEND\\u0130LER\\u0130N\\u0130 DI\\u015eARI ATTI. SICAKLI\\u011eIN 19 DERECEYE KADAR Y\\u00dcKSELD\\u0130\\u011e\\u0130 \\u0130ST\\u0130KLAL CADDES\\u0130 VE TAKS\\u0130M MEYDANI\\u2019NA AKIN EDEN VATANDA\\u015eLAR \\u0130SE ADETA \\u0130NSAN SEL\\u0130 OLU\\u015eTURDU. (S\\u00dcMER AVCI\\\/\\u0130STANBUL-\\u0130HA)&quot;,&quot;created_timestamp&quot;:&quot;0&quot;,&quot;copyright&quot;:&quot;\\u0130HLAS HABER AJANSI, www.iha.com.tr&quot;,&quot;focal_length&quot;:&quot;0&quot;,&quot;iso&quot;:&quot;0&quot;,&quot;shutter_speed&quot;:&quot;0&quot;,&quot;title&quot;:&quot;G\\u00dcNE\\u015eL\\u0130 HAVAYI FIRSAT B\\u0130LENLER \\u0130ST\\u0130KLAL CADDES\\u0130\\u2019NE AKIN ETT\\u0130&quot;,&quot;orientation&quot;:&quot;0&quot;}\" data-image-title=\"G\u00fcne\u015fli havay\u0131 f\u0131rsat bilenler \u0130stiklal Caddesi\u2019ne ak\u0131n etti\" data-image-description=\"&lt;p&gt;G\u00fcne\u015fli havay\u0131 f\u0131rsat bilenler \u0130stiklal Caddesi\u2019ne ak\u0131n etti&lt;\/p&gt; \" data-medium-file=\"https:\/\/i0.wp.com\/www.tvturk.com\/wp-content\/uploads\/2019\/03\/gunesli-havayi-firsat-bilenler-istiklal-caddesine-akin-etti_6388177.jpg?fit=300%2C225\" data-large-file=\"https:\/\/i0.wp.com\/www.tvturk.com\/wp-content\/uploads\/2019\/03\/gunesli-havayi-firsat-bilenler-istiklal-caddesine-akin-etti_6388177.jpg?fit=1000%2C750\" src=\"https:\/\/i0.wp.com\/www.tvturk.com\/wp-content\/uploads\/2019\/03\/gunesli-havayi-firsat-bilenler-istiklal-caddesine-akin-etti_6388177.jpg?w=162&#038;h=121\" srcset=\"https:\/\/i0.wp.com\/www.tvturk.com\/wp-content\/uploads\/2019\/03\/gunesli-havayi-firsat-bilenler-istiklal-caddesine-akin-etti_6388177.jpg?w=1000 1000w, https:\/\/i0.wp.com\/www.tvturk.com\/wp-content\/uploads\/2019\/03\/gunesli-havayi-firsat-bilenler-istiklal-caddesine-akin-etti_6388177.jpg?resize=150%2C113 150w, https:\/\/i0.wp.com\/www.tvturk.com\/wp-content\/uploads\/2019\/03\/gunesli-havayi-firsat-bilenler-istiklal-caddesine-akin-etti_6388177.jpg?resize=300%2C225 300w, https:\/\/i0.wp.com\/www.tvturk.com\/wp-content\/uploads\/2019\/03\/gunesli-havayi-firsat-bilenler-istiklal-caddesine-akin-etti_6388177.jpg?resize=768%2C576 768w\" width=\"162\" height=\"121\" loading=\"lazy\" data-original-width=\"162\" data-original-height=\"121\" itemprop=\"http:\/\/schema.org\/image\" title=\"G\u00fcne\u015fli havay\u0131 f\u0131rsat bilenler \u0130stiklal Caddesi\u2019ne ak\u0131n etti\" alt=\"G\u00fcne\u015fli havay\u0131 f\u0131rsat bilenler \u0130stiklal Caddesi\u2019ne ak\u0131n etti\" style=\"width: 162px; height: 121px;\" \/> <\/a> <\/div> <\/div> <!-- close group --> <\/div> <!-- close row --> <div class=\"gallery-row\" style=\"width: 500px; height: 189px;\" data-original-width=\"500\" data-original-height=\"189\" > <div class=\"gallery-group images-1\" style=\"width: 250px; height: 189px;\" data-original-width=\"250\" data-original-height=\"189\" > <div class=\"tiled-gallery-item tiled-gallery-item-small\" itemprop=\"associatedMedia\" itemscope itemtype=\"http:\/\/schema.org\/ImageObject\"> <a href=\"http:\/\/www.tvturk.com\/index.php\/gunesli-havayi-firsat-bilenler-istiklal-caddesine-akin-etti\/gunesli-havayi-firsat-bilenler-istiklal-caddesine-akin-etti-6\/\" border=\"0\" itemprop=\"url\"> <meta itemprop=\"width\" content=\"246\"> <meta itemprop=\"height\" content=\"185\"> <img decoding=\"async\" class=\"\" data-attachment-id=\"83318\" data-orig-file=\"http:\/\/www.tvturk.com\/wp-content\/uploads\/2019\/03\/gunesli-havayi-firsat-bilenler-istiklal-caddesine-akin-etti_36ecb9b.jpg\" data-orig-size=\"1000,750\" data-comments-opened=\"\" data-image-meta=\"{&quot;aperture&quot;:&quot;0&quot;,&quot;credit&quot;:&quot;IHA&quot;,&quot;camera&quot;:&quot;&quot;,&quot;caption&quot;:&quot;SICAK HAVAYI FIRSAT B\\u0130LEN \\u0130STANBULLULAR, KEND\\u0130LER\\u0130N\\u0130 DI\\u015eARI ATTI. SICAKLI\\u011eIN 19 DERECEYE KADAR Y\\u00dcKSELD\\u0130\\u011e\\u0130 \\u0130ST\\u0130KLAL CADDES\\u0130 VE TAKS\\u0130M MEYDANI\\u2019NA AKIN EDEN VATANDA\\u015eLAR \\u0130SE ADETA \\u0130NSAN SEL\\u0130 OLU\\u015eTURDU. (S\\u00dcMER AVCI\\\/\\u0130STANBUL-\\u0130HA)&quot;,&quot;created_timestamp&quot;:&quot;0&quot;,&quot;copyright&quot;:&quot;\\u0130HLAS HABER AJANSI, www.iha.com.tr&quot;,&quot;focal_length&quot;:&quot;0&quot;,&quot;iso&quot;:&quot;0&quot;,&quot;shutter_speed&quot;:&quot;0&quot;,&quot;title&quot;:&quot;G\\u00dcNE\\u015eL\\u0130 HAVAYI FIRSAT B\\u0130LENLER \\u0130ST\\u0130KLAL CADDES\\u0130\\u2019NE AKIN ETT\\u0130&quot;,&quot;orientation&quot;:&quot;0&quot;}\" data-image-title=\"G\u00fcne\u015fli havay\u0131 f\u0131rsat bilenler \u0130stiklal Caddesi\u2019ne ak\u0131n etti\" data-image-description=\"&lt;p&gt;G\u00fcne\u015fli havay\u0131 f\u0131rsat bilenler \u0130stiklal Caddesi\u2019ne ak\u0131n etti&lt;\/p&gt; \" data-medium-file=\"https:\/\/i0.wp.com\/www.tvturk.com\/wp-content\/uploads\/2019\/03\/gunesli-havayi-firsat-bilenler-istiklal-caddesine-akin-etti_36ecb9b.jpg?fit=300%2C225\" data-large-file=\"https:\/\/i0.wp.com\/www.tvturk.com\/wp-content\/uploads\/2019\/03\/gunesli-havayi-firsat-bilenler-istiklal-caddesine-akin-etti_36ecb9b.jpg?fit=1000%2C750\" src=\"https:\/\/i0.wp.com\/www.tvturk.com\/wp-content\/uploads\/2019\/03\/gunesli-havayi-firsat-bilenler-istiklal-caddesine-akin-etti_36ecb9b.jpg?w=246&#038;h=185\" srcset=\"https:\/\/i0.wp.com\/www.tvturk.com\/wp-content\/uploads\/2019\/03\/gunesli-havayi-firsat-bilenler-istiklal-caddesine-akin-etti_36ecb9b.jpg?w=1000 1000w, https:\/\/i0.wp.com\/www.tvturk.com\/wp-content\/uploads\/2019\/03\/gunesli-havayi-firsat-bilenler-istiklal-caddesine-akin-etti_36ecb9b.jpg?resize=150%2C113 150w, https:\/\/i0.wp.com\/www.tvturk.com\/wp-content\/uploads\/2019\/03\/gunesli-havayi-firsat-bilenler-istiklal-caddesine-akin-etti_36ecb9b.jpg?resize=300%2C225 300w, https:\/\/i0.wp.com\/www.tvturk.com\/wp-content\/uploads\/2019\/03\/gunesli-havayi-firsat-bilenler-istiklal-caddesine-akin-etti_36ecb9b.jpg?resize=768%2C576 768w\" width=\"246\" height=\"185\" loading=\"lazy\" data-original-width=\"246\" data-original-height=\"185\" itemprop=\"http:\/\/schema.org\/image\" title=\"G\u00fcne\u015fli havay\u0131 f\u0131rsat bilenler \u0130stiklal Caddesi\u2019ne ak\u0131n etti\" alt=\"G\u00fcne\u015fli havay\u0131 f\u0131rsat bilenler \u0130stiklal Caddesi\u2019ne ak\u0131n etti\" style=\"width: 246px; height: 185px;\" \/> <\/a> <\/div> <\/div> <!-- close group --> <div class=\"gallery-group images-1\" style=\"width: 250px; height: 189px;\" data-original-width=\"250\" data-original-height=\"189\" > <div class=\"tiled-gallery-item tiled-gallery-item-small\" itemprop=\"associatedMedia\" itemscope itemtype=\"http:\/\/schema.org\/ImageObject\"> <a href=\"http:\/\/www.tvturk.com\/index.php\/gunesli-havayi-firsat-bilenler-istiklal-caddesine-akin-etti\/gunesli-havayi-firsat-bilenler-istiklal-caddesine-akin-etti-7\/\" border=\"0\" itemprop=\"url\"> <meta itemprop=\"width\" content=\"246\"> <meta itemprop=\"height\" content=\"185\"> <img decoding=\"async\" class=\"\" data-attachment-id=\"83319\" data-orig-file=\"http:\/\/www.tvturk.com\/wp-content\/uploads\/2019\/03\/gunesli-havayi-firsat-bilenler-istiklal-caddesine-akin-etti_72be282.jpg\" data-orig-size=\"1000,750\" data-comments-opened=\"\" data-image-meta=\"{&quot;aperture&quot;:&quot;0&quot;,&quot;credit&quot;:&quot;IHA&quot;,&quot;camera&quot;:&quot;&quot;,&quot;caption&quot;:&quot;SICAK HAVAYI FIRSAT B\\u0130LEN \\u0130STANBULLULAR, KEND\\u0130LER\\u0130N\\u0130 DI\\u015eARI ATTI. SICAKLI\\u011eIN 19 DERECEYE KADAR Y\\u00dcKSELD\\u0130\\u011e\\u0130 \\u0130ST\\u0130KLAL CADDES\\u0130 VE TAKS\\u0130M MEYDANI\\u2019NA AKIN EDEN VATANDA\\u015eLAR \\u0130SE ADETA \\u0130NSAN SEL\\u0130 OLU\\u015eTURDU. (S\\u00dcMER AVCI\\\/\\u0130STANBUL-\\u0130HA)&quot;,&quot;created_timestamp&quot;:&quot;0&quot;,&quot;copyright&quot;:&quot;\\u0130HLAS HABER AJANSI, www.iha.com.tr&quot;,&quot;focal_length&quot;:&quot;0&quot;,&quot;iso&quot;:&quot;0&quot;,&quot;shutter_speed&quot;:&quot;0&quot;,&quot;title&quot;:&quot;G\\u00dcNE\\u015eL\\u0130 HAVAYI FIRSAT B\\u0130LENLER \\u0130ST\\u0130KLAL CADDES\\u0130\\u2019NE AKIN ETT\\u0130&quot;,&quot;orientation&quot;:&quot;0&quot;}\" data-image-title=\"G\u00fcne\u015fli havay\u0131 f\u0131rsat bilenler \u0130stiklal Caddesi\u2019ne ak\u0131n etti\" data-image-description=\"&lt;p&gt;G\u00fcne\u015fli havay\u0131 f\u0131rsat bilenler \u0130stiklal Caddesi\u2019ne ak\u0131n etti&lt;\/p&gt; \" data-medium-file=\"https:\/\/i0.wp.com\/www.tvturk.com\/wp-content\/uploads\/2019\/03\/gunesli-havayi-firsat-bilenler-istiklal-caddesine-akin-etti_72be282.jpg?fit=300%2C225\" data-large-file=\"https:\/\/i0.wp.com\/www.tvturk.com\/wp-content\/uploads\/2019\/03\/gunesli-havayi-firsat-bilenler-istiklal-caddesine-akin-etti_72be282.jpg?fit=1000%2C750\" src=\"https:\/\/i0.wp.com\/www.tvturk.com\/wp-content\/uploads\/2019\/03\/gunesli-havayi-firsat-bilenler-istiklal-caddesine-akin-etti_72be282.jpg?w=246&#038;h=185\" srcset=\"https:\/\/i0.wp.com\/www.tvturk.com\/wp-content\/uploads\/2019\/03\/gunesli-havayi-firsat-bilenler-istiklal-caddesine-akin-etti_72be282.jpg?w=1000 1000w, https:\/\/i0.wp.com\/www.tvturk.com\/wp-content\/uploads\/2019\/03\/gunesli-havayi-firsat-bilenler-istiklal-caddesine-akin-etti_72be282.jpg?resize=150%2C113 150w, https:\/\/i0.wp.com\/www.tvturk.com\/wp-content\/uploads\/2019\/03\/gunesli-havayi-firsat-bilenler-istiklal-caddesine-akin-etti_72be282.jpg?resize=300%2C225 300w, https:\/\/i0.wp.com\/www.tvturk.com\/wp-content\/uploads\/2019\/03\/gunesli-havayi-firsat-bilenler-istiklal-caddesine-akin-etti_72be282.jpg?resize=768%2C576 768w\" width=\"246\" height=\"185\" loading=\"lazy\" data-original-width=\"246\" data-original-height=\"185\" itemprop=\"http:\/\/schema.org\/image\" title=\"G\u00fcne\u015fli havay\u0131 f\u0131rsat bilenler \u0130stiklal Caddesi\u2019ne ak\u0131n etti\" alt=\"G\u00fcne\u015fli havay\u0131 f\u0131rsat bilenler \u0130stiklal Caddesi\u2019ne ak\u0131n etti\" style=\"width: 246px; height: 185px;\" \/> <\/a> <\/div> <\/div> <!-- close group --> <\/div> <!-- close row --> <\/div><\/p>\n","protected":false},"excerpt":{"rendered":"<p>SICAK HAVAYI FIRSAT B\u0130LEN \u0130STANBULLULAR, KEND\u0130LER\u0130N\u0130 DI\u015eARI ATTI. SICAKLI\u011eIN 19 DERECEYE KADAR Y\u00dcKSELD\u0130\u011e\u0130 \u0130ST\u0130KLAL CADDES\u0130 VE TAKS\u0130M MEYDANI\u2019NA AKIN EDEN VATANDA\u015eLAR \u0130SE ADETA \u0130NSAN SEL\u0130 OLU\u015eTURDU.<\/p>\n","protected":false},"author":1,"featured_media":83314,"comment_status":"closed","ping_status":"open","sticky":false,"template":"","format":"standard","meta":{"jetpack_post_was_ever_published":false,"_jetpack_newsletter_access":"","_jetpack_dont_email_post_to_subs":false,"_jetpack_newsletter_tier_id":0,"_jetpack_memberships_contains_paywalled_content":false,"_jetpack_memberships_contains_paid_content":false,"footnotes":"","jetpack_publicize_message":"","jetpack_publicize_feature_enabled":true,"jetpack_social_post_already_shared":true,"jetpack_social_options":{"image_generator_settings":{"template":"highway","default_image_id":0,"font":"","enabled":false},"version":2}},"categories":[1],"tags":[328,8590,10337,207,4837,14761,14762,14044],"class_list":["post-83313","post","type-post","status-publish","format-standard","has-post-thumbnail","hentry","category-genel","tag-akin","tag-bilenler","tag-caddesine","tag-etti","tag-firsat","tag-gunesli","tag-havayi","tag-istiklal"],"jetpack_publicize_connections":[],"jetpack_featured_media_url":"https:\/\/i0.wp.com\/www.tvturk.com\/wp-content\/uploads\/2019\/03\/gunesli-havayi-firsat-bilenler-istiklal-caddesine-akin-etti_653fea1.jpg?fit=1000%2C750","jetpack_sharing_enabled":true,"jetpack_shortlink":"https:\/\/wp.me\/paKIfm-lFL","_links":{"self":[{"href":"http:\/\/www.tvturk.com\/index.php\/wp-json\/wp\/v2\/posts\/83313","targetHints":{"allow":["GET"]}}],"collection":[{"href":"http:\/\/www.tvturk.com\/index.php\/wp-json\/wp\/v2\/posts"}],"about":[{"href":"http:\/\/www.tvturk.com\/index.php\/wp-json\/wp\/v2\/types\/post"}],"author":[{"embeddable":true,"href":"http:\/\/www.tvturk.com\/index.php\/wp-json\/wp\/v2\/users\/1"}],"replies":[{"embeddable":true,"href":"http:\/\/www.tvturk.com\/index.php\/wp-json\/wp\/v2\/comments?post=83313"}],"version-history":[{"count":1,"href":"http:\/\/www.tvturk.com\/index.php\/wp-json\/wp\/v2\/posts\/83313\/revisions"}],"predecessor-version":[{"id":83320,"href":"http:\/\/www.tvturk.com\/index.php\/wp-json\/wp\/v2\/posts\/83313\/revisions\/83320"}],"wp:featuredmedia":[{"embeddable":true,"href":"http:\/\/www.tvturk.com\/index.php\/wp-json\/wp\/v2\/media\/83314"}],"wp:attachment":[{"href":"http:\/\/www.tvturk.com\/index.php\/wp-json\/wp\/v2\/media?parent=83313"}],"wp:term":[{"taxonomy":"category","embeddable":true,"href":"http:\/\/www.tvturk.com\/index.php\/wp-json\/wp\/v2\/categories?post=83313"},{"taxonomy":"post_tag","embeddable":true,"href":"http:\/\/www.tvturk.com\/index.php\/wp-json\/wp\/v2\/tags?post=83313"}],"curies":[{"name":"wp","href":"https:\/\/api.w.org\/{rel}","templated":true}]}}