{"id":8374,"date":"2019-02-07T13:19:52","date_gmt":"2019-02-07T10:19:52","guid":{"rendered":"http:\/\/www.tvturk.com\/index.php\/2019-yili-ilk-ukome-toplantisi-yapildi\/"},"modified":"2019-02-07T13:19:54","modified_gmt":"2019-02-07T10:19:54","slug":"2019-yili-ilk-ukome-toplantisi-yapildi","status":"publish","type":"post","link":"http:\/\/www.tvturk.com\/index.php\/2019-yili-ilk-ukome-toplantisi-yapildi\/","title":{"rendered":"2019 y\u0131l\u0131 ilk UKOME toplant\u0131s\u0131 yap\u0131ld\u0131"},"content":{"rendered":"<p>Van B\u00fcy\u00fck\u015fehir Belediyesi Ula\u015f\u0131m ve Koordinasyon Merkezinin (UKOME) 2019 y\u0131l\u0131 1. ola\u011fan toplant\u0131s\u0131 yap\u0131ld\u0131.<\/p>\n<p>Ula\u015f\u0131m Daire Ba\u015fkanl\u0131\u011f\u0131nca d\u00fczenlenen UKOME toplant\u0131s\u0131, B\u00fcy\u00fck\u015fehir Belediyesi toplant\u0131 salonunda ger\u00e7ekle\u015ftirildi. Vali Yard\u0131mc\u0131s\u0131 ve B\u00fcy\u00fck\u015fehir Belediyesi Genel Sekreter Vekili Sinan Aslan\u2019\u0131n ba\u015fkanl\u0131\u011f\u0131nda ger\u00e7ekle\u015ftirilen toplant\u0131ya; Genel Sekreter Yard\u0131mc\u0131s\u0131 Faz\u0131l Tamer ile Jandarma Asayi\u015f Kolordu Komutanl\u0131\u011f\u0131, \u0130l Emniyet M\u00fcd\u00fcrl\u00fc\u011f\u00fc, \u0130l Jandarma Komutanl\u0131\u011f\u0131, Ula\u015ft\u0131rma 8. B\u00f6lge M\u00fcd\u00fcrl\u00fc\u011f\u00fc, Karayollar\u0131 11. B\u00f6lge M\u00fcd\u00fcrl\u00fc\u011f\u00fc, \u015eof\u00f6rler Odas\u0131 Ba\u015fkanl\u0131\u011f\u0131, Tatvan Liman Ba\u015fkanl\u0131\u011f\u0131, Ferit Melen Hava Meydanlar\u0131 M\u00fcd\u00fcrl\u00fc\u011f\u00fc temsilcileri ile belediyenin ilgili daire ba\u015fkanlar\u0131 kat\u0131ld\u0131.<\/p>\n<p>16 g\u00fcndem maddesinin g\u00f6r\u00fc\u015f\u00fcld\u00fc\u011f\u00fc toplant\u0131da, Geva\u015f il\u00e7esinde yediemin otopark a\u00e7\u0131lmas\u0131, \u0130pekyolu Belediyesi taraf\u0131ndan Bah\u00e7\u0131van Mahallesi Cumhuriyet Caddesi 2. Sokakta yap\u0131lan Butik soka\u011f\u0131n trafi\u011fe kapat\u0131lmas\u0131, Karayollar\u0131 11. B\u00f6lge M\u00fcd\u00fcrl\u00fc\u011f\u00fc taraf\u0131ndan Van-Edremit karayolu ile Van-\u00d6zalp karayolu \u00fczerinde \u00fcst ge\u00e7it yap\u0131lmas\u0131, \u0130skele Caddesi\u2019ni Ko\u00e7ibey Caddesi\u2019ne ba\u011flayan G\u00fcnd\u00fcz Soka\u011f\u0131n \u00e7ift y\u00f6ne \u00e7evrilmesi gibi bir\u00e7ok konu g\u00f6r\u00fc\u015f\u00fcld\u00fc.<div class=\"tiled-gallery type-rectangular tiled-gallery-unresized\" data-original-width=\"500\" data-carousel-extra='null' itemscope itemtype=\"http:\/\/schema.org\/ImageGallery\" > <div class=\"gallery-row\" style=\"width: 500px; height: 167px;\" data-original-width=\"500\" data-original-height=\"167\" > <div class=\"gallery-group images-1\" style=\"width: 245px; height: 167px;\" data-original-width=\"245\" data-original-height=\"167\" > <div class=\"tiled-gallery-item tiled-gallery-item-small\" itemprop=\"associatedMedia\" itemscope itemtype=\"http:\/\/schema.org\/ImageObject\"> <a href=\"http:\/\/www.tvturk.com\/index.php\/2019-yili-ilk-ukome-toplantisi-yapildi\/2019-yili-ilk-ukome-toplantisi-yapildi-3\/\" border=\"0\" itemprop=\"url\"> <meta itemprop=\"width\" content=\"241\"> <meta itemprop=\"height\" content=\"163\"> <img decoding=\"async\" class=\"\" data-attachment-id=\"8376\" data-orig-file=\"http:\/\/www.tvturk.com\/wp-content\/uploads\/2019\/02\/2019-yili-ilk-ukome-toplantisi-yapildi_c61acd0.jpg\" data-orig-size=\"1000,677\" data-comments-opened=\"\" data-image-meta=\"{&quot;aperture&quot;:&quot;0&quot;,&quot;credit&quot;:&quot;IHA&quot;,&quot;camera&quot;:&quot;&quot;,&quot;caption&quot;:&quot;VAN B\\u00dcY\\u00dcK\\u015eEH\\u0130R BELED\\u0130YES\\u0130 ULA\\u015eIM VE KOORD\\u0130NASYON MERKEZ\\u0130N\\u0130N (UKOME) 2019 YILI 1. OLA\\u011eAN TOPLANTISI YAPILDI. (MEHMET SAL\\u0130H AKKU\\u015e\\\/VAN-\\u0130HA)&quot;,&quot;created_timestamp&quot;:&quot;0&quot;,&quot;copyright&quot;:&quot;\\u0130HLAS HABER AJANSI, www.iha.com.tr&quot;,&quot;focal_length&quot;:&quot;0&quot;,&quot;iso&quot;:&quot;0&quot;,&quot;shutter_speed&quot;:&quot;0&quot;,&quot;title&quot;:&quot;2019 YILI \\u0130LK UKOME TOPLANTISI YAPILDI&quot;,&quot;orientation&quot;:&quot;0&quot;}\" data-image-title=\"2019 y\u0131l\u0131 ilk UKOME toplant\u0131s\u0131 yap\u0131ld\u0131\" data-image-description=\"&lt;p&gt;2019 y\u0131l\u0131 ilk UKOME toplant\u0131s\u0131 yap\u0131ld\u0131&lt;\/p&gt; \" data-medium-file=\"https:\/\/i0.wp.com\/www.tvturk.com\/wp-content\/uploads\/2019\/02\/2019-yili-ilk-ukome-toplantisi-yapildi_c61acd0.jpg?fit=300%2C203\" data-large-file=\"https:\/\/i0.wp.com\/www.tvturk.com\/wp-content\/uploads\/2019\/02\/2019-yili-ilk-ukome-toplantisi-yapildi_c61acd0.jpg?fit=1000%2C677\" src=\"https:\/\/i0.wp.com\/www.tvturk.com\/wp-content\/uploads\/2019\/02\/2019-yili-ilk-ukome-toplantisi-yapildi_c61acd0.jpg?w=241&#038;h=163\" srcset=\"https:\/\/i0.wp.com\/www.tvturk.com\/wp-content\/uploads\/2019\/02\/2019-yili-ilk-ukome-toplantisi-yapildi_c61acd0.jpg?w=1000 1000w, https:\/\/i0.wp.com\/www.tvturk.com\/wp-content\/uploads\/2019\/02\/2019-yili-ilk-ukome-toplantisi-yapildi_c61acd0.jpg?resize=150%2C102 150w, https:\/\/i0.wp.com\/www.tvturk.com\/wp-content\/uploads\/2019\/02\/2019-yili-ilk-ukome-toplantisi-yapildi_c61acd0.jpg?resize=300%2C203 300w, https:\/\/i0.wp.com\/www.tvturk.com\/wp-content\/uploads\/2019\/02\/2019-yili-ilk-ukome-toplantisi-yapildi_c61acd0.jpg?resize=768%2C520 768w, https:\/\/i0.wp.com\/www.tvturk.com\/wp-content\/uploads\/2019\/02\/2019-yili-ilk-ukome-toplantisi-yapildi_c61acd0.jpg?resize=120%2C80 120w, https:\/\/i0.wp.com\/www.tvturk.com\/wp-content\/uploads\/2019\/02\/2019-yili-ilk-ukome-toplantisi-yapildi_c61acd0.jpg?resize=80%2C55 80w\" width=\"241\" height=\"163\" loading=\"lazy\" data-original-width=\"241\" data-original-height=\"163\" itemprop=\"http:\/\/schema.org\/image\" title=\"2019 y\u0131l\u0131 ilk UKOME toplant\u0131s\u0131 yap\u0131ld\u0131\" alt=\"2019 y\u0131l\u0131 ilk UKOME toplant\u0131s\u0131 yap\u0131ld\u0131\" style=\"width: 241px; height: 163px;\" \/> <\/a> <\/div> <\/div> <!-- close group --> <div class=\"gallery-group images-1\" style=\"width: 255px; height: 167px;\" data-original-width=\"255\" data-original-height=\"167\" > <div class=\"tiled-gallery-item tiled-gallery-item-large\" itemprop=\"associatedMedia\" itemscope itemtype=\"http:\/\/schema.org\/ImageObject\"> <a href=\"http:\/\/www.tvturk.com\/index.php\/2019-yili-ilk-ukome-toplantisi-yapildi\/2019-yili-ilk-ukome-toplantisi-yapildi-4\/\" border=\"0\" itemprop=\"url\"> <meta itemprop=\"width\" content=\"251\"> <meta itemprop=\"height\" content=\"163\"> <img decoding=\"async\" class=\"\" data-attachment-id=\"8377\" data-orig-file=\"http:\/\/www.tvturk.com\/wp-content\/uploads\/2019\/02\/2019-yili-ilk-ukome-toplantisi-yapildi_ebe0ce4.jpg\" data-orig-size=\"1000,651\" data-comments-opened=\"\" data-image-meta=\"{&quot;aperture&quot;:&quot;0&quot;,&quot;credit&quot;:&quot;IHA&quot;,&quot;camera&quot;:&quot;&quot;,&quot;caption&quot;:&quot;VAN B\\u00dcY\\u00dcK\\u015eEH\\u0130R BELED\\u0130YES\\u0130 ULA\\u015eIM VE KOORD\\u0130NASYON MERKEZ\\u0130N\\u0130N (UKOME) 2019 YILI 1. OLA\\u011eAN TOPLANTISI YAPILDI. (MEHMET SAL\\u0130H AKKU\\u015e\\\/VAN-\\u0130HA)&quot;,&quot;created_timestamp&quot;:&quot;0&quot;,&quot;copyright&quot;:&quot;\\u0130HLAS HABER AJANSI, www.iha.com.tr&quot;,&quot;focal_length&quot;:&quot;0&quot;,&quot;iso&quot;:&quot;0&quot;,&quot;shutter_speed&quot;:&quot;0&quot;,&quot;title&quot;:&quot;2019 YILI \\u0130LK UKOME TOPLANTISI YAPILDI&quot;,&quot;orientation&quot;:&quot;0&quot;}\" data-image-title=\"2019 y\u0131l\u0131 ilk UKOME toplant\u0131s\u0131 yap\u0131ld\u0131\" data-image-description=\"&lt;p&gt;2019 y\u0131l\u0131 ilk UKOME toplant\u0131s\u0131 yap\u0131ld\u0131&lt;\/p&gt; \" data-medium-file=\"https:\/\/i0.wp.com\/www.tvturk.com\/wp-content\/uploads\/2019\/02\/2019-yili-ilk-ukome-toplantisi-yapildi_ebe0ce4.jpg?fit=300%2C195\" data-large-file=\"https:\/\/i0.wp.com\/www.tvturk.com\/wp-content\/uploads\/2019\/02\/2019-yili-ilk-ukome-toplantisi-yapildi_ebe0ce4.jpg?fit=1000%2C651\" src=\"https:\/\/i0.wp.com\/www.tvturk.com\/wp-content\/uploads\/2019\/02\/2019-yili-ilk-ukome-toplantisi-yapildi_ebe0ce4.jpg?w=251&#038;h=163\" srcset=\"https:\/\/i0.wp.com\/www.tvturk.com\/wp-content\/uploads\/2019\/02\/2019-yili-ilk-ukome-toplantisi-yapildi_ebe0ce4.jpg?w=1000 1000w, https:\/\/i0.wp.com\/www.tvturk.com\/wp-content\/uploads\/2019\/02\/2019-yili-ilk-ukome-toplantisi-yapildi_ebe0ce4.jpg?resize=150%2C98 150w, https:\/\/i0.wp.com\/www.tvturk.com\/wp-content\/uploads\/2019\/02\/2019-yili-ilk-ukome-toplantisi-yapildi_ebe0ce4.jpg?resize=300%2C195 300w, https:\/\/i0.wp.com\/www.tvturk.com\/wp-content\/uploads\/2019\/02\/2019-yili-ilk-ukome-toplantisi-yapildi_ebe0ce4.jpg?resize=768%2C500 768w, https:\/\/i0.wp.com\/www.tvturk.com\/wp-content\/uploads\/2019\/02\/2019-yili-ilk-ukome-toplantisi-yapildi_ebe0ce4.jpg?resize=510%2C330 510w\" width=\"251\" height=\"163\" loading=\"lazy\" data-original-width=\"251\" data-original-height=\"163\" itemprop=\"http:\/\/schema.org\/image\" title=\"2019 y\u0131l\u0131 ilk UKOME toplant\u0131s\u0131 yap\u0131ld\u0131\" alt=\"2019 y\u0131l\u0131 ilk UKOME toplant\u0131s\u0131 yap\u0131ld\u0131\" style=\"width: 251px; height: 163px;\" \/> <\/a> <\/div> <\/div> <!-- close group --> <\/div> <!-- close row --> <\/div><\/p>\n","protected":false},"excerpt":{"rendered":"<p>VAN B\u00dcY\u00dcK\u015eEH\u0130R BELED\u0130YES\u0130 ULA\u015eIM VE KOORD\u0130NASYON MERKEZ\u0130N\u0130N (UKOME) 2019 YILI 1. OLA\u011eAN TOPLANTISI YAPILDI.<\/p>\n","protected":false},"author":1,"featured_media":8375,"comment_status":"closed","ping_status":"open","sticky":false,"template":"","format":"standard","meta":{"jetpack_post_was_ever_published":false,"_jetpack_newsletter_access":"","_jetpack_dont_email_post_to_subs":false,"_jetpack_newsletter_tier_id":0,"_jetpack_memberships_contains_paywalled_content":false,"_jetpack_memberships_contains_paid_content":false,"footnotes":"","jetpack_publicize_message":"","jetpack_publicize_feature_enabled":true,"jetpack_social_post_already_shared":false,"jetpack_social_options":{"image_generator_settings":{"template":"highway","default_image_id":0,"font":"","enabled":false},"version":2}},"categories":[655],"tags":[2705,37,347,4476,117,2128],"class_list":["post-8374","post","type-post","status-publish","format-standard","has-post-thumbnail","hentry","category-son-dakika","tag-2705","tag-ilk","tag-toplantisi","tag-ukome","tag-yapildi","tag-yili"],"jetpack_publicize_connections":[],"jetpack_featured_media_url":"https:\/\/i0.wp.com\/www.tvturk.com\/wp-content\/uploads\/2019\/02\/2019-yili-ilk-ukome-toplantisi-yapildi_6d458ab.jpg?fit=1000%2C599","jetpack_sharing_enabled":true,"jetpack_shortlink":"https:\/\/wp.me\/paKIfm-2b4","_links":{"self":[{"href":"http:\/\/www.tvturk.com\/index.php\/wp-json\/wp\/v2\/posts\/8374","targetHints":{"allow":["GET"]}}],"collection":[{"href":"http:\/\/www.tvturk.com\/index.php\/wp-json\/wp\/v2\/posts"}],"about":[{"href":"http:\/\/www.tvturk.com\/index.php\/wp-json\/wp\/v2\/types\/post"}],"author":[{"embeddable":true,"href":"http:\/\/www.tvturk.com\/index.php\/wp-json\/wp\/v2\/users\/1"}],"replies":[{"embeddable":true,"href":"http:\/\/www.tvturk.com\/index.php\/wp-json\/wp\/v2\/comments?post=8374"}],"version-history":[{"count":1,"href":"http:\/\/www.tvturk.com\/index.php\/wp-json\/wp\/v2\/posts\/8374\/revisions"}],"predecessor-version":[{"id":8378,"href":"http:\/\/www.tvturk.com\/index.php\/wp-json\/wp\/v2\/posts\/8374\/revisions\/8378"}],"wp:featuredmedia":[{"embeddable":true,"href":"http:\/\/www.tvturk.com\/index.php\/wp-json\/wp\/v2\/media\/8375"}],"wp:attachment":[{"href":"http:\/\/www.tvturk.com\/index.php\/wp-json\/wp\/v2\/media?parent=8374"}],"wp:term":[{"taxonomy":"category","embeddable":true,"href":"http:\/\/www.tvturk.com\/index.php\/wp-json\/wp\/v2\/categories?post=8374"},{"taxonomy":"post_tag","embeddable":true,"href":"http:\/\/www.tvturk.com\/index.php\/wp-json\/wp\/v2\/tags?post=8374"}],"curies":[{"name":"wp","href":"https:\/\/api.w.org\/{rel}","templated":true}]}}