{"id":8389,"date":"2019-02-07T13:24:50","date_gmt":"2019-02-07T10:24:50","guid":{"rendered":"http:\/\/www.tvturk.com\/index.php\/bursa-barosu-murat-efe-icin-harekete-gecti\/"},"modified":"2019-02-07T13:24:53","modified_gmt":"2019-02-07T10:24:53","slug":"bursa-barosu-murat-efe-icin-harekete-gecti","status":"publish","type":"post","link":"http:\/\/www.tvturk.com\/index.php\/bursa-barosu-murat-efe-icin-harekete-gecti\/","title":{"rendered":"Bursa Barosu Murat Efe i\u00e7in harekete ge\u00e7ti"},"content":{"rendered":"<p>Bursa Barosu, Mudanya\u2019da okul bah\u00e7esinde ba\u015f\u0131n\u0131 dire\u011fe \u00e7arparak \u00f6len \u00e7ocu\u011fun ailesine destek \u00e7\u0131kt\u0131.<\/p>\n<p>Bursa Barosu, Hatice \u0130smail Hakk\u0131 Kayan Ortaokulu 5. s\u0131n\u0131f \u00f6\u011frencisi Murat Efe Narin\u2019in, okul bah\u00e7esinde ba\u015f\u0131n\u0131 dire\u011fe \u00e7arpt\u0131ktan sonra ertesi sabah annesi Pervin Narin\u2019in kollar\u0131nda can vermesi \u00fczerine a\u00e7\u0131lan soru\u015fturmay\u0131 takibe ald\u0131. O\u011flunun \u00f6l\u00fcm\u00fcnde \u00f6\u011fretmen ve okul idarecilerinin ihmali oldu\u011funu iddia eden ac\u0131l\u0131 annenin \u00e7a\u011fr\u0131s\u0131na kulak veren Bursa Barosu Ba\u015fkan\u0131 Av. G\u00fcrkan Altun, aileye hukuk\u00ee destek vereceklerini a\u00e7\u0131klad\u0131. Altun\u2019un bu a\u00e7\u0131klamas\u0131ndan sonra Bursa Barosu Y\u00f6netim Kurulu \u00dcyesi Av. Ayg\u00fcl Arda G\u00fcne\u015f, \u00c7ocuk Haklar\u0131 Merkezi Ba\u015fkan\u0131 Av. Merve Kayrak ve Merkez Y\u00fcr\u00fctme Kurulu \u00dcyesi Av. Kahraman \u00c7a\u011fr\u0131 Dede, 10 ya\u015f\u0131nda hayat\u0131n\u0131 kaybeden Murat Efe Narin\u2019in annesi Pervin Narin\u2019e taziye ziyaretinde bulundu.<\/p>\n<p>\u00c7ocu\u011funun \u00f6l\u00fcm\u00fcnde \u00f6\u011fretmen ve okul y\u00f6neticilerinin ihmali oldu\u011funu iddia eden Pervin,  \u201c\u00c7ocu\u011fum ba\u015f\u0131n\u0131 dire\u011fe \u00e7arpt\u0131 ya da bir arkada\u015f\u0131yla \u00e7arp\u0131\u015ft\u0131. Her ne olmu\u015fsa, \u00e7ocu\u011fum e\u011fer ba\u015f\u0131m a\u011fr\u0131yor deyip kula\u011f\u0131n\u0131 tutuyorsa, \u00f6\u011fretmenin beni aray\u0131p haber vermesi gerekirdi. Ama vermediler. O\u011flum ak\u015fam okuldan geldi\u011finde herhangi bir sorunu yoktu. \u00d6devini yapt\u0131, bilgisayarda oynad\u0131. Sabah da kollar\u0131mda \u00f6ld\u00fc\u201d dedi.<\/p>\n<p>Av. Ayg\u00fcl Arda G\u00fcne\u015f, Av. Merve Kayrak ve Av. Kahraman \u00c7a\u011fr\u0131 Dede, daha sonra Mudanya Adliyesi\u2019ne giderek, soru\u015fturmay\u0131 y\u00fcr\u00fcten Cumhuriyet Savc\u0131s\u0131 ile g\u00f6r\u00fc\u015f\u00fcp, soru\u015fturma dosyas\u0131 ile ilgili bilgi ald\u0131. Murat Efe\u2019nin \u00f6l\u00fcm\u00fcyle ilgili arkada\u015flar\u0131, \u00f6\u011fretmenler ve okul y\u00f6neticilerinin ifadelerinin al\u0131nd\u0131\u011f\u0131, Adli T\u0131p Kurumu\u2019ndan otopsi raporunun beklendi\u011fi \u00f6\u011frenildi.<div class=\"tiled-gallery type-rectangular tiled-gallery-unresized\" data-original-width=\"500\" data-carousel-extra='null' itemscope itemtype=\"http:\/\/schema.org\/ImageGallery\" > <div class=\"gallery-row\" style=\"width: 500px; height: 224px;\" data-original-width=\"500\" data-original-height=\"224\" > <div class=\"gallery-group images-1\" style=\"width: 334px; height: 224px;\" data-original-width=\"334\" data-original-height=\"224\" > <div class=\"tiled-gallery-item tiled-gallery-item-large\" itemprop=\"associatedMedia\" itemscope itemtype=\"http:\/\/schema.org\/ImageObject\"> <a href=\"http:\/\/www.tvturk.com\/index.php\/bursa-barosu-murat-efe-icin-harekete-gecti\/bursa-barosu-murat-efe-icin-harekete-gecti-3\/\" border=\"0\" itemprop=\"url\"> <meta itemprop=\"width\" content=\"330\"> <meta itemprop=\"height\" content=\"220\"> <img decoding=\"async\" class=\"\" data-attachment-id=\"8391\" data-orig-file=\"http:\/\/www.tvturk.com\/wp-content\/uploads\/2019\/02\/bursa-barosu-murat-efe-icin-harekete-gecti_557f5f6.jpg\" data-orig-size=\"1000,666\" data-comments-opened=\"\" data-image-meta=\"{&quot;aperture&quot;:&quot;0&quot;,&quot;credit&quot;:&quot;IHA&quot;,&quot;camera&quot;:&quot;&quot;,&quot;caption&quot;:&quot;BURSA BAROSU, MUDANYA \\u00d6MERBEY MAHALLES\\u0130\\u0027NDEK\\u0130 HAT\\u0130CE \\u0130SMA\\u0130L HAKKI KAYAN ORTAOKULU 5. SINIF \\u00d6\\u011eRENC\\u0130S\\u0130 MURAT EFE NAR\\u0130N\\u2019\\u0130N, OKUL BAH\\u00c7ES\\u0130NDE BA\\u015eINI D\\u0130RE\\u011eE \\u00c7ARPTIKTAN SONRA ERTES\\u0130 SABAH ANNES\\u0130 PERV\\u0130N NAR\\u0130N\\u2019\\u0130N KOLLARI VE KARDE\\u015e\\u0130 3.5 YA\\u015eINDAK\\u0130 POYRAZ\\u2019IN G\\u00d6Z\\u00dc \\u00d6N\\u00dcNDE \\u00d6LMES\\u0130 \\u00dcZER\\u0130NE A\\u00c7ILAN SORU\\u015eTURMAYI TAK\\u0130BE ALDI. (DERYA EVREN\\\/BURSA-\\u0130HA)&quot;,&quot;created_timestamp&quot;:&quot;0&quot;,&quot;copyright&quot;:&quot;\\u0130HLAS HABER AJANSI, www.iha.com.tr&quot;,&quot;focal_length&quot;:&quot;0&quot;,&quot;iso&quot;:&quot;0&quot;,&quot;shutter_speed&quot;:&quot;0&quot;,&quot;title&quot;:&quot;BURSA BAROSU MURAT EFE \\u0130\\u00c7\\u0130N HAREKETE GE\\u00c7T\\u0130&quot;,&quot;orientation&quot;:&quot;0&quot;}\" data-image-title=\"Bursa Barosu Murat Efe i\u00e7in harekete ge\u00e7ti\" data-image-description=\"&lt;p&gt;Bursa Barosu Murat Efe i\u00e7in harekete ge\u00e7ti&lt;\/p&gt; \" data-medium-file=\"https:\/\/i0.wp.com\/www.tvturk.com\/wp-content\/uploads\/2019\/02\/bursa-barosu-murat-efe-icin-harekete-gecti_557f5f6.jpg?fit=300%2C200\" data-large-file=\"https:\/\/i0.wp.com\/www.tvturk.com\/wp-content\/uploads\/2019\/02\/bursa-barosu-murat-efe-icin-harekete-gecti_557f5f6.jpg?fit=1000%2C666\" src=\"https:\/\/i0.wp.com\/www.tvturk.com\/wp-content\/uploads\/2019\/02\/bursa-barosu-murat-efe-icin-harekete-gecti_557f5f6.jpg?w=330&#038;h=220\" srcset=\"https:\/\/i0.wp.com\/www.tvturk.com\/wp-content\/uploads\/2019\/02\/bursa-barosu-murat-efe-icin-harekete-gecti_557f5f6.jpg?w=1000 1000w, https:\/\/i0.wp.com\/www.tvturk.com\/wp-content\/uploads\/2019\/02\/bursa-barosu-murat-efe-icin-harekete-gecti_557f5f6.jpg?resize=150%2C100 150w, https:\/\/i0.wp.com\/www.tvturk.com\/wp-content\/uploads\/2019\/02\/bursa-barosu-murat-efe-icin-harekete-gecti_557f5f6.jpg?resize=300%2C200 300w, https:\/\/i0.wp.com\/www.tvturk.com\/wp-content\/uploads\/2019\/02\/bursa-barosu-murat-efe-icin-harekete-gecti_557f5f6.jpg?resize=768%2C511 768w, https:\/\/i0.wp.com\/www.tvturk.com\/wp-content\/uploads\/2019\/02\/bursa-barosu-murat-efe-icin-harekete-gecti_557f5f6.jpg?resize=170%2C113 170w, https:\/\/i0.wp.com\/www.tvturk.com\/wp-content\/uploads\/2019\/02\/bursa-barosu-murat-efe-icin-harekete-gecti_557f5f6.jpg?resize=120%2C80 120w\" width=\"330\" height=\"220\" loading=\"lazy\" data-original-width=\"330\" data-original-height=\"220\" itemprop=\"http:\/\/schema.org\/image\" title=\"Bursa Barosu Murat Efe i\u00e7in harekete ge\u00e7ti\" alt=\"Bursa Barosu Murat Efe i\u00e7in harekete ge\u00e7ti\" style=\"width: 330px; height: 220px;\" \/> <\/a> <\/div> <\/div> <!-- close group --> <div class=\"gallery-group images-2\" style=\"width: 166px; height: 224px;\" data-original-width=\"166\" data-original-height=\"224\" > <div class=\"tiled-gallery-item tiled-gallery-item-small\" itemprop=\"associatedMedia\" itemscope itemtype=\"http:\/\/schema.org\/ImageObject\"> <a href=\"http:\/\/www.tvturk.com\/index.php\/bursa-barosu-murat-efe-icin-harekete-gecti\/bursa-barosu-murat-efe-icin-harekete-gecti-4\/\" border=\"0\" itemprop=\"url\"> <meta itemprop=\"width\" content=\"162\"> <meta itemprop=\"height\" content=\"108\"> <img decoding=\"async\" class=\"\" data-attachment-id=\"8392\" data-orig-file=\"http:\/\/www.tvturk.com\/wp-content\/uploads\/2019\/02\/bursa-barosu-murat-efe-icin-harekete-gecti_baf6850.jpg\" data-orig-size=\"1000,666\" data-comments-opened=\"\" data-image-meta=\"{&quot;aperture&quot;:&quot;0&quot;,&quot;credit&quot;:&quot;IHA&quot;,&quot;camera&quot;:&quot;&quot;,&quot;caption&quot;:&quot;BURSA BAROSU, MUDANYA \\u00d6MERBEY MAHALLES\\u0130\\u0027NDEK\\u0130 HAT\\u0130CE \\u0130SMA\\u0130L HAKKI KAYAN ORTAOKULU 5. SINIF \\u00d6\\u011eRENC\\u0130S\\u0130 MURAT EFE NAR\\u0130N\\u2019\\u0130N, OKUL BAH\\u00c7ES\\u0130NDE BA\\u015eINI D\\u0130RE\\u011eE \\u00c7ARPTIKTAN SONRA ERTES\\u0130 SABAH ANNES\\u0130 PERV\\u0130N NAR\\u0130N\\u2019\\u0130N KOLLARI VE KARDE\\u015e\\u0130 3.5 YA\\u015eINDAK\\u0130 POYRAZ\\u2019IN G\\u00d6Z\\u00dc \\u00d6N\\u00dcNDE \\u00d6LMES\\u0130 \\u00dcZER\\u0130NE A\\u00c7ILAN SORU\\u015eTURMAYI TAK\\u0130BE ALDI. (DERYA EVREN\\\/BURSA-\\u0130HA)&quot;,&quot;created_timestamp&quot;:&quot;0&quot;,&quot;copyright&quot;:&quot;\\u0130HLAS HABER AJANSI, www.iha.com.tr&quot;,&quot;focal_length&quot;:&quot;0&quot;,&quot;iso&quot;:&quot;0&quot;,&quot;shutter_speed&quot;:&quot;0&quot;,&quot;title&quot;:&quot;BURSA BAROSU MURAT EFE \\u0130\\u00c7\\u0130N HAREKETE GE\\u00c7T\\u0130&quot;,&quot;orientation&quot;:&quot;0&quot;}\" data-image-title=\"Bursa Barosu Murat Efe i\u00e7in harekete ge\u00e7ti\" data-image-description=\"&lt;p&gt;Bursa Barosu Murat Efe i\u00e7in harekete ge\u00e7ti&lt;\/p&gt; \" data-medium-file=\"https:\/\/i0.wp.com\/www.tvturk.com\/wp-content\/uploads\/2019\/02\/bursa-barosu-murat-efe-icin-harekete-gecti_baf6850.jpg?fit=300%2C200\" data-large-file=\"https:\/\/i0.wp.com\/www.tvturk.com\/wp-content\/uploads\/2019\/02\/bursa-barosu-murat-efe-icin-harekete-gecti_baf6850.jpg?fit=1000%2C666\" src=\"https:\/\/i0.wp.com\/www.tvturk.com\/wp-content\/uploads\/2019\/02\/bursa-barosu-murat-efe-icin-harekete-gecti_baf6850.jpg?w=162&#038;h=108\" srcset=\"https:\/\/i0.wp.com\/www.tvturk.com\/wp-content\/uploads\/2019\/02\/bursa-barosu-murat-efe-icin-harekete-gecti_baf6850.jpg?w=1000 1000w, https:\/\/i0.wp.com\/www.tvturk.com\/wp-content\/uploads\/2019\/02\/bursa-barosu-murat-efe-icin-harekete-gecti_baf6850.jpg?resize=150%2C100 150w, https:\/\/i0.wp.com\/www.tvturk.com\/wp-content\/uploads\/2019\/02\/bursa-barosu-murat-efe-icin-harekete-gecti_baf6850.jpg?resize=300%2C200 300w, https:\/\/i0.wp.com\/www.tvturk.com\/wp-content\/uploads\/2019\/02\/bursa-barosu-murat-efe-icin-harekete-gecti_baf6850.jpg?resize=768%2C511 768w, https:\/\/i0.wp.com\/www.tvturk.com\/wp-content\/uploads\/2019\/02\/bursa-barosu-murat-efe-icin-harekete-gecti_baf6850.jpg?resize=170%2C113 170w, https:\/\/i0.wp.com\/www.tvturk.com\/wp-content\/uploads\/2019\/02\/bursa-barosu-murat-efe-icin-harekete-gecti_baf6850.jpg?resize=120%2C80 120w\" width=\"162\" height=\"108\" loading=\"lazy\" data-original-width=\"162\" data-original-height=\"108\" itemprop=\"http:\/\/schema.org\/image\" title=\"Bursa Barosu Murat Efe i\u00e7in harekete ge\u00e7ti\" alt=\"Bursa Barosu Murat Efe i\u00e7in harekete ge\u00e7ti\" style=\"width: 162px; height: 108px;\" \/> <\/a> <\/div> <div class=\"tiled-gallery-item tiled-gallery-item-small\" itemprop=\"associatedMedia\" itemscope itemtype=\"http:\/\/schema.org\/ImageObject\"> <a href=\"http:\/\/www.tvturk.com\/index.php\/bursa-barosu-murat-efe-icin-harekete-gecti\/bursa-barosu-murat-efe-icin-harekete-gecti-5\/\" border=\"0\" itemprop=\"url\"> <meta itemprop=\"width\" content=\"162\"> <meta itemprop=\"height\" content=\"108\"> <img decoding=\"async\" class=\"\" data-attachment-id=\"8393\" data-orig-file=\"http:\/\/www.tvturk.com\/wp-content\/uploads\/2019\/02\/bursa-barosu-murat-efe-icin-harekete-gecti_7ae4d2b.jpg\" data-orig-size=\"1000,666\" data-comments-opened=\"\" data-image-meta=\"{&quot;aperture&quot;:&quot;0&quot;,&quot;credit&quot;:&quot;IHA&quot;,&quot;camera&quot;:&quot;&quot;,&quot;caption&quot;:&quot;BURSA BAROSU, MUDANYA \\u00d6MERBEY MAHALLES\\u0130\\u0027NDEK\\u0130 HAT\\u0130CE \\u0130SMA\\u0130L HAKKI KAYAN ORTAOKULU 5. SINIF \\u00d6\\u011eRENC\\u0130S\\u0130 MURAT EFE NAR\\u0130N\\u2019\\u0130N, OKUL BAH\\u00c7ES\\u0130NDE BA\\u015eINI D\\u0130RE\\u011eE \\u00c7ARPTIKTAN SONRA ERTES\\u0130 SABAH ANNES\\u0130 PERV\\u0130N NAR\\u0130N\\u2019\\u0130N KOLLARI VE KARDE\\u015e\\u0130 3.5 YA\\u015eINDAK\\u0130 POYRAZ\\u2019IN G\\u00d6Z\\u00dc \\u00d6N\\u00dcNDE \\u00d6LMES\\u0130 \\u00dcZER\\u0130NE A\\u00c7ILAN SORU\\u015eTURMAYI TAK\\u0130BE ALDI. (DERYA EVREN\\\/BURSA-\\u0130HA)&quot;,&quot;created_timestamp&quot;:&quot;0&quot;,&quot;copyright&quot;:&quot;\\u0130HLAS HABER AJANSI, www.iha.com.tr&quot;,&quot;focal_length&quot;:&quot;0&quot;,&quot;iso&quot;:&quot;0&quot;,&quot;shutter_speed&quot;:&quot;0&quot;,&quot;title&quot;:&quot;BURSA BAROSU MURAT EFE \\u0130\\u00c7\\u0130N HAREKETE GE\\u00c7T\\u0130&quot;,&quot;orientation&quot;:&quot;0&quot;}\" data-image-title=\"Bursa Barosu Murat Efe i\u00e7in harekete ge\u00e7ti\" data-image-description=\"&lt;p&gt;Bursa Barosu Murat Efe i\u00e7in harekete ge\u00e7ti&lt;\/p&gt; \" data-medium-file=\"https:\/\/i0.wp.com\/www.tvturk.com\/wp-content\/uploads\/2019\/02\/bursa-barosu-murat-efe-icin-harekete-gecti_7ae4d2b.jpg?fit=300%2C200\" data-large-file=\"https:\/\/i0.wp.com\/www.tvturk.com\/wp-content\/uploads\/2019\/02\/bursa-barosu-murat-efe-icin-harekete-gecti_7ae4d2b.jpg?fit=1000%2C666\" src=\"https:\/\/i0.wp.com\/www.tvturk.com\/wp-content\/uploads\/2019\/02\/bursa-barosu-murat-efe-icin-harekete-gecti_7ae4d2b.jpg?w=162&#038;h=108\" srcset=\"https:\/\/i0.wp.com\/www.tvturk.com\/wp-content\/uploads\/2019\/02\/bursa-barosu-murat-efe-icin-harekete-gecti_7ae4d2b.jpg?w=1000 1000w, https:\/\/i0.wp.com\/www.tvturk.com\/wp-content\/uploads\/2019\/02\/bursa-barosu-murat-efe-icin-harekete-gecti_7ae4d2b.jpg?resize=150%2C100 150w, https:\/\/i0.wp.com\/www.tvturk.com\/wp-content\/uploads\/2019\/02\/bursa-barosu-murat-efe-icin-harekete-gecti_7ae4d2b.jpg?resize=300%2C200 300w, https:\/\/i0.wp.com\/www.tvturk.com\/wp-content\/uploads\/2019\/02\/bursa-barosu-murat-efe-icin-harekete-gecti_7ae4d2b.jpg?resize=768%2C511 768w, https:\/\/i0.wp.com\/www.tvturk.com\/wp-content\/uploads\/2019\/02\/bursa-barosu-murat-efe-icin-harekete-gecti_7ae4d2b.jpg?resize=170%2C113 170w, https:\/\/i0.wp.com\/www.tvturk.com\/wp-content\/uploads\/2019\/02\/bursa-barosu-murat-efe-icin-harekete-gecti_7ae4d2b.jpg?resize=120%2C80 120w\" width=\"162\" height=\"108\" loading=\"lazy\" data-original-width=\"162\" data-original-height=\"108\" itemprop=\"http:\/\/schema.org\/image\" title=\"Bursa Barosu Murat Efe i\u00e7in harekete ge\u00e7ti\" alt=\"Bursa Barosu Murat Efe i\u00e7in harekete ge\u00e7ti\" style=\"width: 162px; height: 108px;\" \/> <\/a> <\/div> <\/div> <!-- close group --> <\/div> <!-- close row --> <\/div><\/p>\n","protected":false},"excerpt":{"rendered":"<p>BURSA BAROSU, MUDANYA \u00d6MERBEY MAHALLES\u0130&#8217;NDEK\u0130 HAT\u0130CE \u0130SMA\u0130L HAKKI KAYAN ORTAOKULU 5. SINIF \u00d6\u011eRENC\u0130S\u0130 MURAT EFE NAR\u0130N\u2019\u0130N, OKUL BAH\u00c7ES\u0130NDE BA\u015eINI D\u0130RE\u011eE \u00c7ARPTIKTAN SONRA ERTES\u0130 SABAH ANNES\u0130 PERV\u0130N NAR\u0130N\u2019\u0130N KOLLARI VE KARDE\u015e\u0130 3.5 YA\u015eINDAK\u0130 POYRAZ\u2019IN G\u00d6Z\u00dc \u00d6N\u00dcNDE \u00d6LMES\u0130 \u00dcZER\u0130NE A\u00c7ILAN SORU\u015eTURMAYI TAK\u0130BE ALDI.<\/p>\n","protected":false},"author":1,"featured_media":8390,"comment_status":"closed","ping_status":"open","sticky":false,"template":"","format":"standard","meta":{"jetpack_post_was_ever_published":false,"_jetpack_newsletter_access":"","_jetpack_dont_email_post_to_subs":false,"_jetpack_newsletter_tier_id":0,"_jetpack_memberships_contains_paywalled_content":false,"_jetpack_memberships_contains_paid_content":false,"footnotes":"","jetpack_publicize_message":"","jetpack_publicize_feature_enabled":true,"jetpack_social_post_already_shared":false,"jetpack_social_options":{"image_generator_settings":{"template":"highway","default_image_id":0,"font":"","enabled":false},"version":2}},"categories":[655],"tags":[4480,4479,4481,1512,4482,44,908],"class_list":["post-8389","post","type-post","status-publish","format-standard","has-post-thumbnail","hentry","category-son-dakika","tag-barosu","tag-bursa","tag-efe","tag-gecti","tag-harekete","tag-icin","tag-murat"],"jetpack_publicize_connections":[],"jetpack_featured_media_url":"https:\/\/i0.wp.com\/www.tvturk.com\/wp-content\/uploads\/2019\/02\/bursa-barosu-murat-efe-icin-harekete-gecti_120f0a8.jpg?fit=1000%2C666","jetpack_sharing_enabled":true,"jetpack_shortlink":"https:\/\/wp.me\/paKIfm-2bj","_links":{"self":[{"href":"http:\/\/www.tvturk.com\/index.php\/wp-json\/wp\/v2\/posts\/8389","targetHints":{"allow":["GET"]}}],"collection":[{"href":"http:\/\/www.tvturk.com\/index.php\/wp-json\/wp\/v2\/posts"}],"about":[{"href":"http:\/\/www.tvturk.com\/index.php\/wp-json\/wp\/v2\/types\/post"}],"author":[{"embeddable":true,"href":"http:\/\/www.tvturk.com\/index.php\/wp-json\/wp\/v2\/users\/1"}],"replies":[{"embeddable":true,"href":"http:\/\/www.tvturk.com\/index.php\/wp-json\/wp\/v2\/comments?post=8389"}],"version-history":[{"count":1,"href":"http:\/\/www.tvturk.com\/index.php\/wp-json\/wp\/v2\/posts\/8389\/revisions"}],"predecessor-version":[{"id":8394,"href":"http:\/\/www.tvturk.com\/index.php\/wp-json\/wp\/v2\/posts\/8389\/revisions\/8394"}],"wp:featuredmedia":[{"embeddable":true,"href":"http:\/\/www.tvturk.com\/index.php\/wp-json\/wp\/v2\/media\/8390"}],"wp:attachment":[{"href":"http:\/\/www.tvturk.com\/index.php\/wp-json\/wp\/v2\/media?parent=8389"}],"wp:term":[{"taxonomy":"category","embeddable":true,"href":"http:\/\/www.tvturk.com\/index.php\/wp-json\/wp\/v2\/categories?post=8389"},{"taxonomy":"post_tag","embeddable":true,"href":"http:\/\/www.tvturk.com\/index.php\/wp-json\/wp\/v2\/tags?post=8389"}],"curies":[{"name":"wp","href":"https:\/\/api.w.org\/{rel}","templated":true}]}}