{"id":84438,"date":"2019-03-11T11:23:13","date_gmt":"2019-03-11T08:23:13","guid":{"rendered":"http:\/\/www.tvturk.com\/index.php\/amber-turkmene-hafta-sonunda-surpriz-mektup\/"},"modified":"2019-03-11T11:23:15","modified_gmt":"2019-03-11T08:23:15","slug":"amber-turkmene-hafta-sonunda-surpriz-mektup","status":"publish","type":"post","link":"http:\/\/www.tvturk.com\/index.php\/amber-turkmene-hafta-sonunda-surpriz-mektup\/","title":{"rendered":"Amber T\u00fcrkmen\u2019e hafta sonunda s\u00fcrpriz mektup"},"content":{"rendered":"<p>Se\u00e7im \u00e7al\u0131\u015fmalar\u0131na ara vermeden devam eden Cumhur \u0130ttifak\u0131 AK Parti \u00c7ankaya Belediye Ba\u015fkan aday\u0131 Amber T\u00fcrkmen, hafta sonunda \u00c7ankaya\u2019daki mahalleleri gezip, gecekondular\u0131n oldu\u011fu ve Ankara\u2019n\u0131n en y\u00fcksek noktalar\u0131ndan biri olan Keklikp\u0131nar\u0131 Mahallesi\u2019nde incelemelerde bulundu.<\/p>\n<p>AK Parti \u00c7ankaya \u0130l\u00e7e Te\u015fkilat\u0131ndan kalabal\u0131k bir ekiple gecekondu semtinde bir evi ziyaret eden T\u00fcrkmen, evin en k\u00fc\u00e7\u00fck k\u0131z\u0131 Efsa\u2019n\u0131n s\u00fcrprizi ile kar\u015f\u0131la\u015ft\u0131. \u00c7ankaya Belediye Ba\u015fkan aday\u0131 Amber T\u00fcrkmen i\u00e7in kendi el yaz\u0131s\u0131 ile mektup yazan Efsa\u2019n\u0131n mektubunu T\u00fcrkmen okudu.<\/p>\n<p>K\u00fc\u00e7\u00fck Efsa, mektubunda \u201cSevgili Amber ablam; seni \u00e7ok ama \u00e7ok seviyorum. Sen benim ba\u015fkan\u0131ms\u0131n, ben de senin gibi ba\u015fkan olmak istiyorum. Beni hi\u00e7 unutma. Oylar sana Amber T\u00fcrkmen. Can\u0131m ci\u011ferimsin kalbimsin&#8221; ifadelerini kullan\u0131rken, b\u00fcy\u00fcy\u00fcnce Cumhurba\u015fkan\u0131 olmak istedi\u011fini belirtti. K\u00fc\u00e7\u00fck Efsa\u2019n\u0131n ailesi ile bir m\u00fcddet sohbet eden T\u00fcrkmen, \u00c7ankaya i\u00e7in ger\u00e7ekle\u015ftirece\u011fi projelerinden bahsederek \u015fu a\u00e7\u0131klamay\u0131 yapt\u0131:<\/p>\n<p>\u201cBug\u00fcn burada bir kez daha g\u00f6r\u00fcyorum ki \u00c7ankaya\u2019n\u0131n de\u011feri g\u00fcnden g\u00fcne azal\u0131yor. Hakikaten bu d\u00f6nemde b\u00f6yle bir tablo yak\u0131\u015fm\u0131yor \u00c7ankaya\u2019ya. Art\u0131k \u00c7ankayal\u0131 \u2018yok buras\u0131 B\u00fcy\u00fck\u015fehrin sorumlulu\u011funda, yok buras\u0131 \u00c7ankaya Belediyesinin sorumlulu\u011funda\u2019 tart\u0131\u015fmas\u0131ndan b\u0131kt\u0131. Art\u0131k bu ileti\u015fimsizli\u011fin \u00f6n\u00fcne ge\u00e7menin zaman\u0131 geldi. \u00c7ankaya Ba\u015fkent\u2019in g\u00f6zbebe\u011fi ve bu g\u00f6zya\u015f\u0131n\u0131n en \u00e7ok akan yeri de bu b\u00f6lgeler. Allah nasip ederse 1 Nisan\u2019dan itibaren h\u0131zla haz\u0131rl\u0131klar\u0131m\u0131z\u0131 tamamlay\u0131p tamamen sistematik olarak \u00c7ankaya\u2019da projelerimizi ger\u00e7ekle\u015ftirip \u00c7ankayal\u0131n\u0131n huzuru, refah\u0131 ve mutlulu\u011fu i\u00e7in b\u00fcy\u00fck ad\u0131m ataca\u011f\u0131z.\u201d<\/p>\n<p>G\u00fcn boyu Tunal\u0131 Hilmi Caddesi ve Bah\u00e7elievler\u2019de vatanda\u015flar ile sohbet eden T\u00fcrkmen, CHP stand\u0131n\u0131 ziyaret edip stant g\u00f6revlileri ile bir m\u00fcddet sohbet etti.<\/p>\n<p>Vatanda\u015flar\u0131n yo\u011fun ilgisi ile kar\u015f\u0131la\u015fan T\u00fcrkmen, zaman zaman se\u00e7im \u015fark\u0131lar\u0131na ritim tutup beraberindeki vatanda\u015flarla halay \u00e7ekti.<div class=\"tiled-gallery type-rectangular tiled-gallery-unresized\" data-original-width=\"500\" data-carousel-extra='null' itemscope itemtype=\"http:\/\/schema.org\/ImageGallery\" > <div class=\"gallery-row\" style=\"width: 500px; height: 168px;\" data-original-width=\"500\" data-original-height=\"168\" > <div class=\"gallery-group images-1\" style=\"width: 250px; height: 168px;\" data-original-width=\"250\" data-original-height=\"168\" > <div class=\"tiled-gallery-item tiled-gallery-item-small\" itemprop=\"associatedMedia\" itemscope itemtype=\"http:\/\/schema.org\/ImageObject\"> <a href=\"http:\/\/www.tvturk.com\/index.php\/amber-turkmene-hafta-sonunda-surpriz-mektup\/amber-turkmene-hafta-sonunda-surpriz-mektup-3\/\" border=\"0\" itemprop=\"url\"> <meta itemprop=\"width\" content=\"246\"> <meta itemprop=\"height\" content=\"164\"> <img decoding=\"async\" class=\"\" data-attachment-id=\"84440\" data-orig-file=\"http:\/\/www.tvturk.com\/wp-content\/uploads\/2019\/03\/amber-turkmene-hafta-sonunda-surpriz-mektup_3cfc748.jpg\" data-orig-size=\"1000,666\" data-comments-opened=\"\" data-image-meta=\"{&quot;aperture&quot;:&quot;0&quot;,&quot;credit&quot;:&quot;IHA&quot;,&quot;camera&quot;:&quot;&quot;,&quot;caption&quot;:&quot;SE\\u00c7\\u0130M \\u00c7ALI\\u015eMALARINA ARA VERMEDEN DEVAM EDEN CUMHUR \\u0130TT\\u0130FAKI AK PART\\u0130 \\u00c7ANKAYA BELED\\u0130YE BA\\u015eKAN ADAYI AMBER T\\u00dcRKMEN, HAFTA SONUNDA \\u00c7ANKAYA\\u2019DAK\\u0130 MAHALLELER\\u0130 GEZ\\u0130P, GECEKONDULARIN OLDU\\u011eU VE ANKARA\\u2019NIN EN Y\\u00dcKSEK NOKTALARINDAN B\\u0130R\\u0130 OLAN KEKL\\u0130KPINARI MAHALLES\\u0130\\u2019NDE \\u0130NCELEMELERDE BULUNDU. (BEH\\u00c7ET AKSOY\\\/ANKARA-\\u0130HA)&quot;,&quot;created_timestamp&quot;:&quot;0&quot;,&quot;copyright&quot;:&quot;\\u0130HLAS HABER AJANSI, www.iha.com.tr&quot;,&quot;focal_length&quot;:&quot;0&quot;,&quot;iso&quot;:&quot;0&quot;,&quot;shutter_speed&quot;:&quot;0&quot;,&quot;title&quot;:&quot;AMBER T\\u00dcRKMEN\\u0027E HAFTA SONUNDA S\\u00dcRPR\\u0130Z MEKTUP&quot;,&quot;orientation&quot;:&quot;0&quot;}\" data-image-title=\"Amber T\u00fcrkmen\u2019e hafta sonunda s\u00fcrpriz mektup\" data-image-description=\"&lt;p&gt;Amber T\u00fcrkmen\u2019e hafta sonunda s\u00fcrpriz mektup&lt;\/p&gt; \" data-medium-file=\"https:\/\/i0.wp.com\/www.tvturk.com\/wp-content\/uploads\/2019\/03\/amber-turkmene-hafta-sonunda-surpriz-mektup_3cfc748.jpg?fit=300%2C200\" data-large-file=\"https:\/\/i0.wp.com\/www.tvturk.com\/wp-content\/uploads\/2019\/03\/amber-turkmene-hafta-sonunda-surpriz-mektup_3cfc748.jpg?fit=1000%2C666\" src=\"https:\/\/i0.wp.com\/www.tvturk.com\/wp-content\/uploads\/2019\/03\/amber-turkmene-hafta-sonunda-surpriz-mektup_3cfc748.jpg?w=246&#038;h=164\" srcset=\"https:\/\/i0.wp.com\/www.tvturk.com\/wp-content\/uploads\/2019\/03\/amber-turkmene-hafta-sonunda-surpriz-mektup_3cfc748.jpg?w=1000 1000w, https:\/\/i0.wp.com\/www.tvturk.com\/wp-content\/uploads\/2019\/03\/amber-turkmene-hafta-sonunda-surpriz-mektup_3cfc748.jpg?resize=150%2C100 150w, https:\/\/i0.wp.com\/www.tvturk.com\/wp-content\/uploads\/2019\/03\/amber-turkmene-hafta-sonunda-surpriz-mektup_3cfc748.jpg?resize=300%2C200 300w, https:\/\/i0.wp.com\/www.tvturk.com\/wp-content\/uploads\/2019\/03\/amber-turkmene-hafta-sonunda-surpriz-mektup_3cfc748.jpg?resize=768%2C511 768w, https:\/\/i0.wp.com\/www.tvturk.com\/wp-content\/uploads\/2019\/03\/amber-turkmene-hafta-sonunda-surpriz-mektup_3cfc748.jpg?resize=170%2C113 170w, https:\/\/i0.wp.com\/www.tvturk.com\/wp-content\/uploads\/2019\/03\/amber-turkmene-hafta-sonunda-surpriz-mektup_3cfc748.jpg?resize=120%2C80 120w\" width=\"246\" height=\"164\" loading=\"lazy\" data-original-width=\"246\" data-original-height=\"164\" itemprop=\"http:\/\/schema.org\/image\" title=\"Amber T\u00fcrkmen\u2019e hafta sonunda s\u00fcrpriz mektup\" alt=\"Amber T\u00fcrkmen\u2019e hafta sonunda s\u00fcrpriz mektup\" style=\"width: 246px; height: 164px;\" \/> <\/a> <\/div> <\/div> <!-- close group --> <div class=\"gallery-group images-1\" style=\"width: 250px; height: 168px;\" data-original-width=\"250\" data-original-height=\"168\" > <div class=\"tiled-gallery-item tiled-gallery-item-small\" itemprop=\"associatedMedia\" itemscope itemtype=\"http:\/\/schema.org\/ImageObject\"> <a href=\"http:\/\/www.tvturk.com\/index.php\/amber-turkmene-hafta-sonunda-surpriz-mektup\/amber-turkmene-hafta-sonunda-surpriz-mektup-4\/\" border=\"0\" itemprop=\"url\"> <meta itemprop=\"width\" content=\"246\"> <meta itemprop=\"height\" content=\"164\"> <img decoding=\"async\" class=\"\" data-attachment-id=\"84441\" data-orig-file=\"http:\/\/www.tvturk.com\/wp-content\/uploads\/2019\/03\/amber-turkmene-hafta-sonunda-surpriz-mektup_96643cb.jpg\" data-orig-size=\"1000,666\" data-comments-opened=\"\" data-image-meta=\"{&quot;aperture&quot;:&quot;0&quot;,&quot;credit&quot;:&quot;IHA&quot;,&quot;camera&quot;:&quot;&quot;,&quot;caption&quot;:&quot;AK PART\\u0130 \\u00c7ANKAYA \\u0130L\\u00c7E TE\\u015eK\\u0130LATINDAN KALABALIK B\\u0130R EK\\u0130PLE GECEKONDU SEMT\\u0130NDE B\\u0130R EV\\u0130 Z\\u0130YARET EDEN T\\u00dcRKMEN, EV\\u0130N EN K\\u00dc\\u00c7\\u00dcK KIZI EFSA\\u2019NIN S\\u00dcRPR\\u0130Z\\u0130 \\u0130LE KAR\\u015eILA\\u015eTI. \\u00c7ANKAYA BELED\\u0130YE BA\\u015eKAN ADAYI AMBER T\\u00dcRKMEN \\u0130\\u00c7\\u0130N KEND\\u0130 EL YAZISI \\u0130LE MEKTUP YAZAN EFSA\\u2019NIN MEKTUBUNU T\\u00dcRKMEN OKUDU. (BEH\\u00c7ET AKSOY\\\/ANKARA-\\u0130HA)&quot;,&quot;created_timestamp&quot;:&quot;0&quot;,&quot;copyright&quot;:&quot;\\u0130HLAS HABER AJANSI, www.iha.com.tr&quot;,&quot;focal_length&quot;:&quot;0&quot;,&quot;iso&quot;:&quot;0&quot;,&quot;shutter_speed&quot;:&quot;0&quot;,&quot;title&quot;:&quot;AMBER T\\u00dcRKMEN\\u0027E HAFTA SONUNDA S\\u00dcRPR\\u0130Z MEKTUP&quot;,&quot;orientation&quot;:&quot;0&quot;}\" data-image-title=\"Amber T\u00fcrkmen\u2019e hafta sonunda s\u00fcrpriz mektup\" data-image-description=\"&lt;p&gt;Amber T\u00fcrkmen\u2019e hafta sonunda s\u00fcrpriz mektup&lt;\/p&gt; \" data-medium-file=\"https:\/\/i0.wp.com\/www.tvturk.com\/wp-content\/uploads\/2019\/03\/amber-turkmene-hafta-sonunda-surpriz-mektup_96643cb.jpg?fit=300%2C200\" data-large-file=\"https:\/\/i0.wp.com\/www.tvturk.com\/wp-content\/uploads\/2019\/03\/amber-turkmene-hafta-sonunda-surpriz-mektup_96643cb.jpg?fit=1000%2C666\" src=\"https:\/\/i0.wp.com\/www.tvturk.com\/wp-content\/uploads\/2019\/03\/amber-turkmene-hafta-sonunda-surpriz-mektup_96643cb.jpg?w=246&#038;h=164\" srcset=\"https:\/\/i0.wp.com\/www.tvturk.com\/wp-content\/uploads\/2019\/03\/amber-turkmene-hafta-sonunda-surpriz-mektup_96643cb.jpg?w=1000 1000w, https:\/\/i0.wp.com\/www.tvturk.com\/wp-content\/uploads\/2019\/03\/amber-turkmene-hafta-sonunda-surpriz-mektup_96643cb.jpg?resize=150%2C100 150w, https:\/\/i0.wp.com\/www.tvturk.com\/wp-content\/uploads\/2019\/03\/amber-turkmene-hafta-sonunda-surpriz-mektup_96643cb.jpg?resize=300%2C200 300w, https:\/\/i0.wp.com\/www.tvturk.com\/wp-content\/uploads\/2019\/03\/amber-turkmene-hafta-sonunda-surpriz-mektup_96643cb.jpg?resize=768%2C511 768w, https:\/\/i0.wp.com\/www.tvturk.com\/wp-content\/uploads\/2019\/03\/amber-turkmene-hafta-sonunda-surpriz-mektup_96643cb.jpg?resize=170%2C113 170w, https:\/\/i0.wp.com\/www.tvturk.com\/wp-content\/uploads\/2019\/03\/amber-turkmene-hafta-sonunda-surpriz-mektup_96643cb.jpg?resize=120%2C80 120w\" width=\"246\" height=\"164\" loading=\"lazy\" data-original-width=\"246\" data-original-height=\"164\" itemprop=\"http:\/\/schema.org\/image\" title=\"Amber T\u00fcrkmen\u2019e hafta sonunda s\u00fcrpriz mektup\" alt=\"Amber T\u00fcrkmen\u2019e hafta sonunda s\u00fcrpriz mektup\" style=\"width: 246px; height: 164px;\" \/> <\/a> <\/div> <\/div> <!-- close group --> <\/div> <!-- close row --> <\/div><\/p>\n","protected":false},"excerpt":{"rendered":"<p>AK PART\u0130 \u00c7ANKAYA \u0130L\u00c7E TE\u015eK\u0130LATINDAN KALABALIK B\u0130R EK\u0130PLE GECEKONDU SEMT\u0130NDE B\u0130R EV\u0130 Z\u0130YARET EDEN T\u00dcRKMEN, EV\u0130N EN K\u00dc\u00c7\u00dcK KIZI EFSA\u2019NIN S\u00dcRPR\u0130Z\u0130 \u0130LE KAR\u015eILA\u015eTI. \u00c7ANKAYA BELED\u0130YE BA\u015eKAN ADAYI AMBER T\u00dcRKMEN \u0130\u00c7\u0130N KEND\u0130 EL YAZISI \u0130LE MEKTUP YAZAN EFSA\u2019NIN MEKTUBUNU T\u00dcRKMEN OKUDU.<\/p>\n","protected":false},"author":1,"featured_media":84439,"comment_status":"closed","ping_status":"open","sticky":false,"template":"","format":"standard","meta":{"jetpack_post_was_ever_published":false,"_jetpack_newsletter_access":"","_jetpack_dont_email_post_to_subs":false,"_jetpack_newsletter_tier_id":0,"_jetpack_memberships_contains_paywalled_content":false,"_jetpack_memberships_contains_paid_content":false,"footnotes":"","jetpack_publicize_message":"","jetpack_publicize_feature_enabled":true,"jetpack_social_post_already_shared":true,"jetpack_social_options":{"image_generator_settings":{"template":"highway","default_image_id":0,"font":"","enabled":false},"version":2}},"categories":[9],"tags":[9841,1178,1125,2031,1067,9842],"class_list":["post-84438","post","type-post","status-publish","format-standard","has-post-thumbnail","hentry","category-siyaset","tag-amber","tag-hafta","tag-mektup","tag-sonunda","tag-surpriz","tag-turkmene"],"jetpack_publicize_connections":[],"jetpack_featured_media_url":"https:\/\/i0.wp.com\/www.tvturk.com\/wp-content\/uploads\/2019\/03\/amber-turkmene-hafta-sonunda-surpriz-mektup_842e0a2.jpg?fit=1000%2C666","jetpack_sharing_enabled":true,"jetpack_shortlink":"https:\/\/wp.me\/paKIfm-lXU","_links":{"self":[{"href":"http:\/\/www.tvturk.com\/index.php\/wp-json\/wp\/v2\/posts\/84438","targetHints":{"allow":["GET"]}}],"collection":[{"href":"http:\/\/www.tvturk.com\/index.php\/wp-json\/wp\/v2\/posts"}],"about":[{"href":"http:\/\/www.tvturk.com\/index.php\/wp-json\/wp\/v2\/types\/post"}],"author":[{"embeddable":true,"href":"http:\/\/www.tvturk.com\/index.php\/wp-json\/wp\/v2\/users\/1"}],"replies":[{"embeddable":true,"href":"http:\/\/www.tvturk.com\/index.php\/wp-json\/wp\/v2\/comments?post=84438"}],"version-history":[{"count":1,"href":"http:\/\/www.tvturk.com\/index.php\/wp-json\/wp\/v2\/posts\/84438\/revisions"}],"predecessor-version":[{"id":84442,"href":"http:\/\/www.tvturk.com\/index.php\/wp-json\/wp\/v2\/posts\/84438\/revisions\/84442"}],"wp:featuredmedia":[{"embeddable":true,"href":"http:\/\/www.tvturk.com\/index.php\/wp-json\/wp\/v2\/media\/84439"}],"wp:attachment":[{"href":"http:\/\/www.tvturk.com\/index.php\/wp-json\/wp\/v2\/media?parent=84438"}],"wp:term":[{"taxonomy":"category","embeddable":true,"href":"http:\/\/www.tvturk.com\/index.php\/wp-json\/wp\/v2\/categories?post=84438"},{"taxonomy":"post_tag","embeddable":true,"href":"http:\/\/www.tvturk.com\/index.php\/wp-json\/wp\/v2\/tags?post=84438"}],"curies":[{"name":"wp","href":"https:\/\/api.w.org\/{rel}","templated":true}]}}