{"id":84608,"date":"2019-03-11T12:11:24","date_gmt":"2019-03-11T09:11:24","guid":{"rendered":"http:\/\/www.tvturk.com\/index.php\/turkiye-2023-egitim-zirvesi-basladi\/"},"modified":"2019-03-11T12:11:26","modified_gmt":"2019-03-11T09:11:26","slug":"turkiye-2023-egitim-zirvesi-basladi","status":"publish","type":"post","link":"http:\/\/www.tvturk.com\/index.php\/turkiye-2023-egitim-zirvesi-basladi\/","title":{"rendered":"T\u00fcrkiye 2023 E\u011fitim Zirvesi ba\u015flad\u0131"},"content":{"rendered":"<p>Milli E\u011fitim Bakan\u0131 Ziya Sel\u00e7uk, T\u00fcrkiye 2023 E\u011fitim Zirvesi\u2019nin a\u00e7\u0131l\u0131\u015f\u0131nda konu\u015ftu. Bakan Sel\u00e7uk, \u201cE\u011fitim sisteminde ald\u0131\u011f\u0131m\u0131z kararlar\u0131n hangi parametreleri ne \u015fekilde etkileyece\u011fi sim\u00fclasyonunu yapmazsak, haz\u0131rlad\u0131\u011f\u0131m\u0131z her \u00e7\u00f6z\u00fcm ilerideki sorunumuz olacakt\u0131r\u2019\u2019 dedi.<\/p>\n<p>Siyaset, Ekonomi ve Toplum Ara\u015ft\u0131rmalar\u0131 Vakf\u0131\u2019nda d\u00fczenlenen T\u00fcrkiye 2023 E\u011fitim Zirvesine Milli E\u011fitim Bakan\u0131 Ziya Sel\u00e7uk, SETA Genel Koordinat\u00f6r\u00fc Burhanettin Duran\u2019\u0131n yan\u0131 s\u0131ra \u00e7ok say\u0131da e\u011fitimci kat\u0131ld\u0131. Zirvenin a\u00e7\u0131l\u0131\u015f\u0131nda konu\u015fan Bakan Sel\u00e7uk, \u201c2023 E\u011fitim Vizyonunun da Cumhurba\u015fkan\u0131m\u0131z\u0131n ortaya koymak istedi\u011fi \u015fudur. Biz \u00e7ok b\u00fcy\u00fck bir matrisin \u00fczerinde e\u011fitim sistemini b\u00fct\u00fcn alt sistemleriyle birlikte nas\u0131l bir sinerji olu\u015fturabilece\u011fi, her bir alt bile\u015fenin birbiriyle ileti\u015fiminin ve etkile\u015fiminin ne oldu\u011fu ve nas\u0131l bir metotlar b\u00fct\u00fcnl\u00fc\u011f\u00fcne ihtiyac\u0131m\u0131z var. As\u0131l vermek istedi\u011fimiz bu. Biz e\u011fitim sisteminde bir karar ald\u0131\u011f\u0131m\u0131zda, bu karar\u0131n muhakkak bir suretle hangi parametreleri ne \u015fekilde etkileyece\u011fi sim\u00fclasyonunu yapmak zorunday\u0131z. Bunu yapmad\u0131\u011f\u0131m\u0131zda haz\u0131rlad\u0131\u011f\u0131m\u0131z her \u00e7\u00f6z\u00fcm ilerideki sorunumuz olacakt\u0131r\u2019\u2019 ifadelerini kulland\u0131.<\/p>\n<p>\u201cBu meseleyi \u00fclke \u00f6devi olarak g\u00f6rmeksizin e\u011fitimin tabiat\u0131na h\u00fcrmet etmemiz s\u00f6z konusu olmayacak\u201d<\/p>\n<p>T\u00fcrkiye\u2019nin milli bir mutabakata ihtiyac\u0131 oldu\u011funu vurgulayan Bakan Sel\u00e7uk, \u201cD\u00fcnya tarihinde g\u00f6rd\u00fc\u011f\u00fcm medeniyet \u00e7ekirdeklerinin filizlendi\u011fi b\u00fct\u00fcn hayat sistemlerinde bir mutabakat zemininin olu\u015ftu\u011funu g\u00f6r\u00fcyorum. T\u00fcrkiye\u2019de bir milli mutabakat olmaks\u0131z\u0131n, toplumun ortak paydas\u0131na dikkat \u00e7ekmeksizin, bu meseleyi millet \u00f6devi, bu meseleyi \u00fclke \u00f6devi olarak g\u00f6rmeksizin bizim e\u011fitimin tabiat\u0131na h\u00fcrmet etmemiz s\u00f6z konusu olmayacak. Toplumumuzu \u00e7ocuklar\u0131m\u0131zla bulu\u015fturamayacaksak neyle bulu\u015fturaca\u011f\u0131z sorusunu s\u0131kl\u0131kla soruyoruz. Kendi \u00e7ocuklar\u0131m\u0131z\u0131n, bu \u00fclkenin, bu milletin, bu topraklar\u0131n gelece\u011fi i\u00e7in bir mutabakata ihtiyac\u0131m\u0131z var. Bu mutabakat sa\u011fland\u0131\u011f\u0131nda millet olma \u015fuurunu g\u00fc\u00e7lendirecektir\u2019\u2019 \u015feklinde konu\u015ftu.<\/p>\n<p>\u201cS\u0131nav\u0131n ad\u0131n\u0131, metodunu de\u011fi\u015ftirerek asla yol alamay\u0131z\u201d<\/p>\n<p>E\u011fitim ve ekonomi aras\u0131ndaki ili\u015fkiye dikkat \u00e7eken Bakan Sel\u00e7uk \u015funlar\u0131 s\u00f6yledi: \u201cBizim \u00fclkemizi bloke eden s\u0131nav sisteminin ana mekanizmas\u0131 \u015f\u00f6yle \u00e7al\u0131\u015f\u0131yor. Okullar aras\u0131ndaki imkan ve \u00f6\u011frenme farkl\u0131l\u0131klar\u0131 y\u00fcksek oldu\u011fu i\u00e7in veliler ve \u00e7ocuklar belirli okullar\u0131 tercih ediyorlar. E\u011fer bu okullar aras\u0131ndaki imkan ve \u00f6\u011frenme farkl\u0131l\u0131klar\u0131 azal\u0131rsa okullar aras\u0131ndaki tercihlerde bir s\u0131n\u0131rlama oldu\u011funu g\u00f6rece\u011fiz ve s\u0131nav\u0131n bask\u0131s\u0131 azalacak. Biz bunu yapmadan s\u0131nav\u0131n ad\u0131n\u0131 de\u011fi\u015ftirerek, metodunu de\u011fi\u015ftirerek, sorusunu de\u011fi\u015ftirerek asla yol alamay\u0131z. Aksi takdirde bu bizi ekonomideki orta gelir tuza\u011f\u0131yla kar\u015f\u0131 kar\u015f\u0131ya b\u0131rak\u0131r. Orta gelir tuza\u011f\u0131 demek, asl\u0131nda orta e\u011fitim tuza\u011f\u0131 demektir. E\u011fitiminiz ortaysa ekonominiz orta olur. E\u011fer ekonomide bir \u015fey yapacaksak muhakkak e\u011fitimde bir \u015fey yapmam\u0131z gerekir. Bunu yapabilmemiz i\u00e7in ko\u015fullar\u0131m\u0131z m\u00fcsait.\u2019\u2019<\/p>\n<p>Cumhurba\u015fkan\u0131 Recep Tayyip Erdo\u011fan\u2019\u0131n e\u011fitimi milli bir dava olarak g\u00f6rd\u00fc\u011f\u00fcn\u00fc kaydeden Bakan Sel\u00e7uk,  \u201cBunlar i\u00e7in b\u00fcy\u00fck bir liderlik laz\u0131m. B\u00fct\u00fcn \u00fclke tarihlerine bakt\u0131\u011f\u0131mda e\u011fitim ve ekonomide belirle mesafeler alm\u0131\u015f olan \u00fclkelere bakt\u0131\u011f\u0131m\u0131zda bir liderlik g\u00f6r\u00fcyorum. Bu bir Bakan\u0131n ya da ekibin \u00e7\u00f6zebilece\u011fi bir \u015fey de\u011fil. Bizim b\u00fcy\u00fck bir liderli\u011fe ihtiyac\u0131m\u0131z var. Bu liderli\u011fe bakt\u0131\u011f\u0131m\u0131zda bug\u00fcn ki \u015fartlar\u0131n buna m\u00fcsait oldu\u011funu g\u00f6r\u00fcyoruz. Cumhurba\u015fkan\u0131m\u0131z\u0131n bu meseleyi ne kadar \u00f6nemsedi\u011fini ve T\u00fcrkiye\u2019de milli bir dava oldu\u011funu ve bu meselesin bir d\u00fcnya davas\u0131 oldu\u011funu s\u0131kl\u0131kla vurgulad\u0131\u011f\u0131n\u0131 g\u00f6r\u00fcyoruz. Bu \u00e7er\u00e7evede 2023 E\u011fitim Vizyonunu her yerde payla\u015fmaya \u00e7al\u0131\u015f\u0131yorum. Bu liderli\u011fin devam\u0131 s\u00fcresince \u00e7ok iyi ad\u0131mlar ataca\u011f\u0131m\u0131za inan\u0131yorum\u2019\u2019 diye konu\u015ftu.<div class=\"tiled-gallery type-rectangular tiled-gallery-unresized\" data-original-width=\"500\" data-carousel-extra='null' itemscope itemtype=\"http:\/\/schema.org\/ImageGallery\" > <div class=\"gallery-row\" style=\"width: 500px; height: 242px;\" data-original-width=\"500\" data-original-height=\"242\" > <div class=\"gallery-group images-1\" style=\"width: 318px; height: 242px;\" data-original-width=\"318\" data-original-height=\"242\" > <div class=\"tiled-gallery-item tiled-gallery-item-large\" itemprop=\"associatedMedia\" itemscope itemtype=\"http:\/\/schema.org\/ImageObject\"> <a href=\"http:\/\/www.tvturk.com\/index.php\/turkiye-2023-egitim-zirvesi-basladi\/turkiye-2023-egitim-zirvesi-basladi-3\/\" border=\"0\" itemprop=\"url\"> <meta itemprop=\"width\" content=\"314\"> <meta itemprop=\"height\" content=\"238\"> <img decoding=\"async\" class=\"\" data-attachment-id=\"84610\" data-orig-file=\"http:\/\/www.tvturk.com\/wp-content\/uploads\/2019\/03\/turkiye-2023-egitim-zirvesi-basladi_20ee66a.jpg\" data-orig-size=\"1000,759\" data-comments-opened=\"\" data-image-meta=\"{&quot;aperture&quot;:&quot;0&quot;,&quot;credit&quot;:&quot;IHA&quot;,&quot;camera&quot;:&quot;&quot;,&quot;caption&quot;:&quot;M\\u0130LL\\u0130 E\\u011e\\u0130T\\u0130M BAKANI Z\\u0130YA SEL\\u00c7UK, T\\u00dcRK\\u0130YE 2023 E\\u011e\\u0130T\\u0130M Z\\u0130RVES\\u0130\\u2019N\\u0130N A\\u00c7ILI\\u015eINDA KONU\\u015eTU. BAKAN SEL\\u00c7UK, \\u201cE\\u011e\\u0130T\\u0130M S\\u0130STEM\\u0130NDE ALDI\\u011eIMIZ KARARLARIN HANG\\u0130 PARAMETRELER\\u0130 NE \\u015eEK\\u0130LDE ETK\\u0130LEYECE\\u011e\\u0130 S\\u0130M\\u00dcLASYONUNU YAPMAZSAK, HAZIRLADI\\u011eIMIZ HER \\u00c7\\u00d6Z\\u00dcM \\u0130LER\\u0130DEK\\u0130 SORUNUMUZ OLACAKTIR\\u2019\\u2019 DED\\u0130. (O\\u011eUZCAN YAZAR\\\/\\u0130STANBUL-\\u0130HA)&quot;,&quot;created_timestamp&quot;:&quot;0&quot;,&quot;copyright&quot;:&quot;\\u0130HLAS HABER AJANSI, www.iha.com.tr&quot;,&quot;focal_length&quot;:&quot;0&quot;,&quot;iso&quot;:&quot;0&quot;,&quot;shutter_speed&quot;:&quot;0&quot;,&quot;title&quot;:&quot;T\\u00dcRK\\u0130YE 2023 E\\u011e\\u0130T\\u0130M Z\\u0130RVES\\u0130 BA\\u015eLADI M\\u0130LL\\u0130 E\\u011e\\u0130T\\u0130M BAKANI Z\\u0130YA SEL\\u00c7UK: \\u201cALDI\\u011eIMIZ KARARLARIN HANG\\u0130 PARAMETRELER\\u0130 NE \\u015eEK\\u0130LDE ETK\\u0130LEYECE\\u011e\\u0130 S\\u0130M\\u00dcLASYONUNU YAPMAZSAK, \\u00dcRETT\\u0130\\u011e\\u0130M\\u0130Z HER \\u00c7\\u00d6Z\\u00dcM \\u0130LER\\u0130DEK\\u0130 SORUNUMUZ OLACAKTIR\\u2019\\u2019 \\u201cOKULLAR ARASINDAK\\u0130 \\u0130MKAN VE \\u00d6\\u011eRENME FARKLILIKLARI AZALIRSA SINAVIN BASKISI AZALACAK\\u201d&quot;,&quot;orientation&quot;:&quot;0&quot;}\" data-image-title=\"T\u00fcrkiye 2023 E\u011fitim Zirvesi ba\u015flad\u0131\" data-image-description=\"&lt;p&gt;T\u00fcrkiye 2023 E\u011fitim Zirvesi ba\u015flad\u0131&lt;\/p&gt; \" data-medium-file=\"https:\/\/i0.wp.com\/www.tvturk.com\/wp-content\/uploads\/2019\/03\/turkiye-2023-egitim-zirvesi-basladi_20ee66a.jpg?fit=300%2C228\" data-large-file=\"https:\/\/i0.wp.com\/www.tvturk.com\/wp-content\/uploads\/2019\/03\/turkiye-2023-egitim-zirvesi-basladi_20ee66a.jpg?fit=1000%2C759\" src=\"https:\/\/i0.wp.com\/www.tvturk.com\/wp-content\/uploads\/2019\/03\/turkiye-2023-egitim-zirvesi-basladi_20ee66a.jpg?w=314&#038;h=238\" srcset=\"https:\/\/i0.wp.com\/www.tvturk.com\/wp-content\/uploads\/2019\/03\/turkiye-2023-egitim-zirvesi-basladi_20ee66a.jpg?w=1000 1000w, https:\/\/i0.wp.com\/www.tvturk.com\/wp-content\/uploads\/2019\/03\/turkiye-2023-egitim-zirvesi-basladi_20ee66a.jpg?resize=150%2C114 150w, https:\/\/i0.wp.com\/www.tvturk.com\/wp-content\/uploads\/2019\/03\/turkiye-2023-egitim-zirvesi-basladi_20ee66a.jpg?resize=300%2C228 300w, https:\/\/i0.wp.com\/www.tvturk.com\/wp-content\/uploads\/2019\/03\/turkiye-2023-egitim-zirvesi-basladi_20ee66a.jpg?resize=768%2C583 768w\" width=\"314\" height=\"238\" loading=\"lazy\" data-original-width=\"314\" data-original-height=\"238\" itemprop=\"http:\/\/schema.org\/image\" title=\"T\u00fcrkiye 2023 E\u011fitim Zirvesi ba\u015flad\u0131\" alt=\"T\u00fcrkiye 2023 E\u011fitim Zirvesi ba\u015flad\u0131\" style=\"width: 314px; height: 238px;\" \/> <\/a> <\/div> <\/div> <!-- close group --> <div class=\"gallery-group images-1\" style=\"width: 182px; height: 242px;\" data-original-width=\"182\" data-original-height=\"242\" > <div class=\"tiled-gallery-item tiled-gallery-item-small\" itemprop=\"associatedMedia\" itemscope itemtype=\"http:\/\/schema.org\/ImageObject\"> <a href=\"http:\/\/www.tvturk.com\/index.php\/turkiye-2023-egitim-zirvesi-basladi\/turkiye-2023-egitim-zirvesi-basladi-4\/\" border=\"0\" itemprop=\"url\"> <meta itemprop=\"width\" content=\"178\"> <meta itemprop=\"height\" content=\"238\"> <img decoding=\"async\" class=\"\" data-attachment-id=\"84611\" data-orig-file=\"http:\/\/www.tvturk.com\/wp-content\/uploads\/2019\/03\/turkiye-2023-egitim-zirvesi-basladi_2a1f754.jpg\" data-orig-size=\"750,1000\" data-comments-opened=\"\" data-image-meta=\"{&quot;aperture&quot;:&quot;0&quot;,&quot;credit&quot;:&quot;IHA&quot;,&quot;camera&quot;:&quot;&quot;,&quot;caption&quot;:&quot;M\\u0130LL\\u0130 E\\u011e\\u0130T\\u0130M BAKANI Z\\u0130YA SEL\\u00c7UK, T\\u00dcRK\\u0130YE 2023 E\\u011e\\u0130T\\u0130M Z\\u0130RVES\\u0130\\u2019N\\u0130N A\\u00c7ILI\\u015eINDA KONU\\u015eTU. BAKAN SEL\\u00c7UK, \\u201cE\\u011e\\u0130T\\u0130M S\\u0130STEM\\u0130NDE ALDI\\u011eIMIZ KARARLARIN HANG\\u0130 PARAMETRELER\\u0130 NE \\u015eEK\\u0130LDE ETK\\u0130LEYECE\\u011e\\u0130 S\\u0130M\\u00dcLASYONUNU YAPMAZSAK, HAZIRLADI\\u011eIMIZ HER \\u00c7\\u00d6Z\\u00dcM \\u0130LER\\u0130DEK\\u0130 SORUNUMUZ OLACAKTIR\\u2019\\u2019 DED\\u0130. (O\\u011eUZCAN YAZAR\\\/\\u0130STANBUL-\\u0130HA)&quot;,&quot;created_timestamp&quot;:&quot;0&quot;,&quot;copyright&quot;:&quot;\\u0130HLAS HABER AJANSI, www.iha.com.tr&quot;,&quot;focal_length&quot;:&quot;0&quot;,&quot;iso&quot;:&quot;0&quot;,&quot;shutter_speed&quot;:&quot;0&quot;,&quot;title&quot;:&quot;T\\u00dcRK\\u0130YE 2023 E\\u011e\\u0130T\\u0130M Z\\u0130RVES\\u0130 BA\\u015eLADI M\\u0130LL\\u0130 E\\u011e\\u0130T\\u0130M BAKANI Z\\u0130YA SEL\\u00c7UK: \\u201cALDI\\u011eIMIZ KARARLARIN HANG\\u0130 PARAMETRELER\\u0130 NE \\u015eEK\\u0130LDE ETK\\u0130LEYECE\\u011e\\u0130 S\\u0130M\\u00dcLASYONUNU YAPMAZSAK, \\u00dcRETT\\u0130\\u011e\\u0130M\\u0130Z HER \\u00c7\\u00d6Z\\u00dcM \\u0130LER\\u0130DEK\\u0130 SORUNUMUZ OLACAKTIR\\u2019\\u2019 \\u201cOKULLAR ARASINDAK\\u0130 \\u0130MKAN VE \\u00d6\\u011eRENME FARKLILIKLARI AZALIRSA SINAVIN BASKISI AZALACAK\\u201d&quot;,&quot;orientation&quot;:&quot;0&quot;}\" data-image-title=\"T\u00fcrkiye 2023 E\u011fitim Zirvesi ba\u015flad\u0131\" data-image-description=\"&lt;p&gt;T\u00fcrkiye 2023 E\u011fitim Zirvesi ba\u015flad\u0131&lt;\/p&gt; \" data-medium-file=\"https:\/\/i0.wp.com\/www.tvturk.com\/wp-content\/uploads\/2019\/03\/turkiye-2023-egitim-zirvesi-basladi_2a1f754.jpg?fit=225%2C300\" data-large-file=\"https:\/\/i0.wp.com\/www.tvturk.com\/wp-content\/uploads\/2019\/03\/turkiye-2023-egitim-zirvesi-basladi_2a1f754.jpg?fit=750%2C1000\" src=\"https:\/\/i0.wp.com\/www.tvturk.com\/wp-content\/uploads\/2019\/03\/turkiye-2023-egitim-zirvesi-basladi_2a1f754.jpg?w=178&#038;h=238\" srcset=\"https:\/\/i0.wp.com\/www.tvturk.com\/wp-content\/uploads\/2019\/03\/turkiye-2023-egitim-zirvesi-basladi_2a1f754.jpg?w=750 750w, https:\/\/i0.wp.com\/www.tvturk.com\/wp-content\/uploads\/2019\/03\/turkiye-2023-egitim-zirvesi-basladi_2a1f754.jpg?resize=113%2C150 113w, https:\/\/i0.wp.com\/www.tvturk.com\/wp-content\/uploads\/2019\/03\/turkiye-2023-egitim-zirvesi-basladi_2a1f754.jpg?resize=225%2C300 225w\" width=\"178\" height=\"238\" loading=\"lazy\" data-original-width=\"178\" data-original-height=\"238\" itemprop=\"http:\/\/schema.org\/image\" title=\"T\u00fcrkiye 2023 E\u011fitim Zirvesi ba\u015flad\u0131\" alt=\"T\u00fcrkiye 2023 E\u011fitim Zirvesi ba\u015flad\u0131\" style=\"width: 178px; height: 238px;\" \/> <\/a> <\/div> <\/div> <!-- close group --> <\/div> <!-- close row --> <\/div><\/p>\n","protected":false},"excerpt":{"rendered":"<p>S\u0130YASET, EKONOM\u0130 VE TOPLUM ARA\u015eTIRMALARI VAKFI\u2019NDA D\u00dcZENLENEN T\u00dcRK\u0130YE 2023 E\u011e\u0130T\u0130M Z\u0130RVES\u0130NE M\u0130LL\u0130 E\u011e\u0130T\u0130M BAKANI Z\u0130YA SEL\u00c7UK, SETA GENEL KOORD\u0130NAT\u00d6R\u00dc BURHANETT\u0130N DURAN\u2019IN YANI SIRA \u00c7OK SAYIDA E\u011e\u0130T\u0130MC\u0130 KATILDI.<\/p>\n","protected":false},"author":1,"featured_media":84609,"comment_status":"closed","ping_status":"open","sticky":false,"template":"","format":"standard","meta":{"jetpack_post_was_ever_published":false,"_jetpack_newsletter_access":"","_jetpack_dont_email_post_to_subs":false,"_jetpack_newsletter_tier_id":0,"_jetpack_memberships_contains_paywalled_content":false,"_jetpack_memberships_contains_paid_content":false,"footnotes":"","jetpack_publicize_message":"","jetpack_publicize_feature_enabled":true,"jetpack_social_post_already_shared":true,"jetpack_social_options":{"image_generator_settings":{"template":"highway","default_image_id":0,"font":"","enabled":false},"version":2}},"categories":[9],"tags":[5011,55,398,453,411],"class_list":["post-84608","post","type-post","status-publish","format-standard","has-post-thumbnail","hentry","category-siyaset","tag-5011","tag-basladi","tag-egitim","tag-turkiye","tag-zirvesi"],"jetpack_publicize_connections":[],"jetpack_featured_media_url":"https:\/\/i0.wp.com\/www.tvturk.com\/wp-content\/uploads\/2019\/03\/turkiye-2023-egitim-zirvesi-basladi_96dcc9b.jpg?fit=1000%2C683","jetpack_sharing_enabled":true,"jetpack_shortlink":"https:\/\/wp.me\/paKIfm-m0E","_links":{"self":[{"href":"http:\/\/www.tvturk.com\/index.php\/wp-json\/wp\/v2\/posts\/84608","targetHints":{"allow":["GET"]}}],"collection":[{"href":"http:\/\/www.tvturk.com\/index.php\/wp-json\/wp\/v2\/posts"}],"about":[{"href":"http:\/\/www.tvturk.com\/index.php\/wp-json\/wp\/v2\/types\/post"}],"author":[{"embeddable":true,"href":"http:\/\/www.tvturk.com\/index.php\/wp-json\/wp\/v2\/users\/1"}],"replies":[{"embeddable":true,"href":"http:\/\/www.tvturk.com\/index.php\/wp-json\/wp\/v2\/comments?post=84608"}],"version-history":[{"count":1,"href":"http:\/\/www.tvturk.com\/index.php\/wp-json\/wp\/v2\/posts\/84608\/revisions"}],"predecessor-version":[{"id":84612,"href":"http:\/\/www.tvturk.com\/index.php\/wp-json\/wp\/v2\/posts\/84608\/revisions\/84612"}],"wp:featuredmedia":[{"embeddable":true,"href":"http:\/\/www.tvturk.com\/index.php\/wp-json\/wp\/v2\/media\/84609"}],"wp:attachment":[{"href":"http:\/\/www.tvturk.com\/index.php\/wp-json\/wp\/v2\/media?parent=84608"}],"wp:term":[{"taxonomy":"category","embeddable":true,"href":"http:\/\/www.tvturk.com\/index.php\/wp-json\/wp\/v2\/categories?post=84608"},{"taxonomy":"post_tag","embeddable":true,"href":"http:\/\/www.tvturk.com\/index.php\/wp-json\/wp\/v2\/tags?post=84608"}],"curies":[{"name":"wp","href":"https:\/\/api.w.org\/{rel}","templated":true}]}}