{"id":8469,"date":"2019-02-07T13:35:57","date_gmt":"2019-02-07T10:35:57","guid":{"rendered":"http:\/\/www.tvturk.com\/index.php\/gaziantepe-gazilik-unvani-verilisinin-98-yil-donumu\/"},"modified":"2019-02-07T13:35:57","modified_gmt":"2019-02-07T10:35:57","slug":"gaziantepe-gazilik-unvani-verilisinin-98-yil-donumu","status":"publish","type":"post","link":"http:\/\/www.tvturk.com\/index.php\/gaziantepe-gazilik-unvani-verilisinin-98-yil-donumu\/","title":{"rendered":"Gaziantep\u2019e Gazilik unvan\u0131 verili\u015finin 98. y\u0131l d\u00f6n\u00fcm\u00fc"},"content":{"rendered":"<p>Gaziantep\u2019e \u201cGazilik\u201d unvan\u0131n\u0131n verili\u015finin 98. y\u0131l d\u00f6n\u00fcm\u00fc m\u00fcnasebetiyle bir mesaj yay\u0131mlayan Gaziantep Sanayi Odas\u0131 (GSO) Y\u00f6netim Kurulu Ba\u015fkan\u0131 Adnan \u00dcnverdi, \u201cHi\u00e7bir yard\u0131m ve destek almadan ba\u011f\u0131ms\u0131zl\u0131k m\u00fccadelesi ile b\u00fcy\u00fck bir kahramanl\u0131k destan\u0131 yazan atalar\u0131m\u0131z\u0131 rahmet ve minnetle an\u0131yor; d\u00fcnyada \u201cGazi\u201d unvan\u0131na sahip ilk ve tek \u015fehir olman\u0131n gurur ve co\u015fkusunu hep birlikte bir kez daha ya\u015f\u0131yoruz\u201ddedi.<\/p>\n<p>Adnan \u00dcnverdi, Anteplilerin verdi\u011fi kurtulu\u015f m\u00fccadelesinin \u00fclkemize ve t\u00fcm d\u00fcnyaya \u00f6rnek oldu\u011funu belirtti.<\/p>\n<p>Gaziantep halk\u0131n\u0131n 11 ay boyunca her t\u00fcrl\u00fc olumsuzluklara ve zorlu \u015fartlara ra\u011fmen, b\u00fcy\u00fck bir direni\u015f g\u00f6stererek 6 bin 317 \u015fehit verdi\u011fini an\u0131msatan \u00dcnverdi, \u201cGazi Mustafa Kemal Atat\u00fcrk\u2019\u00fcn Anadolu\u2019da ba\u015flatt\u0131\u011f\u0131 kurtulu\u015f m\u00fccadelesinde,Gaziantepliler can\u0131 pahas\u0131na d\u00fc\u015fmana kar\u015f\u0131 sava\u015farak destan yazm\u0131\u015ft\u0131r. Bu b\u00fcy\u00fck m\u00fccadeleden dolay\u0131 T\u00fcrkiye B\u00fcy\u00fck Millet Meclisi Antep\u2019i \u2018Gazilik\u2019 unvan\u0131 ile onurland\u0131rm\u0131\u015ft\u0131r. Ayr\u0131ca Gazi \u015fehrimiz,B\u00fcy\u00fck \u00d6nder Atat\u00fcrk taraf\u0131ndan, \u2018Ben Anteplilerin g\u00f6zlerinden nas\u0131l \u00f6pmem ki onlar Antep\u2019i kurtard\u0131klar\u0131 gibi T\u00fcrkiye\u2019yi de kurtard\u0131lar\u2019 s\u00f6zlerine nail olmu\u015ftur\u201d ifadelerini kulland\u0131.<\/p>\n<p>Gazilik unvan\u0131na lay\u0131k olmaya \u00e7al\u0131\u015ft\u0131klar\u0131n\u0131  vurgulayan \u00dcnverdi, \u201cGazilik unvan\u0131na lay\u0131k olmak,\u00fclkemize ve \u015fehrimize sahip \u00e7\u0131kmak i\u00e7in bundan sonra da atalar\u0131m\u0131zdan ald\u0131\u011f\u0131m\u0131z g\u00fc\u00e7le \u00e7al\u0131\u015fmaya devam edece\u011fiz.  Ba\u011f\u0131ms\u0131zl\u0131\u011f\u0131m\u0131za ve vatan\u0131m\u0131za uzanacak ellere kar\u015f\u0131 bug\u00fcn de ayn\u0131 inan\u00e7 ve kararl\u0131l\u0131kla kar\u015f\u0131 koyaca\u011f\u0131m\u0131zdan kimsenin \u015f\u00fcphesi olmas\u0131n. O g\u00fcn\u00fcn \u015fartlar\u0131nda zor ko\u015fullara ra\u011fmen kad\u0131n\u0131 erke\u011fi, genci ya\u015fl\u0131s\u0131 ile kahramanl\u0131k destan\u0131 yazan atalar\u0131m\u0131za lay\u0131k olmak i\u00e7in vatan sevgisiyle daha \u00e7ok \u00e7al\u0131\u015fmak ve kendimizi g\u00fcn\u00fcn \u015fartlar\u0131na g\u00f6re geli\u015ftirmek zorunday\u0131z. Bunun i\u00e7in de birbirimizi daha \u00e7ok sevmemiz, bilimin \u0131\u015f\u0131\u011f\u0131nda, milli ve manevi de\u011ferlerine ba\u011fl\u0131 gen\u00e7 nesiller yeti\u015ftirmemiz b\u00fcy\u00fck \u00f6nem ta\u015f\u0131yor. \u00c7\u00fcnk\u00fc bug\u00fcn sava\u015flar \u00e7ok farkl\u0131 cephelerde yap\u0131l\u0131yor. E\u011fitim, ekonomi ve teknolojide takip eden de\u011fil, takip edilen \u00fclke olursak b\u00fct\u00fcn cephelerde ba\u015far\u0131l\u0131 oluruz. B\u00fcy\u00fck \u00d6nder Mustafa Kemal Atat\u00fcrk\u2019\u00fcn hedef g\u00f6sterdi\u011fi \u00e7a\u011fda\u015f medeniyetler seviyesine de ancak bu sayede ula\u015fabiliriz. Allah \u00fclkemizin ve milletimizin yolunu a\u00e7\u0131k etsin, d\u00fc\u015fmanlar\u0131m\u0131za f\u0131rsat vermesin. Bu duygularla,Gaziantep\u2019e Gazilik unvan\u0131 verili\u015finin 98. y\u0131l d\u00f6n\u00fcm\u00fcn\u00fc kutluyor, aziz \u015fehitlerimizi rahmetle, gazilerimizi minnetle an\u0131yor, b\u00fct\u00fcn hem\u015fehrilerimin \u2018Gazilik\u2019 g\u00fcn\u00fcn\u00fc kutluyorum\u201d diye konu\u015ftu.<\/p>\n","protected":false},"excerpt":{"rendered":"<p>GSO Y\u00d6NET\u0130M KURULU BA\u015eKANI ADNAN \u00dcNVERD\u0130<\/p>\n","protected":false},"author":1,"featured_media":8470,"comment_status":"closed","ping_status":"open","sticky":false,"template":"","format":"standard","meta":{"jetpack_post_was_ever_published":false,"_jetpack_newsletter_access":"","_jetpack_dont_email_post_to_subs":false,"_jetpack_newsletter_tier_id":0,"_jetpack_memberships_contains_paywalled_content":false,"_jetpack_memberships_contains_paid_content":false,"footnotes":"","jetpack_publicize_message":"","jetpack_publicize_feature_enabled":true,"jetpack_social_post_already_shared":false,"jetpack_social_options":{"image_generator_settings":{"template":"highway","default_image_id":0,"font":"","enabled":false},"version":2}},"categories":[655],"tags":[3120,4093,4038,4092,3098,3099,231],"class_list":["post-8469","post","type-post","status-publish","format-standard","has-post-thumbnail","hentry","category-son-dakika","tag-gazilik","tag-4093","tag-donumu","tag-gaziantepe","tag-unvani","tag-verilisinin","tag-yil"],"jetpack_publicize_connections":[],"jetpack_featured_media_url":"https:\/\/i0.wp.com\/www.tvturk.com\/wp-content\/uploads\/2019\/02\/gaziantepe-gazilik-unvani-verilisinin-98-yil-donumu_793a140.jpg?fit=1000%2C729","jetpack_sharing_enabled":true,"jetpack_shortlink":"https:\/\/wp.me\/paKIfm-2cB","_links":{"self":[{"href":"http:\/\/www.tvturk.com\/index.php\/wp-json\/wp\/v2\/posts\/8469","targetHints":{"allow":["GET"]}}],"collection":[{"href":"http:\/\/www.tvturk.com\/index.php\/wp-json\/wp\/v2\/posts"}],"about":[{"href":"http:\/\/www.tvturk.com\/index.php\/wp-json\/wp\/v2\/types\/post"}],"author":[{"embeddable":true,"href":"http:\/\/www.tvturk.com\/index.php\/wp-json\/wp\/v2\/users\/1"}],"replies":[{"embeddable":true,"href":"http:\/\/www.tvturk.com\/index.php\/wp-json\/wp\/v2\/comments?post=8469"}],"version-history":[{"count":0,"href":"http:\/\/www.tvturk.com\/index.php\/wp-json\/wp\/v2\/posts\/8469\/revisions"}],"wp:featuredmedia":[{"embeddable":true,"href":"http:\/\/www.tvturk.com\/index.php\/wp-json\/wp\/v2\/media\/8470"}],"wp:attachment":[{"href":"http:\/\/www.tvturk.com\/index.php\/wp-json\/wp\/v2\/media?parent=8469"}],"wp:term":[{"taxonomy":"category","embeddable":true,"href":"http:\/\/www.tvturk.com\/index.php\/wp-json\/wp\/v2\/categories?post=8469"},{"taxonomy":"post_tag","embeddable":true,"href":"http:\/\/www.tvturk.com\/index.php\/wp-json\/wp\/v2\/tags?post=8469"}],"curies":[{"name":"wp","href":"https:\/\/api.w.org\/{rel}","templated":true}]}}