{"id":85014,"date":"2019-03-11T14:31:35","date_gmt":"2019-03-11T11:31:35","guid":{"rendered":"http:\/\/www.tvturk.com\/index.php\/yavuz-zirhlisinin-golgesinde-turkiye-gundemine-tasinan-hukuksuz-bir-basin-davasi\/"},"modified":"2019-03-11T14:31:36","modified_gmt":"2019-03-11T11:31:36","slug":"yavuz-zirhlisinin-golgesinde-turkiye-gundemine-tasinan-hukuksuz-bir-basin-davasi","status":"publish","type":"post","link":"http:\/\/www.tvturk.com\/index.php\/yavuz-zirhlisinin-golgesinde-turkiye-gundemine-tasinan-hukuksuz-bir-basin-davasi\/","title":{"rendered":"Yavuz Z\u0131rhl\u0131s\u0131n\u0131n g\u00f6lgesinde T\u00fcrkiye g\u00fcndemine ta\u015f\u0131nan hukuksuz bir bas\u0131n davas\u0131"},"content":{"rendered":"<p>\u2018Milli M\u00fccadelede Servetiye Cephesi\u2019 temas\u0131yla 8-10 Mart 2019 tarihlerinde ger\u00e7ekle\u015ftirilen Uluslararas\u0131 Kocaeli Tarihi-K\u00fclt\u00fcr\u00fc Sempozyumunda sunulan \u0130zmit Ahalisi \u0130zmit Valisine Kar\u015f\u0131\u2019 adl\u0131 bildiri, \u2019Yavuz z\u0131rhl\u0131s\u0131n\u0131n g\u00f6lgesinde T\u00fcrkiye g\u00fcndemine ta\u015f\u0131nan hukuksuz bir bas\u0131n davas\u0131\u2019n\u0131n i\u00e7 y\u00fcz\u00fcn\u00fc ortaya koydu.<\/p>\n<p>T\u00fcrkiye\u2019nin en uzun soluklu ve geni\u015f kat\u0131l\u0131ml\u0131 yerel sempozyumu olan Uluslararas\u0131 Kocaeli Tarihi-K\u00fclt\u00fcr\u00fc Sempozyumu, 8-10 Mart 2019 tarihlerinde \u2018Milli M\u00fccadelede Servetiye Cephesi\u2019 temas\u0131yla ger\u00e7ekle\u015ftirildi. Prof. Dr. \u0130lber Ortayl\u0131\u2019n\u0131n a\u00e7\u0131l\u0131\u015f konu\u015fmas\u0131yla ba\u015flayan sempozyumda sunulan bildiriler, Kocaeli tarihine b\u00fcy\u00fck katk\u0131lar sa\u011flarken, bildirilerden baz\u0131lar\u0131 T\u00fcrkiye\u2019nin yak\u0131n tarihine de \u0131\u015f\u0131k tutarak \u00f6zellikle Erken Cumhuriyet D\u00f6nemi Bas\u0131n\u0131na dair bilinmeyen pek \u00e7ok ger\u00e7e\u011fi g\u00fcn y\u00fcz\u00fcne \u00e7\u0131kard\u0131. Bu bildirilerden en \u00e7arp\u0131c\u0131 olan\u0131 da \u0130zmit\u2019te ger\u00e7ekle\u015ftirilmi\u015f olsa da 1930\u2019lu y\u0131llarda \u00fclke g\u00fcndemini me\u015fgul eden bir bas\u0131n davas\u0131n\u0131 ele alan \u2018Yar\u0131n Gazetesinin \u0130zmit Davas\u0131: \u0130zmit Ahalisi \u0130zmit Valisine Kar\u015f\u0131\u2019 adl\u0131 bildiriydi. S\u00f6z konusu bildiri, bir d\u00f6nem \u0130zmit K\u00f6rfezinde demirleyen Yavuz Z\u0131rhl\u0131s\u0131 ile ilgili haberler iktidara yak\u0131n gazetelerde yay\u0131nland\u0131\u011f\u0131nda herhangi bir sorun \u00e7\u0131kmazken muhalif gazetelerin ayn\u0131 yay\u0131nlar\u0131 yapmas\u0131 durumunda \u2018casusluk\u2019 su\u00e7lamas\u0131yla kar\u015f\u0131la\u015ft\u0131klar\u0131n\u0131 ortaya koyuyordu.<\/p>\n<p>T\u00fcrkl\u00fc\u011fe hakaret de\u011fil yozla\u015fmaya dur demek!<\/p>\n<p>Sempozyumun Prof. Dr. Azmi \u00d6zcan\u2019\u0131n oturum ba\u015fkanl\u0131\u011f\u0131nda ger\u00e7ekle\u015ftirilen oturumunda konu\u015fan Dr. Ekrem Salt\u0131k taraf\u0131ndan sunulan bildiri, 1930\u2019lu y\u0131llar\u0131n ba\u015f\u0131nda \u00fclke g\u00fcndemini me\u015fgul eden \u015faibeli bir davay\u0131 g\u00fcndeme ta\u015f\u0131d\u0131. Yar\u0131n Gazetesinin yapt\u0131\u011f\u0131 baz\u0131 haberlerin \u2018T\u00fcrkl\u00fc\u011fe hakaret\u2019 su\u00e7lamas\u0131yla takibata al\u0131nd\u0131\u011f\u0131n\u0131 s\u00f6yleyen Salt\u0131k, gazete hakk\u0131ndaki bu su\u00e7lamalar\u0131n, asl\u0131nda d\u00f6nemin baz\u0131 yozla\u015fm\u0131\u015f idarecileri ve b\u00fcrokratlar\u0131na y\u00f6nelik \u2018muhalif\u2019 yay\u0131nlar\u0131n\u0131 susturmak amac\u0131n\u0131 ta\u015f\u0131d\u0131\u011f\u0131n\u0131 s\u00f6yledi.<\/p>\n<p>Yar\u0131n Gazetesinin, bir d\u00f6nem \u0130zmit K\u00f6rfezinde tamirata al\u0131nan Yavuz Z\u0131rhl\u0131s\u0131na dair yapt\u0131\u011f\u0131 haberlerin kas\u0131tl\u0131 olarak \u2018esrar\u0131 askeriyeyi if\u015fa\u2019 gibi bir su\u00e7lamaya da maruz kald\u0131\u011f\u0131n\u0131 s\u00f6yleyen Salt\u0131k, bu d\u00f6nemde Yavuz z\u0131rhl\u0131s\u0131 ile ilgili benzer yay\u0131nlar yapan ama yeni rejimin s\u00f6zc\u00fcl\u00fc\u011f\u00fcn\u00fc yapan gazeteler hakk\u0131nda herhangi bir soru\u015fturma a\u00e7\u0131lmad\u0131\u011f\u0131n\u0131 ifade etti.<\/p>\n<p>\u2018Erken Cumhuriyet D\u00f6nemi Bas\u0131n\u0131\u2019 ve sosyo-k\u00fclt\u00fcrel hayat\u0131 ile ilgili \u00e7e\u015fitli akademik \u00e7al\u0131\u015fmalara imza atm\u0131\u015f olan Dr. Ekrem Salt\u0131k, Takrir-i S\u00fck\u00fbn kanununun y\u00fcr\u00fcrl\u00fckten kalkmas\u0131 ile yay\u0131n hayat\u0131na ba\u015flayan Yar\u0131n Gazetesinin, Erken Cumhuriyet D\u00f6neminde h\u00fckumeti ele\u015ftiren ilk gazetelerden oldu\u011funu s\u00f6yledi. Zaman zaman 80 bin gibi y\u00fcksek tirajlara ula\u015fabilen gazetenin, d\u00f6nemin yolsuzluklar\u0131, b\u00fcrokratik yozla\u015fma, iltimas ve israf gibi meselelerini man\u015fetlerine ta\u015f\u0131d\u0131\u011f\u0131n\u0131 s\u00f6yleyen Salt\u0131k, gazetenin ba\u015fmuharriri Arif Oru\u00e7 hakk\u0131nda s\u0131k s\u0131k muhalif duru\u015fundan da kaynaklanan davalar a\u00e7\u0131ld\u0131\u011f\u0131ndan bahsetti.<\/p>\n<p>\u0130stinye \u00dcniversitesi Sosyoloji B\u00f6l\u00fcm\u00fc \u00f6\u011fretim \u00fcyesi Dr. Ekrem Salt\u0131k Yar\u0131n gazetesinin Kocaeli ile kesi\u015fen adli s\u00fcre\u00e7lere de maruz kald\u0131\u011f\u0131n\u0131 anlatt\u0131\u011f\u0131 bildirisinde,\u201c1930 y\u0131l\u0131 11 Aral\u0131k tarihli H\u00fcr Fikir gazetesinin haberine g\u00f6re, \u0130zmit Valisi E\u015fref Bey aleyhine yay\u0131nlar yapan Yar\u0131n gazetesi ba\u015fmuharriri Arif Oru\u00e7 Bey, gece saatlerinde \u0130zmit\u2019e getirilerek hapishaneye konulmu\u015ftu. Yar\u0131n gazetesi muharrirlerinin kefaletle serbest b\u0131rak\u0131lma ya da ba\u015fka bir \u015fehirdeki hapishaneye nakil gibi taleplerine ra\u011fmen haftalar s\u00fcren duru\u015fmalar boyunca \u0130zmit Hapishanesinde tutulduklar\u0131 bu s\u00fcre\u00e7te \u0130zmit halk\u0131 ve b\u00fcrokratlar\u0131 aras\u0131nda keskin bir ayr\u0131\u015fma ya\u015fanm\u0131\u015ft\u0131. Kefaletle serbest b\u0131rak\u0131lma ya da kentin m\u00fclki amirinin taraf oldu\u011fu bir dava g\u00f6r\u00fcl\u00fcrken ba\u015fka bir \u015fehirdeki hapishaneye nakil gibi taleplere ra\u011fmen, Ocak ay\u0131na kadar \u0130zmit\u2019teki hapishanede kalan Arif Oru\u00e7 beyin tevkifi kentin yerlisi olan b\u00fcrokratlar ve esnaflar\u0131n\u0131n imzas\u0131yla yay\u0131mlanan bir tekziple ele\u015ftirilmi\u015fti. Arif Oru\u00e7\u2019un \u2018matbuat\u0131n ak sa\u00e7l\u0131 nur y\u00fczl\u00fc ihtiyar babas\u0131\u2019 olarak tarif edildi\u011fi s\u00f6z konusu tekzipte, \u0130zmitlilerin, \u2018memleket u\u011fruna m\u00fccadeleyi bir vazife olarak g\u00f6ren\u2019 Oru\u00e7\u2019a kar\u015f\u0131 b\u00fcy\u00fck bir muhabbet duydu\u011fu anlat\u0131l\u0131yordu\u201d ifadelerini kulland\u0131.<\/p>\n<p>\u2018Valinin Davas\u0131\u2019 olarak da adland\u0131r\u0131lan bu olay s\u0131ras\u0131nda \u0130zmit Ahalisi ve nihayetinde hepsi Halk F\u0131rkal\u0131 olan kentteki b\u00fcrokrat ve ileri gelen yerli sakinler, idari olarak kentteki en yetkili ki\u015fi olan validen de\u011fil de s\u00f6z konusu valiyi a\u00e7\u0131k\u00e7a tahkir eden, \u00fcstelik \u0130stanbul\u2019dan derdest edilerek getirtilmi\u015f bir yabanc\u0131dan yana tav\u0131r alm\u0131\u015flard\u0131. D\u00f6nemin ilk muhalefet partisi ile birlikte partiye destek veren muhaliflerin de tasfiye edildi\u011fi bir s\u00fcrecin par\u00e7as\u0131 olmas\u0131 gereken Kocaeli\u2019ndeki \u2018sansasyonel\u2019 dava, gazetenin muhalif duru\u015funa kurban gitmi\u015fti. Oysa \u0130zmit\u2019te ger\u00e7ekle\u015fen ve \u00fclkedeki hukuk sisteminin ne kadar yozla\u015ft\u0131\u011f\u0131n\u0131 g\u00f6steren Yar\u0131n gazetesi davas\u0131nda asl\u0131nda yeni rejim \u0130zmit\u2019i muhalifleriyle hesapla\u015ft\u0131\u011f\u0131 bir karar odas\u0131 olarak kullanm\u0131\u015ft\u0131. Daval\u0131lar toplamda iki y\u0131l hapis ve cezas\u0131na \u00e7arpt\u0131r\u0131l\u0131p ayr\u0131ca manevi tazminat \u00f6demeye mahk\u00fbm edildi\u011fi bu s\u00fcre\u00e7, gazetenin yay\u0131n ser\u00fcveni a\u00e7\u0131s\u0131ndan da sonun ba\u015flang\u0131c\u0131 olmu\u015ftu. Bu s\u00fcre\u00e7te yeni rejimin politikalar\u0131n\u0131 destekleyen \u00e7evrelerce topyek\u00fbn hedefe konulmu\u015f olan Yar\u0131n gazetesi de Yeni Matbuat Kanununun resm\u00ee gazetede yay\u0131nlanarak y\u00fcr\u00fcrl\u00fc\u011fe girdi\u011fi 8 A\u011fustos 1931 tarihinden k\u0131sa bir s\u00fcre sonra kapat\u0131lm\u0131\u015ft\u0131. Arif Oru\u00e7\u2019un Yar\u0131n gazetesinin kapat\u0131lmas\u0131 \u00fczerine ne\u015friyat\u0131na \u201cM\u00fccadele\u201d adl\u0131 yeni bir gazetede devam etmek istemesi \u00fczerine, s\u00f6z konusu gazetenin ilk say\u0131s\u0131 derhal toplat\u0131lm\u0131\u015f ve M\u00fccadele gazetesi -bas\u0131n tarihinde ilk defa ya\u015fanm\u0131\u015f olmas\u0131 muhtemel bir \u015fekilde- yay\u0131na ba\u015flad\u0131\u011f\u0131 g\u00fcn kapat\u0131lm\u0131\u015ft\u0131. Yar\u0131n Gazetesinin \u0130zmit\u2019te g\u00f6r\u00fclen davas\u0131, asl\u0131nda \u00fclkedeki yolsuzluk, hukuksuzluk ve yozla\u015fmalara kar\u015f\u0131 bir duru\u015f g\u00f6sterme cesareti g\u00f6steren gazetelerin yerli ve milli hassasiyetlere tasallut etmi\u015fler gibi g\u00f6sterilerek sindirili\u015flerinin s\u00fcrekli tekrar etti\u011fini g\u00f6steren bir politik ahlaks\u0131zl\u0131k \u00f6rne\u011fiydi.<div class=\"tiled-gallery type-rectangular tiled-gallery-unresized\" data-original-width=\"500\" data-carousel-extra='null' itemscope itemtype=\"http:\/\/schema.org\/ImageGallery\" > <div class=\"gallery-row\" style=\"width: 500px; height: 541px;\" data-original-width=\"500\" data-original-height=\"541\" > <div class=\"gallery-group images-1\" style=\"width: 500px; height: 541px;\" data-original-width=\"500\" data-original-height=\"541\" > <div class=\"tiled-gallery-item tiled-gallery-item-large\" itemprop=\"associatedMedia\" itemscope itemtype=\"http:\/\/schema.org\/ImageObject\"> <a href=\"http:\/\/www.tvturk.com\/index.php\/yavuz-zirhlisinin-golgesinde-turkiye-gundemine-tasinan-hukuksuz-bir-basin-davasi\/yavuz-zirhlisinin-golgesinde-turkiye-gundemine-tasinan-hukuksuz-bir-basin-davasi-3\/\" border=\"0\" itemprop=\"url\"> <meta itemprop=\"width\" content=\"496\"> <meta itemprop=\"height\" content=\"537\"> <img decoding=\"async\" class=\"\" data-attachment-id=\"85016\" data-orig-file=\"http:\/\/www.tvturk.com\/wp-content\/uploads\/2019\/03\/yavuz-zirhlisinin-golgesinde-turkiye-gundemine-tasinan-hukuksuz-bir-basin-davasi_7ab848b.jpg\" data-orig-size=\"783,848\" data-comments-opened=\"\" data-image-meta=\"{&quot;aperture&quot;:&quot;0&quot;,&quot;credit&quot;:&quot;IHA&quot;,&quot;camera&quot;:&quot;&quot;,&quot;caption&quot;:&quot;\\u2018M\\u0130LL\\u0130 M\\u00dcCADELEDE SERVET\\u0130YE CEPHES\\u0130\\u2019 TEMASIYLA 8-10 MART 2019 TAR\\u0130HLER\\u0130NDE GER\\u00c7EKLE\\u015eT\\u0130R\\u0130LEN ULUSLARARASI KOCAEL\\u0130 TAR\\u0130H\\u0130-K\\u00dcLT\\u00dcR\\u00dc SEMPOZYUMUNDA SUNULAN \\u0130ZM\\u0130T AHAL\\u0130S\\u0130 \\u0130ZM\\u0130T VAL\\u0130S\\u0130NE KAR\\u015eI\\u2019 ADLI B\\u0130LD\\u0130R\\u0130, \\u0027YAVUZ ZIRHLISININ G\\u00d6LGES\\u0130NDE T\\u00dcRK\\u0130YE G\\u00dcNDEM\\u0130NE TA\\u015eINAN HUKUKSUZ B\\u0130R BASIN DAVASI\\u2019NIN \\u0130\\u00c7 Y\\u00dcZ\\u00dcN\\u00dc ORTAYA KOYDU. (\\u0130HA\\\/KOCAEL\\u0130-\\u0130HA)&quot;,&quot;created_timestamp&quot;:&quot;1552343220&quot;,&quot;copyright&quot;:&quot;\\u0130HLAS HABER AJANSI, www.iha.com.tr&quot;,&quot;focal_length&quot;:&quot;0&quot;,&quot;iso&quot;:&quot;0&quot;,&quot;shutter_speed&quot;:&quot;0&quot;,&quot;title&quot;:&quot;YAVUZ ZIRHLISININ G\\u00d6LGES\\u0130NDE T\\u00dcRK\\u0130YE G\\u00dcNDEM\\u0130NE TA\\u015eINAN HUKUKSUZ B\\u0130R BASIN DAVASI&quot;,&quot;orientation&quot;:&quot;1&quot;}\" data-image-title=\"Yavuz Z\u0131rhl\u0131s\u0131n\u0131n g\u00f6lgesinde T\u00fcrkiye g\u00fcndemine ta\u015f\u0131nan hukuksuz bir bas\u0131n davas\u0131\" data-image-description=\"&lt;p&gt;Yavuz Z\u0131rhl\u0131s\u0131n\u0131n g\u00f6lgesinde T\u00fcrkiye g\u00fcndemine ta\u015f\u0131nan hukuksuz bir bas\u0131n davas\u0131&lt;\/p&gt; \" data-medium-file=\"https:\/\/i0.wp.com\/www.tvturk.com\/wp-content\/uploads\/2019\/03\/yavuz-zirhlisinin-golgesinde-turkiye-gundemine-tasinan-hukuksuz-bir-basin-davasi_7ab848b.jpg?fit=277%2C300\" data-large-file=\"https:\/\/i0.wp.com\/www.tvturk.com\/wp-content\/uploads\/2019\/03\/yavuz-zirhlisinin-golgesinde-turkiye-gundemine-tasinan-hukuksuz-bir-basin-davasi_7ab848b.jpg?fit=783%2C848\" src=\"https:\/\/i0.wp.com\/www.tvturk.com\/wp-content\/uploads\/2019\/03\/yavuz-zirhlisinin-golgesinde-turkiye-gundemine-tasinan-hukuksuz-bir-basin-davasi_7ab848b.jpg?w=496&#038;h=537\" srcset=\"https:\/\/i0.wp.com\/www.tvturk.com\/wp-content\/uploads\/2019\/03\/yavuz-zirhlisinin-golgesinde-turkiye-gundemine-tasinan-hukuksuz-bir-basin-davasi_7ab848b.jpg?w=783 783w, https:\/\/i0.wp.com\/www.tvturk.com\/wp-content\/uploads\/2019\/03\/yavuz-zirhlisinin-golgesinde-turkiye-gundemine-tasinan-hukuksuz-bir-basin-davasi_7ab848b.jpg?resize=139%2C150 139w, https:\/\/i0.wp.com\/www.tvturk.com\/wp-content\/uploads\/2019\/03\/yavuz-zirhlisinin-golgesinde-turkiye-gundemine-tasinan-hukuksuz-bir-basin-davasi_7ab848b.jpg?resize=277%2C300 277w, https:\/\/i0.wp.com\/www.tvturk.com\/wp-content\/uploads\/2019\/03\/yavuz-zirhlisinin-golgesinde-turkiye-gundemine-tasinan-hukuksuz-bir-basin-davasi_7ab848b.jpg?resize=768%2C832 768w\" width=\"496\" height=\"537\" loading=\"lazy\" data-original-width=\"496\" data-original-height=\"537\" itemprop=\"http:\/\/schema.org\/image\" title=\"Yavuz Z\u0131rhl\u0131s\u0131n\u0131n g\u00f6lgesinde T\u00fcrkiye g\u00fcndemine ta\u015f\u0131nan hukuksuz bir bas\u0131n davas\u0131\" alt=\"Yavuz Z\u0131rhl\u0131s\u0131n\u0131n g\u00f6lgesinde T\u00fcrkiye g\u00fcndemine ta\u015f\u0131nan hukuksuz bir bas\u0131n davas\u0131\" style=\"width: 496px; height: 537px;\" \/> <\/a> <\/div> <\/div> <!-- close group --> <\/div> <!-- close row --> <\/div><\/p>\n","protected":false},"excerpt":{"rendered":"<p>\u2018M\u0130LL\u0130 M\u00dcCADELEDE SERVET\u0130YE CEPHES\u0130\u2019 TEMASIYLA 8-10 MART 2019 TAR\u0130HLER\u0130NDE GER\u00c7EKLE\u015eT\u0130R\u0130LEN ULUSLARARASI KOCAEL\u0130 TAR\u0130H\u0130-K\u00dcLT\u00dcR\u00dc SEMPOZYUMUNDA SUNULAN \u0130ZM\u0130T AHAL\u0130S\u0130 \u0130ZM\u0130T VAL\u0130S\u0130NE KAR\u015eI\u2019 ADLI B\u0130LD\u0130R\u0130, &#8216;YAVUZ ZIRHLISININ G\u00d6LGES\u0130NDE T\u00dcRK\u0130YE G\u00dcNDEM\u0130NE TA\u015eINAN HUKUKSUZ B\u0130R BASIN DAVASI\u2019NIN \u0130\u00c7 Y\u00dcZ\u00dcN\u00dc ORTAYA KOYDU.<\/p>\n","protected":false},"author":1,"featured_media":85015,"comment_status":"closed","ping_status":"open","sticky":false,"template":"","format":"standard","meta":{"jetpack_post_was_ever_published":false,"_jetpack_newsletter_access":"","_jetpack_dont_email_post_to_subs":false,"_jetpack_newsletter_tier_id":0,"_jetpack_memberships_contains_paywalled_content":false,"_jetpack_memberships_contains_paid_content":false,"footnotes":"","jetpack_publicize_message":"","jetpack_publicize_feature_enabled":true,"jetpack_social_post_already_shared":true,"jetpack_social_options":{"image_generator_settings":{"template":"highway","default_image_id":0,"font":"","enabled":false},"version":2}},"categories":[1],"tags":[948,125,4722,22334,23384,16175,18579,453,4586,23383],"class_list":["post-85014","post","type-post","status-publish","format-standard","has-post-thumbnail","hentry","category-genel","tag-basin","tag-bir","tag-davasi","tag-golgesinde","tag-gundemine","tag-hukuksuz","tag-tasinan","tag-turkiye","tag-yavuz","tag-zirhlisinin"],"jetpack_publicize_connections":[],"jetpack_featured_media_url":"https:\/\/i0.wp.com\/www.tvturk.com\/wp-content\/uploads\/2019\/03\/yavuz-zirhlisinin-golgesinde-turkiye-gundemine-tasinan-hukuksuz-bir-basin-davasi_5079354.jpg?fit=786%2C425","jetpack_sharing_enabled":true,"jetpack_shortlink":"https:\/\/wp.me\/paKIfm-m7c","_links":{"self":[{"href":"http:\/\/www.tvturk.com\/index.php\/wp-json\/wp\/v2\/posts\/85014","targetHints":{"allow":["GET"]}}],"collection":[{"href":"http:\/\/www.tvturk.com\/index.php\/wp-json\/wp\/v2\/posts"}],"about":[{"href":"http:\/\/www.tvturk.com\/index.php\/wp-json\/wp\/v2\/types\/post"}],"author":[{"embeddable":true,"href":"http:\/\/www.tvturk.com\/index.php\/wp-json\/wp\/v2\/users\/1"}],"replies":[{"embeddable":true,"href":"http:\/\/www.tvturk.com\/index.php\/wp-json\/wp\/v2\/comments?post=85014"}],"version-history":[{"count":1,"href":"http:\/\/www.tvturk.com\/index.php\/wp-json\/wp\/v2\/posts\/85014\/revisions"}],"predecessor-version":[{"id":85017,"href":"http:\/\/www.tvturk.com\/index.php\/wp-json\/wp\/v2\/posts\/85014\/revisions\/85017"}],"wp:featuredmedia":[{"embeddable":true,"href":"http:\/\/www.tvturk.com\/index.php\/wp-json\/wp\/v2\/media\/85015"}],"wp:attachment":[{"href":"http:\/\/www.tvturk.com\/index.php\/wp-json\/wp\/v2\/media?parent=85014"}],"wp:term":[{"taxonomy":"category","embeddable":true,"href":"http:\/\/www.tvturk.com\/index.php\/wp-json\/wp\/v2\/categories?post=85014"},{"taxonomy":"post_tag","embeddable":true,"href":"http:\/\/www.tvturk.com\/index.php\/wp-json\/wp\/v2\/tags?post=85014"}],"curies":[{"name":"wp","href":"https:\/\/api.w.org\/{rel}","templated":true}]}}