{"id":85171,"date":"2019-03-11T15:06:18","date_gmt":"2019-03-11T12:06:18","guid":{"rendered":"http:\/\/www.tvturk.com\/index.php\/mobilyacilar-kdv-indiriminin-kalici-olmasini-istiyor\/"},"modified":"2019-03-11T15:06:18","modified_gmt":"2019-03-11T12:06:18","slug":"mobilyacilar-kdv-indiriminin-kalici-olmasini-istiyor","status":"publish","type":"post","link":"http:\/\/www.tvturk.com\/index.php\/mobilyacilar-kdv-indiriminin-kalici-olmasini-istiyor\/","title":{"rendered":"Mobilyac\u0131lar, KDV indiriminin kal\u0131c\u0131 olmas\u0131n\u0131 istiyor"},"content":{"rendered":"<p>MTSO Mobilya, Hal\u0131 ve Ev E\u015fyas\u0131 Meslek Komitesi Ba\u015fkan\u0131 Y\u0131lmaz Akba\u015f, h\u00fck\u00fcmetin mobilya ve beyaz e\u015fyada zaman zaman uygulad\u0131\u011f\u0131 KDV indiriminden sonu\u00e7 al\u0131nabilmesi ve sekt\u00f6r\u00fcn hareketlenmesi i\u00e7in y\u00fczde 8\u2019lik KDV\u2019nin kal\u0131c\u0131 olmas\u0131n\u0131 istedi. Akba\u015f, \u201cKDV indiriminin kal\u0131c\u0131 olmas\u0131 halinde devlet de \u00e7ok ciddi kazan\u00e7 elde edecektir\u201d dedi.<\/p>\n<p>Mersin Ticaret ve Sanayi Odas\u0131 (MTSO) 12 No\u2019lu Mobilya, Hal\u0131 ve Ev E\u015fyas\u0131 Meslek Komitesi Ba\u015fkan\u0131 Akba\u015f, KDV indirimleri ve hammadde fiyatlar\u0131na ili\u015fkin a\u00e7\u0131klama yapt\u0131. H\u00fck\u00fcmetin, sekt\u00f6r\u00fc hareketlendirmek amac\u0131yla 2018\u2019de 8 ay, bu y\u0131l ise 3 ay s\u00fcreyle mobilya ve beyaz e\u015fyada KDV oran\u0131n\u0131 y\u00fczde 18\u2019den y\u00fczde 8\u2019e indirdi\u011fini an\u0131msatan Akba\u015f, \u201cBu uygulamadan ger\u00e7ek anlamda bir sonu\u00e7 al\u0131nabilmesi i\u00e7in y\u00fczde 8\u2019lik KDV\u2019nin s\u00fcrekli olmas\u0131 gerekiyor. Beyaz e\u015fya ya da mobilya sat\u0131\u015f\u0131n\u0131 indirim yap\u0131ld\u0131\u011f\u0131 i\u00e7in ger\u00e7ekle\u015ftiremezsiniz. Bu tamamen arz-talep meselesidir. Bu kalemlerin sat\u0131\u015f\u0131 ihtiya\u00e7 dahilinde ya da \u00fcr\u00fcn\u00fcn bozulmas\u0131 halinde ger\u00e7ekle\u015fir. Ancak, bu \u00fcr\u00fcnlerin bozulmas\u0131n\u0131 indirim d\u00f6nemlerine denk getirebilmek \u00e7ok zor. Bu nedenle halk\u0131m\u0131z\u0131n faydalanabilmesi, sekt\u00f6r\u00fcn hareketlenebilmesi i\u00e7in indirimin kal\u0131c\u0131 olmas\u0131 en b\u00fcy\u00fck beklentimiz\u201d dedi.<\/p>\n<p>KDV indiriminin kal\u0131c\u0131 olmas\u0131 halinde devletin de \u00e7ok ciddi kazan\u00e7 elde edece\u011fine dikkat \u00e7eken Akba\u015f, bu sayede daha \u00e7ok vergi tahsilat\u0131 ger\u00e7ekle\u015ftirilebilece\u011fini, kay\u0131t d\u0131\u015f\u0131n\u0131n da \u00f6n\u00fcne ge\u00e7ilerek devlet kasas\u0131na daha \u00e7ok para girece\u011fine inand\u0131\u011f\u0131n\u0131 kaydetti. Y\u00fczde 18 KDV\u2019nin zaman zaman kay\u0131t d\u0131\u015f\u0131na yol a\u00e7abildi\u011fini belirten Akba\u015f, \u201cMaalesef bir\u00e7ok arkada\u015f\u0131m\u0131z fatura kesmek istese de al\u0131c\u0131lar buna \u00e7ok s\u0131cak bakm\u0131yor ve faturas\u0131z al\u0131\u015fveri\u015f i\u00e7in \u0131srarc\u0131 davran\u0131yor. Bu durumda arkada\u015flar\u0131m\u0131z zor durumda kal\u0131yor. Bu sorunun da \u00f6n\u00fcne ge\u00e7ilmi\u015f olur\u201d diye konu\u015ftu.<\/p>\n<p>\u201c\u00c7ad\u0131r ve branda sekt\u00f6r\u00fcne de indirim istiyoruz\u201d<\/p>\n<p>Komite b\u00fcnyesinde \u00e7ad\u0131r ve branda sekt\u00f6r\u00fcn\u00fcn de yer ald\u0131\u011f\u0131n\u0131 dile getiren Akba\u015f, mobilya sekt\u00f6r\u00fc ile yak\u0131n sekt\u00f6rler olmas\u0131na kar\u015f\u0131n \u00e7ad\u0131r ve brandada KDV\u2019nin halen y\u00fczde 18 oldu\u011funa i\u015faret etti. \u201cBu sekt\u00f6rlerde de bir d\u00fczenleme bekliyoruz\u201d diyen Akba\u015f, mobilyan\u0131n i\u00e7inde ne kadar metal varsa branda ve tente sekt\u00f6r\u00fcnde de ayn\u0131 oranda metal bulundu\u011funu, a\u011f\u0131rl\u0131kl\u0131 kuma\u015f kullan\u0131ld\u0131\u011f\u0131n\u0131 vurgulad\u0131. Akba\u015f, bu taleplerini her f\u0131rsatta dile getirdiklerini ve sonu\u00e7 al\u0131ncaya kadar da dile getirmeye devam edeceklerini s\u00f6yledi.<\/p>\n<p>\u00c7ad\u0131r ve branda sekt\u00f6r\u00fcn\u00fcn de olduk\u00e7a geni\u015f bir sekt\u00f6r oldu\u011funu belirten Akba\u015f, \u201cYaln\u0131zca Mersin\u2019de bu alanda \u00e7al\u0131\u015fan 80\u2019e yak\u0131n firma var. Bu firmalar\u0131m\u0131z yakla\u015f\u0131k 500 ki\u015fiye istihdam sa\u011fl\u0131yor. T\u00fcrkiye \u00e7ap\u0131nda d\u00fc\u015f\u00fcn\u00fcld\u00fc\u011f\u00fcnde sekt\u00f6r\u00fcn b\u00fcy\u00fckl\u00fc\u011f\u00fc daha da iyi anla\u015f\u0131lacakt\u0131r. \u00dcstelik ihracat yapan firmalar\u0131m\u0131z\u0131n say\u0131s\u0131 da az de\u011fil. Sa\u011flanacak destek sonras\u0131 olu\u015facak ekonomik hareketlilik \u00fclke ekonomisine de \u00f6nemli katk\u0131lar sa\u011flayacakt\u0131r\u201d ifadelerini kulland\u0131.<\/p>\n<p>Ayn\u0131 zamanda \u00fcr\u00fcn al\u0131m ve sat\u0131m\u0131nda uygulanan KDV oranlar\u0131n\u0131n farkl\u0131 olmas\u0131n\u0131n s\u0131k\u0131nt\u0131s\u0131n\u0131 ya\u015fad\u0131klar\u0131n\u0131 aktaran Akba\u015f, \u201cBranda ve tente sekt\u00f6r\u00fcnde kuma\u015flar\u0131n al\u0131n\u0131\u015f\u0131 y\u00fczde 8 KDV ile olurken sat\u0131\u015f y\u00fczde 18 KDV ile ger\u00e7ekle\u015fiyor. Bu da ciddi bir karma\u015faya yol a\u00e7\u0131yor. Yap\u0131lacak d\u00fczenleme ile bu sorun da ortadan kald\u0131r\u0131lacakt\u0131r\u201d de\u011ferlendirmesinde bulundu.<\/p>\n<p>\u201cHammadde fiyatlar\u0131 y\u00fczde 30\u2019lara kadar geriledi\u201d<\/p>\n<p>Komite olarak hammadde fiyatlar\u0131ndaki art\u0131\u015f \u00fczerine de \u00e7al\u0131\u015ft\u0131klar\u0131n\u0131 anlatan Akba\u015f, bu \u00e7er\u00e7evede \u00fcyeleriyle bir araya gelerek, beklentileri ve sorunlar\u0131 saptad\u0131klar\u0131n\u0131 s\u00f6yledi. Daha sonra T\u00fcrkiye Odalar ve Borsalar Birli\u011fi\u2019ne (TOBB) iletilmek \u00fczere bir rapor haz\u0131rlad\u0131klar\u0131n\u0131 belirten Akba\u015f, \u015f\u00f6yle devam etti: \u201cBu raporda yer alan sorunlardan bir tanesi de hammadde fiyatlar\u0131ndaki a\u015f\u0131r\u0131 y\u00fckselmeydi. MDF, s\u00fcnger, metal aksamlar gibi hammaddelerin tamam\u0131nda d\u00f6viz kurundaki dalgalanmalara paralel olarak son 1-1,5 ayda \u00e7ok ciddi oranda art\u0131\u015f ya\u015fand\u0131. Bu fiyat art\u0131\u015f\u0131 d\u00f6vize endeksli g\u00f6sterilmesine ra\u011fmen d\u00f6viz kurlar\u0131ndaki a\u015fa\u011f\u0131 y\u00f6nl\u00fc hareketler fiyatlara yans\u0131mad\u0131. Biz de konuyu komite olarak dillendirip TOBB\u2019a ta\u015f\u0131d\u0131k. Konu bu vesileyle ilgili makamlara ta\u015f\u0131nd\u0131 ve denetimlerin yap\u0131laca\u011f\u0131 s\u00f6ylentisi dahi etkili oldu. \u00c7ok ge\u00e7meden fiyat art\u0131\u015flar\u0131 y\u00fczde 30\u2019lara kadar geriledi.\u201d<\/p>\n","protected":false},"excerpt":{"rendered":"<p>MTSO MOB\u0130LYA, HALI VE EV E\u015eYASI MESLEK KOM\u0130TES\u0130 BA\u015eKANI YILMAZ AKBA\u015e, H\u00dcK\u00dcMET\u0130N MOB\u0130LYA VE BEYAZ E\u015eYADA ZAMAN ZAMAN UYGULADI\u011eI KDV \u0130ND\u0130R\u0130M\u0130NDEN SONU\u00c7 ALINAB\u0130LMES\u0130 VE SEKT\u00d6R\u00dcN HAREKETLENMES\u0130 \u0130\u00c7\u0130N Y\u00dcZDE 8\u2019L\u0130K KDV\u2019N\u0130N KALICI OLMASINI \u0130STED\u0130. AKBA\u015e, \u201cKDV \u0130ND\u0130R\u0130M\u0130N\u0130N KALICI OLMASI HAL\u0130NDE DEVLET DE \u00c7OK C\u0130DD\u0130 KAZAN\u00c7 ELDE EDECEKT\u0130R\u201d DED\u0130.<\/p>\n","protected":false},"author":1,"featured_media":85172,"comment_status":"closed","ping_status":"open","sticky":false,"template":"","format":"standard","meta":{"jetpack_post_was_ever_published":false,"_jetpack_newsletter_access":"","_jetpack_dont_email_post_to_subs":false,"_jetpack_newsletter_tier_id":0,"_jetpack_memberships_contains_paywalled_content":false,"_jetpack_memberships_contains_paid_content":false,"footnotes":"","jetpack_publicize_message":"","jetpack_publicize_feature_enabled":true,"jetpack_social_post_already_shared":true,"jetpack_social_options":{"image_generator_settings":{"template":"highway","default_image_id":0,"font":"","enabled":false},"version":2}},"categories":[19],"tags":[23415,99,23220,8683,2178,8607],"class_list":["post-85171","post","type-post","status-publish","format-standard","has-post-thumbnail","hentry","category-ekonomi","tag-indiriminin","tag-istiyor","tag-kalici","tag-kdv","tag-mobilyacilar","tag-olmasini"],"jetpack_publicize_connections":[],"jetpack_featured_media_url":"https:\/\/i0.wp.com\/www.tvturk.com\/wp-content\/uploads\/2019\/03\/mobilyacilar-kdv-indiriminin-kalici-olmasini-istiyor_6fede9a.jpg?fit=1000%2C687","jetpack_sharing_enabled":true,"jetpack_shortlink":"https:\/\/wp.me\/paKIfm-m9J","_links":{"self":[{"href":"http:\/\/www.tvturk.com\/index.php\/wp-json\/wp\/v2\/posts\/85171","targetHints":{"allow":["GET"]}}],"collection":[{"href":"http:\/\/www.tvturk.com\/index.php\/wp-json\/wp\/v2\/posts"}],"about":[{"href":"http:\/\/www.tvturk.com\/index.php\/wp-json\/wp\/v2\/types\/post"}],"author":[{"embeddable":true,"href":"http:\/\/www.tvturk.com\/index.php\/wp-json\/wp\/v2\/users\/1"}],"replies":[{"embeddable":true,"href":"http:\/\/www.tvturk.com\/index.php\/wp-json\/wp\/v2\/comments?post=85171"}],"version-history":[{"count":0,"href":"http:\/\/www.tvturk.com\/index.php\/wp-json\/wp\/v2\/posts\/85171\/revisions"}],"wp:featuredmedia":[{"embeddable":true,"href":"http:\/\/www.tvturk.com\/index.php\/wp-json\/wp\/v2\/media\/85172"}],"wp:attachment":[{"href":"http:\/\/www.tvturk.com\/index.php\/wp-json\/wp\/v2\/media?parent=85171"}],"wp:term":[{"taxonomy":"category","embeddable":true,"href":"http:\/\/www.tvturk.com\/index.php\/wp-json\/wp\/v2\/categories?post=85171"},{"taxonomy":"post_tag","embeddable":true,"href":"http:\/\/www.tvturk.com\/index.php\/wp-json\/wp\/v2\/tags?post=85171"}],"curies":[{"name":"wp","href":"https:\/\/api.w.org\/{rel}","templated":true}]}}