{"id":8585,"date":"2019-02-07T13:46:58","date_gmt":"2019-02-07T10:46:58","guid":{"rendered":"http:\/\/www.tvturk.com\/index.php\/vali-yavuz-selim-kosgerden-rektor-aldemire-ziyaret\/"},"modified":"2019-02-07T13:46:58","modified_gmt":"2019-02-07T10:46:58","slug":"vali-yavuz-selim-kosgerden-rektor-aldemire-ziyaret","status":"publish","type":"post","link":"http:\/\/www.tvturk.com\/index.php\/vali-yavuz-selim-kosgerden-rektor-aldemire-ziyaret\/","title":{"rendered":"Vali Yavuz Selim K\u00f6\u015fger\u2019den Rekt\u00f6r Aldemir\u2019e ziyaret"},"content":{"rendered":"<p>Ayd\u0131n Valisi Yavuz Selim K\u00f6\u015fger, AD\u00dc Rekt\u00f6r\u00fc Prof. Dr. Osman Sel\u00e7uk Aldemir\u2019i makam\u0131nda ziyaret ederek yeni g\u00f6revlerinin hay\u0131rlara vesile olmas\u0131n\u0131 temenni etti.<\/p>\n<p>Ziyaretten duydu\u011fu memnuniyeti ifade eden Rekt\u00f6r Prof. Dr. Osman Sel\u00e7uk Aldemir, Ayd\u0131n\u2019\u0131n en b\u00fcy\u00fck kamu ailesi olan \u00fcniversitenin il genelinde faaliyet g\u00f6steren t\u00fcm sekt\u00f6rlere katma de\u011fer \u00fcreten projelerle destek verece\u011fini belirtti. Prof. Dr. Osman Sel\u00e7uk Aldemir,  bilim yuvas\u0131 olan \u00fcniversitelerin \u00fcretilen bilginin sahaya yay\u0131lmas\u0131, itici ve geli\u015ftirici g\u00fc\u00e7 olarak topluma \u0131\u015f\u0131k tutmas\u0131 bak\u0131m\u0131ndan \u00f6nemli misyonu oldu\u011funa dikkat \u00e7ekerek vatanda\u015flar\u0131n bu bilgiden istifade etmesi i\u00e7in t\u00fcm payda\u015flar\u0131n bir arada oldu\u011fu projelere hayat vereceklerini s\u00f6yledi.<\/p>\n<p>Vali Yavuz Selim K\u00f6\u015fger ise, Ayd\u0131n\u2019\u0131n kalk\u0131nmas\u0131na y\u00f6nelik ikili i\u015f birli\u011finin geli\u015ftirilmesi ve projelerin hayata ge\u00e7irilmesi i\u00e7in ilimizin en b\u00fcy\u00fck kamu ailesine ellerinden gelen deste\u011fi vereceklerini belirtti.<\/p>\n","protected":false},"excerpt":{"rendered":"<p>AYDIN VAL\u0130S\u0130 YAVUZ SEL\u0130M K\u00d6\u015eGER, AD\u00dc REKT\u00d6R\u00dc PROF. DR. OSMAN SEL\u00c7UK ALDEM\u0130R\u2019\u0130 MAKAMINDA Z\u0130YARET EDEREK YEN\u0130 G\u00d6REVLER\u0130N\u0130N HAYIRLARA VES\u0130LE OLMASINI TEMENN\u0130 ETT\u0130.<\/p>\n","protected":false},"author":1,"featured_media":8586,"comment_status":"closed","ping_status":"open","sticky":false,"template":"","format":"standard","meta":{"jetpack_post_was_ever_published":false,"_jetpack_newsletter_access":"","_jetpack_dont_email_post_to_subs":false,"_jetpack_newsletter_tier_id":0,"_jetpack_memberships_contains_paywalled_content":false,"_jetpack_memberships_contains_paid_content":false,"footnotes":"","jetpack_publicize_message":"","jetpack_publicize_feature_enabled":true,"jetpack_social_post_already_shared":false,"jetpack_social_options":{"image_generator_settings":{"template":"highway","default_image_id":0,"font":"","enabled":false},"version":2}},"categories":[655],"tags":[164,4588,163,4587,148,4586,150],"class_list":["post-8585","post","type-post","status-publish","format-standard","has-post-thumbnail","hentry","category-son-dakika","tag-aldemire","tag-kosgerden","tag-rektor","tag-selim","tag-vali","tag-yavuz","tag-ziyaret"],"jetpack_publicize_connections":[],"jetpack_featured_media_url":"https:\/\/i0.wp.com\/www.tvturk.com\/wp-content\/uploads\/2019\/02\/vali-yavuz-selim-kosgerden-rektor-aldemire-ziyaret_a7161e4.jpg?fit=1000%2C792","jetpack_sharing_enabled":true,"jetpack_shortlink":"https:\/\/wp.me\/paKIfm-2et","_links":{"self":[{"href":"http:\/\/www.tvturk.com\/index.php\/wp-json\/wp\/v2\/posts\/8585","targetHints":{"allow":["GET"]}}],"collection":[{"href":"http:\/\/www.tvturk.com\/index.php\/wp-json\/wp\/v2\/posts"}],"about":[{"href":"http:\/\/www.tvturk.com\/index.php\/wp-json\/wp\/v2\/types\/post"}],"author":[{"embeddable":true,"href":"http:\/\/www.tvturk.com\/index.php\/wp-json\/wp\/v2\/users\/1"}],"replies":[{"embeddable":true,"href":"http:\/\/www.tvturk.com\/index.php\/wp-json\/wp\/v2\/comments?post=8585"}],"version-history":[{"count":0,"href":"http:\/\/www.tvturk.com\/index.php\/wp-json\/wp\/v2\/posts\/8585\/revisions"}],"wp:featuredmedia":[{"embeddable":true,"href":"http:\/\/www.tvturk.com\/index.php\/wp-json\/wp\/v2\/media\/8586"}],"wp:attachment":[{"href":"http:\/\/www.tvturk.com\/index.php\/wp-json\/wp\/v2\/media?parent=8585"}],"wp:term":[{"taxonomy":"category","embeddable":true,"href":"http:\/\/www.tvturk.com\/index.php\/wp-json\/wp\/v2\/categories?post=8585"},{"taxonomy":"post_tag","embeddable":true,"href":"http:\/\/www.tvturk.com\/index.php\/wp-json\/wp\/v2\/tags?post=8585"}],"curies":[{"name":"wp","href":"https:\/\/api.w.org\/{rel}","templated":true}]}}