{"id":86606,"date":"2019-03-12T11:43:15","date_gmt":"2019-03-12T08:43:15","guid":{"rendered":"http:\/\/www.tvturk.com\/index.php\/tika-acil-tip-kapasite-artirma-programinin-ilkini-cibuti-ve-cadda-gerceklestirdi\/"},"modified":"2019-03-12T11:43:18","modified_gmt":"2019-03-12T08:43:18","slug":"tika-acil-tip-kapasite-artirma-programinin-ilkini-cibuti-ve-cadda-gerceklestirdi","status":"publish","type":"post","link":"http:\/\/www.tvturk.com\/index.php\/tika-acil-tip-kapasite-artirma-programinin-ilkini-cibuti-ve-cadda-gerceklestirdi\/","title":{"rendered":"T\u0130KA, Acil T\u0131p Kapasite Art\u0131rma Program\u0131n\u0131n ilkini Cibuti ve \u00c7ad\u2019da ger\u00e7ekle\u015ftirdi"},"content":{"rendered":"<p>T\u00fcrk \u0130\u015fbirli\u011fi ve Koordinasyon Ajans\u0131 Ba\u015fkanl\u0131\u011f\u0131 (T\u0130KA), \u0130slam \u00dclkeleri \u0130statistik, Ekonomik ve Sosyal Ara\u015ft\u0131rma ve E\u011fitim Merkezi (SESRIC) ile T\u00fcrk ve Sudan Sa\u011fl\u0131k Bakanl\u0131klar\u0131 i\u015fbirli\u011finde, \u0130slam \u0130\u015fbirli\u011fi Te\u015fkilat\u0131 (\u0130\u0130T) \u00fcyesi 12 \u00fclkeye y\u00f6nelik ba\u015flat\u0131lan e\u011fitim Cibuti ve \u00c7ad\u2019da ger\u00e7ekle\u015ftirildi.<\/p>\n<p>T\u0130KA taraf\u0131ndan y\u00fcr\u00fct\u00fclen Acil T\u0131p Kapasite Art\u0131rma Program\u0131 (ATKAP) program\u0131 sayesinde, e\u011fitimlerini tamamlayarak tecr\u00fcbelerini di\u011fer \u00fclkelere ihra\u00e7 etmeye ba\u015flayan Sudanl\u0131 e\u011fitmenler T\u00fcrkiye\u2019nin sa\u011fl\u0131k sekt\u00f6r\u00fcndeki deneyimlerini ger\u00e7ekle\u015ftirilen e\u011fitim projeleriyle birlikte tecr\u00fcbelerini D\u00fcnya\u2019n\u0131n bir\u00e7ok farkl\u0131 yerine ta\u015f\u0131yor. ATKAP kapsam\u0131nda 2017 y\u0131l\u0131 sonunda ba\u015flat\u0131lan \u00e7al\u0131\u015fmalar dahilinde Sudan-T\u00fcrk i\u015fbirli\u011fi \u00fc\u00e7\u00fcnc\u00fc \u00fclkelere y\u00f6nelik faaliyet a\u015famas\u0131na ge\u00e7ti. T\u0130KA\u2019n\u0131n deste\u011fiyle e\u011fitim program\u0131n\u0131 tamamlayarak e\u011fitmen olan 58 Sudanl\u0131 Acil T\u0131p E\u011fitmeni, tecr\u00fcbelerini \u0130\u0130T \u00fcyesi 12 \u00fclke Acil T\u0131p Personeline 2019 y\u0131l\u0131 itibariyle aktarmaya ba\u015flad\u0131. \u0130\u0130T \u00fcyesi \u00fclkeler nezdinde Afet ve Acil Durum M\u00fcdahalelerine y\u00f6nelik e\u015f g\u00fcd\u00fcm ve ortak kapasitenin olu\u015fturulmas\u0131 amac\u0131yla e\u011fitimlerin ilk a\u015famas\u0131 ise Cibuti ve \u00c7ad\u2019da ger\u00e7ekle\u015ftirildi. Sudanl\u0131 ve T\u00fcrk e\u011fitmenlerinden olu\u015fan ekipler, Cibuti Cumhuriyeti ve \u00c7ad Cumhuriyeti\u2019nde toplam 60 ki\u015filik Acil Servis Birimi personeline y\u00f6nelik e\u011fitim yap\u0131ld\u0131.<div class=\"tiled-gallery type-rectangular tiled-gallery-unresized\" data-original-width=\"500\" data-carousel-extra='null' itemscope itemtype=\"http:\/\/schema.org\/ImageGallery\" > <div class=\"gallery-row\" style=\"width: 500px; height: 178px;\" data-original-width=\"500\" data-original-height=\"178\" > <div class=\"gallery-group images-1\" style=\"width: 235px; height: 178px;\" data-original-width=\"235\" data-original-height=\"178\" > <div class=\"tiled-gallery-item tiled-gallery-item-small\" itemprop=\"associatedMedia\" itemscope itemtype=\"http:\/\/schema.org\/ImageObject\"> <a href=\"http:\/\/www.tvturk.com\/index.php\/tika-acil-tip-kapasite-artirma-programinin-ilkini-cibuti-ve-cadda-gerceklestirdi\/tika-acil-tip-kapasite-artirma-programinin-ilkini-cibuti-ve-cadda-gerceklestirdi-3\/\" border=\"0\" itemprop=\"url\"> <meta itemprop=\"width\" content=\"231\"> <meta itemprop=\"height\" content=\"174\"> <img decoding=\"async\" class=\"\" data-attachment-id=\"86608\" data-orig-file=\"http:\/\/www.tvturk.com\/wp-content\/uploads\/2019\/03\/tika-acil-tip-kapasite-artirma-programinin-ilkini-cibuti-ve-cadda-gerceklestirdi_633c579.jpg\" data-orig-size=\"1000,750\" data-comments-opened=\"\" data-image-meta=\"{&quot;aperture&quot;:&quot;0&quot;,&quot;credit&quot;:&quot;IHA&quot;,&quot;camera&quot;:&quot;&quot;,&quot;caption&quot;:&quot;T\\u00dcRK \\u0130\\u015eB\\u0130RL\\u0130\\u011e\\u0130 VE KOORD\\u0130NASYON AJANSI BA\\u015eKANLI\\u011eI (T\\u0130KA), \\u0130SLAM \\u00dcLKELER\\u0130 \\u0130STAT\\u0130ST\\u0130K, EKONOM\\u0130K VE SOSYAL ARA\\u015eTIRMA VE E\\u011e\\u0130T\\u0130M MERKEZ\\u0130 (SESRIC) \\u0130LE T\\u00dcRK VE SUDAN SA\\u011eLIK BAKANLIKLARI \\u0130\\u015eB\\u0130RL\\u0130\\u011e\\u0130NDE, \\u0130SLAM \\u0130\\u015eB\\u0130RL\\u0130\\u011e\\u0130 TE\\u015eK\\u0130LATI (\\u0130\\u0130T) \\u00dcYES\\u0130 12 \\u00dcLKEYE Y\\u00d6NEL\\u0130K BA\\u015eLATILAN E\\u011e\\u0130T\\u0130M C\\u0130BUT\\u0130 VE \\u00c7AD\\u2019TA GER\\u00c7EKLE\\u015eT\\u0130R\\u0130LD\\u0130. (\\u0130HA\\\/ANKARA-\\u0130HA)&quot;,&quot;created_timestamp&quot;:&quot;0&quot;,&quot;copyright&quot;:&quot;\\u0130HLAS HABER AJANSI, www.iha.com.tr&quot;,&quot;focal_length&quot;:&quot;0&quot;,&quot;iso&quot;:&quot;0&quot;,&quot;shutter_speed&quot;:&quot;0&quot;,&quot;title&quot;:&quot;T\\u0130KA, AC\\u0130L TIP KAPAS\\u0130TE ARTIRMA PROGRAMININ \\u0130LK\\u0130N\\u0130 C\\u0130BUT\\u0130 VE \\u00c7AD\\u2019DA GER\\u00c7EKLE\\u015eT\\u0130RD\\u0130&quot;,&quot;orientation&quot;:&quot;0&quot;}\" data-image-title=\"T\u0130KA, Acil T\u0131p Kapasite Art\u0131rma Program\u0131n\u0131n ilkini Cibuti ve \u00c7ad\u2019da ger\u00e7ekle\u015ftirdi\" data-image-description=\"&lt;p&gt;T\u0130KA, Acil T\u0131p Kapasite Art\u0131rma Program\u0131n\u0131n ilkini Cibuti ve \u00c7ad\u2019da ger\u00e7ekle\u015ftirdi&lt;\/p&gt; \" data-medium-file=\"https:\/\/i0.wp.com\/www.tvturk.com\/wp-content\/uploads\/2019\/03\/tika-acil-tip-kapasite-artirma-programinin-ilkini-cibuti-ve-cadda-gerceklestirdi_633c579.jpg?fit=300%2C225\" data-large-file=\"https:\/\/i0.wp.com\/www.tvturk.com\/wp-content\/uploads\/2019\/03\/tika-acil-tip-kapasite-artirma-programinin-ilkini-cibuti-ve-cadda-gerceklestirdi_633c579.jpg?fit=1000%2C750\" src=\"https:\/\/i0.wp.com\/www.tvturk.com\/wp-content\/uploads\/2019\/03\/tika-acil-tip-kapasite-artirma-programinin-ilkini-cibuti-ve-cadda-gerceklestirdi_633c579.jpg?w=231&#038;h=174\" srcset=\"https:\/\/i0.wp.com\/www.tvturk.com\/wp-content\/uploads\/2019\/03\/tika-acil-tip-kapasite-artirma-programinin-ilkini-cibuti-ve-cadda-gerceklestirdi_633c579.jpg?w=1000 1000w, https:\/\/i0.wp.com\/www.tvturk.com\/wp-content\/uploads\/2019\/03\/tika-acil-tip-kapasite-artirma-programinin-ilkini-cibuti-ve-cadda-gerceklestirdi_633c579.jpg?resize=150%2C113 150w, https:\/\/i0.wp.com\/www.tvturk.com\/wp-content\/uploads\/2019\/03\/tika-acil-tip-kapasite-artirma-programinin-ilkini-cibuti-ve-cadda-gerceklestirdi_633c579.jpg?resize=300%2C225 300w, https:\/\/i0.wp.com\/www.tvturk.com\/wp-content\/uploads\/2019\/03\/tika-acil-tip-kapasite-artirma-programinin-ilkini-cibuti-ve-cadda-gerceklestirdi_633c579.jpg?resize=768%2C576 768w\" width=\"231\" height=\"174\" loading=\"lazy\" data-original-width=\"231\" data-original-height=\"174\" itemprop=\"http:\/\/schema.org\/image\" title=\"T\u0130KA, Acil T\u0131p Kapasite Art\u0131rma Program\u0131n\u0131n ilkini Cibuti ve \u00c7ad\u2019da ger\u00e7ekle\u015ftirdi\" alt=\"T\u0130KA, Acil T\u0131p Kapasite Art\u0131rma Program\u0131n\u0131n ilkini Cibuti ve \u00c7ad\u2019da ger\u00e7ekle\u015ftirdi\" style=\"width: 231px; height: 174px;\" \/> <\/a> <\/div> <\/div> <!-- close group --> <div class=\"gallery-group images-1\" style=\"width: 265px; height: 178px;\" data-original-width=\"265\" data-original-height=\"178\" > <div class=\"tiled-gallery-item tiled-gallery-item-large\" itemprop=\"associatedMedia\" itemscope itemtype=\"http:\/\/schema.org\/ImageObject\"> <a href=\"http:\/\/www.tvturk.com\/index.php\/tika-acil-tip-kapasite-artirma-programinin-ilkini-cibuti-ve-cadda-gerceklestirdi\/tika-acil-tip-kapasite-artirma-programinin-ilkini-cibuti-ve-cadda-gerceklestirdi-4\/\" border=\"0\" itemprop=\"url\"> <meta itemprop=\"width\" content=\"261\"> <meta itemprop=\"height\" content=\"174\"> <img decoding=\"async\" class=\"\" data-attachment-id=\"86609\" data-orig-file=\"http:\/\/www.tvturk.com\/wp-content\/uploads\/2019\/03\/tika-acil-tip-kapasite-artirma-programinin-ilkini-cibuti-ve-cadda-gerceklestirdi_fb40a68.jpg\" data-orig-size=\"1000,666\" data-comments-opened=\"\" data-image-meta=\"{&quot;aperture&quot;:&quot;0&quot;,&quot;credit&quot;:&quot;IHA&quot;,&quot;camera&quot;:&quot;&quot;,&quot;caption&quot;:&quot;T\\u00dcRK \\u0130\\u015eB\\u0130RL\\u0130\\u011e\\u0130 VE KOORD\\u0130NASYON AJANSI BA\\u015eKANLI\\u011eI (T\\u0130KA), \\u0130SLAM \\u00dcLKELER\\u0130 \\u0130STAT\\u0130ST\\u0130K, EKONOM\\u0130K VE SOSYAL ARA\\u015eTIRMA VE E\\u011e\\u0130T\\u0130M MERKEZ\\u0130 (SESRIC) \\u0130LE T\\u00dcRK VE SUDAN SA\\u011eLIK BAKANLIKLARI \\u0130\\u015eB\\u0130RL\\u0130\\u011e\\u0130NDE, \\u0130SLAM \\u0130\\u015eB\\u0130RL\\u0130\\u011e\\u0130 TE\\u015eK\\u0130LATI (\\u0130\\u0130T) \\u00dcYES\\u0130 12 \\u00dcLKEYE Y\\u00d6NEL\\u0130K BA\\u015eLATILAN E\\u011e\\u0130T\\u0130M C\\u0130BUT\\u0130 VE \\u00c7AD\\u2019TA GER\\u00c7EKLE\\u015eT\\u0130R\\u0130LD\\u0130. (\\u0130HA\\\/ANKARA-\\u0130HA)&quot;,&quot;created_timestamp&quot;:&quot;0&quot;,&quot;copyright&quot;:&quot;\\u0130HLAS HABER AJANSI, www.iha.com.tr&quot;,&quot;focal_length&quot;:&quot;0&quot;,&quot;iso&quot;:&quot;0&quot;,&quot;shutter_speed&quot;:&quot;0&quot;,&quot;title&quot;:&quot;T\\u0130KA, AC\\u0130L TIP KAPAS\\u0130TE ARTIRMA PROGRAMININ \\u0130LK\\u0130N\\u0130 C\\u0130BUT\\u0130 VE \\u00c7AD\\u2019DA GER\\u00c7EKLE\\u015eT\\u0130RD\\u0130&quot;,&quot;orientation&quot;:&quot;0&quot;}\" data-image-title=\"T\u0130KA, Acil T\u0131p Kapasite Art\u0131rma Program\u0131n\u0131n ilkini Cibuti ve \u00c7ad\u2019da ger\u00e7ekle\u015ftirdi\" data-image-description=\"&lt;p&gt;T\u0130KA, Acil T\u0131p Kapasite Art\u0131rma Program\u0131n\u0131n ilkini Cibuti ve \u00c7ad\u2019da ger\u00e7ekle\u015ftirdi&lt;\/p&gt; \" data-medium-file=\"https:\/\/i0.wp.com\/www.tvturk.com\/wp-content\/uploads\/2019\/03\/tika-acil-tip-kapasite-artirma-programinin-ilkini-cibuti-ve-cadda-gerceklestirdi_fb40a68.jpg?fit=300%2C200\" data-large-file=\"https:\/\/i0.wp.com\/www.tvturk.com\/wp-content\/uploads\/2019\/03\/tika-acil-tip-kapasite-artirma-programinin-ilkini-cibuti-ve-cadda-gerceklestirdi_fb40a68.jpg?fit=1000%2C666\" src=\"https:\/\/i0.wp.com\/www.tvturk.com\/wp-content\/uploads\/2019\/03\/tika-acil-tip-kapasite-artirma-programinin-ilkini-cibuti-ve-cadda-gerceklestirdi_fb40a68.jpg?w=261&#038;h=174\" srcset=\"https:\/\/i0.wp.com\/www.tvturk.com\/wp-content\/uploads\/2019\/03\/tika-acil-tip-kapasite-artirma-programinin-ilkini-cibuti-ve-cadda-gerceklestirdi_fb40a68.jpg?w=1000 1000w, https:\/\/i0.wp.com\/www.tvturk.com\/wp-content\/uploads\/2019\/03\/tika-acil-tip-kapasite-artirma-programinin-ilkini-cibuti-ve-cadda-gerceklestirdi_fb40a68.jpg?resize=150%2C100 150w, https:\/\/i0.wp.com\/www.tvturk.com\/wp-content\/uploads\/2019\/03\/tika-acil-tip-kapasite-artirma-programinin-ilkini-cibuti-ve-cadda-gerceklestirdi_fb40a68.jpg?resize=300%2C200 300w, https:\/\/i0.wp.com\/www.tvturk.com\/wp-content\/uploads\/2019\/03\/tika-acil-tip-kapasite-artirma-programinin-ilkini-cibuti-ve-cadda-gerceklestirdi_fb40a68.jpg?resize=768%2C511 768w, https:\/\/i0.wp.com\/www.tvturk.com\/wp-content\/uploads\/2019\/03\/tika-acil-tip-kapasite-artirma-programinin-ilkini-cibuti-ve-cadda-gerceklestirdi_fb40a68.jpg?resize=170%2C113 170w, https:\/\/i0.wp.com\/www.tvturk.com\/wp-content\/uploads\/2019\/03\/tika-acil-tip-kapasite-artirma-programinin-ilkini-cibuti-ve-cadda-gerceklestirdi_fb40a68.jpg?resize=120%2C80 120w\" width=\"261\" height=\"174\" loading=\"lazy\" data-original-width=\"261\" data-original-height=\"174\" itemprop=\"http:\/\/schema.org\/image\" title=\"T\u0130KA, Acil T\u0131p Kapasite Art\u0131rma Program\u0131n\u0131n ilkini Cibuti ve \u00c7ad\u2019da ger\u00e7ekle\u015ftirdi\" alt=\"T\u0130KA, Acil T\u0131p Kapasite Art\u0131rma Program\u0131n\u0131n ilkini Cibuti ve \u00c7ad\u2019da ger\u00e7ekle\u015ftirdi\" style=\"width: 261px; height: 174px;\" \/> <\/a> <\/div> <\/div> <!-- close group --> <\/div> <!-- close row --> <\/div><\/p>\n","protected":false},"excerpt":{"rendered":"<p>T\u00dcRK \u0130\u015eB\u0130RL\u0130\u011e\u0130 VE KOORD\u0130NASYON AJANSI BA\u015eKANLI\u011eI (T\u0130KA), \u0130SLAM \u00dcLKELER\u0130 \u0130STAT\u0130ST\u0130K, EKONOM\u0130K VE SOSYAL ARA\u015eTIRMA VE E\u011e\u0130T\u0130M MERKEZ\u0130 (SESRIC) \u0130LE T\u00dcRK VE SUDAN SA\u011eLIK BAKANLIKLARI \u0130\u015eB\u0130RL\u0130\u011e\u0130NDE, \u0130SLAM \u0130\u015eB\u0130RL\u0130\u011e\u0130 TE\u015eK\u0130LATI (\u0130\u0130T) \u00dcYES\u0130 12 \u00dcLKEYE Y\u00d6NEL\u0130K BA\u015eLATILAN E\u011e\u0130T\u0130M C\u0130BUT\u0130 VE \u00c7AD\u2019TA GER\u00c7EKLE\u015eT\u0130R\u0130LD\u0130.<\/p>\n","protected":false},"author":1,"featured_media":86607,"comment_status":"closed","ping_status":"open","sticky":false,"template":"","format":"standard","meta":{"jetpack_post_was_ever_published":false,"_jetpack_newsletter_access":"","_jetpack_dont_email_post_to_subs":false,"_jetpack_newsletter_tier_id":0,"_jetpack_memberships_contains_paywalled_content":false,"_jetpack_memberships_contains_paid_content":false,"footnotes":"","jetpack_publicize_message":"","jetpack_publicize_feature_enabled":true,"jetpack_social_post_already_shared":true,"jetpack_social_options":{"image_generator_settings":{"template":"highway","default_image_id":0,"font":"","enabled":false},"version":2}},"categories":[1],"tags":[7016,23645,23647,810,2990,23646,6432,20420,18978,4657],"class_list":["post-86606","post","type-post","status-publish","format-standard","has-post-thumbnail","hentry","category-genel","tag-acil","tag-artirma","tag-cadda","tag-cibuti","tag-gerceklestirdi","tag-ilkini","tag-kapasite","tag-programinin","tag-tika","tag-tip"],"jetpack_publicize_connections":[],"jetpack_featured_media_url":"https:\/\/i0.wp.com\/www.tvturk.com\/wp-content\/uploads\/2019\/03\/tika-acil-tip-kapasite-artirma-programinin-ilkini-cibuti-ve-cadda-gerceklestirdi_89f0cb9.jpg?fit=1000%2C666","jetpack_sharing_enabled":true,"jetpack_shortlink":"https:\/\/wp.me\/paKIfm-mwS","_links":{"self":[{"href":"http:\/\/www.tvturk.com\/index.php\/wp-json\/wp\/v2\/posts\/86606","targetHints":{"allow":["GET"]}}],"collection":[{"href":"http:\/\/www.tvturk.com\/index.php\/wp-json\/wp\/v2\/posts"}],"about":[{"href":"http:\/\/www.tvturk.com\/index.php\/wp-json\/wp\/v2\/types\/post"}],"author":[{"embeddable":true,"href":"http:\/\/www.tvturk.com\/index.php\/wp-json\/wp\/v2\/users\/1"}],"replies":[{"embeddable":true,"href":"http:\/\/www.tvturk.com\/index.php\/wp-json\/wp\/v2\/comments?post=86606"}],"version-history":[{"count":1,"href":"http:\/\/www.tvturk.com\/index.php\/wp-json\/wp\/v2\/posts\/86606\/revisions"}],"predecessor-version":[{"id":86610,"href":"http:\/\/www.tvturk.com\/index.php\/wp-json\/wp\/v2\/posts\/86606\/revisions\/86610"}],"wp:featuredmedia":[{"embeddable":true,"href":"http:\/\/www.tvturk.com\/index.php\/wp-json\/wp\/v2\/media\/86607"}],"wp:attachment":[{"href":"http:\/\/www.tvturk.com\/index.php\/wp-json\/wp\/v2\/media?parent=86606"}],"wp:term":[{"taxonomy":"category","embeddable":true,"href":"http:\/\/www.tvturk.com\/index.php\/wp-json\/wp\/v2\/categories?post=86606"},{"taxonomy":"post_tag","embeddable":true,"href":"http:\/\/www.tvturk.com\/index.php\/wp-json\/wp\/v2\/tags?post=86606"}],"curies":[{"name":"wp","href":"https:\/\/api.w.org\/{rel}","templated":true}]}}